{"id":11370,"date":"2025-09-09T13:38:00","date_gmt":"2025-09-09T11:38:00","guid":{"rendered":"https:\/\/dombert.de\/?p=11370"},"modified":"2025-09-09T14:10:12","modified_gmt":"2025-09-09T12:10:12","slug":"neutrality-requirement-does-not-apply-in-the-context-of-a-parliamentary-debate","status":"publish","type":"post","link":"https:\/\/dombert.de\/en\/neutralitaetsgebot-gilt-nicht-im-rahmen-einer-parlamentsdebatte\/","title":{"rendered":"Neutrality requirement does not apply in the context of a parliamentary debate"},"content":{"rendered":"<div data-elementor-type=\"wp-post\" data-elementor-id=\"11370\" class=\"elementor elementor-11370\" data-elementor-post-type=\"post\">\n\t\t\t\t<div class=\"elementor-element elementor-element-315f5605 e-con-full e-flex e-con e-parent\" data-id=\"315f5605\" data-element_type=\"container\" data-e-type=\"container\" data-settings=\"{&quot;background_background&quot;:&quot;classic&quot;}\">\n\t\t<div class=\"elementor-element elementor-element-2b4f94a2 e-con-full e-flex e-con e-child\" data-id=\"2b4f94a2\" data-element_type=\"container\" data-e-type=\"container\">\n\t\t\t\t<div class=\"elementor-element elementor-element-5c60803f elementor-widget-divider--view-line elementor-widget elementor-widget-divider\" data-id=\"5c60803f\" data-element_type=\"widget\" data-e-type=\"widget\" data-widget_type=\"divider.default\">\n\t\t\t\t<div class=\"elementor-widget-container\">\n\t\t\t\t\t\t\t<div class=\"elementor-divider\">\n\t\t\t<span class=\"elementor-divider-separator\">\n\t\t\t\t\t\t<\/span>\n\t\t<\/div>\n\t\t\t\t\t\t<\/div>\n\t\t\t\t<\/div>\n\t\t\t\t<div class=\"elementor-element elementor-element-40bad62b elementor-widget__width-auto elementor-widget-mobile__width-initial elementor-widget elementor-widget-heading\" data-id=\"40bad62b\" data-element_type=\"widget\" data-e-type=\"widget\" data-widget_type=\"heading.default\">\n\t\t\t\t<div class=\"elementor-widget-container\">\n\t\t\t\t\t<h2 class=\"elementor-heading-title elementor-size-default\">Neutrality requirement does not apply in the context of a parliamentary debate<\/h2>\t\t\t\t<\/div>\n\t\t\t\t<\/div>\n\t\t<div class=\"elementor-element elementor-element-4b34b46e e-con-full e-flex e-con e-child\" data-id=\"4b34b46e\" data-element_type=\"container\" data-e-type=\"container\">\n\t\t\t\t<div class=\"elementor-element elementor-element-1e176e08 elementor-widget__width-initial elementor-widget-divider--view-line elementor-widget elementor-widget-divider\" data-id=\"1e176e08\" data-element_type=\"widget\" data-e-type=\"widget\" data-widget_type=\"divider.default\">\n\t\t\t\t<div class=\"elementor-widget-container\">\n\t\t\t\t\t\t\t<div class=\"elementor-divider\">\n\t\t\t<span class=\"elementor-divider-separator\">\n\t\t\t\t\t\t<\/span>\n\t\t<\/div>\n\t\t\t\t\t\t<\/div>\n\t\t\t\t<\/div>\n\t\t\t\t<div class=\"elementor-element elementor-element-4b24e122 elementor-widget__width-auto elementor-widget-tablet__width-initial elementor-widget-tablet_extra__width-initial elementor-widget elementor-widget-heading\" data-id=\"4b24e122\" data-element_type=\"widget\" data-e-type=\"widget\" data-widget_type=\"heading.default\">\n\t\t\t\t<div class=\"elementor-widget-container\">\n\t\t\t\t\t<h3 class=\"elementor-heading-title elementor-size-default\"><span>Tobias Schr\u00f6ter<\/span><\/h3>\t\t\t\t<\/div>\n\t\t\t\t<\/div>\n\t\t\t\t<\/div>\n\t\t<div class=\"elementor-element elementor-element-5ca8d3b3 e-con-full e-flex e-con e-child\" data-id=\"5ca8d3b3\" data-element_type=\"container\" data-e-type=\"container\">\n\t\t\t\t<div class=\"elementor-element elementor-element-219beae4 elementor-widget__width-auto elementor-view-default elementor-widget elementor-widget-icon\" data-id=\"219beae4\" data-element_type=\"widget\" data-e-type=\"widget\" data-widget_type=\"icon.default\">\n\t\t\t\t<div class=\"elementor-widget-container\">\n\t\t\t\t\t\t\t<div class=\"elementor-icon-wrapper\">\n\t\t\t<a class=\"elementor-icon elementor-animation-grow\" href=\"https:\/\/www.linkedin.com\/company\/dombert-rechtsanwaelte\/posts\/?feedView=all\" target=\"_blank\">\n\t\t\t<svg aria-hidden=\"true\" class=\"e-font-icon-svg e-fab-linkedin\" viewbox=\"0 0 448 512\" xmlns=\"http:\/\/www.w3.org\/2000\/svg\"><path d=\"M416 32H31.9C14.3 32 0 46.5 0 64.3v383.4C0 465.5 14.3 480 31.9 480H416c17.6 0 32-14.5 32-32.3V64.3c0-17.8-14.4-32.3-32-32.3zM135.4 416H69V202.2h66.5V416zm-33.2-243c-21.3 0-38.5-17.3-38.5-38.5S80.9 96 102.2 96c21.2 0 38.5 17.3 38.5 38.5 0 21.3-17.2 38.5-38.5 38.5zm282.1 243h-66.4V312c0-24.8-.5-56.7-34.5-56.7-34.6 0-39.9 27-39.9 54.9V416h-66.4V202.2h63.7v29.2h.9c8.9-16.8 30.6-34.5 62.9-34.5 67.2 0 79.7 44.3 79.7 101.9V416z\"><\/path><\/svg>\t\t\t<\/a>\n\t\t<\/div>\n\t\t\t\t\t\t<\/div>\n\t\t\t\t<\/div>\n\t\t\t\t<\/div>\n\t\t\t\t<\/div>\n\t\t\t\t<\/div>\n\t\t<div class=\"elementor-element elementor-element-58226071 e-con-full e-flex e-con e-parent\" data-id=\"58226071\" data-element_type=\"container\" data-e-type=\"container\" data-settings=\"{&quot;background_background&quot;:&quot;classic&quot;}\">\n\t\t<div class=\"elementor-element elementor-element-76a9ba79 e-con-full e-flex e-con e-child\" data-id=\"76a9ba79\" data-element_type=\"container\" data-e-type=\"container\">\n\t\t<div class=\"elementor-element elementor-element-17ad1188 e-con-full e-flex e-con e-child\" data-id=\"17ad1188\" data-element_type=\"container\" data-e-type=\"container\">\n\t\t\t\t<div class=\"elementor-element elementor-element-44c4f46b elementor-widget__width-initial elementor-widget-divider--view-line elementor-widget elementor-widget-divider\" data-id=\"44c4f46b\" data-element_type=\"widget\" data-e-type=\"widget\" data-widget_type=\"divider.default\">\n\t\t\t\t<div class=\"elementor-widget-container\">\n\t\t\t\t\t\t\t<div class=\"elementor-divider\">\n\t\t\t<span class=\"elementor-divider-separator\">\n\t\t\t\t\t\t<\/span>\n\t\t<\/div>\n\t\t\t\t\t\t<\/div>\n\t\t\t\t<\/div>\n\t\t\t\t<div class=\"elementor-element elementor-element-ab86c1 elementor-widget__width-auto elementor-widget-tablet__width-auto elementor-widget-mobile__width-auto elementor-widget elementor-widget-heading\" data-id=\"ab86c1\" data-element_type=\"widget\" data-e-type=\"widget\" data-widget_type=\"heading.default\">\n\t\t\t\t<div class=\"elementor-widget-container\">\n\t\t\t\t\t<h3 class=\"elementor-heading-title elementor-size-default\"><span>Posts<\/span><\/h3>\t\t\t\t<\/div>\n\t\t\t\t<\/div>\n\t\t\t\t<div class=\"elementor-element elementor-element-48e35a5 elementor-widget__width-auto elementor-widget-tablet__width-auto elementor-widget-mobile__width-auto elementor-widget elementor-widget-heading\" data-id=\"48e35a5\" data-element_type=\"widget\" data-e-type=\"widget\" data-widget_type=\"heading.default\">\n\t\t\t\t<div class=\"elementor-widget-container\">\n\t\t\t\t\t<h3 class=\"elementor-heading-title elementor-size-default\">|<\/h3>\t\t\t\t<\/div>\n\t\t\t\t<\/div>\n\t\t\t\t<div class=\"elementor-element elementor-element-658c0f9 elementor-widget__width-auto elementor-widget-tablet__width-auto elementor-widget-mobile__width-auto elementor-widget elementor-widget-heading\" data-id=\"658c0f9\" data-element_type=\"widget\" data-e-type=\"widget\" data-widget_type=\"heading.default\">\n\t\t\t\t<div class=\"elementor-widget-container\">\n\t\t\t\t\t<h3 class=\"elementor-heading-title elementor-size-default\">09.09.2025<\/h3>\t\t\t\t<\/div>\n\t\t\t\t<\/div>\n\t\t\t\t<\/div>\n\t\t\t\t<div class=\"elementor-element elementor-element-4a08a1bc elementor-widget__width-initial elementor-widget-tablet__width-initial elementor-widget-mobile__width-initial elementor-widget elementor-widget-text-editor\" data-id=\"4a08a1bc\" data-element_type=\"widget\" data-e-type=\"widget\" data-widget_type=\"text-editor.default\">\n\t\t\t\t<div class=\"elementor-widget-container\">\n\t\t\t\t\t\t\t\t\t<p>The neutrality requirement for statements made by state officials does not apply in the context of a parliamentary debate, even if the statements are made by a (government) member of the Senate. This has now been determined by the Hamburg Constitutional Court (HVerfG) (Ref.: HVerfG 2\/24 of 05.09.2025).<\/p><p>\u00a0<\/p><p>Hamburg's Senator of the Interior Andy Grote (SPD) had attested to the AfD's increasing radicalisation in a session of the Hamburg Parliament in November 2023 and declared that the relativisation of National Socialism and the Holocaust was part of the party's \u201ebasic narrative\u201c. The AfD parliamentary group and individual AfD MPs had seen this as a violation of the neutrality requirement, according to which state officials and members of government may not make statements in favour of or to the detriment of a party.<\/p><p>\u00a0<\/p><p>According to the court, however, the neutrality requirement does not apply in the parliamentary chamber, even if members of the government are speaking. Rather, they are \u201eexpressly entitled to take part in the debate in order to present and defend their position in parliament\u201c, according to the court. Only the principle of objectivity must be observed, which was the case here.<\/p>\t\t\t\t\t\t\t\t<\/div>\n\t\t\t\t<\/div>\n\t\t\t\t<\/div>\n\t\t\t\t<\/div>\n\t\t<div class=\"elementor-element elementor-element-2c35e6e9 e-con-full e-flex e-con e-parent\" data-id=\"2c35e6e9\" data-element_type=\"container\" data-e-type=\"container\" data-settings=\"{&quot;background_background&quot;:&quot;classic&quot;}\">\n\t\t<div class=\"elementor-element elementor-element-5d1f95f e-con-full e-flex e-con e-child\" data-id=\"5d1f95f\" data-element_type=\"container\" data-e-type=\"container\">\n\t\t\t\t<div class=\"elementor-element elementor-element-5be3b4e7 elementor-widget__width-initial elementor-widget elementor-widget-heading\" data-id=\"5be3b4e7\" data-element_type=\"widget\" data-e-type=\"widget\" data-widget_type=\"heading.default\">\n\t\t\t\t<div class=\"elementor-widget-container\">\n\t\t\t\t\t<h2 class=\"elementor-heading-title elementor-size-default\"><b>DOMBERT<\/b> Lawyers <\/h2>\t\t\t\t<\/div>\n\t\t\t\t<\/div>\n\t\t<div class=\"elementor-element elementor-element-73a9ee1b e-con-full e-flex e-con e-child\" data-id=\"73a9ee1b\" data-element_type=\"container\" data-e-type=\"container\">\n\t\t\t\t<div class=\"elementor-element elementor-element-6d26c237 elementor-widget__width-initial elementor-widget-divider--view-line elementor-widget elementor-widget-divider\" data-id=\"6d26c237\" data-element_type=\"widget\" data-e-type=\"widget\" data-widget_type=\"divider.default\">\n\t\t\t\t<div class=\"elementor-widget-container\">\n\t\t\t\t\t\t\t<div class=\"elementor-divider\">\n\t\t\t<span class=\"elementor-divider-separator\">\n\t\t\t\t\t\t<\/span>\n\t\t<\/div>\n\t\t\t\t\t\t<\/div>\n\t\t\t\t<\/div>\n\t\t\t\t<div class=\"elementor-element elementor-element-3387b122 elementor-widget__width-auto elementor-widget-tablet_extra__width-initial elementor-widget-tablet__width-initial elementor-widget-mobile_extra__width-initial elementor-widget-mobile__width-initial elementor-widget elementor-widget-heading\" data-id=\"3387b122\" data-element_type=\"widget\" data-e-type=\"widget\" data-widget_type=\"heading.default\">\n\t\t\t\t<div class=\"elementor-widget-container\">\n\t\t\t\t\t<h3 class=\"elementor-heading-title elementor-size-default\">Our work covers all legal issues and conflicts in which the state, municipalities or authorities are involved.<\/h3>\t\t\t\t<\/div>\n\t\t\t\t<\/div>\n\t\t\t\t<\/div>\n\t\t<div class=\"elementor-element elementor-element-152430b6 e-con-full e-flex e-con e-child\" data-id=\"152430b6\" data-element_type=\"container\" data-e-type=\"container\">\n\t\t\t\t<div class=\"elementor-element elementor-element-13d97a9e elementor-widget elementor-widget-button\" data-id=\"13d97a9e\" data-element_type=\"widget\" data-e-type=\"widget\" data-widget_type=\"button.default\">\n\t\t\t\t<div class=\"elementor-widget-container\">\n\t\t\t\t\t\t\t\t\t<div class=\"elementor-button-wrapper\">\n\t\t\t\t\t<a class=\"elementor-button elementor-button-link elementor-size-sm\" href=\"https:\/\/dombert.de\/en\/law-firm\/\">\n\t\t\t\t\t\t<span class=\"elementor-button-content-wrapper\">\n\t\t\t\t\t\t\t\t\t<span class=\"elementor-button-text\">More about our firm<\/span>\n\t\t\t\t\t<\/span>\n\t\t\t\t\t<\/a>\n\t\t\t\t<\/div>\n\t\t\t\t\t\t\t\t<\/div>\n\t\t\t\t<\/div>\n\t\t\t\t<div class=\"elementor-element elementor-element-72a3b661 elementor-widget elementor-widget-button\" data-id=\"72a3b661\" data-element_type=\"widget\" data-e-type=\"widget\" data-widget_type=\"button.default\">\n\t\t\t\t<div class=\"elementor-widget-container\">\n\t\t\t\t\t\t\t\t\t<div class=\"elementor-button-wrapper\">\n\t\t\t\t\t<a class=\"elementor-button elementor-button-link elementor-size-sm\" href=\"https:\/\/dombert.de\/en\/#kompetenzen\">\n\t\t\t\t\t\t<span class=\"elementor-button-content-wrapper\">\n\t\t\t\t\t\t\t\t\t<span class=\"elementor-button-text\">More about our expertise<\/span>\n\t\t\t\t\t<\/span>\n\t\t\t\t\t<\/a>\n\t\t\t\t<\/div>\n\t\t\t\t\t\t\t\t<\/div>\n\t\t\t\t<\/div>\n\t\t\t\t<\/div>\n\t\t\t\t<\/div>\n\t\t\t\t<\/div>\n\t\t\t\t<\/div>","protected":false},"excerpt":{"rendered":"<p>| Das Neutralit\u00e4tsgebot f\u00fcr \u00c4u\u00dferungen von staatlichen Amtstr\u00e4gern gilt nicht im Rahmen einer Parlamentsdebatte, auch wenn es sich um \u00c4u\u00dferungen eines (Regierungs-)Mitglieds des Senats handelt. Das stellte das Hamburgische Verfassungsgericht (HVerfG) jetzt fest (Az.: HVerfG 2\/24 vom 05.09.2025). \u00a0 Hamburgs Innensenator Andy Grote (SPD) hatte der AfD in einer Sitzung der Hamburgischen B\u00fcrgerschaft im November [&hellip;]<\/p>\n","protected":false},"author":8,"featured_media":11371,"comment_status":"closed","ping_status":"closed","sticky":false,"template":"","format":"standard","meta":{"_acf_changed":false,"site-sidebar-layout":"default","site-content-layout":"","ast-site-content-layout":"default","site-content-style":"default","site-sidebar-style":"default","ast-global-header-display":"","ast-banner-title-visibility":"","ast-main-header-display":"","ast-hfb-above-header-display":"","ast-hfb-below-header-display":"","ast-hfb-mobile-header-display":"","site-post-title":"","ast-breadcrumbs-content":"","ast-featured-img":"","footer-sml-layout":"","ast-disable-related-posts":"","theme-transparent-header-meta":"","adv-header-id-meta":"","stick-header-meta":"","header-above-stick-meta":"","header-main-stick-meta":"","header-below-stick-meta":"","astra-migrate-meta-layouts":"set","ast-page-background-enabled":"default","ast-page-background-meta":{"desktop":{"background-color":"","background-image":"","background-repeat":"repeat","background-position":"center center","background-size":"auto","background-attachment":"scroll","background-type":"","background-media":"","overlay-type":"","overlay-color":"","overlay-opacity":"","overlay-gradient":""},"tablet":{"background-color":"","background-image":"","background-repeat":"repeat","background-position":"center center","background-size":"auto","background-attachment":"scroll","background-type":"","background-media":"","overlay-type":"","overlay-color":"","overlay-opacity":"","overlay-gradient":""},"mobile":{"background-color":"","background-image":"","background-repeat":"repeat","background-position":"center center","background-size":"auto","background-attachment":"scroll","background-type":"","background-media":"","overlay-type":"","overlay-color":"","overlay-opacity":"","overlay-gradient":""}},"ast-content-background-meta":{"desktop":{"background-color":"var(--ast-global-color-5)","background-image":"","background-repeat":"repeat","background-position":"center center","background-size":"auto","background-attachment":"scroll","background-type":"","background-media":"","overlay-type":"","overlay-color":"","overlay-opacity":"","overlay-gradient":""},"tablet":{"background-color":"var(--ast-global-color-5)","background-image":"","background-repeat":"repeat","background-position":"center center","background-size":"auto","background-attachment":"scroll","background-type":"","background-media":"","overlay-type":"","overlay-color":"","overlay-opacity":"","overlay-gradient":""},"mobile":{"background-color":"var(--ast-global-color-5)","background-image":"","background-repeat":"repeat","background-position":"center center","background-size":"auto","background-attachment":"scroll","background-type":"","background-media":"","overlay-type":"","overlay-color":"","overlay-opacity":"","overlay-gradient":""}},"footnotes":""},"categories":[45],"tags":[],"secondary-autor":[110],"class_list":["post-11370","post","type-post","status-publish","format-standard","has-post-thumbnail","hentry","category-meldung","secondary-autor-tobias-schroeter"],"acf":[],"yoast_head":"<!-- This site is optimized with the Yoast SEO plugin v27.4 - https:\/\/yoast.com\/product\/yoast-seo-wordpress\/ -->\n<title>Neutralit\u00e4tsgebot gilt nicht im Rahmen einer Parlamentsdebatte - DOMBERT Rechtsanw\u00e4lte<\/title>\n<meta name=\"robots\" content=\"index, follow, max-snippet:-1, max-image-preview:large, max-video-preview:-1\" \/>\n<link rel=\"canonical\" href=\"https:\/\/dombert.de\/en\/neutrality-requirement-does-not-apply-in-the-context-of-a-parliamentary-debate\/\" \/>\n<meta property=\"og:locale\" content=\"en_GB\" \/>\n<meta property=\"og:type\" content=\"article\" \/>\n<meta property=\"og:title\" content=\"Neutralit\u00e4tsgebot gilt nicht im Rahmen einer Parlamentsdebatte - DOMBERT Rechtsanw\u00e4lte\" \/>\n<meta property=\"og:description\" content=\"| Das Neutralit\u00e4tsgebot f\u00fcr \u00c4u\u00dferungen von staatlichen Amtstr\u00e4gern gilt nicht im Rahmen einer Parlamentsdebatte, auch wenn es sich um \u00c4u\u00dferungen eines (Regierungs-)Mitglieds des Senats handelt. Das stellte das Hamburgische Verfassungsgericht (HVerfG) jetzt fest (Az.: HVerfG 2\/24 vom 05.09.2025). \u00a0 Hamburgs Innensenator Andy Grote (SPD) hatte der AfD in einer Sitzung der Hamburgischen B\u00fcrgerschaft im November [&hellip;]\" \/>\n<meta property=\"og:url\" content=\"https:\/\/dombert.de\/en\/neutrality-requirement-does-not-apply-in-the-context-of-a-parliamentary-debate\/\" \/>\n<meta property=\"og:site_name\" content=\"DOMBERT Rechtsanw\u00e4lte\" \/>\n<meta property=\"article:published_time\" content=\"2025-09-09T11:38:00+00:00\" \/>\n<meta property=\"article:modified_time\" content=\"2025-09-09T12:10:12+00:00\" \/>\n<meta property=\"og:image\" content=\"https:\/\/dombert.de\/wp-content\/uploads\/2025\/09\/dombert-rechtsanwaelte-debatte.jpg\" \/>\n\t<meta property=\"og:image:width\" content=\"650\" \/>\n\t<meta property=\"og:image:height\" content=\"450\" \/>\n\t<meta property=\"og:image:type\" content=\"image\/jpeg\" \/>\n<meta name=\"author\" content=\"Christin Oldag\" \/>\n<meta name=\"twitter:card\" content=\"summary_large_image\" \/>\n<meta name=\"twitter:label1\" content=\"Written by\" \/>\n\t<meta name=\"twitter:data1\" content=\"Christin Oldag\" \/>\n\t<meta name=\"twitter:label2\" content=\"Estimated reading time\" \/>\n\t<meta name=\"twitter:data2\" content=\"1 minute\" \/>\n<script type=\"application\/ld+json\" class=\"yoast-schema-graph\">{\"@context\":\"https:\\\/\\\/schema.org\",\"@graph\":[{\"@type\":\"Article\",\"@id\":\"https:\\\/\\\/dombert.de\\\/neutralitaetsgebot-gilt-nicht-im-rahmen-einer-parlamentsdebatte\\\/#article\",\"isPartOf\":{\"@id\":\"https:\\\/\\\/dombert.de\\\/neutralitaetsgebot-gilt-nicht-im-rahmen-einer-parlamentsdebatte\\\/\"},\"author\":{\"name\":\"Christin Oldag\",\"@id\":\"https:\\\/\\\/dombert.de\\\/#\\\/schema\\\/person\\\/40b5ecfa34d030412ecd758386909b2b\"},\"headline\":\"Neutralit\u00e4tsgebot gilt nicht im Rahmen einer Parlamentsdebatte\",\"datePublished\":\"2025-09-09T11:38:00+00:00\",\"dateModified\":\"2025-09-09T12:10:12+00:00\",\"mainEntityOfPage\":{\"@id\":\"https:\\\/\\\/dombert.de\\\/neutralitaetsgebot-gilt-nicht-im-rahmen-einer-parlamentsdebatte\\\/\"},\"wordCount\":201,\"publisher\":{\"@id\":\"https:\\\/\\\/dombert.de\\\/#organization\"},\"image\":{\"@id\":\"https:\\\/\\\/dombert.de\\\/neutralitaetsgebot-gilt-nicht-im-rahmen-einer-parlamentsdebatte\\\/#primaryimage\"},\"thumbnailUrl\":\"https:\\\/\\\/dombert.de\\\/wp-content\\\/uploads\\\/2025\\\/09\\\/dombert-rechtsanwaelte-debatte.jpg\",\"articleSection\":[\"Meldung\"],\"inLanguage\":\"en-GB\"},{\"@type\":\"WebPage\",\"@id\":\"https:\\\/\\\/dombert.de\\\/neutralitaetsgebot-gilt-nicht-im-rahmen-einer-parlamentsdebatte\\\/\",\"url\":\"https:\\\/\\\/dombert.de\\\/neutralitaetsgebot-gilt-nicht-im-rahmen-einer-parlamentsdebatte\\\/\",\"name\":\"Neutralit\u00e4tsgebot gilt nicht im Rahmen einer Parlamentsdebatte - DOMBERT Rechtsanw\u00e4lte\",\"isPartOf\":{\"@id\":\"https:\\\/\\\/dombert.de\\\/#website\"},\"primaryImageOfPage\":{\"@id\":\"https:\\\/\\\/dombert.de\\\/neutralitaetsgebot-gilt-nicht-im-rahmen-einer-parlamentsdebatte\\\/#primaryimage\"},\"image\":{\"@id\":\"https:\\\/\\\/dombert.de\\\/neutralitaetsgebot-gilt-nicht-im-rahmen-einer-parlamentsdebatte\\\/#primaryimage\"},\"thumbnailUrl\":\"https:\\\/\\\/dombert.de\\\/wp-content\\\/uploads\\\/2025\\\/09\\\/dombert-rechtsanwaelte-debatte.jpg\",\"datePublished\":\"2025-09-09T11:38:00+00:00\",\"dateModified\":\"2025-09-09T12:10:12+00:00\",\"breadcrumb\":{\"@id\":\"https:\\\/\\\/dombert.de\\\/neutralitaetsgebot-gilt-nicht-im-rahmen-einer-parlamentsdebatte\\\/#breadcrumb\"},\"inLanguage\":\"en-GB\",\"potentialAction\":[{\"@type\":\"ReadAction\",\"target\":[\"https:\\\/\\\/dombert.de\\\/neutralitaetsgebot-gilt-nicht-im-rahmen-einer-parlamentsdebatte\\\/\"]}]},{\"@type\":\"ImageObject\",\"inLanguage\":\"en-GB\",\"@id\":\"https:\\\/\\\/dombert.de\\\/neutralitaetsgebot-gilt-nicht-im-rahmen-einer-parlamentsdebatte\\\/#primaryimage\",\"url\":\"https:\\\/\\\/dombert.de\\\/wp-content\\\/uploads\\\/2025\\\/09\\\/dombert-rechtsanwaelte-debatte.jpg\",\"contentUrl\":\"https:\\\/\\\/dombert.de\\\/wp-content\\\/uploads\\\/2025\\\/09\\\/dombert-rechtsanwaelte-debatte.jpg\",\"width\":650,\"height\":450},{\"@type\":\"BreadcrumbList\",\"@id\":\"https:\\\/\\\/dombert.de\\\/neutralitaetsgebot-gilt-nicht-im-rahmen-einer-parlamentsdebatte\\\/#breadcrumb\",\"itemListElement\":[{\"@type\":\"ListItem\",\"position\":1,\"name\":\"Startseite\",\"item\":\"https:\\\/\\\/dombert.de\\\/\"},{\"@type\":\"ListItem\",\"position\":2,\"name\":\"Neutralit\u00e4tsgebot gilt nicht im Rahmen einer Parlamentsdebatte\"}]},{\"@type\":\"WebSite\",\"@id\":\"https:\\\/\\\/dombert.de\\\/#website\",\"url\":\"https:\\\/\\\/dombert.de\\\/\",\"name\":\"DOMBERT Rechtsanw\u00e4lte\",\"description\":\"Wir sind Ihr kompetenter Ansprechpartner f\u00fcr alle Fragen des \u00f6ffentlichen Rechts.\",\"publisher\":{\"@id\":\"https:\\\/\\\/dombert.de\\\/#organization\"},\"potentialAction\":[{\"@type\":\"SearchAction\",\"target\":{\"@type\":\"EntryPoint\",\"urlTemplate\":\"https:\\\/\\\/dombert.de\\\/?s={search_term_string}\"},\"query-input\":{\"@type\":\"PropertyValueSpecification\",\"valueRequired\":true,\"valueName\":\"search_term_string\"}}],\"inLanguage\":\"en-GB\"},{\"@type\":\"Organization\",\"@id\":\"https:\\\/\\\/dombert.de\\\/#organization\",\"name\":\"DOMBERT Rechtsanw\u00e4lte\",\"url\":\"https:\\\/\\\/dombert.de\\\/\",\"logo\":{\"@type\":\"ImageObject\",\"inLanguage\":\"en-GB\",\"@id\":\"https:\\\/\\\/dombert.de\\\/#\\\/schema\\\/logo\\\/image\\\/\",\"url\":\"https:\\\/\\\/dombert.de\\\/wp-content\\\/uploads\\\/2025\\\/02\\\/Dombert-Logo_negativ_rgb.png\",\"contentUrl\":\"https:\\\/\\\/dombert.de\\\/wp-content\\\/uploads\\\/2025\\\/02\\\/Dombert-Logo_negativ_rgb.png\",\"width\":459,\"height\":206,\"caption\":\"DOMBERT Rechtsanw\u00e4lte\"},\"image\":{\"@id\":\"https:\\\/\\\/dombert.de\\\/#\\\/schema\\\/logo\\\/image\\\/\"},\"sameAs\":[\"https:\\\/\\\/www.linkedin.com\\\/company\\\/dombert-rechtsanwaelte\\\/posts\\\/?feedView=all\"]},{\"@type\":\"Person\",\"@id\":\"https:\\\/\\\/dombert.de\\\/#\\\/schema\\\/person\\\/40b5ecfa34d030412ecd758386909b2b\",\"name\":\"Christin Oldag\",\"image\":{\"@type\":\"ImageObject\",\"inLanguage\":\"en-GB\",\"@id\":\"https:\\\/\\\/secure.gravatar.com\\\/avatar\\\/d440d12d29fc73e1e88a07da22628c8398386ef952cebddba89bcaa0c381cbd5?s=96&d=mm&r=g\",\"url\":\"https:\\\/\\\/secure.gravatar.com\\\/avatar\\\/d440d12d29fc73e1e88a07da22628c8398386ef952cebddba89bcaa0c381cbd5?s=96&d=mm&r=g\",\"contentUrl\":\"https:\\\/\\\/secure.gravatar.com\\\/avatar\\\/d440d12d29fc73e1e88a07da22628c8398386ef952cebddba89bcaa0c381cbd5?s=96&d=mm&r=g\",\"caption\":\"Christin Oldag\"}}]}<\/script>\n<!-- \/ Yoast SEO plugin. -->","yoast_head_json":{"title":"Neutrality requirement does not apply in the context of a parliamentary debate - DOMBERT Rechtsanw\u00e4lte","robots":{"index":"index","follow":"follow","max-snippet":"max-snippet:-1","max-image-preview":"max-image-preview:large","max-video-preview":"max-video-preview:-1"},"canonical":"https:\/\/dombert.de\/en\/neutrality-requirement-does-not-apply-in-the-context-of-a-parliamentary-debate\/","og_locale":"en_GB","og_type":"article","og_title":"Neutralit\u00e4tsgebot gilt nicht im Rahmen einer Parlamentsdebatte - DOMBERT Rechtsanw\u00e4lte","og_description":"| Das Neutralit\u00e4tsgebot f\u00fcr \u00c4u\u00dferungen von staatlichen Amtstr\u00e4gern gilt nicht im Rahmen einer Parlamentsdebatte, auch wenn es sich um \u00c4u\u00dferungen eines (Regierungs-)Mitglieds des Senats handelt. Das stellte das Hamburgische Verfassungsgericht (HVerfG) jetzt fest (Az.: HVerfG 2\/24 vom 05.09.2025). \u00a0 Hamburgs Innensenator Andy Grote (SPD) hatte der AfD in einer Sitzung der Hamburgischen B\u00fcrgerschaft im November [&hellip;]","og_url":"https:\/\/dombert.de\/en\/neutrality-requirement-does-not-apply-in-the-context-of-a-parliamentary-debate\/","og_site_name":"DOMBERT Rechtsanw\u00e4lte","article_published_time":"2025-09-09T11:38:00+00:00","article_modified_time":"2025-09-09T12:10:12+00:00","og_image":[{"width":650,"height":450,"url":"https:\/\/dombert.de\/wp-content\/uploads\/2025\/09\/dombert-rechtsanwaelte-debatte.jpg","type":"image\/jpeg"}],"author":"Christin Oldag","twitter_card":"summary_large_image","twitter_misc":{"Written by":"Christin Oldag","Estimated reading time":"1 minute"},"schema":{"@context":"https:\/\/schema.org","@graph":[{"@type":"Article","@id":"https:\/\/dombert.de\/neutralitaetsgebot-gilt-nicht-im-rahmen-einer-parlamentsdebatte\/#article","isPartOf":{"@id":"https:\/\/dombert.de\/neutralitaetsgebot-gilt-nicht-im-rahmen-einer-parlamentsdebatte\/"},"author":{"name":"Christin Oldag","@id":"https:\/\/dombert.de\/#\/schema\/person\/40b5ecfa34d030412ecd758386909b2b"},"headline":"Neutralit\u00e4tsgebot gilt nicht im Rahmen einer Parlamentsdebatte","datePublished":"2025-09-09T11:38:00+00:00","dateModified":"2025-09-09T12:10:12+00:00","mainEntityOfPage":{"@id":"https:\/\/dombert.de\/neutralitaetsgebot-gilt-nicht-im-rahmen-einer-parlamentsdebatte\/"},"wordCount":201,"publisher":{"@id":"https:\/\/dombert.de\/#organization"},"image":{"@id":"https:\/\/dombert.de\/neutralitaetsgebot-gilt-nicht-im-rahmen-einer-parlamentsdebatte\/#primaryimage"},"thumbnailUrl":"https:\/\/dombert.de\/wp-content\/uploads\/2025\/09\/dombert-rechtsanwaelte-debatte.jpg","articleSection":["Meldung"],"inLanguage":"en-GB"},{"@type":"WebPage","@id":"https:\/\/dombert.de\/neutralitaetsgebot-gilt-nicht-im-rahmen-einer-parlamentsdebatte\/","url":"https:\/\/dombert.de\/neutralitaetsgebot-gilt-nicht-im-rahmen-einer-parlamentsdebatte\/","name":"Neutrality requirement does not apply in the context of a parliamentary debate - DOMBERT Rechtsanw\u00e4lte","isPartOf":{"@id":"https:\/\/dombert.de\/#website"},"primaryImageOfPage":{"@id":"https:\/\/dombert.de\/neutralitaetsgebot-gilt-nicht-im-rahmen-einer-parlamentsdebatte\/#primaryimage"},"image":{"@id":"https:\/\/dombert.de\/neutralitaetsgebot-gilt-nicht-im-rahmen-einer-parlamentsdebatte\/#primaryimage"},"thumbnailUrl":"https:\/\/dombert.de\/wp-content\/uploads\/2025\/09\/dombert-rechtsanwaelte-debatte.jpg","datePublished":"2025-09-09T11:38:00+00:00","dateModified":"2025-09-09T12:10:12+00:00","breadcrumb":{"@id":"https:\/\/dombert.de\/neutralitaetsgebot-gilt-nicht-im-rahmen-einer-parlamentsdebatte\/#breadcrumb"},"inLanguage":"en-GB","potentialAction":[{"@type":"ReadAction","target":["https:\/\/dombert.de\/neutralitaetsgebot-gilt-nicht-im-rahmen-einer-parlamentsdebatte\/"]}]},{"@type":"ImageObject","inLanguage":"en-GB","@id":"https:\/\/dombert.de\/neutralitaetsgebot-gilt-nicht-im-rahmen-einer-parlamentsdebatte\/#primaryimage","url":"https:\/\/dombert.de\/wp-content\/uploads\/2025\/09\/dombert-rechtsanwaelte-debatte.jpg","contentUrl":"https:\/\/dombert.de\/wp-content\/uploads\/2025\/09\/dombert-rechtsanwaelte-debatte.jpg","width":650,"height":450},{"@type":"BreadcrumbList","@id":"https:\/\/dombert.de\/neutralitaetsgebot-gilt-nicht-im-rahmen-einer-parlamentsdebatte\/#breadcrumb","itemListElement":[{"@type":"ListItem","position":1,"name":"Startseite","item":"https:\/\/dombert.de\/"},{"@type":"ListItem","position":2,"name":"Neutralit\u00e4tsgebot gilt nicht im Rahmen einer Parlamentsdebatte"}]},{"@type":"WebSite","@id":"https:\/\/dombert.de\/#website","url":"https:\/\/dombert.de\/","name":"DOMBERT Rechtsanw\u00e4lte","description":"We are your expert partner for all matters relating to public law.","publisher":{"@id":"https:\/\/dombert.de\/#organization"},"potentialAction":[{"@type":"SearchAction","target":{"@type":"EntryPoint","urlTemplate":"https:\/\/dombert.de\/?s={search_term_string}"},"query-input":{"@type":"PropertyValueSpecification","valueRequired":true,"valueName":"search_term_string"}}],"inLanguage":"en-GB"},{"@type":"Organization","@id":"https:\/\/dombert.de\/#organization","name":"DOMBERT Rechtsanw\u00e4lte","url":"https:\/\/dombert.de\/","logo":{"@type":"ImageObject","inLanguage":"en-GB","@id":"https:\/\/dombert.de\/#\/schema\/logo\/image\/","url":"https:\/\/dombert.de\/wp-content\/uploads\/2025\/02\/Dombert-Logo_negativ_rgb.png","contentUrl":"https:\/\/dombert.de\/wp-content\/uploads\/2025\/02\/Dombert-Logo_negativ_rgb.png","width":459,"height":206,"caption":"DOMBERT Rechtsanw\u00e4lte"},"image":{"@id":"https:\/\/dombert.de\/#\/schema\/logo\/image\/"},"sameAs":["https:\/\/www.linkedin.com\/company\/dombert-rechtsanwaelte\/posts\/?feedView=all"]},{"@type":"Person","@id":"https:\/\/dombert.de\/#\/schema\/person\/40b5ecfa34d030412ecd758386909b2b","name":"Christin Oldag","image":{"@type":"ImageObject","inLanguage":"en-GB","@id":"https:\/\/secure.gravatar.com\/avatar\/d440d12d29fc73e1e88a07da22628c8398386ef952cebddba89bcaa0c381cbd5?s=96&d=mm&r=g","url":"https:\/\/secure.gravatar.com\/avatar\/d440d12d29fc73e1e88a07da22628c8398386ef952cebddba89bcaa0c381cbd5?s=96&d=mm&r=g","contentUrl":"https:\/\/secure.gravatar.com\/avatar\/d440d12d29fc73e1e88a07da22628c8398386ef952cebddba89bcaa0c381cbd5?s=96&d=mm&r=g","caption":"Christin Oldag"}}]}},"publishpress_future_workflow_manual_trigger":{"enabledWorkflows":[]},"_links":{"self":[{"href":"https:\/\/dombert.de\/en\/wp-json\/wp\/v2\/posts\/11370","targetHints":{"allow":["GET"]}}],"collection":[{"href":"https:\/\/dombert.de\/en\/wp-json\/wp\/v2\/posts"}],"about":[{"href":"https:\/\/dombert.de\/en\/wp-json\/wp\/v2\/types\/post"}],"author":[{"embeddable":true,"href":"https:\/\/dombert.de\/en\/wp-json\/wp\/v2\/users\/8"}],"replies":[{"embeddable":true,"href":"https:\/\/dombert.de\/en\/wp-json\/wp\/v2\/comments?post=11370"}],"version-history":[{"count":7,"href":"https:\/\/dombert.de\/en\/wp-json\/wp\/v2\/posts\/11370\/revisions"}],"predecessor-version":[{"id":11379,"href":"https:\/\/dombert.de\/en\/wp-json\/wp\/v2\/posts\/11370\/revisions\/11379"}],"wp:featuredmedia":[{"embeddable":true,"href":"https:\/\/dombert.de\/en\/wp-json\/wp\/v2\/media\/11371"}],"wp:attachment":[{"href":"https:\/\/dombert.de\/en\/wp-json\/wp\/v2\/media?parent=11370"}],"wp:term":[{"taxonomy":"category","embeddable":true,"href":"https:\/\/dombert.de\/en\/wp-json\/wp\/v2\/categories?post=11370"},{"taxonomy":"post_tag","embeddable":true,"href":"https:\/\/dombert.de\/en\/wp-json\/wp\/v2\/tags?post=11370"},{"taxonomy":"secondary-autor","embeddable":true,"href":"https:\/\/dombert.de\/en\/wp-json\/wp\/v2\/secondary-autor?post=11370"}],"curies":[{"name":"wp","href":"https:\/\/api.w.org\/{rel}","templated":true}]}}