{"id":12538,"date":"2025-12-08T12:20:19","date_gmt":"2025-12-08T11:20:19","guid":{"rendered":"https:\/\/dombert.de\/?p=12538"},"modified":"2025-12-09T13:01:09","modified_gmt":"2025-12-09T12:01:09","slug":"how-vulnerable-is-the-german-judiciary-already-today","status":"publish","type":"post","link":"https:\/\/dombert.de\/en\/wie-verwundbar-ist-die-deutsche-justiz-bereits-heute\/","title":{"rendered":"How vulnerable is the German justice system today?"},"content":{"rendered":"<div data-elementor-type=\"wp-post\" data-elementor-id=\"12538\" class=\"elementor elementor-12538\" data-elementor-post-type=\"post\">\n\t\t\t\t<div class=\"elementor-element elementor-element-752d741b e-con-full e-flex e-con e-parent\" data-id=\"752d741b\" data-element_type=\"container\" data-e-type=\"container\" data-settings=\"{&quot;background_background&quot;:&quot;classic&quot;}\">\n\t\t<div class=\"elementor-element elementor-element-16ab116a e-con-full e-flex e-con e-child\" data-id=\"16ab116a\" data-element_type=\"container\" data-e-type=\"container\">\n\t\t\t\t<div class=\"elementor-element elementor-element-14d1fbe elementor-widget-divider--view-line elementor-widget elementor-widget-divider\" data-id=\"14d1fbe\" data-element_type=\"widget\" data-e-type=\"widget\" data-widget_type=\"divider.default\">\n\t\t\t\t<div class=\"elementor-widget-container\">\n\t\t\t\t\t\t\t<div class=\"elementor-divider\">\n\t\t\t<span class=\"elementor-divider-separator\">\n\t\t\t\t\t\t<\/span>\n\t\t<\/div>\n\t\t\t\t\t\t<\/div>\n\t\t\t\t<\/div>\n\t\t\t\t<div class=\"elementor-element elementor-element-46699e93 elementor-widget__width-auto elementor-widget-mobile__width-initial elementor-widget elementor-widget-heading\" data-id=\"46699e93\" data-element_type=\"widget\" data-e-type=\"widget\" data-widget_type=\"heading.default\">\n\t\t\t\t<div class=\"elementor-widget-container\">\n\t\t\t\t\t<h2 class=\"elementor-heading-title elementor-size-default\">How vulnerable is the German justice system today?<\/h2>\t\t\t\t<\/div>\n\t\t\t\t<\/div>\n\t\t<div class=\"elementor-element elementor-element-1429ce04 e-con-full e-flex e-con e-child\" data-id=\"1429ce04\" data-element_type=\"container\" data-e-type=\"container\">\n\t\t\t\t<div class=\"elementor-element elementor-element-2e99841 elementor-widget__width-initial elementor-widget-divider--view-line elementor-widget elementor-widget-divider\" data-id=\"2e99841\" data-element_type=\"widget\" data-e-type=\"widget\" data-widget_type=\"divider.default\">\n\t\t\t\t<div class=\"elementor-widget-container\">\n\t\t\t\t\t\t\t<div class=\"elementor-divider\">\n\t\t\t<span class=\"elementor-divider-separator\">\n\t\t\t\t\t\t<\/span>\n\t\t<\/div>\n\t\t\t\t\t\t<\/div>\n\t\t\t\t<\/div>\n\t\t\t\t<div class=\"elementor-element elementor-element-d201bc6 elementor-widget__width-auto elementor-widget-tablet__width-initial elementor-widget-tablet_extra__width-initial elementor-widget elementor-widget-heading\" data-id=\"d201bc6\" data-element_type=\"widget\" data-e-type=\"widget\" data-widget_type=\"heading.default\">\n\t\t\t\t<div class=\"elementor-widget-container\">\n\t\t\t\t\t<h3 class=\"elementor-heading-title elementor-size-default\"><span>Charlotte Blech, LL.M. (UCLA)<\/span><\/h3>\t\t\t\t<\/div>\n\t\t\t\t<\/div>\n\t\t\t\t<\/div>\n\t\t<div class=\"elementor-element elementor-element-3e871c8 e-con-full e-flex e-con e-child\" data-id=\"3e871c8\" data-element_type=\"container\" data-e-type=\"container\">\n\t\t\t\t<div class=\"elementor-element elementor-element-6b969302 elementor-widget__width-auto elementor-view-default elementor-widget elementor-widget-icon\" data-id=\"6b969302\" data-element_type=\"widget\" data-e-type=\"widget\" data-widget_type=\"icon.default\">\n\t\t\t\t<div class=\"elementor-widget-container\">\n\t\t\t\t\t\t\t<div class=\"elementor-icon-wrapper\">\n\t\t\t<a class=\"elementor-icon elementor-animation-grow\" href=\"https:\/\/www.linkedin.com\/company\/dombert-rechtsanwaelte\/posts\/?feedView=all\" target=\"_blank\">\n\t\t\t<svg aria-hidden=\"true\" class=\"e-font-icon-svg e-fab-linkedin\" viewbox=\"0 0 448 512\" xmlns=\"http:\/\/www.w3.org\/2000\/svg\"><path d=\"M416 32H31.9C14.3 32 0 46.5 0 64.3v383.4C0 465.5 14.3 480 31.9 480H416c17.6 0 32-14.5 32-32.3V64.3c0-17.8-14.4-32.3-32-32.3zM135.4 416H69V202.2h66.5V416zm-33.2-243c-21.3 0-38.5-17.3-38.5-38.5S80.9 96 102.2 96c21.2 0 38.5 17.3 38.5 38.5 0 21.3-17.2 38.5-38.5 38.5zm282.1 243h-66.4V312c0-24.8-.5-56.7-34.5-56.7-34.6 0-39.9 27-39.9 54.9V416h-66.4V202.2h63.7v29.2h.9c8.9-16.8 30.6-34.5 62.9-34.5 67.2 0 79.7 44.3 79.7 101.9V416z\"><\/path><\/svg>\t\t\t<\/a>\n\t\t<\/div>\n\t\t\t\t\t\t<\/div>\n\t\t\t\t<\/div>\n\t\t\t\t<\/div>\n\t\t\t\t<\/div>\n\t\t\t\t<\/div>\n\t\t<div class=\"elementor-element elementor-element-21f119a4 e-con-full e-flex e-con e-parent\" data-id=\"21f119a4\" data-element_type=\"container\" data-e-type=\"container\" data-settings=\"{&quot;background_background&quot;:&quot;classic&quot;}\">\n\t\t<div class=\"elementor-element elementor-element-53f89bf5 e-con-full e-flex e-con e-child\" data-id=\"53f89bf5\" data-element_type=\"container\" data-e-type=\"container\">\n\t\t<div class=\"elementor-element elementor-element-600a2ade e-con-full e-flex e-con e-child\" data-id=\"600a2ade\" data-element_type=\"container\" data-e-type=\"container\">\n\t\t\t\t<div class=\"elementor-element elementor-element-57a67220 elementor-widget__width-initial elementor-widget-divider--view-line elementor-widget elementor-widget-divider\" data-id=\"57a67220\" data-element_type=\"widget\" data-e-type=\"widget\" data-widget_type=\"divider.default\">\n\t\t\t\t<div class=\"elementor-widget-container\">\n\t\t\t\t\t\t\t<div class=\"elementor-divider\">\n\t\t\t<span class=\"elementor-divider-separator\">\n\t\t\t\t\t\t<\/span>\n\t\t<\/div>\n\t\t\t\t\t\t<\/div>\n\t\t\t\t<\/div>\n\t\t\t\t<div class=\"elementor-element elementor-element-59abbfe2 elementor-widget__width-auto elementor-widget-tablet__width-auto elementor-widget-mobile__width-auto elementor-widget elementor-widget-heading\" data-id=\"59abbfe2\" data-element_type=\"widget\" data-e-type=\"widget\" data-widget_type=\"heading.default\">\n\t\t\t\t<div class=\"elementor-widget-container\">\n\t\t\t\t\t<h3 class=\"elementor-heading-title elementor-size-default\"><span>Blog post<\/span><\/h3>\t\t\t\t<\/div>\n\t\t\t\t<\/div>\n\t\t\t\t<div class=\"elementor-element elementor-element-7ee465d5 elementor-widget__width-auto elementor-widget-tablet__width-auto elementor-widget-mobile__width-auto elementor-widget elementor-widget-heading\" data-id=\"7ee465d5\" data-element_type=\"widget\" data-e-type=\"widget\" data-widget_type=\"heading.default\">\n\t\t\t\t<div class=\"elementor-widget-container\">\n\t\t\t\t\t<h3 class=\"elementor-heading-title elementor-size-default\">|<\/h3>\t\t\t\t<\/div>\n\t\t\t\t<\/div>\n\t\t\t\t<div class=\"elementor-element elementor-element-69414874 elementor-widget__width-auto elementor-widget-tablet__width-auto elementor-widget-mobile__width-auto elementor-widget elementor-widget-heading\" data-id=\"69414874\" data-element_type=\"widget\" data-e-type=\"widget\" data-widget_type=\"heading.default\">\n\t\t\t\t<div class=\"elementor-widget-container\">\n\t\t\t\t\t<h3 class=\"elementor-heading-title elementor-size-default\">08.12.2025<\/h3>\t\t\t\t<\/div>\n\t\t\t\t<\/div>\n\t\t\t\t<\/div>\n\t\t\t\t<div class=\"elementor-element elementor-element-dafacfb elementor-widget__width-initial elementor-widget-tablet__width-initial elementor-widget-mobile__width-initial elementor-widget elementor-widget-text-editor\" data-id=\"dafacfb\" data-element_type=\"widget\" data-e-type=\"widget\" data-widget_type=\"text-editor.default\">\n\t\t\t\t<div class=\"elementor-widget-container\">\n\t\t\t\t\t\t\t\t\t<p>For Germany, legal protection by the courts is so self-evident that in the discussion about current problems (duration of proceedings, digitalisation, concerns about the next generation) the essential characteristics are pushed into the background: Neutrality and easy access, decisions bound by law and justice without regard to the person. In view of the rise of authoritarian forces in democratic states in Europe and America, the question is becoming increasingly relevant here in Germany too: How vulnerable is the German judiciary already? \u00a0<\/p><p>The Verfassungsblog is investigating this question with its justice project. The main aim is to gain knowledge about the vulnerability and resilience of the German judiciary - in some cases for the very first time - and make it generally accessible. The central assumption is that authoritarian populist actors are working towards a state in which they can only be voted out of office with difficulty, if at all. The members of the Justice Project deliberately refer to authoritarian-populist forces in general and not (only) to a specific party. They have summarised their findings in a book entitled \u201eThe Justice Project. Vulnerability and resilience of the third estate\u201c, which was published on 2 December 2025.<\/p><p>\u00a0<\/p><p><strong>How did the Verfassungsblog proceed?<\/strong><\/p><p>\u00a0<\/p><p>Over a period of eleven months, they conducted research interviews with judges, association representatives, academics, representatives of the public prosecutor's office and ministries of justice (including lawyers from this law firm). In questionnaires, they asked the state ministries of justice about typical processes, such as the recruitment of applicants or the preparation of budgets. They included state constitutions, laws and regulations at state and federal level in order to obtain an overview of the current legal situation. Based on these studies, they looked for existing institutional and organisational weaknesses. They worked out which levers are (or can be) used today to enforce certain interests and developed scenarios for abuse.<\/p><p>\u00a0<\/p><p><strong>What is meant by such \u201escenarios\u201c?<\/strong><\/p><p>\u00a0<\/p><p>These scenarios are characterised by the fact that they could already happen today without the need for any legislative changes. These scenarios involve tried-and-tested scope in organisational and service law that exists in all federal states, which is granted to the administration for good and constitutionally viable reasons, but which represent gateways for the undermining and destabilisation of constitutional structures if decision-makers adopt an authoritarian and anti-democratic attitude. The \u201ealternating lane scenario\u201c may serve as an example. It shows how the authoritarian-populist management of a state justice ministry could strategically utilise promotion, assessment and deployment decisions for its own purposes:<\/p><p>\u00a0<\/p><p>The career change of an applicant from the judicial service and salary scale R to the higher administrative service (salary scales A and B) regularly also significantly improves later opportunities for judicial promotion offices. If a candidate were to apply for a judgeship from the administrative service, the applicant's graded status offices currently have a greater influence on the selection decision than judicial experience. In the state of Brandenburg, the salary of a ministerial councillor (salary group B2) exceeds the salary of a presiding judge (R2). A judicial management position with supervisory duties and appraisal powers (e.g. as court president) graded at R3 could therefore theoretically be filled by a \u201enon-specialist\u201c. Even if objections to this could still be raised in a judicial competition dispute (<em><a href=\"https:\/\/www.bundesverfassungsgericht.de\/SharedDocs\/Pressemitteilungen\/DE\/2024\/bvg24-069.html\" target=\"_blank\" rel=\"noopener\">cf. inter alia the procedure for filling the position of President at the OVG NRW<\/a><\/em>) and exceptions to the standard consideration of the status office must be taken into account, this results in risks for an appointment intention according to which desired candidates deliberately qualify for high-ranking offices in the judiciary via the (re)route of a transfer to the ministry. This is just one example of \u201eexecutive characterisation\u201c, which gives rise to many follow-up questions.<\/p><p>\u00a0<\/p><p>Many other illustrative scenarios show impressively where the German judiciary is already vulnerable, particularly in the areas of the appointment of judges, the assessment and promotion system, disciplinary procedures, court organisation, non-judicial staff, IT infrastructure and the budget.<\/p><p>\u00a0<\/p><p><strong>Resilience through anticipation as key findings<\/strong><\/p><p>\u00a0<\/p><p>The authors come to the conclusion that there are various gateways that can gradually be used to delegitimise and block the judiciary. In part, this is due to inadequate or overly vague legal regulations, such as the transfer of judges to (temporary) retirement \u201ein the interests of the administration of justice\u201c (Section 31 DRiG) due to the public's perception of the judge, and in part due to the judiciary's dependence on the budgets set by parliaments and budget management by the state governments. Of particular relevance is the role of the people who work in and represent the judiciary. The authors see them as a key resilience factor, because the professional ethos of the judiciary in Germany is strongly based on the ideal of independence, which determines how the rule of law and the separation of powers are practised in practice. The authors therefore propose a reform debate that should take place at a time when a parliamentary blockade by authoritarian-populist actors is not (yet) possible.<\/p><p>\u00a0<\/p><p>The fact that there are no simple solutions for making our justice system more resilient became clear in the ensuing discussion.  After all, every instrument and every mechanism provided by the legislator can be put to valuable use, but can also be misused.  One of the major challenges is to find a middle way that, on the one hand, ensures the necessary integration of the judiciary with the other powers and thus its democratic legitimisation - including through the influence of the executive in the administration of justice - while at the same time guaranteeing its sufficient independence. The dilemma is described in the book as follows: \u201eAs is the case for the liberal democratic order as a whole, the judiciary cannot close all its doors without becoming authoritarian itself.\u201c<\/p><p>\u00a0<\/p><p><strong>My conclusion:<\/strong><\/p><p>\u00a0<\/p><p>For a law firm - and one that is also active in public law and deals with issues of service and disciplinary matters on a daily basis - the topics of the Justice Project are essential: it deals with the institutional integrity of the administration of justice and thus one of the essential foundations on which we as lawyers work. The internal structures of the judiciary have a decisive influence on the framework conditions of our work - from the duration of proceedings to the quality of legal decisions. Our professional effectiveness is therefore directly linked to the resilience of the third estate. Structural weaknesses are therefore not just an abstract systemic problem, but have a concrete impact on our procedural practice. It is precisely this broadening of perspective that makes this work so valuable for lawyers.<\/p>\t\t\t\t\t\t\t\t<\/div>\n\t\t\t\t<\/div>\n\t\t\t\t<\/div>\n\t\t\t\t<\/div>\n\t\t<div class=\"elementor-element elementor-element-1e0c06ad e-con-full e-flex e-con e-parent\" data-id=\"1e0c06ad\" data-element_type=\"container\" data-e-type=\"container\" data-settings=\"{&quot;background_background&quot;:&quot;classic&quot;}\">\n\t\t<div class=\"elementor-element elementor-element-25be686 e-con-full e-flex e-con e-child\" data-id=\"25be686\" data-element_type=\"container\" data-e-type=\"container\">\n\t\t\t\t<div class=\"elementor-element elementor-element-55cffab3 elementor-widget__width-inherit elementor-widget-tablet__width-inherit elementor-widget elementor-widget-heading\" data-id=\"55cffab3\" data-element_type=\"widget\" data-e-type=\"widget\" data-widget_type=\"heading.default\">\n\t\t\t\t<div class=\"elementor-widget-container\">\n\t\t\t\t\t<h2 class=\"elementor-heading-title elementor-size-default\">The mind behind the article.<\/h2>\t\t\t\t<\/div>\n\t\t\t\t<\/div>\n\t\t<div class=\"elementor-element elementor-element-16189a44 e-con-full e-flex e-con e-child\" data-id=\"16189a44\" data-element_type=\"container\" data-e-type=\"container\">\n\t\t<div class=\"elementor-element elementor-element-5df5182d e-con-full e-flex e-con e-child\" data-id=\"5df5182d\" data-element_type=\"container\" data-e-type=\"container\">\n\t\t\t\t<div class=\"elementor-element elementor-element-2bd24606 elementor-widget__width-initial elementor-widget-tablet_extra__width-initial elementor-widget elementor-widget-image\" data-id=\"2bd24606\" data-element_type=\"widget\" data-e-type=\"widget\" data-widget_type=\"image.default\">\n\t\t\t\t<div class=\"elementor-widget-container\">\n\t\t\t\t\t\t\t\t\t\t\t\t\t\t\t\t<a href=\"https:\/\/dombert.de\/en\/person\/judith-affeldt\/\">\n\t\t\t\t\t\t\t<img fetchpriority=\"high\" decoding=\"async\" width=\"300\" height=\"300\" src=\"https:\/\/dombert.de\/wp-content\/uploads\/2025\/01\/charlotte-blech-dombert-rechtsanwaelte-300x300.jpg\" class=\"elementor-animation-grow attachment-medium size-medium wp-image-1243\" alt=\"Charlotte Blech, attorney-at-law in the law firm DOMBERT Rechtsanwaelte\" srcset=\"https:\/\/dombert.de\/wp-content\/uploads\/2025\/01\/charlotte-blech-dombert-rechtsanwaelte-300x300.jpg 300w, https:\/\/dombert.de\/wp-content\/uploads\/2025\/01\/charlotte-blech-dombert-rechtsanwaelte-150x150.jpg 150w, https:\/\/dombert.de\/wp-content\/uploads\/2025\/01\/charlotte-blech-dombert-rechtsanwaelte.jpg 340w\" sizes=\"(max-width: 300px) 100vw, 300px\" \/>\t\t\t\t\t\t\t\t<\/a>\n\t\t\t\t\t\t\t\t\t\t\t\t\t\t\t<\/div>\n\t\t\t\t<\/div>\n\t\t\t\t<\/div>\n\t\t<div class=\"elementor-element elementor-element-7a2b49c9 e-con-full e-flex e-con e-child\" data-id=\"7a2b49c9\" data-element_type=\"container\" data-e-type=\"container\">\n\t\t\t\t<div class=\"elementor-element elementor-element-283c85c elementor-widget__width-initial elementor-widget-tablet_extra__width-auto elementor-widget elementor-widget-text-editor\" data-id=\"283c85c\" data-element_type=\"widget\" data-e-type=\"widget\" data-widget_type=\"text-editor.default\">\n\t\t\t\t<div class=\"elementor-widget-container\">\n\t\t\t\t\t\t\t\t\t<p><strong>Charlotte Blech<\/strong> advises on public service law and science law. She took part in the public book launch on 2 December 2025 at the Heinrich B\u00f6ll Foundation in Berlin, followed by a discussion round. The book \u201eThe Justice Project. Vulnerability and Resilience of the Third Estate\u201c by Friedrich Zillessen, Anna-Mira Brandau and Lennart Laude (Link: <a href=\"https:\/\/verfassungsblog.de\/book\/das-justiz-projekt-verwundbarkeit-und-resilienz-der-dritten-gewalt\/\">https:\/\/verfassungsblog.de\/book\/das-justiz-projekt-verwundbarkeit-und-resilienz-der-dritten-gewalt\/<\/a> )<\/p>\t\t\t\t\t\t\t\t<\/div>\n\t\t\t\t<\/div>\n\t\t<div class=\"elementor-element elementor-element-66d208eb e-con-full e-flex e-con e-child\" data-id=\"66d208eb\" data-element_type=\"container\" data-e-type=\"container\">\n\t\t\t\t<div class=\"elementor-element elementor-element-78f6d377 elementor-widget__width-initial elementor-widget-divider--view-line elementor-widget elementor-widget-divider\" data-id=\"78f6d377\" data-element_type=\"widget\" data-e-type=\"widget\" data-widget_type=\"divider.default\">\n\t\t\t\t<div class=\"elementor-widget-container\">\n\t\t\t\t\t\t\t<div class=\"elementor-divider\">\n\t\t\t<span class=\"elementor-divider-separator\">\n\t\t\t\t\t\t<\/span>\n\t\t<\/div>\n\t\t\t\t\t\t<\/div>\n\t\t\t\t<\/div>\n\t\t\t\t<div class=\"elementor-element elementor-element-743fcfb4 elementor-widget__width-inherit elementor-widget-tablet__width-inherit elementor-widget-mobile__width-initial elementor-widget elementor-widget-heading\" data-id=\"743fcfb4\" data-element_type=\"widget\" data-e-type=\"widget\" data-widget_type=\"heading.default\">\n\t\t\t\t<div class=\"elementor-widget-container\">\n\t\t\t\t\t<h3 class=\"elementor-heading-title elementor-size-default\"><a href=\"https:\/\/dombert.de\/en\/person\/charlotte-blech-ll-m-ucla\/\">Charlotte Blech, LL.M.  <\/a><\/h3>\t\t\t\t<\/div>\n\t\t\t\t<\/div>\n\t\t\t\t<\/div>\n\t\t\t\t<\/div>\n\t\t\t\t<\/div>\n\t\t\t\t<div class=\"elementor-element elementor-element-6be5760d elementor-widget-divider--view-line elementor-widget elementor-widget-divider\" data-id=\"6be5760d\" data-element_type=\"widget\" data-e-type=\"widget\" data-widget_type=\"divider.default\">\n\t\t\t\t<div class=\"elementor-widget-container\">\n\t\t\t\t\t\t\t<div class=\"elementor-divider\">\n\t\t\t<span class=\"elementor-divider-separator\">\n\t\t\t\t\t\t<\/span>\n\t\t<\/div>\n\t\t\t\t\t\t<\/div>\n\t\t\t\t<\/div>\n\t\t\t\t<\/div>\n\t\t\t\t<\/div>\n\t\t<div class=\"elementor-element elementor-element-1a4f4bc e-con-full e-flex e-con e-parent\" data-id=\"1a4f4bc\" data-element_type=\"container\" data-e-type=\"container\" data-settings=\"{&quot;background_background&quot;:&quot;classic&quot;}\">\n\t\t<div class=\"elementor-element elementor-element-427bed94 e-con-full e-flex e-con e-child\" data-id=\"427bed94\" data-element_type=\"container\" data-e-type=\"container\">\n\t\t\t\t<div class=\"elementor-element elementor-element-71d0847c elementor-widget__width-initial elementor-widget elementor-widget-heading\" data-id=\"71d0847c\" data-element_type=\"widget\" data-e-type=\"widget\" data-widget_type=\"heading.default\">\n\t\t\t\t<div class=\"elementor-widget-container\">\n\t\t\t\t\t<h2 class=\"elementor-heading-title elementor-size-default\"><b>DOMBERT<\/b> Lawyers <\/h2>\t\t\t\t<\/div>\n\t\t\t\t<\/div>\n\t\t<div class=\"elementor-element elementor-element-1aecac24 e-con-full e-flex e-con e-child\" data-id=\"1aecac24\" data-element_type=\"container\" data-e-type=\"container\">\n\t\t\t\t<div class=\"elementor-element elementor-element-1fcf7a85 elementor-widget__width-initial elementor-widget-divider--view-line elementor-widget elementor-widget-divider\" data-id=\"1fcf7a85\" data-element_type=\"widget\" data-e-type=\"widget\" data-widget_type=\"divider.default\">\n\t\t\t\t<div class=\"elementor-widget-container\">\n\t\t\t\t\t\t\t<div class=\"elementor-divider\">\n\t\t\t<span class=\"elementor-divider-separator\">\n\t\t\t\t\t\t<\/span>\n\t\t<\/div>\n\t\t\t\t\t\t<\/div>\n\t\t\t\t<\/div>\n\t\t\t\t<div class=\"elementor-element elementor-element-5d60d703 elementor-widget__width-auto elementor-widget-tablet_extra__width-initial elementor-widget-tablet__width-initial elementor-widget-mobile_extra__width-initial elementor-widget-mobile__width-initial elementor-widget elementor-widget-heading\" data-id=\"5d60d703\" data-element_type=\"widget\" data-e-type=\"widget\" data-widget_type=\"heading.default\">\n\t\t\t\t<div class=\"elementor-widget-container\">\n\t\t\t\t\t<h3 class=\"elementor-heading-title elementor-size-default\">Our work covers all legal issues and conflicts in which the state, municipalities or authorities are involved.<\/h3>\t\t\t\t<\/div>\n\t\t\t\t<\/div>\n\t\t\t\t<\/div>\n\t\t<div class=\"elementor-element elementor-element-3f69c2b0 e-con-full e-flex e-con e-child\" data-id=\"3f69c2b0\" data-element_type=\"container\" data-e-type=\"container\">\n\t\t\t\t<div class=\"elementor-element elementor-element-1a6a162 elementor-widget elementor-widget-button\" data-id=\"1a6a162\" data-element_type=\"widget\" data-e-type=\"widget\" data-widget_type=\"button.default\">\n\t\t\t\t<div class=\"elementor-widget-container\">\n\t\t\t\t\t\t\t\t\t<div class=\"elementor-button-wrapper\">\n\t\t\t\t\t<a class=\"elementor-button elementor-button-link elementor-size-sm\" href=\"https:\/\/dombert.de\/en\/law-firm\/\">\n\t\t\t\t\t\t<span class=\"elementor-button-content-wrapper\">\n\t\t\t\t\t\t\t\t\t<span class=\"elementor-button-text\">More about our firm<\/span>\n\t\t\t\t\t<\/span>\n\t\t\t\t\t<\/a>\n\t\t\t\t<\/div>\n\t\t\t\t\t\t\t\t<\/div>\n\t\t\t\t<\/div>\n\t\t\t\t<div class=\"elementor-element elementor-element-64558057 elementor-widget elementor-widget-button\" data-id=\"64558057\" data-element_type=\"widget\" data-e-type=\"widget\" data-widget_type=\"button.default\">\n\t\t\t\t<div class=\"elementor-widget-container\">\n\t\t\t\t\t\t\t\t\t<div class=\"elementor-button-wrapper\">\n\t\t\t\t\t<a class=\"elementor-button elementor-button-link elementor-size-sm\" href=\"https:\/\/dombert.de\/en\/#kompetenzen\">\n\t\t\t\t\t\t<span class=\"elementor-button-content-wrapper\">\n\t\t\t\t\t\t\t\t\t<span class=\"elementor-button-text\">More about our expertise<\/span>\n\t\t\t\t\t<\/span>\n\t\t\t\t\t<\/a>\n\t\t\t\t<\/div>\n\t\t\t\t\t\t\t\t<\/div>\n\t\t\t\t<\/div>\n\t\t\t\t<\/div>\n\t\t\t\t<\/div>\n\t\t\t\t<\/div>\n\t\t\t\t<\/div>","protected":false},"excerpt":{"rendered":"<p>| F\u00fcr Deutschland ist der gerichtliche Rechtsschutz so selbstverst\u00e4ndlich, dass in der Diskussion \u00fcber aktuelle Probleme (Verfahrenslaufzeiten, Digitalisierung, Nachwuchssorgen) die wesentlichen Eigenschaften in den Hintergrund treten: Neutralit\u00e4t und leichter Zugang, gesetzes- und rechtsgebundene Entscheidungen ohne Ansehen der Person. Mit Blick auf das Erstarken autorit\u00e4rer Kr\u00e4fte in demokratischen Staaten in Europa und Amerika wird auch hierzulande [&hellip;]<\/p>\n","protected":false},"author":8,"featured_media":12547,"comment_status":"closed","ping_status":"closed","sticky":false,"template":"","format":"standard","meta":{"_acf_changed":false,"site-sidebar-layout":"default","site-content-layout":"","ast-site-content-layout":"default","site-content-style":"default","site-sidebar-style":"default","ast-global-header-display":"","ast-banner-title-visibility":"","ast-main-header-display":"","ast-hfb-above-header-display":"","ast-hfb-below-header-display":"","ast-hfb-mobile-header-display":"","site-post-title":"","ast-breadcrumbs-content":"","ast-featured-img":"disabled","footer-sml-layout":"","ast-disable-related-posts":"","theme-transparent-header-meta":"","adv-header-id-meta":"","stick-header-meta":"","header-above-stick-meta":"","header-main-stick-meta":"","header-below-stick-meta":"","astra-migrate-meta-layouts":"set","ast-page-background-enabled":"default","ast-page-background-meta":{"desktop":{"background-color":"","background-image":"","background-repeat":"repeat","background-position":"center center","background-size":"auto","background-attachment":"scroll","background-type":"","background-media":"","overlay-type":"","overlay-color":"","overlay-opacity":"","overlay-gradient":""},"tablet":{"background-color":"","background-image":"","background-repeat":"repeat","background-position":"center center","background-size":"auto","background-attachment":"scroll","background-type":"","background-media":"","overlay-type":"","overlay-color":"","overlay-opacity":"","overlay-gradient":""},"mobile":{"background-color":"","background-image":"","background-repeat":"repeat","background-position":"center center","background-size":"auto","background-attachment":"scroll","background-type":"","background-media":"","overlay-type":"","overlay-color":"","overlay-opacity":"","overlay-gradient":""}},"ast-content-background-meta":{"desktop":{"background-color":"var(--ast-global-color-5)","background-image":"","background-repeat":"repeat","background-position":"center center","background-size":"auto","background-attachment":"scroll","background-type":"","background-media":"","overlay-type":"","overlay-color":"","overlay-opacity":"","overlay-gradient":""},"tablet":{"background-color":"var(--ast-global-color-5)","background-image":"","background-repeat":"repeat","background-position":"center center","background-size":"auto","background-attachment":"scroll","background-type":"","background-media":"","overlay-type":"","overlay-color":"","overlay-opacity":"","overlay-gradient":""},"mobile":{"background-color":"var(--ast-global-color-5)","background-image":"","background-repeat":"repeat","background-position":"center center","background-size":"auto","background-attachment":"scroll","background-type":"","background-media":"","overlay-type":"","overlay-color":"","overlay-opacity":"","overlay-gradient":""}},"footnotes":""},"categories":[47],"tags":[],"secondary-autor":[115],"class_list":["post-12538","post","type-post","status-publish","format-standard","has-post-thumbnail","hentry","category-blogbeitrag","secondary-autor-charlotte-blech-ll-m-ucla"],"acf":[],"yoast_head":"<!-- This site is optimized with the Yoast SEO plugin v27.4 - https:\/\/yoast.com\/product\/yoast-seo-wordpress\/ -->\n<title>Wie verwundbar ist die deutsche Justiz bereits heute? - DOMBERT Rechtsanw\u00e4lte<\/title>\n<meta name=\"robots\" content=\"index, follow, max-snippet:-1, max-image-preview:large, max-video-preview:-1\" \/>\n<link rel=\"canonical\" href=\"https:\/\/dombert.de\/en\/how-vulnerable-is-the-german-judiciary-already-today\/\" \/>\n<meta property=\"og:locale\" content=\"en_GB\" \/>\n<meta property=\"og:type\" content=\"article\" \/>\n<meta property=\"og:title\" content=\"Wie verwundbar ist die deutsche Justiz bereits heute? - DOMBERT Rechtsanw\u00e4lte\" \/>\n<meta property=\"og:description\" content=\"| F\u00fcr Deutschland ist der gerichtliche Rechtsschutz so selbstverst\u00e4ndlich, dass in der Diskussion \u00fcber aktuelle Probleme (Verfahrenslaufzeiten, Digitalisierung, Nachwuchssorgen) die wesentlichen Eigenschaften in den Hintergrund treten: Neutralit\u00e4t und leichter Zugang, gesetzes- und rechtsgebundene Entscheidungen ohne Ansehen der Person. Mit Blick auf das Erstarken autorit\u00e4rer Kr\u00e4fte in demokratischen Staaten in Europa und Amerika wird auch hierzulande [&hellip;]\" \/>\n<meta property=\"og:url\" content=\"https:\/\/dombert.de\/en\/how-vulnerable-is-the-german-judiciary-already-today\/\" \/>\n<meta property=\"og:site_name\" content=\"DOMBERT Rechtsanw\u00e4lte\" \/>\n<meta property=\"article:published_time\" content=\"2025-12-08T11:20:19+00:00\" \/>\n<meta property=\"article:modified_time\" content=\"2025-12-09T12:01:09+00:00\" \/>\n<meta property=\"og:image\" content=\"https:\/\/dombert.de\/wp-content\/uploads\/2025\/12\/charlotte-blech-dombert-rechtsanwaelte-vorschau.jpg\" \/>\n\t<meta property=\"og:image:width\" content=\"650\" \/>\n\t<meta property=\"og:image:height\" content=\"450\" \/>\n\t<meta property=\"og:image:type\" content=\"image\/jpeg\" \/>\n<meta name=\"author\" content=\"Christin Oldag\" \/>\n<meta name=\"twitter:card\" content=\"summary_large_image\" \/>\n<meta name=\"twitter:label1\" content=\"Written by\" \/>\n\t<meta name=\"twitter:data1\" content=\"Christin Oldag\" \/>\n\t<meta name=\"twitter:label2\" content=\"Estimated reading time\" \/>\n\t<meta name=\"twitter:data2\" content=\"7 minutes\" \/>\n<script type=\"application\/ld+json\" class=\"yoast-schema-graph\">{\"@context\":\"https:\\\/\\\/schema.org\",\"@graph\":[{\"@type\":\"Article\",\"@id\":\"https:\\\/\\\/dombert.de\\\/wie-verwundbar-ist-die-deutsche-justiz-bereits-heute\\\/#article\",\"isPartOf\":{\"@id\":\"https:\\\/\\\/dombert.de\\\/wie-verwundbar-ist-die-deutsche-justiz-bereits-heute\\\/\"},\"author\":{\"name\":\"Christin Oldag\",\"@id\":\"https:\\\/\\\/dombert.de\\\/#\\\/schema\\\/person\\\/40b5ecfa34d030412ecd758386909b2b\"},\"headline\":\"Wie verwundbar ist die deutsche Justiz bereits heute?\",\"datePublished\":\"2025-12-08T11:20:19+00:00\",\"dateModified\":\"2025-12-09T12:01:09+00:00\",\"mainEntityOfPage\":{\"@id\":\"https:\\\/\\\/dombert.de\\\/wie-verwundbar-ist-die-deutsche-justiz-bereits-heute\\\/\"},\"wordCount\":1182,\"publisher\":{\"@id\":\"https:\\\/\\\/dombert.de\\\/#organization\"},\"image\":{\"@id\":\"https:\\\/\\\/dombert.de\\\/wie-verwundbar-ist-die-deutsche-justiz-bereits-heute\\\/#primaryimage\"},\"thumbnailUrl\":\"https:\\\/\\\/dombert.de\\\/wp-content\\\/uploads\\\/2025\\\/12\\\/charlotte-blech-dombert-rechtsanwaelte-vorschau.jpg\",\"articleSection\":[\"Blogbeitrag\"],\"inLanguage\":\"en-GB\"},{\"@type\":\"WebPage\",\"@id\":\"https:\\\/\\\/dombert.de\\\/wie-verwundbar-ist-die-deutsche-justiz-bereits-heute\\\/\",\"url\":\"https:\\\/\\\/dombert.de\\\/wie-verwundbar-ist-die-deutsche-justiz-bereits-heute\\\/\",\"name\":\"Wie verwundbar ist die deutsche Justiz bereits heute? - DOMBERT Rechtsanw\u00e4lte\",\"isPartOf\":{\"@id\":\"https:\\\/\\\/dombert.de\\\/#website\"},\"primaryImageOfPage\":{\"@id\":\"https:\\\/\\\/dombert.de\\\/wie-verwundbar-ist-die-deutsche-justiz-bereits-heute\\\/#primaryimage\"},\"image\":{\"@id\":\"https:\\\/\\\/dombert.de\\\/wie-verwundbar-ist-die-deutsche-justiz-bereits-heute\\\/#primaryimage\"},\"thumbnailUrl\":\"https:\\\/\\\/dombert.de\\\/wp-content\\\/uploads\\\/2025\\\/12\\\/charlotte-blech-dombert-rechtsanwaelte-vorschau.jpg\",\"datePublished\":\"2025-12-08T11:20:19+00:00\",\"dateModified\":\"2025-12-09T12:01:09+00:00\",\"breadcrumb\":{\"@id\":\"https:\\\/\\\/dombert.de\\\/wie-verwundbar-ist-die-deutsche-justiz-bereits-heute\\\/#breadcrumb\"},\"inLanguage\":\"en-GB\",\"potentialAction\":[{\"@type\":\"ReadAction\",\"target\":[\"https:\\\/\\\/dombert.de\\\/wie-verwundbar-ist-die-deutsche-justiz-bereits-heute\\\/\"]}]},{\"@type\":\"ImageObject\",\"inLanguage\":\"en-GB\",\"@id\":\"https:\\\/\\\/dombert.de\\\/wie-verwundbar-ist-die-deutsche-justiz-bereits-heute\\\/#primaryimage\",\"url\":\"https:\\\/\\\/dombert.de\\\/wp-content\\\/uploads\\\/2025\\\/12\\\/charlotte-blech-dombert-rechtsanwaelte-vorschau.jpg\",\"contentUrl\":\"https:\\\/\\\/dombert.de\\\/wp-content\\\/uploads\\\/2025\\\/12\\\/charlotte-blech-dombert-rechtsanwaelte-vorschau.jpg\",\"width\":650,\"height\":450},{\"@type\":\"BreadcrumbList\",\"@id\":\"https:\\\/\\\/dombert.de\\\/wie-verwundbar-ist-die-deutsche-justiz-bereits-heute\\\/#breadcrumb\",\"itemListElement\":[{\"@type\":\"ListItem\",\"position\":1,\"name\":\"Startseite\",\"item\":\"https:\\\/\\\/dombert.de\\\/\"},{\"@type\":\"ListItem\",\"position\":2,\"name\":\"Wie verwundbar ist die deutsche Justiz bereits heute?\"}]},{\"@type\":\"WebSite\",\"@id\":\"https:\\\/\\\/dombert.de\\\/#website\",\"url\":\"https:\\\/\\\/dombert.de\\\/\",\"name\":\"DOMBERT Rechtsanw\u00e4lte\",\"description\":\"Wir sind Ihr kompetenter Ansprechpartner f\u00fcr alle Fragen des \u00f6ffentlichen Rechts.\",\"publisher\":{\"@id\":\"https:\\\/\\\/dombert.de\\\/#organization\"},\"potentialAction\":[{\"@type\":\"SearchAction\",\"target\":{\"@type\":\"EntryPoint\",\"urlTemplate\":\"https:\\\/\\\/dombert.de\\\/?s={search_term_string}\"},\"query-input\":{\"@type\":\"PropertyValueSpecification\",\"valueRequired\":true,\"valueName\":\"search_term_string\"}}],\"inLanguage\":\"en-GB\"},{\"@type\":\"Organization\",\"@id\":\"https:\\\/\\\/dombert.de\\\/#organization\",\"name\":\"DOMBERT Rechtsanw\u00e4lte\",\"url\":\"https:\\\/\\\/dombert.de\\\/\",\"logo\":{\"@type\":\"ImageObject\",\"inLanguage\":\"en-GB\",\"@id\":\"https:\\\/\\\/dombert.de\\\/#\\\/schema\\\/logo\\\/image\\\/\",\"url\":\"https:\\\/\\\/dombert.de\\\/wp-content\\\/uploads\\\/2025\\\/02\\\/Dombert-Logo_negativ_rgb.png\",\"contentUrl\":\"https:\\\/\\\/dombert.de\\\/wp-content\\\/uploads\\\/2025\\\/02\\\/Dombert-Logo_negativ_rgb.png\",\"width\":459,\"height\":206,\"caption\":\"DOMBERT Rechtsanw\u00e4lte\"},\"image\":{\"@id\":\"https:\\\/\\\/dombert.de\\\/#\\\/schema\\\/logo\\\/image\\\/\"},\"sameAs\":[\"https:\\\/\\\/www.linkedin.com\\\/company\\\/dombert-rechtsanwaelte\\\/posts\\\/?feedView=all\"]},{\"@type\":\"Person\",\"@id\":\"https:\\\/\\\/dombert.de\\\/#\\\/schema\\\/person\\\/40b5ecfa34d030412ecd758386909b2b\",\"name\":\"Christin Oldag\",\"image\":{\"@type\":\"ImageObject\",\"inLanguage\":\"en-GB\",\"@id\":\"https:\\\/\\\/secure.gravatar.com\\\/avatar\\\/d440d12d29fc73e1e88a07da22628c8398386ef952cebddba89bcaa0c381cbd5?s=96&d=mm&r=g\",\"url\":\"https:\\\/\\\/secure.gravatar.com\\\/avatar\\\/d440d12d29fc73e1e88a07da22628c8398386ef952cebddba89bcaa0c381cbd5?s=96&d=mm&r=g\",\"contentUrl\":\"https:\\\/\\\/secure.gravatar.com\\\/avatar\\\/d440d12d29fc73e1e88a07da22628c8398386ef952cebddba89bcaa0c381cbd5?s=96&d=mm&r=g\",\"caption\":\"Christin Oldag\"}}]}<\/script>\n<!-- \/ Yoast SEO plugin. -->","yoast_head_json":{"title":"How vulnerable is the German justice system today? - DOMBERT Rechtsanw\u00e4lte","robots":{"index":"index","follow":"follow","max-snippet":"max-snippet:-1","max-image-preview":"max-image-preview:large","max-video-preview":"max-video-preview:-1"},"canonical":"https:\/\/dombert.de\/en\/how-vulnerable-is-the-german-judiciary-already-today\/","og_locale":"en_GB","og_type":"article","og_title":"Wie verwundbar ist die deutsche Justiz bereits heute? - DOMBERT Rechtsanw\u00e4lte","og_description":"| F\u00fcr Deutschland ist der gerichtliche Rechtsschutz so selbstverst\u00e4ndlich, dass in der Diskussion \u00fcber aktuelle Probleme (Verfahrenslaufzeiten, Digitalisierung, Nachwuchssorgen) die wesentlichen Eigenschaften in den Hintergrund treten: Neutralit\u00e4t und leichter Zugang, gesetzes- und rechtsgebundene Entscheidungen ohne Ansehen der Person. Mit Blick auf das Erstarken autorit\u00e4rer Kr\u00e4fte in demokratischen Staaten in Europa und Amerika wird auch hierzulande [&hellip;]","og_url":"https:\/\/dombert.de\/en\/how-vulnerable-is-the-german-judiciary-already-today\/","og_site_name":"DOMBERT Rechtsanw\u00e4lte","article_published_time":"2025-12-08T11:20:19+00:00","article_modified_time":"2025-12-09T12:01:09+00:00","og_image":[{"width":650,"height":450,"url":"https:\/\/dombert.de\/wp-content\/uploads\/2025\/12\/charlotte-blech-dombert-rechtsanwaelte-vorschau.jpg","type":"image\/jpeg"}],"author":"Christin Oldag","twitter_card":"summary_large_image","twitter_misc":{"Written by":"Christin Oldag","Estimated reading time":"7 minutes"},"schema":{"@context":"https:\/\/schema.org","@graph":[{"@type":"Article","@id":"https:\/\/dombert.de\/wie-verwundbar-ist-die-deutsche-justiz-bereits-heute\/#article","isPartOf":{"@id":"https:\/\/dombert.de\/wie-verwundbar-ist-die-deutsche-justiz-bereits-heute\/"},"author":{"name":"Christin Oldag","@id":"https:\/\/dombert.de\/#\/schema\/person\/40b5ecfa34d030412ecd758386909b2b"},"headline":"Wie verwundbar ist die deutsche Justiz bereits heute?","datePublished":"2025-12-08T11:20:19+00:00","dateModified":"2025-12-09T12:01:09+00:00","mainEntityOfPage":{"@id":"https:\/\/dombert.de\/wie-verwundbar-ist-die-deutsche-justiz-bereits-heute\/"},"wordCount":1182,"publisher":{"@id":"https:\/\/dombert.de\/#organization"},"image":{"@id":"https:\/\/dombert.de\/wie-verwundbar-ist-die-deutsche-justiz-bereits-heute\/#primaryimage"},"thumbnailUrl":"https:\/\/dombert.de\/wp-content\/uploads\/2025\/12\/charlotte-blech-dombert-rechtsanwaelte-vorschau.jpg","articleSection":["Blogbeitrag"],"inLanguage":"en-GB"},{"@type":"WebPage","@id":"https:\/\/dombert.de\/wie-verwundbar-ist-die-deutsche-justiz-bereits-heute\/","url":"https:\/\/dombert.de\/wie-verwundbar-ist-die-deutsche-justiz-bereits-heute\/","name":"How vulnerable is the German justice system today? - DOMBERT Rechtsanw\u00e4lte","isPartOf":{"@id":"https:\/\/dombert.de\/#website"},"primaryImageOfPage":{"@id":"https:\/\/dombert.de\/wie-verwundbar-ist-die-deutsche-justiz-bereits-heute\/#primaryimage"},"image":{"@id":"https:\/\/dombert.de\/wie-verwundbar-ist-die-deutsche-justiz-bereits-heute\/#primaryimage"},"thumbnailUrl":"https:\/\/dombert.de\/wp-content\/uploads\/2025\/12\/charlotte-blech-dombert-rechtsanwaelte-vorschau.jpg","datePublished":"2025-12-08T11:20:19+00:00","dateModified":"2025-12-09T12:01:09+00:00","breadcrumb":{"@id":"https:\/\/dombert.de\/wie-verwundbar-ist-die-deutsche-justiz-bereits-heute\/#breadcrumb"},"inLanguage":"en-GB","potentialAction":[{"@type":"ReadAction","target":["https:\/\/dombert.de\/wie-verwundbar-ist-die-deutsche-justiz-bereits-heute\/"]}]},{"@type":"ImageObject","inLanguage":"en-GB","@id":"https:\/\/dombert.de\/wie-verwundbar-ist-die-deutsche-justiz-bereits-heute\/#primaryimage","url":"https:\/\/dombert.de\/wp-content\/uploads\/2025\/12\/charlotte-blech-dombert-rechtsanwaelte-vorschau.jpg","contentUrl":"https:\/\/dombert.de\/wp-content\/uploads\/2025\/12\/charlotte-blech-dombert-rechtsanwaelte-vorschau.jpg","width":650,"height":450},{"@type":"BreadcrumbList","@id":"https:\/\/dombert.de\/wie-verwundbar-ist-die-deutsche-justiz-bereits-heute\/#breadcrumb","itemListElement":[{"@type":"ListItem","position":1,"name":"Startseite","item":"https:\/\/dombert.de\/"},{"@type":"ListItem","position":2,"name":"Wie verwundbar ist die deutsche Justiz bereits heute?"}]},{"@type":"WebSite","@id":"https:\/\/dombert.de\/#website","url":"https:\/\/dombert.de\/","name":"DOMBERT Rechtsanw\u00e4lte","description":"We are your expert partner for all matters relating to public law.","publisher":{"@id":"https:\/\/dombert.de\/#organization"},"potentialAction":[{"@type":"SearchAction","target":{"@type":"EntryPoint","urlTemplate":"https:\/\/dombert.de\/?s={search_term_string}"},"query-input":{"@type":"PropertyValueSpecification","valueRequired":true,"valueName":"search_term_string"}}],"inLanguage":"en-GB"},{"@type":"Organization","@id":"https:\/\/dombert.de\/#organization","name":"DOMBERT Rechtsanw\u00e4lte","url":"https:\/\/dombert.de\/","logo":{"@type":"ImageObject","inLanguage":"en-GB","@id":"https:\/\/dombert.de\/#\/schema\/logo\/image\/","url":"https:\/\/dombert.de\/wp-content\/uploads\/2025\/02\/Dombert-Logo_negativ_rgb.png","contentUrl":"https:\/\/dombert.de\/wp-content\/uploads\/2025\/02\/Dombert-Logo_negativ_rgb.png","width":459,"height":206,"caption":"DOMBERT Rechtsanw\u00e4lte"},"image":{"@id":"https:\/\/dombert.de\/#\/schema\/logo\/image\/"},"sameAs":["https:\/\/www.linkedin.com\/company\/dombert-rechtsanwaelte\/posts\/?feedView=all"]},{"@type":"Person","@id":"https:\/\/dombert.de\/#\/schema\/person\/40b5ecfa34d030412ecd758386909b2b","name":"Christin Oldag","image":{"@type":"ImageObject","inLanguage":"en-GB","@id":"https:\/\/secure.gravatar.com\/avatar\/d440d12d29fc73e1e88a07da22628c8398386ef952cebddba89bcaa0c381cbd5?s=96&d=mm&r=g","url":"https:\/\/secure.gravatar.com\/avatar\/d440d12d29fc73e1e88a07da22628c8398386ef952cebddba89bcaa0c381cbd5?s=96&d=mm&r=g","contentUrl":"https:\/\/secure.gravatar.com\/avatar\/d440d12d29fc73e1e88a07da22628c8398386ef952cebddba89bcaa0c381cbd5?s=96&d=mm&r=g","caption":"Christin Oldag"}}]}},"publishpress_future_workflow_manual_trigger":{"enabledWorkflows":[]},"_links":{"self":[{"href":"https:\/\/dombert.de\/en\/wp-json\/wp\/v2\/posts\/12538","targetHints":{"allow":["GET"]}}],"collection":[{"href":"https:\/\/dombert.de\/en\/wp-json\/wp\/v2\/posts"}],"about":[{"href":"https:\/\/dombert.de\/en\/wp-json\/wp\/v2\/types\/post"}],"author":[{"embeddable":true,"href":"https:\/\/dombert.de\/en\/wp-json\/wp\/v2\/users\/8"}],"replies":[{"embeddable":true,"href":"https:\/\/dombert.de\/en\/wp-json\/wp\/v2\/comments?post=12538"}],"version-history":[{"count":10,"href":"https:\/\/dombert.de\/en\/wp-json\/wp\/v2\/posts\/12538\/revisions"}],"predecessor-version":[{"id":12610,"href":"https:\/\/dombert.de\/en\/wp-json\/wp\/v2\/posts\/12538\/revisions\/12610"}],"wp:featuredmedia":[{"embeddable":true,"href":"https:\/\/dombert.de\/en\/wp-json\/wp\/v2\/media\/12547"}],"wp:attachment":[{"href":"https:\/\/dombert.de\/en\/wp-json\/wp\/v2\/media?parent=12538"}],"wp:term":[{"taxonomy":"category","embeddable":true,"href":"https:\/\/dombert.de\/en\/wp-json\/wp\/v2\/categories?post=12538"},{"taxonomy":"post_tag","embeddable":true,"href":"https:\/\/dombert.de\/en\/wp-json\/wp\/v2\/tags?post=12538"},{"taxonomy":"secondary-autor","embeddable":true,"href":"https:\/\/dombert.de\/en\/wp-json\/wp\/v2\/secondary-autor?post=12538"}],"curies":[{"name":"wp","href":"https:\/\/api.w.org\/{rel}","templated":true}]}}