{"id":12992,"date":"2026-01-14T10:51:46","date_gmt":"2026-01-14T09:51:46","guid":{"rendered":"https:\/\/dombert.de\/?p=12992"},"modified":"2026-01-14T10:52:05","modified_gmt":"2026-01-14T09:52:05","slug":"suspension-of-promotion-possible-even-after-disciplinary-proceedings-have-been-concluded","status":"publish","type":"post","link":"https:\/\/dombert.de\/en\/befoerderungssperre-auch-nach-abgeschlossenem-disziplinarverfahren-moeglich\/","title":{"rendered":"Promotion ban possible even after disciplinary proceedings have been concluded"},"content":{"rendered":"<div data-elementor-type=\"wp-post\" data-elementor-id=\"12992\" class=\"elementor elementor-12992\" data-elementor-post-type=\"post\">\n\t\t\t\t<div class=\"elementor-element elementor-element-3bb19ca3 e-con-full e-flex e-con e-parent\" data-id=\"3bb19ca3\" data-element_type=\"container\" data-e-type=\"container\" data-settings=\"{&quot;background_background&quot;:&quot;classic&quot;}\">\n\t\t<div class=\"elementor-element elementor-element-63c03377 e-con-full e-flex e-con e-child\" data-id=\"63c03377\" data-element_type=\"container\" data-e-type=\"container\">\n\t\t\t\t<div class=\"elementor-element elementor-element-10e76a9b elementor-widget-divider--view-line elementor-widget elementor-widget-divider\" data-id=\"10e76a9b\" data-element_type=\"widget\" data-e-type=\"widget\" data-widget_type=\"divider.default\">\n\t\t\t\t<div class=\"elementor-widget-container\">\n\t\t\t\t\t\t\t<div class=\"elementor-divider\">\n\t\t\t<span class=\"elementor-divider-separator\">\n\t\t\t\t\t\t<\/span>\n\t\t<\/div>\n\t\t\t\t\t\t<\/div>\n\t\t\t\t<\/div>\n\t\t\t\t<div class=\"elementor-element elementor-element-3eb6aa0c elementor-widget__width-auto elementor-widget-mobile__width-initial elementor-widget elementor-widget-heading\" data-id=\"3eb6aa0c\" data-element_type=\"widget\" data-e-type=\"widget\" data-widget_type=\"heading.default\">\n\t\t\t\t<div class=\"elementor-widget-container\">\n\t\t\t\t\t<h2 class=\"elementor-heading-title elementor-size-default\">Promotion ban possible even after disciplinary proceedings have been concluded<\/h2>\t\t\t\t<\/div>\n\t\t\t\t<\/div>\n\t\t<div class=\"elementor-element elementor-element-3f11be28 e-con-full e-flex e-con e-child\" data-id=\"3f11be28\" data-element_type=\"container\" data-e-type=\"container\">\n\t\t\t\t<div class=\"elementor-element elementor-element-608ad61f elementor-widget__width-initial elementor-widget-divider--view-line elementor-widget elementor-widget-divider\" data-id=\"608ad61f\" data-element_type=\"widget\" data-e-type=\"widget\" data-widget_type=\"divider.default\">\n\t\t\t\t<div class=\"elementor-widget-container\">\n\t\t\t\t\t\t\t<div class=\"elementor-divider\">\n\t\t\t<span class=\"elementor-divider-separator\">\n\t\t\t\t\t\t<\/span>\n\t\t<\/div>\n\t\t\t\t\t\t<\/div>\n\t\t\t\t<\/div>\n\t\t\t\t<div class=\"elementor-element elementor-element-55a572f elementor-widget__width-auto elementor-widget-tablet__width-initial elementor-widget-tablet_extra__width-initial elementor-widget elementor-widget-heading\" data-id=\"55a572f\" data-element_type=\"widget\" data-e-type=\"widget\" data-widget_type=\"heading.default\">\n\t\t\t\t<div class=\"elementor-widget-container\">\n\t\t\t\t\t<h3 class=\"elementor-heading-title elementor-size-default\"><span>Kristina D\u00f6rnenburg<\/span><\/h3>\t\t\t\t<\/div>\n\t\t\t\t<\/div>\n\t\t\t\t<\/div>\n\t\t<div class=\"elementor-element elementor-element-36f451db e-con-full e-flex e-con e-child\" data-id=\"36f451db\" data-element_type=\"container\" data-e-type=\"container\">\n\t\t\t\t<div class=\"elementor-element elementor-element-3760eb1c elementor-widget__width-auto elementor-view-default elementor-widget elementor-widget-icon\" data-id=\"3760eb1c\" data-element_type=\"widget\" data-e-type=\"widget\" data-widget_type=\"icon.default\">\n\t\t\t\t<div class=\"elementor-widget-container\">\n\t\t\t\t\t\t\t<div class=\"elementor-icon-wrapper\">\n\t\t\t<a class=\"elementor-icon elementor-animation-grow\" href=\"https:\/\/www.linkedin.com\/company\/dombert-rechtsanwaelte\/posts\/?feedView=all\" target=\"_blank\">\n\t\t\t<svg aria-hidden=\"true\" class=\"e-font-icon-svg e-fab-linkedin\" viewbox=\"0 0 448 512\" xmlns=\"http:\/\/www.w3.org\/2000\/svg\"><path d=\"M416 32H31.9C14.3 32 0 46.5 0 64.3v383.4C0 465.5 14.3 480 31.9 480H416c17.6 0 32-14.5 32-32.3V64.3c0-17.8-14.4-32.3-32-32.3zM135.4 416H69V202.2h66.5V416zm-33.2-243c-21.3 0-38.5-17.3-38.5-38.5S80.9 96 102.2 96c21.2 0 38.5 17.3 38.5 38.5 0 21.3-17.2 38.5-38.5 38.5zm282.1 243h-66.4V312c0-24.8-.5-56.7-34.5-56.7-34.6 0-39.9 27-39.9 54.9V416h-66.4V202.2h63.7v29.2h.9c8.9-16.8 30.6-34.5 62.9-34.5 67.2 0 79.7 44.3 79.7 101.9V416z\"><\/path><\/svg>\t\t\t<\/a>\n\t\t<\/div>\n\t\t\t\t\t\t<\/div>\n\t\t\t\t<\/div>\n\t\t\t\t<\/div>\n\t\t\t\t<\/div>\n\t\t\t\t<\/div>\n\t\t<div class=\"elementor-element elementor-element-72dec23f e-con-full e-flex e-con e-parent\" data-id=\"72dec23f\" data-element_type=\"container\" data-e-type=\"container\" data-settings=\"{&quot;background_background&quot;:&quot;classic&quot;}\">\n\t\t<div class=\"elementor-element elementor-element-474e3787 e-con-full e-flex e-con e-child\" data-id=\"474e3787\" data-element_type=\"container\" data-e-type=\"container\">\n\t\t<div class=\"elementor-element elementor-element-608f4b8c e-con-full e-flex e-con e-child\" data-id=\"608f4b8c\" data-element_type=\"container\" data-e-type=\"container\">\n\t\t\t\t<div class=\"elementor-element elementor-element-3e7c5208 elementor-widget__width-initial elementor-widget-divider--view-line elementor-widget elementor-widget-divider\" data-id=\"3e7c5208\" data-element_type=\"widget\" data-e-type=\"widget\" data-widget_type=\"divider.default\">\n\t\t\t\t<div class=\"elementor-widget-container\">\n\t\t\t\t\t\t\t<div class=\"elementor-divider\">\n\t\t\t<span class=\"elementor-divider-separator\">\n\t\t\t\t\t\t<\/span>\n\t\t<\/div>\n\t\t\t\t\t\t<\/div>\n\t\t\t\t<\/div>\n\t\t\t\t<div class=\"elementor-element elementor-element-585a3093 elementor-widget__width-auto elementor-widget-tablet__width-auto elementor-widget-mobile__width-auto elementor-widget elementor-widget-heading\" data-id=\"585a3093\" data-element_type=\"widget\" data-e-type=\"widget\" data-widget_type=\"heading.default\">\n\t\t\t\t<div class=\"elementor-widget-container\">\n\t\t\t\t\t<h3 class=\"elementor-heading-title elementor-size-default\"><span>Posts<\/span><\/h3>\t\t\t\t<\/div>\n\t\t\t\t<\/div>\n\t\t\t\t<div class=\"elementor-element elementor-element-349d1be9 elementor-widget__width-auto elementor-widget-tablet__width-auto elementor-widget-mobile__width-auto elementor-widget elementor-widget-heading\" data-id=\"349d1be9\" data-element_type=\"widget\" data-e-type=\"widget\" data-widget_type=\"heading.default\">\n\t\t\t\t<div class=\"elementor-widget-container\">\n\t\t\t\t\t<h3 class=\"elementor-heading-title elementor-size-default\">|<\/h3>\t\t\t\t<\/div>\n\t\t\t\t<\/div>\n\t\t\t\t<div class=\"elementor-element elementor-element-53ea266 elementor-widget__width-auto elementor-widget-tablet__width-auto elementor-widget-mobile__width-auto elementor-widget elementor-widget-heading\" data-id=\"53ea266\" data-element_type=\"widget\" data-e-type=\"widget\" data-widget_type=\"heading.default\">\n\t\t\t\t<div class=\"elementor-widget-container\">\n\t\t\t\t\t<h3 class=\"elementor-heading-title elementor-size-default\">14.01.2026<\/h3>\t\t\t\t<\/div>\n\t\t\t\t<\/div>\n\t\t\t\t<\/div>\n\t\t\t\t<div class=\"elementor-element elementor-element-4e190df5 elementor-widget__width-initial elementor-widget-tablet__width-initial elementor-widget-mobile__width-initial elementor-widget elementor-widget-text-editor\" data-id=\"4e190df5\" data-element_type=\"widget\" data-e-type=\"widget\" data-widget_type=\"text-editor.default\">\n\t\t\t\t<div class=\"elementor-widget-container\">\n\t\t\t\t\t\t\t\t\t<p>Even after disciplinary proceedings have been concluded, the employer may order a probationary period and block the civil servant concerned from promotion. This is the result of a decision by the Saarlouis Higher Administrative Court (OVG) (Ref.: 1 B 175\/25 dated 6 January 2026).<\/p><p>\u00a0<\/p><p>In this case, a fire officer, who had also been responsible for recording working hours as an administrator, had manipulated working hours for over three years. Shortly before the conclusion of the disciplinary proceedings, which in the opinion of the person concerned had been dragged out by the employer, the fire officer applied for a position, which was filled by another applicant. He took legal action against this - but without success.<\/p><p>\u00a0<\/p><p>According to the court, Article 33(2) of the Basic Law, which states that every German has equal access to public office on the basis of their suitability, ability and professional performance, allows the employer to have doubts about the applicant's suitability of character even after disciplinary proceedings have been concluded and to order a probationary period. The standard grants the employer broad discretion in this respect. According to the court, this does not change the fact that the employer - as in the present case - culpably delayed the disciplinary proceedings itself. \u00a0<\/p><p>\u00a0<\/p>\t\t\t\t\t\t\t\t<\/div>\n\t\t\t\t<\/div>\n\t\t\t\t<\/div>\n\t\t\t\t<\/div>\n\t\t<div class=\"elementor-element elementor-element-6f5c592e e-con-full e-flex e-con e-parent\" data-id=\"6f5c592e\" data-element_type=\"container\" data-e-type=\"container\" data-settings=\"{&quot;background_background&quot;:&quot;classic&quot;}\">\n\t\t<div class=\"elementor-element elementor-element-15198859 e-con-full e-flex e-con e-child\" data-id=\"15198859\" data-element_type=\"container\" data-e-type=\"container\">\n\t\t\t\t<div class=\"elementor-element elementor-element-320ecdda elementor-widget__width-initial elementor-widget elementor-widget-heading\" data-id=\"320ecdda\" data-element_type=\"widget\" data-e-type=\"widget\" data-widget_type=\"heading.default\">\n\t\t\t\t<div class=\"elementor-widget-container\">\n\t\t\t\t\t<h2 class=\"elementor-heading-title elementor-size-default\"><b>DOMBERT<\/b> Lawyers <\/h2>\t\t\t\t<\/div>\n\t\t\t\t<\/div>\n\t\t<div class=\"elementor-element elementor-element-3d5a6c1a e-con-full e-flex e-con e-child\" data-id=\"3d5a6c1a\" data-element_type=\"container\" data-e-type=\"container\">\n\t\t\t\t<div class=\"elementor-element elementor-element-b59b038 elementor-widget__width-initial elementor-widget-divider--view-line elementor-widget elementor-widget-divider\" data-id=\"b59b038\" data-element_type=\"widget\" data-e-type=\"widget\" data-widget_type=\"divider.default\">\n\t\t\t\t<div class=\"elementor-widget-container\">\n\t\t\t\t\t\t\t<div class=\"elementor-divider\">\n\t\t\t<span class=\"elementor-divider-separator\">\n\t\t\t\t\t\t<\/span>\n\t\t<\/div>\n\t\t\t\t\t\t<\/div>\n\t\t\t\t<\/div>\n\t\t\t\t<div class=\"elementor-element elementor-element-37da6035 elementor-widget__width-auto elementor-widget-tablet_extra__width-initial elementor-widget-tablet__width-initial elementor-widget-mobile_extra__width-initial elementor-widget-mobile__width-initial elementor-widget elementor-widget-heading\" data-id=\"37da6035\" data-element_type=\"widget\" data-e-type=\"widget\" data-widget_type=\"heading.default\">\n\t\t\t\t<div class=\"elementor-widget-container\">\n\t\t\t\t\t<h3 class=\"elementor-heading-title elementor-size-default\">Our work covers all legal issues and conflicts in which the state, municipalities or authorities are involved.<\/h3>\t\t\t\t<\/div>\n\t\t\t\t<\/div>\n\t\t\t\t<\/div>\n\t\t<div class=\"elementor-element elementor-element-1b3d7730 e-con-full e-flex e-con e-child\" data-id=\"1b3d7730\" data-element_type=\"container\" data-e-type=\"container\">\n\t\t\t\t<div class=\"elementor-element elementor-element-3567883d elementor-widget elementor-widget-button\" data-id=\"3567883d\" data-element_type=\"widget\" data-e-type=\"widget\" data-widget_type=\"button.default\">\n\t\t\t\t<div class=\"elementor-widget-container\">\n\t\t\t\t\t\t\t\t\t<div class=\"elementor-button-wrapper\">\n\t\t\t\t\t<a class=\"elementor-button elementor-button-link elementor-size-sm\" href=\"https:\/\/dombert.de\/en\/law-firm\/\">\n\t\t\t\t\t\t<span class=\"elementor-button-content-wrapper\">\n\t\t\t\t\t\t\t\t\t<span class=\"elementor-button-text\">More about our firm<\/span>\n\t\t\t\t\t<\/span>\n\t\t\t\t\t<\/a>\n\t\t\t\t<\/div>\n\t\t\t\t\t\t\t\t<\/div>\n\t\t\t\t<\/div>\n\t\t\t\t<div class=\"elementor-element elementor-element-358c508d elementor-widget elementor-widget-button\" data-id=\"358c508d\" data-element_type=\"widget\" data-e-type=\"widget\" data-widget_type=\"button.default\">\n\t\t\t\t<div class=\"elementor-widget-container\">\n\t\t\t\t\t\t\t\t\t<div class=\"elementor-button-wrapper\">\n\t\t\t\t\t<a class=\"elementor-button elementor-button-link elementor-size-sm\" href=\"https:\/\/dombert.de\/en\/#kompetenzen\">\n\t\t\t\t\t\t<span class=\"elementor-button-content-wrapper\">\n\t\t\t\t\t\t\t\t\t<span class=\"elementor-button-text\">More about our expertise<\/span>\n\t\t\t\t\t<\/span>\n\t\t\t\t\t<\/a>\n\t\t\t\t<\/div>\n\t\t\t\t\t\t\t\t<\/div>\n\t\t\t\t<\/div>\n\t\t\t\t<\/div>\n\t\t\t\t<\/div>\n\t\t\t\t<\/div>\n\t\t\t\t<\/div>","protected":false},"excerpt":{"rendered":"<p>| Auch nach einem abgeschlossenen Disziplinarverfahren darf der Dienstherr eine Bew\u00e4hrungszeit anordnen und den betroffenen Beamten f\u00fcr die Bef\u00f6rderung sperren. Das geht aus einer Entscheidung des Oberverwaltungsgerichts (OVG) Saarlouis hervor (Az.: 1 B 175\/25 vom 06.01.2026). \u00a0 In dem vorliegenden Fall hatte ein Brandamtmann, der auch als Administrator f\u00fcr die Arbeitszeiterfassung zust\u00e4ndig gewesen war, \u00fcber [&hellip;]<\/p>\n","protected":false},"author":10,"featured_media":4201,"comment_status":"closed","ping_status":"closed","sticky":false,"template":"","format":"standard","meta":{"_acf_changed":false,"site-sidebar-layout":"default","site-content-layout":"","ast-site-content-layout":"default","site-content-style":"default","site-sidebar-style":"default","ast-global-header-display":"","ast-banner-title-visibility":"","ast-main-header-display":"","ast-hfb-above-header-display":"","ast-hfb-below-header-display":"","ast-hfb-mobile-header-display":"","site-post-title":"","ast-breadcrumbs-content":"","ast-featured-img":"","footer-sml-layout":"","ast-disable-related-posts":"","theme-transparent-header-meta":"","adv-header-id-meta":"","stick-header-meta":"","header-above-stick-meta":"","header-main-stick-meta":"","header-below-stick-meta":"","astra-migrate-meta-layouts":"set","ast-page-background-enabled":"default","ast-page-background-meta":{"desktop":{"background-color":"","background-image":"","background-repeat":"repeat","background-position":"center center","background-size":"auto","background-attachment":"scroll","background-type":"","background-media":"","overlay-type":"","overlay-color":"","overlay-opacity":"","overlay-gradient":""},"tablet":{"background-color":"","background-image":"","background-repeat":"repeat","background-position":"center center","background-size":"auto","background-attachment":"scroll","background-type":"","background-media":"","overlay-type":"","overlay-color":"","overlay-opacity":"","overlay-gradient":""},"mobile":{"background-color":"","background-image":"","background-repeat":"repeat","background-position":"center center","background-size":"auto","background-attachment":"scroll","background-type":"","background-media":"","overlay-type":"","overlay-color":"","overlay-opacity":"","overlay-gradient":""}},"ast-content-background-meta":{"desktop":{"background-color":"var(--ast-global-color-5)","background-image":"","background-repeat":"repeat","background-position":"center center","background-size":"auto","background-attachment":"scroll","background-type":"","background-media":"","overlay-type":"","overlay-color":"","overlay-opacity":"","overlay-gradient":""},"tablet":{"background-color":"var(--ast-global-color-5)","background-image":"","background-repeat":"repeat","background-position":"center center","background-size":"auto","background-attachment":"scroll","background-type":"","background-media":"","overlay-type":"","overlay-color":"","overlay-opacity":"","overlay-gradient":""},"mobile":{"background-color":"var(--ast-global-color-5)","background-image":"","background-repeat":"repeat","background-position":"center center","background-size":"auto","background-attachment":"scroll","background-type":"","background-media":"","overlay-type":"","overlay-color":"","overlay-opacity":"","overlay-gradient":""}},"footnotes":""},"categories":[45],"tags":[],"secondary-autor":[89],"class_list":["post-12992","post","type-post","status-publish","format-standard","has-post-thumbnail","hentry","category-meldung","secondary-autor-kristina-doernenburg"],"acf":[],"yoast_head":"<!-- This site is optimized with the Yoast SEO plugin v27.4 - https:\/\/yoast.com\/product\/yoast-seo-wordpress\/ -->\n<title>Bef\u00f6rderungssperre auch nach abgeschlossenem Disziplinarverfahren m\u00f6glich - DOMBERT Rechtsanw\u00e4lte<\/title>\n<meta name=\"robots\" content=\"index, follow, max-snippet:-1, max-image-preview:large, max-video-preview:-1\" \/>\n<link rel=\"canonical\" href=\"https:\/\/dombert.de\/en\/suspension-of-promotion-possible-even-after-disciplinary-proceedings-have-been-concluded\/\" \/>\n<meta property=\"og:locale\" content=\"en_GB\" \/>\n<meta property=\"og:type\" content=\"article\" \/>\n<meta property=\"og:title\" content=\"Bef\u00f6rderungssperre auch nach abgeschlossenem Disziplinarverfahren m\u00f6glich - DOMBERT Rechtsanw\u00e4lte\" \/>\n<meta property=\"og:description\" content=\"| Auch nach einem abgeschlossenen Disziplinarverfahren darf der Dienstherr eine Bew\u00e4hrungszeit anordnen und den betroffenen Beamten f\u00fcr die Bef\u00f6rderung sperren. Das geht aus einer Entscheidung des Oberverwaltungsgerichts (OVG) Saarlouis hervor (Az.: 1 B 175\/25 vom 06.01.2026). \u00a0 In dem vorliegenden Fall hatte ein Brandamtmann, der auch als Administrator f\u00fcr die Arbeitszeiterfassung zust\u00e4ndig gewesen war, \u00fcber [&hellip;]\" \/>\n<meta property=\"og:url\" content=\"https:\/\/dombert.de\/en\/suspension-of-promotion-possible-even-after-disciplinary-proceedings-have-been-concluded\/\" \/>\n<meta property=\"og:site_name\" content=\"DOMBERT Rechtsanw\u00e4lte\" \/>\n<meta property=\"article:published_time\" content=\"2026-01-14T09:51:46+00:00\" \/>\n<meta property=\"article:modified_time\" content=\"2026-01-14T09:52:05+00:00\" \/>\n<meta property=\"og:image\" content=\"https:\/\/dombert.de\/wp-content\/uploads\/2025\/02\/kommunen-pressefreiheit-stellenanzeige-dombert-rechtsanwaelte.jpg\" \/>\n\t<meta property=\"og:image:width\" content=\"650\" \/>\n\t<meta property=\"og:image:height\" content=\"450\" \/>\n\t<meta property=\"og:image:type\" content=\"image\/jpeg\" \/>\n<meta name=\"author\" content=\"Anke Stachow\" \/>\n<meta name=\"twitter:card\" content=\"summary_large_image\" \/>\n<meta name=\"twitter:label1\" content=\"Written by\" \/>\n\t<meta name=\"twitter:data1\" content=\"Anke Stachow\" \/>\n\t<meta name=\"twitter:label2\" content=\"Estimated reading time\" \/>\n\t<meta name=\"twitter:data2\" content=\"2 minutes\" \/>\n<script type=\"application\/ld+json\" class=\"yoast-schema-graph\">{\"@context\":\"https:\\\/\\\/schema.org\",\"@graph\":[{\"@type\":\"Article\",\"@id\":\"https:\\\/\\\/dombert.de\\\/befoerderungssperre-auch-nach-abgeschlossenem-disziplinarverfahren-moeglich\\\/#article\",\"isPartOf\":{\"@id\":\"https:\\\/\\\/dombert.de\\\/befoerderungssperre-auch-nach-abgeschlossenem-disziplinarverfahren-moeglich\\\/\"},\"author\":{\"name\":\"Anke Stachow\",\"@id\":\"https:\\\/\\\/dombert.de\\\/#\\\/schema\\\/person\\\/b3483fb131d1e3adbc63bcdd285523b3\"},\"headline\":\"Bef\u00f6rderungssperre auch nach abgeschlossenem Disziplinarverfahren m\u00f6glich\",\"datePublished\":\"2026-01-14T09:51:46+00:00\",\"dateModified\":\"2026-01-14T09:52:05+00:00\",\"mainEntityOfPage\":{\"@id\":\"https:\\\/\\\/dombert.de\\\/befoerderungssperre-auch-nach-abgeschlossenem-disziplinarverfahren-moeglich\\\/\"},\"wordCount\":214,\"publisher\":{\"@id\":\"https:\\\/\\\/dombert.de\\\/#organization\"},\"image\":{\"@id\":\"https:\\\/\\\/dombert.de\\\/befoerderungssperre-auch-nach-abgeschlossenem-disziplinarverfahren-moeglich\\\/#primaryimage\"},\"thumbnailUrl\":\"https:\\\/\\\/dombert.de\\\/wp-content\\\/uploads\\\/2025\\\/02\\\/kommunen-pressefreiheit-stellenanzeige-dombert-rechtsanwaelte.jpg\",\"articleSection\":[\"Meldung\"],\"inLanguage\":\"en-GB\"},{\"@type\":\"WebPage\",\"@id\":\"https:\\\/\\\/dombert.de\\\/befoerderungssperre-auch-nach-abgeschlossenem-disziplinarverfahren-moeglich\\\/\",\"url\":\"https:\\\/\\\/dombert.de\\\/befoerderungssperre-auch-nach-abgeschlossenem-disziplinarverfahren-moeglich\\\/\",\"name\":\"Bef\u00f6rderungssperre auch nach abgeschlossenem Disziplinarverfahren m\u00f6glich - DOMBERT Rechtsanw\u00e4lte\",\"isPartOf\":{\"@id\":\"https:\\\/\\\/dombert.de\\\/#website\"},\"primaryImageOfPage\":{\"@id\":\"https:\\\/\\\/dombert.de\\\/befoerderungssperre-auch-nach-abgeschlossenem-disziplinarverfahren-moeglich\\\/#primaryimage\"},\"image\":{\"@id\":\"https:\\\/\\\/dombert.de\\\/befoerderungssperre-auch-nach-abgeschlossenem-disziplinarverfahren-moeglich\\\/#primaryimage\"},\"thumbnailUrl\":\"https:\\\/\\\/dombert.de\\\/wp-content\\\/uploads\\\/2025\\\/02\\\/kommunen-pressefreiheit-stellenanzeige-dombert-rechtsanwaelte.jpg\",\"datePublished\":\"2026-01-14T09:51:46+00:00\",\"dateModified\":\"2026-01-14T09:52:05+00:00\",\"breadcrumb\":{\"@id\":\"https:\\\/\\\/dombert.de\\\/befoerderungssperre-auch-nach-abgeschlossenem-disziplinarverfahren-moeglich\\\/#breadcrumb\"},\"inLanguage\":\"en-GB\",\"potentialAction\":[{\"@type\":\"ReadAction\",\"target\":[\"https:\\\/\\\/dombert.de\\\/befoerderungssperre-auch-nach-abgeschlossenem-disziplinarverfahren-moeglich\\\/\"]}]},{\"@type\":\"ImageObject\",\"inLanguage\":\"en-GB\",\"@id\":\"https:\\\/\\\/dombert.de\\\/befoerderungssperre-auch-nach-abgeschlossenem-disziplinarverfahren-moeglich\\\/#primaryimage\",\"url\":\"https:\\\/\\\/dombert.de\\\/wp-content\\\/uploads\\\/2025\\\/02\\\/kommunen-pressefreiheit-stellenanzeige-dombert-rechtsanwaelte.jpg\",\"contentUrl\":\"https:\\\/\\\/dombert.de\\\/wp-content\\\/uploads\\\/2025\\\/02\\\/kommunen-pressefreiheit-stellenanzeige-dombert-rechtsanwaelte.jpg\",\"width\":650,\"height\":450},{\"@type\":\"BreadcrumbList\",\"@id\":\"https:\\\/\\\/dombert.de\\\/befoerderungssperre-auch-nach-abgeschlossenem-disziplinarverfahren-moeglich\\\/#breadcrumb\",\"itemListElement\":[{\"@type\":\"ListItem\",\"position\":1,\"name\":\"Startseite\",\"item\":\"https:\\\/\\\/dombert.de\\\/\"},{\"@type\":\"ListItem\",\"position\":2,\"name\":\"Bef\u00f6rderungssperre auch nach abgeschlossenem Disziplinarverfahren m\u00f6glich\"}]},{\"@type\":\"WebSite\",\"@id\":\"https:\\\/\\\/dombert.de\\\/#website\",\"url\":\"https:\\\/\\\/dombert.de\\\/\",\"name\":\"DOMBERT Rechtsanw\u00e4lte\",\"description\":\"Wir sind Ihr kompetenter Ansprechpartner f\u00fcr alle Fragen des \u00f6ffentlichen Rechts.\",\"publisher\":{\"@id\":\"https:\\\/\\\/dombert.de\\\/#organization\"},\"potentialAction\":[{\"@type\":\"SearchAction\",\"target\":{\"@type\":\"EntryPoint\",\"urlTemplate\":\"https:\\\/\\\/dombert.de\\\/?s={search_term_string}\"},\"query-input\":{\"@type\":\"PropertyValueSpecification\",\"valueRequired\":true,\"valueName\":\"search_term_string\"}}],\"inLanguage\":\"en-GB\"},{\"@type\":\"Organization\",\"@id\":\"https:\\\/\\\/dombert.de\\\/#organization\",\"name\":\"DOMBERT Rechtsanw\u00e4lte\",\"url\":\"https:\\\/\\\/dombert.de\\\/\",\"logo\":{\"@type\":\"ImageObject\",\"inLanguage\":\"en-GB\",\"@id\":\"https:\\\/\\\/dombert.de\\\/#\\\/schema\\\/logo\\\/image\\\/\",\"url\":\"https:\\\/\\\/dombert.de\\\/wp-content\\\/uploads\\\/2025\\\/02\\\/Dombert-Logo_negativ_rgb.png\",\"contentUrl\":\"https:\\\/\\\/dombert.de\\\/wp-content\\\/uploads\\\/2025\\\/02\\\/Dombert-Logo_negativ_rgb.png\",\"width\":459,\"height\":206,\"caption\":\"DOMBERT Rechtsanw\u00e4lte\"},\"image\":{\"@id\":\"https:\\\/\\\/dombert.de\\\/#\\\/schema\\\/logo\\\/image\\\/\"},\"sameAs\":[\"https:\\\/\\\/www.linkedin.com\\\/company\\\/dombert-rechtsanwaelte\\\/posts\\\/?feedView=all\"]},{\"@type\":\"Person\",\"@id\":\"https:\\\/\\\/dombert.de\\\/#\\\/schema\\\/person\\\/b3483fb131d1e3adbc63bcdd285523b3\",\"name\":\"Anke Stachow\",\"image\":{\"@type\":\"ImageObject\",\"inLanguage\":\"en-GB\",\"@id\":\"https:\\\/\\\/secure.gravatar.com\\\/avatar\\\/17669adf5dee93cde3674a188dd87df2ffceacf49b65dc4663ba97d7d1c23120?s=96&d=mm&r=g\",\"url\":\"https:\\\/\\\/secure.gravatar.com\\\/avatar\\\/17669adf5dee93cde3674a188dd87df2ffceacf49b65dc4663ba97d7d1c23120?s=96&d=mm&r=g\",\"contentUrl\":\"https:\\\/\\\/secure.gravatar.com\\\/avatar\\\/17669adf5dee93cde3674a188dd87df2ffceacf49b65dc4663ba97d7d1c23120?s=96&d=mm&r=g\",\"caption\":\"Anke Stachow\"}}]}<\/script>\n<!-- \/ Yoast SEO plugin. -->","yoast_head_json":{"title":"Promotion ban possible even after disciplinary proceedings have been completed - DOMBERT Rechtsanw\u00e4lte","robots":{"index":"index","follow":"follow","max-snippet":"max-snippet:-1","max-image-preview":"max-image-preview:large","max-video-preview":"max-video-preview:-1"},"canonical":"https:\/\/dombert.de\/en\/suspension-of-promotion-possible-even-after-disciplinary-proceedings-have-been-concluded\/","og_locale":"en_GB","og_type":"article","og_title":"Bef\u00f6rderungssperre auch nach abgeschlossenem Disziplinarverfahren m\u00f6glich - DOMBERT Rechtsanw\u00e4lte","og_description":"| Auch nach einem abgeschlossenen Disziplinarverfahren darf der Dienstherr eine Bew\u00e4hrungszeit anordnen und den betroffenen Beamten f\u00fcr die Bef\u00f6rderung sperren. Das geht aus einer Entscheidung des Oberverwaltungsgerichts (OVG) Saarlouis hervor (Az.: 1 B 175\/25 vom 06.01.2026). \u00a0 In dem vorliegenden Fall hatte ein Brandamtmann, der auch als Administrator f\u00fcr die Arbeitszeiterfassung zust\u00e4ndig gewesen war, \u00fcber [&hellip;]","og_url":"https:\/\/dombert.de\/en\/suspension-of-promotion-possible-even-after-disciplinary-proceedings-have-been-concluded\/","og_site_name":"DOMBERT Rechtsanw\u00e4lte","article_published_time":"2026-01-14T09:51:46+00:00","article_modified_time":"2026-01-14T09:52:05+00:00","og_image":[{"width":650,"height":450,"url":"https:\/\/dombert.de\/wp-content\/uploads\/2025\/02\/kommunen-pressefreiheit-stellenanzeige-dombert-rechtsanwaelte.jpg","type":"image\/jpeg"}],"author":"Anke Stachow","twitter_card":"summary_large_image","twitter_misc":{"Written by":"Anke Stachow","Estimated reading time":"2 minutes"},"schema":{"@context":"https:\/\/schema.org","@graph":[{"@type":"Article","@id":"https:\/\/dombert.de\/befoerderungssperre-auch-nach-abgeschlossenem-disziplinarverfahren-moeglich\/#article","isPartOf":{"@id":"https:\/\/dombert.de\/befoerderungssperre-auch-nach-abgeschlossenem-disziplinarverfahren-moeglich\/"},"author":{"name":"Anke Stachow","@id":"https:\/\/dombert.de\/#\/schema\/person\/b3483fb131d1e3adbc63bcdd285523b3"},"headline":"Bef\u00f6rderungssperre auch nach abgeschlossenem Disziplinarverfahren m\u00f6glich","datePublished":"2026-01-14T09:51:46+00:00","dateModified":"2026-01-14T09:52:05+00:00","mainEntityOfPage":{"@id":"https:\/\/dombert.de\/befoerderungssperre-auch-nach-abgeschlossenem-disziplinarverfahren-moeglich\/"},"wordCount":214,"publisher":{"@id":"https:\/\/dombert.de\/#organization"},"image":{"@id":"https:\/\/dombert.de\/befoerderungssperre-auch-nach-abgeschlossenem-disziplinarverfahren-moeglich\/#primaryimage"},"thumbnailUrl":"https:\/\/dombert.de\/wp-content\/uploads\/2025\/02\/kommunen-pressefreiheit-stellenanzeige-dombert-rechtsanwaelte.jpg","articleSection":["Meldung"],"inLanguage":"en-GB"},{"@type":"WebPage","@id":"https:\/\/dombert.de\/befoerderungssperre-auch-nach-abgeschlossenem-disziplinarverfahren-moeglich\/","url":"https:\/\/dombert.de\/befoerderungssperre-auch-nach-abgeschlossenem-disziplinarverfahren-moeglich\/","name":"Promotion ban possible even after disciplinary proceedings have been completed - DOMBERT Rechtsanw\u00e4lte","isPartOf":{"@id":"https:\/\/dombert.de\/#website"},"primaryImageOfPage":{"@id":"https:\/\/dombert.de\/befoerderungssperre-auch-nach-abgeschlossenem-disziplinarverfahren-moeglich\/#primaryimage"},"image":{"@id":"https:\/\/dombert.de\/befoerderungssperre-auch-nach-abgeschlossenem-disziplinarverfahren-moeglich\/#primaryimage"},"thumbnailUrl":"https:\/\/dombert.de\/wp-content\/uploads\/2025\/02\/kommunen-pressefreiheit-stellenanzeige-dombert-rechtsanwaelte.jpg","datePublished":"2026-01-14T09:51:46+00:00","dateModified":"2026-01-14T09:52:05+00:00","breadcrumb":{"@id":"https:\/\/dombert.de\/befoerderungssperre-auch-nach-abgeschlossenem-disziplinarverfahren-moeglich\/#breadcrumb"},"inLanguage":"en-GB","potentialAction":[{"@type":"ReadAction","target":["https:\/\/dombert.de\/befoerderungssperre-auch-nach-abgeschlossenem-disziplinarverfahren-moeglich\/"]}]},{"@type":"ImageObject","inLanguage":"en-GB","@id":"https:\/\/dombert.de\/befoerderungssperre-auch-nach-abgeschlossenem-disziplinarverfahren-moeglich\/#primaryimage","url":"https:\/\/dombert.de\/wp-content\/uploads\/2025\/02\/kommunen-pressefreiheit-stellenanzeige-dombert-rechtsanwaelte.jpg","contentUrl":"https:\/\/dombert.de\/wp-content\/uploads\/2025\/02\/kommunen-pressefreiheit-stellenanzeige-dombert-rechtsanwaelte.jpg","width":650,"height":450},{"@type":"BreadcrumbList","@id":"https:\/\/dombert.de\/befoerderungssperre-auch-nach-abgeschlossenem-disziplinarverfahren-moeglich\/#breadcrumb","itemListElement":[{"@type":"ListItem","position":1,"name":"Startseite","item":"https:\/\/dombert.de\/"},{"@type":"ListItem","position":2,"name":"Bef\u00f6rderungssperre auch nach abgeschlossenem Disziplinarverfahren m\u00f6glich"}]},{"@type":"WebSite","@id":"https:\/\/dombert.de\/#website","url":"https:\/\/dombert.de\/","name":"DOMBERT Rechtsanw\u00e4lte","description":"We are your expert partner for all matters relating to public law.","publisher":{"@id":"https:\/\/dombert.de\/#organization"},"potentialAction":[{"@type":"SearchAction","target":{"@type":"EntryPoint","urlTemplate":"https:\/\/dombert.de\/?s={search_term_string}"},"query-input":{"@type":"PropertyValueSpecification","valueRequired":true,"valueName":"search_term_string"}}],"inLanguage":"en-GB"},{"@type":"Organization","@id":"https:\/\/dombert.de\/#organization","name":"DOMBERT Rechtsanw\u00e4lte","url":"https:\/\/dombert.de\/","logo":{"@type":"ImageObject","inLanguage":"en-GB","@id":"https:\/\/dombert.de\/#\/schema\/logo\/image\/","url":"https:\/\/dombert.de\/wp-content\/uploads\/2025\/02\/Dombert-Logo_negativ_rgb.png","contentUrl":"https:\/\/dombert.de\/wp-content\/uploads\/2025\/02\/Dombert-Logo_negativ_rgb.png","width":459,"height":206,"caption":"DOMBERT Rechtsanw\u00e4lte"},"image":{"@id":"https:\/\/dombert.de\/#\/schema\/logo\/image\/"},"sameAs":["https:\/\/www.linkedin.com\/company\/dombert-rechtsanwaelte\/posts\/?feedView=all"]},{"@type":"Person","@id":"https:\/\/dombert.de\/#\/schema\/person\/b3483fb131d1e3adbc63bcdd285523b3","name":"Anke Stachow","image":{"@type":"ImageObject","inLanguage":"en-GB","@id":"https:\/\/secure.gravatar.com\/avatar\/17669adf5dee93cde3674a188dd87df2ffceacf49b65dc4663ba97d7d1c23120?s=96&d=mm&r=g","url":"https:\/\/secure.gravatar.com\/avatar\/17669adf5dee93cde3674a188dd87df2ffceacf49b65dc4663ba97d7d1c23120?s=96&d=mm&r=g","contentUrl":"https:\/\/secure.gravatar.com\/avatar\/17669adf5dee93cde3674a188dd87df2ffceacf49b65dc4663ba97d7d1c23120?s=96&d=mm&r=g","caption":"Anke Stachow"}}]}},"publishpress_future_workflow_manual_trigger":{"enabledWorkflows":[]},"_links":{"self":[{"href":"https:\/\/dombert.de\/en\/wp-json\/wp\/v2\/posts\/12992","targetHints":{"allow":["GET"]}}],"collection":[{"href":"https:\/\/dombert.de\/en\/wp-json\/wp\/v2\/posts"}],"about":[{"href":"https:\/\/dombert.de\/en\/wp-json\/wp\/v2\/types\/post"}],"author":[{"embeddable":true,"href":"https:\/\/dombert.de\/en\/wp-json\/wp\/v2\/users\/10"}],"replies":[{"embeddable":true,"href":"https:\/\/dombert.de\/en\/wp-json\/wp\/v2\/comments?post=12992"}],"version-history":[{"count":7,"href":"https:\/\/dombert.de\/en\/wp-json\/wp\/v2\/posts\/12992\/revisions"}],"predecessor-version":[{"id":12999,"href":"https:\/\/dombert.de\/en\/wp-json\/wp\/v2\/posts\/12992\/revisions\/12999"}],"wp:featuredmedia":[{"embeddable":true,"href":"https:\/\/dombert.de\/en\/wp-json\/wp\/v2\/media\/4201"}],"wp:attachment":[{"href":"https:\/\/dombert.de\/en\/wp-json\/wp\/v2\/media?parent=12992"}],"wp:term":[{"taxonomy":"category","embeddable":true,"href":"https:\/\/dombert.de\/en\/wp-json\/wp\/v2\/categories?post=12992"},{"taxonomy":"post_tag","embeddable":true,"href":"https:\/\/dombert.de\/en\/wp-json\/wp\/v2\/tags?post=12992"},{"taxonomy":"secondary-autor","embeddable":true,"href":"https:\/\/dombert.de\/en\/wp-json\/wp\/v2\/secondary-autor?post=12992"}],"curies":[{"name":"wp","href":"https:\/\/api.w.org\/{rel}","templated":true}]}}