{"id":14232,"date":"2026-04-30T09:49:41","date_gmt":"2026-04-30T07:49:41","guid":{"rendered":"https:\/\/dombert.de\/?p=14232"},"modified":"2026-04-30T11:48:55","modified_gmt":"2026-04-30T09:48:55","slug":"baurecht-als-extremismusbekaempfung-die-geplante-ausweitung-des-kommunalen-vorkaufsrechts","status":"publish","type":"post","link":"https:\/\/dombert.de\/en\/baurecht-als-extremismusbekaempfung-die-geplante-ausweitung-des-kommunalen-vorkaufsrechts\/","title":{"rendered":"Building law as a means of combating extremism: the planned extension of the municipal right of first refusal"},"content":{"rendered":"<div data-elementor-type=\"wp-post\" data-elementor-id=\"14232\" class=\"elementor elementor-14232\" data-elementor-post-type=\"post\">\n\t\t\t\t<div class=\"elementor-element elementor-element-7dc568ce e-con-full e-flex e-con e-parent\" data-id=\"7dc568ce\" data-element_type=\"container\" data-e-type=\"container\" data-settings=\"{&quot;background_background&quot;:&quot;classic&quot;}\">\n\t\t<div class=\"elementor-element elementor-element-2aee62b8 e-con-full e-flex e-con e-child\" data-id=\"2aee62b8\" data-element_type=\"container\" data-e-type=\"container\">\n\t\t\t\t<div class=\"elementor-element elementor-element-632d7a69 elementor-widget-divider--view-line elementor-widget elementor-widget-divider\" data-id=\"632d7a69\" data-element_type=\"widget\" data-e-type=\"widget\" data-widget_type=\"divider.default\">\n\t\t\t\t<div class=\"elementor-widget-container\">\n\t\t\t\t\t\t\t<div class=\"elementor-divider\">\n\t\t\t<span class=\"elementor-divider-separator\">\n\t\t\t\t\t\t<\/span>\n\t\t<\/div>\n\t\t\t\t\t\t<\/div>\n\t\t\t\t<\/div>\n\t\t\t\t<div class=\"elementor-element elementor-element-7a289c0e elementor-widget__width-auto elementor-widget-mobile__width-initial elementor-widget elementor-widget-heading\" data-id=\"7a289c0e\" data-element_type=\"widget\" data-e-type=\"widget\" data-widget_type=\"heading.default\">\n\t\t\t\t<div class=\"elementor-widget-container\">\n\t\t\t\t\t<h2 class=\"elementor-heading-title elementor-size-default\">Building law as a means of combating extremism: the planned extension of the municipal right of first refusal<\/h2>\t\t\t\t<\/div>\n\t\t\t\t<\/div>\n\t\t<div class=\"elementor-element elementor-element-225f4d6d e-con-full e-flex e-con e-child\" data-id=\"225f4d6d\" data-element_type=\"container\" data-e-type=\"container\">\n\t\t\t\t<div class=\"elementor-element elementor-element-2bf0eca5 elementor-widget__width-initial elementor-widget-divider--view-line elementor-widget elementor-widget-divider\" data-id=\"2bf0eca5\" data-element_type=\"widget\" data-e-type=\"widget\" data-widget_type=\"divider.default\">\n\t\t\t\t<div class=\"elementor-widget-container\">\n\t\t\t\t\t\t\t<div class=\"elementor-divider\">\n\t\t\t<span class=\"elementor-divider-separator\">\n\t\t\t\t\t\t<\/span>\n\t\t<\/div>\n\t\t\t\t\t\t<\/div>\n\t\t\t\t<\/div>\n\t\t\t\t<div class=\"elementor-element elementor-element-2f9c3c2 elementor-widget__width-auto elementor-widget-tablet__width-initial elementor-widget-tablet_extra__width-initial elementor-widget elementor-widget-heading\" data-id=\"2f9c3c2\" data-element_type=\"widget\" data-e-type=\"widget\" data-widget_type=\"heading.default\">\n\t\t\t\t<div class=\"elementor-widget-container\">\n\t\t\t\t\t<h3 class=\"elementor-heading-title elementor-size-default\"><a href=\"https:\/\/dombert.de\/en\/person\/dr-maximilian-dombert\/\"><span>Dr. Maximilian Dombert<\/span><\/a><\/h3>\t\t\t\t<\/div>\n\t\t\t\t<\/div>\n\t\t\t\t<\/div>\n\t\t<div class=\"elementor-element elementor-element-791d1e3c e-con-full e-flex e-con e-child\" data-id=\"791d1e3c\" data-element_type=\"container\" data-e-type=\"container\">\n\t\t\t\t<div class=\"elementor-element elementor-element-7961844 elementor-widget__width-auto elementor-view-default elementor-widget elementor-widget-icon\" data-id=\"7961844\" data-element_type=\"widget\" data-e-type=\"widget\" data-widget_type=\"icon.default\">\n\t\t\t\t<div class=\"elementor-widget-container\">\n\t\t\t\t\t\t\t<div class=\"elementor-icon-wrapper\">\n\t\t\t<a class=\"elementor-icon elementor-animation-grow\" href=\"https:\/\/www.linkedin.com\/company\/dombert-rechtsanwaelte\/posts\/?feedView=all\" target=\"_blank\">\n\t\t\t<svg aria-hidden=\"true\" class=\"e-font-icon-svg e-fab-linkedin\" viewbox=\"0 0 448 512\" xmlns=\"http:\/\/www.w3.org\/2000\/svg\"><path d=\"M416 32H31.9C14.3 32 0 46.5 0 64.3v383.4C0 465.5 14.3 480 31.9 480H416c17.6 0 32-14.5 32-32.3V64.3c0-17.8-14.4-32.3-32-32.3zM135.4 416H69V202.2h66.5V416zm-33.2-243c-21.3 0-38.5-17.3-38.5-38.5S80.9 96 102.2 96c21.2 0 38.5 17.3 38.5 38.5 0 21.3-17.2 38.5-38.5 38.5zm282.1 243h-66.4V312c0-24.8-.5-56.7-34.5-56.7-34.6 0-39.9 27-39.9 54.9V416h-66.4V202.2h63.7v29.2h.9c8.9-16.8 30.6-34.5 62.9-34.5 67.2 0 79.7 44.3 79.7 101.9V416z\"><\/path><\/svg>\t\t\t<\/a>\n\t\t<\/div>\n\t\t\t\t\t\t<\/div>\n\t\t\t\t<\/div>\n\t\t\t\t<\/div>\n\t\t\t\t<\/div>\n\t\t\t\t<\/div>\n\t\t<div class=\"elementor-element elementor-element-5c212442 e-con-full e-flex e-con e-parent\" data-id=\"5c212442\" data-element_type=\"container\" data-e-type=\"container\" data-settings=\"{&quot;background_background&quot;:&quot;classic&quot;}\">\n\t\t<div class=\"elementor-element elementor-element-4d38bf75 e-con-full e-flex e-con e-child\" data-id=\"4d38bf75\" data-element_type=\"container\" data-e-type=\"container\">\n\t\t<div class=\"elementor-element elementor-element-64171d33 e-con-full e-flex e-con e-child\" data-id=\"64171d33\" data-element_type=\"container\" data-e-type=\"container\">\n\t\t\t\t<div class=\"elementor-element elementor-element-126464dc elementor-widget__width-initial elementor-widget-divider--view-line elementor-widget elementor-widget-divider\" data-id=\"126464dc\" data-element_type=\"widget\" data-e-type=\"widget\" data-widget_type=\"divider.default\">\n\t\t\t\t<div class=\"elementor-widget-container\">\n\t\t\t\t\t\t\t<div class=\"elementor-divider\">\n\t\t\t<span class=\"elementor-divider-separator\">\n\t\t\t\t\t\t<\/span>\n\t\t<\/div>\n\t\t\t\t\t\t<\/div>\n\t\t\t\t<\/div>\n\t\t\t\t<div class=\"elementor-element elementor-element-785544e5 elementor-widget__width-auto elementor-widget-tablet__width-auto elementor-widget-mobile__width-auto elementor-widget elementor-widget-heading\" data-id=\"785544e5\" data-element_type=\"widget\" data-e-type=\"widget\" data-widget_type=\"heading.default\">\n\t\t\t\t<div class=\"elementor-widget-container\">\n\t\t\t\t\t<h3 class=\"elementor-heading-title elementor-size-default\"><span>Blog post<\/span><\/h3>\t\t\t\t<\/div>\n\t\t\t\t<\/div>\n\t\t\t\t<div class=\"elementor-element elementor-element-767e883 elementor-widget__width-auto elementor-widget-tablet__width-auto elementor-widget-mobile__width-auto elementor-widget elementor-widget-heading\" data-id=\"767e883\" data-element_type=\"widget\" data-e-type=\"widget\" data-widget_type=\"heading.default\">\n\t\t\t\t<div class=\"elementor-widget-container\">\n\t\t\t\t\t<h3 class=\"elementor-heading-title elementor-size-default\">|<\/h3>\t\t\t\t<\/div>\n\t\t\t\t<\/div>\n\t\t\t\t<div class=\"elementor-element elementor-element-3fc02ed4 elementor-widget__width-auto elementor-widget-tablet__width-auto elementor-widget-mobile__width-auto elementor-widget elementor-widget-heading\" data-id=\"3fc02ed4\" data-element_type=\"widget\" data-e-type=\"widget\" data-widget_type=\"heading.default\">\n\t\t\t\t<div class=\"elementor-widget-container\">\n\t\t\t\t\t<h3 class=\"elementor-heading-title elementor-size-default\">30.04.2026<\/h3>\t\t\t\t<\/div>\n\t\t\t\t<\/div>\n\t\t\t\t<\/div>\n\t\t\t\t<div class=\"elementor-element elementor-element-4465ed6c elementor-widget__width-initial elementor-widget-tablet__width-initial elementor-widget-mobile__width-initial elementor-widget elementor-widget-text-editor\" data-id=\"4465ed6c\" data-element_type=\"widget\" data-e-type=\"widget\" data-widget_type=\"text-editor.default\">\n\t\t\t\t<div class=\"elementor-widget-container\">\n\t\t\t\t\t\t\t\t\t<p>Ein Reformvorhaben bei der erneuten Novelle des Baugesetzbuches sorgt derzeit f\u00fcr besonders viel Diskussionsstoff: K\u00fcnftig sollen Gemeinden die M\u00f6glichkeit erhalten, den Erwerb von Immobilien durch Extremisten oder Akteure der organisierten Kriminalit\u00e4t zu verhindern \u2013 und zwar \u00fcber die Ausweitung des kommunalen Vorkaufsrechts nach \u00a7 24 Baugesetzbuch (BauGB). Es soll ein neuer Vorkaufsrechtstatbestands in \u00a7 24 Abs. 1 Satz 1 Nr. 9 BauGB eingef\u00fchrt werden. Dieser soll laut Referentenentwurf \u201esozialen Missst\u00e4nden vorbeugen (\u2026), die durch die r\u00e4umliche Wirkung organisierter Kriminalit\u00e4t sowie rechts-, links- oder religi\u00f6s motivierter extremistischer Bestrebungen entstehen.\u201c Dabei wird insbesondere auf das Ph\u00e4nomen der \u201eSchrottimmobilien\u201c als auch die bewusst herbeigef\u00fchrte Dominanz rechtsextremistischer Gruppen in bestimmten Stadtvierteln durch Immobilienerwerbe verwiesen.<\/p><p><em>\u00a0<\/em><\/p><p>Das gemeindliche Vorkaufsrecht nach \u00a7 24 BauGB ist bereits heute ein zentrales Instrument des St\u00e4dtebaurechts. Es erm\u00f6glicht Kommunen, in Grundst\u00fcckskaufvertr\u00e4ge einzutreten und dadurch gezielt Einfluss auf die Nutzung und Entwicklung von Grundst\u00fccken zu nehmen mit dem Ziel st\u00e4dtebauliche Planungen zu sichern, Fehlentwicklungen zu vermeiden sowie eine geordnete st\u00e4dtebauliche Entwicklung zu gew\u00e4hrleisten. Da das Vorkaufsrecht in die Privatautonomie der Vertragsparteien eingreift, ist es an enge gesetzliche Voraussetzungen gekn\u00fcpft. Nach \u00a7 24 Abs. 1 Satz 1 BauGB gilt das nur f\u00fcr Grundst\u00fccke im Geltungsbereich von Bebauungspl\u00e4nen, die f\u00fcr eine \u00f6ffentliche Nutzung vorgesehen sind, in festgelegten Sanierungsgebieten und st\u00e4dtebaulichen Entwicklungsbereichen oder aus naturschutzrechtlichen Gr\u00fcnden. Dabei darf das Vorkaufsrecht, das im Ermessen der Gemeinde liegt, nur ausge\u00fcbt werden, wenn es durch das Wohl der Allgemeinheit gerechtfertigt ist.<\/p><p><strong>\u00a0<\/strong><\/p><p><strong>Erweiterung des Vorkaufsrechts wirft rechtliche Fragen auf<\/strong><\/p><p>\u00a0<\/p><p>Die nun geplante Erweiterung des Vorkaufsrechts um den neuen \u00a7 24 Abs. 1 Satz 1 Nr. 9 BauGB ist dazu geeignet, den Anwendungsbereich des Vorkaufsrechts \u00fcber seine bisher rein st\u00e4dtebauliche Funktion hinaus zu erweitern. Diese wirft aber zugleich grundlegende rechtliche Fragen auf. Das liegt auch daran, dass die vorgesehenen Tatbestandsmerkmale weit formuliert und stark auslegungsbed\u00fcrftig sind. Den Gemeinden sind somit erhebliche Bewertungsspielr\u00e4ume er\u00f6ffnet. Das trifft selbst dann zu, wenn die H\u00fcrden f\u00fcr das neue Vorkaufsrecht wohl h\u00f6her liegen werden, als es von einigen Kritikern angenommen wird. So m\u00fcssen sowohl das bauplanungsrechtliche Ziel einer sozial stabilen Bewohnerstruktur oder die Eignung des Gebiets zur Befriedigung der sozialen und kulturellen Bed\u00fcrfnisse der Bev\u00f6lkerung gef\u00e4hrdet sein als auch die konkreten Bestrebungen des K\u00e4ufers gegen die freiheitlich-demokratische Grundordnung nachgewiesen werden. Es m\u00fcssen laut Gesetzesbegr\u00fcndung zumindest tats\u00e4chliche Anhaltspunkte daf\u00fcr festgestellt werden, \u201edass der K\u00e4ufer gerade der kriminellen Struktur Vorschub leistet oder gerade die verfassungswidrigen Bestrebungen nachtr\u00e4glich unterst\u00fctzt, deren (drohende) Dominanz die genannten st\u00e4dtebaulichen Negativwirkungen ausl\u00f6st\u201c.<\/p><p>\u00a0<\/p><p>Um festzustellen, ob diese Voraussetzungen f\u00fcr das Vorkaufsrecht vorliegen, sollen die Gemeinden durch einen neuen \u00a7 208a BauGB die M\u00f6glichkeit bekommen, eine Anfrage bei den einschl\u00e4gigen Sicherheitsbeh\u00f6rden nach \u00a7 5 Abs. 5 Satz 1 Waffengesetz (WaffG) zu stellen. Da die Gemeinden selbst kaum \u00fcber entsprechende Erkenntnisse verf\u00fcgen d\u00fcrften, sind sie auf solche Ausk\u00fcnfte angewiesen. Besonders kontrovers wird in diesem Zusammenhang dar\u00fcber diskutiert, dass die Gemeinden auch Anfragen bei den Verfassungsschutzbeh\u00f6rden stellen d\u00fcrfen. Daf\u00fcr soll konsequenterweise auch die die \u00dcbermittlung von personenbezogenen Daten durch das Bundesamt f\u00fcr Verfassungsschutz an inl\u00e4ndische \u00f6ffentliche Stellen entsprechend angepasst werden. Danach soll das Bundesamt f\u00fcr Verfassungsschutz personenbezogene Daten auch \u00fcbermitteln d\u00fcrfen, damit die Gemeinden \u00fcberhaupt erst pr\u00fcfen k\u00f6nnen, ob die Voraussetzungen f\u00fcr das neue erweiterte Vorkaufsrecht vorliegen. Eine konkrete Gefahr ist nach dem Gesetzentwurf an dieser Stelle nicht notwendig, es gen\u00fcgen Verdachtsmomente und einige Anhaltspunkte. Dabei stellt die mit der Anfrage an die Sicherheitsbeh\u00f6rden verbundene Erhebung, \u00dcbermittlung und Nutzung zum Teil sensibler Daten eine staatliche Informationsverarbeitung dar, die durch den Einzelnen nicht mehr kontrollierbar ist. Ob dieser Eingriff in das vom Grundgesetz gesch\u00fctzte Recht auf informationelle Selbstbestimmung durch die \u2013 m\u00f6glicherweise &#8211; st\u00e4dtebauliche Verhinderung von extremistischen und kriminellen Strukturen gerechtfertigt wird, k\u00f6nnten Gerichte hinsichtlich der Verh\u00e4ltnism\u00e4\u00dfigkeit bezweifeln.<\/p><p>\u00a0<\/p><p><strong>Instrument um \u201ewehrhafte Demokratie\u201c zu st\u00e4rken<\/strong><\/p><p>\u00a0<\/p><p>Und dennoch: Es ist richtig, dass der Gesetzgeber ein Instrumentarium bereitstellt, um Fehlentwicklungen auch auf lokaler Ebene entgegenwirken zu k\u00f6nnen. Wenn das Schlagwort der \u201ewehrhaften Demokratie\u201c keine Worth\u00fclse bleiben soll, d\u00fcrfen entsprechende Bem\u00fchungen, alle staatlichen Ebenen wehrhaft zu ert\u00fcchtigen, nicht schon an abstrakten rechtlichen Bedenken im Vorfeld scheitern. Schlie\u00dflich ist mit der Schaffung des gesetzlichen Instrumentariums noch nichts dar\u00fcber gesagt, ob seine Voraussetzungen im konkreten Einzelfall auch tats\u00e4chlich vorliegen. Zudem steht denjenigen, die durch das erweiterte Vorkaufsrecht betroffen werden, der Rechtsweg offen, so dass das Handeln der Gemeinden gerichtlich \u00fcberpr\u00fcft werden kann.\u00a0<\/p>\t\t\t\t\t\t\t\t<\/div>\n\t\t\t\t<\/div>\n\t\t\t\t<\/div>\n\t\t\t\t<\/div>\n\t\t<div class=\"elementor-element elementor-element-27d573ed e-con-full e-flex e-con e-parent\" data-id=\"27d573ed\" data-element_type=\"container\" data-e-type=\"container\" data-settings=\"{&quot;background_background&quot;:&quot;classic&quot;}\">\n\t\t<div class=\"elementor-element elementor-element-6a696f95 e-con-full e-flex e-con e-child\" data-id=\"6a696f95\" data-element_type=\"container\" data-e-type=\"container\">\n\t\t\t\t<div class=\"elementor-element elementor-element-6ce3e2ee elementor-widget__width-inherit elementor-widget-tablet__width-inherit elementor-widget elementor-widget-heading\" data-id=\"6ce3e2ee\" data-element_type=\"widget\" data-e-type=\"widget\" data-widget_type=\"heading.default\">\n\t\t\t\t<div class=\"elementor-widget-container\">\n\t\t\t\t\t<h2 class=\"elementor-heading-title elementor-size-default\">The mind behind the article.<\/h2>\t\t\t\t<\/div>\n\t\t\t\t<\/div>\n\t\t<div class=\"elementor-element elementor-element-61ec289e e-con-full e-flex e-con e-child\" data-id=\"61ec289e\" data-element_type=\"container\" data-e-type=\"container\">\n\t\t<div class=\"elementor-element elementor-element-2eff5915 e-con-full e-flex e-con e-child\" data-id=\"2eff5915\" data-element_type=\"container\" data-e-type=\"container\">\n\t\t\t\t<div class=\"elementor-element elementor-element-7e9d045f elementor-widget__width-initial elementor-widget-tablet_extra__width-initial elementor-widget elementor-widget-image\" data-id=\"7e9d045f\" data-element_type=\"widget\" data-e-type=\"widget\" data-widget_type=\"image.default\">\n\t\t\t\t<div class=\"elementor-widget-container\">\n\t\t\t\t\t\t\t\t\t\t\t\t\t\t\t\t<a href=\"https:\/\/dombert.de\/en\/person\/judith-affeldt\/\">\n\t\t\t\t\t\t\t<img fetchpriority=\"high\" decoding=\"async\" width=\"300\" height=\"300\" src=\"https:\/\/dombert.de\/wp-content\/uploads\/2026\/04\/maximilian-dombert-dombert-rechtsanwaelte-vorschau-300x300.jpg\" class=\"elementor-animation-grow attachment-medium size-medium wp-image-14221\" alt=\"\" srcset=\"https:\/\/dombert.de\/wp-content\/uploads\/2026\/04\/maximilian-dombert-dombert-rechtsanwaelte-vorschau-300x300.jpg 300w, https:\/\/dombert.de\/wp-content\/uploads\/2026\/04\/maximilian-dombert-dombert-rechtsanwaelte-vorschau-150x150.jpg 150w, https:\/\/dombert.de\/wp-content\/uploads\/2026\/04\/maximilian-dombert-dombert-rechtsanwaelte-vorschau-12x12.jpg 12w, https:\/\/dombert.de\/wp-content\/uploads\/2026\/04\/maximilian-dombert-dombert-rechtsanwaelte-vorschau.jpg 340w\" sizes=\"(max-width: 300px) 100vw, 300px\" \/>\t\t\t\t\t\t\t\t<\/a>\n\t\t\t\t\t\t\t\t\t\t\t\t\t\t\t<\/div>\n\t\t\t\t<\/div>\n\t\t\t\t<\/div>\n\t\t<div class=\"elementor-element elementor-element-68e2d7c2 e-con-full e-flex e-con e-child\" data-id=\"68e2d7c2\" data-element_type=\"container\" data-e-type=\"container\">\n\t\t\t\t<div class=\"elementor-element elementor-element-7f2bfbc8 elementor-widget__width-initial elementor-widget-tablet_extra__width-auto elementor-widget elementor-widget-text-editor\" data-id=\"7f2bfbc8\" data-element_type=\"widget\" data-e-type=\"widget\" data-widget_type=\"text-editor.default\">\n\t\t\t\t<div class=\"elementor-widget-container\">\n\t\t\t\t\t\t\t\t\t<p>Dr. Maximilian Dombert ist Rechtsanwalt und Fachanwalt f\u00fcr Verwaltungsrecht. Er ist Partner unserer Praxis und ber\u00e4t schwerpunktm\u00e4\u00dfig im Kommunal- und Bauplanungsrecht.<\/p>\t\t\t\t\t\t\t\t<\/div>\n\t\t\t\t<\/div>\n\t\t<div class=\"elementor-element elementor-element-3c4f1ca8 e-con-full e-flex e-con e-child\" data-id=\"3c4f1ca8\" data-element_type=\"container\" data-e-type=\"container\">\n\t\t\t\t<div class=\"elementor-element elementor-element-6a8db145 elementor-widget__width-initial elementor-widget-divider--view-line elementor-widget elementor-widget-divider\" data-id=\"6a8db145\" data-element_type=\"widget\" data-e-type=\"widget\" data-widget_type=\"divider.default\">\n\t\t\t\t<div class=\"elementor-widget-container\">\n\t\t\t\t\t\t\t<div class=\"elementor-divider\">\n\t\t\t<span class=\"elementor-divider-separator\">\n\t\t\t\t\t\t<\/span>\n\t\t<\/div>\n\t\t\t\t\t\t<\/div>\n\t\t\t\t<\/div>\n\t\t\t\t<div class=\"elementor-element elementor-element-11ba8030 elementor-widget__width-inherit elementor-widget-tablet__width-inherit elementor-widget-mobile__width-initial elementor-widget elementor-widget-heading\" data-id=\"11ba8030\" data-element_type=\"widget\" data-e-type=\"widget\" data-widget_type=\"heading.default\">\n\t\t\t\t<div class=\"elementor-widget-container\">\n\t\t\t\t\t<h3 class=\"elementor-heading-title elementor-size-default\"><a href=\"https:\/\/dombert.de\/en\/person\/dr-maximilian-dombert\/\">Dr. Maximilian Dombert<\/a><\/h3>\t\t\t\t<\/div>\n\t\t\t\t<\/div>\n\t\t\t\t<\/div>\n\t\t\t\t<\/div>\n\t\t\t\t<\/div>\n\t\t\t\t<div class=\"elementor-element elementor-element-6d4fa6b8 elementor-widget-divider--view-line elementor-widget elementor-widget-divider\" data-id=\"6d4fa6b8\" data-element_type=\"widget\" data-e-type=\"widget\" data-widget_type=\"divider.default\">\n\t\t\t\t<div class=\"elementor-widget-container\">\n\t\t\t\t\t\t\t<div class=\"elementor-divider\">\n\t\t\t<span class=\"elementor-divider-separator\">\n\t\t\t\t\t\t<\/span>\n\t\t<\/div>\n\t\t\t\t\t\t<\/div>\n\t\t\t\t<\/div>\n\t\t\t\t<\/div>\n\t\t\t\t<\/div>\n\t\t<div class=\"elementor-element elementor-element-110c921e e-con-full e-flex e-con e-parent\" data-id=\"110c921e\" data-element_type=\"container\" data-e-type=\"container\" data-settings=\"{&quot;background_background&quot;:&quot;classic&quot;}\">\n\t\t<div class=\"elementor-element elementor-element-464b7052 e-con-full e-flex e-con e-child\" data-id=\"464b7052\" data-element_type=\"container\" data-e-type=\"container\">\n\t\t\t\t<div class=\"elementor-element elementor-element-519f6b55 elementor-widget__width-initial elementor-widget elementor-widget-heading\" data-id=\"519f6b55\" data-element_type=\"widget\" data-e-type=\"widget\" data-widget_type=\"heading.default\">\n\t\t\t\t<div class=\"elementor-widget-container\">\n\t\t\t\t\t<h2 class=\"elementor-heading-title elementor-size-default\"><b>DOMBERT<\/b> Lawyers <\/h2>\t\t\t\t<\/div>\n\t\t\t\t<\/div>\n\t\t<div class=\"elementor-element elementor-element-af33788 e-con-full e-flex e-con e-child\" data-id=\"af33788\" data-element_type=\"container\" data-e-type=\"container\">\n\t\t\t\t<div class=\"elementor-element elementor-element-193dd89b elementor-widget__width-initial elementor-widget-divider--view-line elementor-widget elementor-widget-divider\" data-id=\"193dd89b\" data-element_type=\"widget\" data-e-type=\"widget\" data-widget_type=\"divider.default\">\n\t\t\t\t<div class=\"elementor-widget-container\">\n\t\t\t\t\t\t\t<div class=\"elementor-divider\">\n\t\t\t<span class=\"elementor-divider-separator\">\n\t\t\t\t\t\t<\/span>\n\t\t<\/div>\n\t\t\t\t\t\t<\/div>\n\t\t\t\t<\/div>\n\t\t\t\t<div class=\"elementor-element elementor-element-4d097822 elementor-widget__width-auto elementor-widget-tablet_extra__width-initial elementor-widget-tablet__width-initial elementor-widget-mobile_extra__width-initial elementor-widget-mobile__width-initial elementor-widget elementor-widget-heading\" data-id=\"4d097822\" data-element_type=\"widget\" data-e-type=\"widget\" data-widget_type=\"heading.default\">\n\t\t\t\t<div class=\"elementor-widget-container\">\n\t\t\t\t\t<h3 class=\"elementor-heading-title elementor-size-default\">Our work covers all legal issues and conflicts in which the state, municipalities or authorities are involved.<\/h3>\t\t\t\t<\/div>\n\t\t\t\t<\/div>\n\t\t\t\t<\/div>\n\t\t<div class=\"elementor-element elementor-element-5435aaaf e-con-full e-flex e-con e-child\" data-id=\"5435aaaf\" data-element_type=\"container\" data-e-type=\"container\">\n\t\t\t\t<div class=\"elementor-element elementor-element-2a089f67 elementor-widget elementor-widget-button\" data-id=\"2a089f67\" data-element_type=\"widget\" data-e-type=\"widget\" data-widget_type=\"button.default\">\n\t\t\t\t<div class=\"elementor-widget-container\">\n\t\t\t\t\t\t\t\t\t<div class=\"elementor-button-wrapper\">\n\t\t\t\t\t<a class=\"elementor-button elementor-button-link elementor-size-sm\" href=\"https:\/\/dombert.de\/en\/law-firm\/\">\n\t\t\t\t\t\t<span class=\"elementor-button-content-wrapper\">\n\t\t\t\t\t\t\t\t\t<span class=\"elementor-button-text\">More about our firm<\/span>\n\t\t\t\t\t<\/span>\n\t\t\t\t\t<\/a>\n\t\t\t\t<\/div>\n\t\t\t\t\t\t\t\t<\/div>\n\t\t\t\t<\/div>\n\t\t\t\t<div class=\"elementor-element elementor-element-ad04393 elementor-widget elementor-widget-button\" data-id=\"ad04393\" data-element_type=\"widget\" data-e-type=\"widget\" data-widget_type=\"button.default\">\n\t\t\t\t<div class=\"elementor-widget-container\">\n\t\t\t\t\t\t\t\t\t<div class=\"elementor-button-wrapper\">\n\t\t\t\t\t<a class=\"elementor-button elementor-button-link elementor-size-sm\" href=\"https:\/\/dombert.de\/en\/#kompetenzen\">\n\t\t\t\t\t\t<span class=\"elementor-button-content-wrapper\">\n\t\t\t\t\t\t\t\t\t<span class=\"elementor-button-text\">More about our expertise<\/span>\n\t\t\t\t\t<\/span>\n\t\t\t\t\t<\/a>\n\t\t\t\t<\/div>\n\t\t\t\t\t\t\t\t<\/div>\n\t\t\t\t<\/div>\n\t\t\t\t<\/div>\n\t\t\t\t<\/div>\n\t\t\t\t<\/div>\n\t\t\t\t<\/div>","protected":false},"excerpt":{"rendered":"<p>| Ein Reformvorhaben bei der erneuten Novelle des Baugesetzbuches sorgt derzeit f\u00fcr besonders viel Diskussionsstoff: K\u00fcnftig sollen Gemeinden die M\u00f6glichkeit erhalten, den Erwerb von Immobilien durch Extremisten oder Akteure der organisierten Kriminalit\u00e4t zu verhindern \u2013 und zwar \u00fcber die Ausweitung des kommunalen Vorkaufsrechts nach \u00a7 24 Baugesetzbuch (BauGB). Es soll ein neuer Vorkaufsrechtstatbestands in \u00a7 [&hellip;]<\/p>\n","protected":false},"author":8,"featured_media":14273,"comment_status":"closed","ping_status":"closed","sticky":false,"template":"","format":"standard","meta":{"_acf_changed":false,"site-sidebar-layout":"default","site-content-layout":"","ast-site-content-layout":"default","site-content-style":"default","site-sidebar-style":"default","ast-global-header-display":"","ast-banner-title-visibility":"","ast-main-header-display":"","ast-hfb-above-header-display":"","ast-hfb-below-header-display":"","ast-hfb-mobile-header-display":"","site-post-title":"","ast-breadcrumbs-content":"","ast-featured-img":"disabled","footer-sml-layout":"","ast-disable-related-posts":"","theme-transparent-header-meta":"","adv-header-id-meta":"","stick-header-meta":"","header-above-stick-meta":"","header-main-stick-meta":"","header-below-stick-meta":"","astra-migrate-meta-layouts":"set","ast-page-background-enabled":"default","ast-page-background-meta":{"desktop":{"background-color":"","background-image":"","background-repeat":"repeat","background-position":"center center","background-size":"auto","background-attachment":"scroll","background-type":"","background-media":"","overlay-type":"","overlay-color":"","overlay-opacity":"","overlay-gradient":""},"tablet":{"background-color":"","background-image":"","background-repeat":"repeat","background-position":"center center","background-size":"auto","background-attachment":"scroll","background-type":"","background-media":"","overlay-type":"","overlay-color":"","overlay-opacity":"","overlay-gradient":""},"mobile":{"background-color":"","background-image":"","background-repeat":"repeat","background-position":"center center","background-size":"auto","background-attachment":"scroll","background-type":"","background-media":"","overlay-type":"","overlay-color":"","overlay-opacity":"","overlay-gradient":""}},"ast-content-background-meta":{"desktop":{"background-color":"var(--ast-global-color-5)","background-image":"","background-repeat":"repeat","background-position":"center center","background-size":"auto","background-attachment":"scroll","background-type":"","background-media":"","overlay-type":"","overlay-color":"","overlay-opacity":"","overlay-gradient":""},"tablet":{"background-color":"var(--ast-global-color-5)","background-image":"","background-repeat":"repeat","background-position":"center center","background-size":"auto","background-attachment":"scroll","background-type":"","background-media":"","overlay-type":"","overlay-color":"","overlay-opacity":"","overlay-gradient":""},"mobile":{"background-color":"var(--ast-global-color-5)","background-image":"","background-repeat":"repeat","background-position":"center center","background-size":"auto","background-attachment":"scroll","background-type":"","background-media":"","overlay-type":"","overlay-color":"","overlay-opacity":"","overlay-gradient":""}},"footnotes":""},"categories":[47],"tags":[],"secondary-autor":[104],"class_list":["post-14232","post","type-post","status-publish","format-standard","has-post-thumbnail","hentry","category-blogbeitrag","secondary-autor-dr-maximilian-dombert"],"acf":[],"yoast_head":"<!-- This site is optimized with the Yoast SEO plugin v27.5 - https:\/\/yoast.com\/product\/yoast-seo-wordpress\/ -->\n<title>Baurecht als Extremismusbek\u00e4mpfung: Die geplante Ausweitung des kommunalen Vorkaufsrechts - DOMBERT Rechtsanw\u00e4lte<\/title>\n<meta name=\"robots\" content=\"index, follow, max-snippet:-1, max-image-preview:large, max-video-preview:-1\" \/>\n<link rel=\"canonical\" href=\"https:\/\/dombert.de\/en\/baurecht-als-extremismusbekaempfung-die-geplante-ausweitung-des-kommunalen-vorkaufsrechts\/\" \/>\n<meta property=\"og:locale\" content=\"en_GB\" \/>\n<meta property=\"og:type\" content=\"article\" \/>\n<meta property=\"og:title\" content=\"Baurecht als Extremismusbek\u00e4mpfung: Die geplante Ausweitung des kommunalen Vorkaufsrechts - DOMBERT Rechtsanw\u00e4lte\" \/>\n<meta property=\"og:description\" content=\"| Ein Reformvorhaben bei der erneuten Novelle des Baugesetzbuches sorgt derzeit f\u00fcr besonders viel Diskussionsstoff: K\u00fcnftig sollen Gemeinden die M\u00f6glichkeit erhalten, den Erwerb von Immobilien durch Extremisten oder Akteure der organisierten Kriminalit\u00e4t zu verhindern \u2013 und zwar \u00fcber die Ausweitung des kommunalen Vorkaufsrechts nach \u00a7 24 Baugesetzbuch (BauGB). Es soll ein neuer Vorkaufsrechtstatbestands in \u00a7 [&hellip;]\" \/>\n<meta property=\"og:url\" content=\"https:\/\/dombert.de\/en\/baurecht-als-extremismusbekaempfung-die-geplante-ausweitung-des-kommunalen-vorkaufsrechts\/\" \/>\n<meta property=\"og:site_name\" content=\"DOMBERT Rechtsanw\u00e4lte\" \/>\n<meta property=\"article:published_time\" content=\"2026-04-30T07:49:41+00:00\" \/>\n<meta property=\"article:modified_time\" content=\"2026-04-30T09:48:55+00:00\" \/>\n<meta property=\"og:image\" content=\"https:\/\/dombert.de\/wp-content\/uploads\/2026\/04\/gemeindliches-vorkaufsrecht-dombert-rechtsanwaelte-maximilian-dombert.jpg\" \/>\n\t<meta property=\"og:image:width\" content=\"650\" \/>\n\t<meta property=\"og:image:height\" content=\"450\" \/>\n\t<meta property=\"og:image:type\" content=\"image\/jpeg\" \/>\n<meta name=\"author\" content=\"Christin Oldag\" \/>\n<meta name=\"twitter:card\" content=\"summary_large_image\" \/>\n<meta name=\"twitter:label1\" content=\"Written by\" \/>\n\t<meta name=\"twitter:data1\" content=\"Christin Oldag\" \/>\n\t<meta name=\"twitter:label2\" content=\"Estimated reading time\" \/>\n\t<meta name=\"twitter:data2\" content=\"5 minutes\" \/>\n<script type=\"application\/ld+json\" class=\"yoast-schema-graph\">{\"@context\":\"https:\\\/\\\/schema.org\",\"@graph\":[{\"@type\":\"Article\",\"@id\":\"https:\\\/\\\/dombert.de\\\/baurecht-als-extremismusbekaempfung-die-geplante-ausweitung-des-kommunalen-vorkaufsrechts\\\/#article\",\"isPartOf\":{\"@id\":\"https:\\\/\\\/dombert.de\\\/baurecht-als-extremismusbekaempfung-die-geplante-ausweitung-des-kommunalen-vorkaufsrechts\\\/\"},\"author\":{\"name\":\"Christin Oldag\",\"@id\":\"https:\\\/\\\/dombert.de\\\/#\\\/schema\\\/person\\\/40b5ecfa34d030412ecd758386909b2b\"},\"headline\":\"Baurecht als Extremismusbek\u00e4mpfung: Die geplante Ausweitung des kommunalen Vorkaufsrechts\",\"datePublished\":\"2026-04-30T07:49:41+00:00\",\"dateModified\":\"2026-04-30T09:48:55+00:00\",\"mainEntityOfPage\":{\"@id\":\"https:\\\/\\\/dombert.de\\\/baurecht-als-extremismusbekaempfung-die-geplante-ausweitung-des-kommunalen-vorkaufsrechts\\\/\"},\"wordCount\":827,\"publisher\":{\"@id\":\"https:\\\/\\\/dombert.de\\\/#organization\"},\"image\":{\"@id\":\"https:\\\/\\\/dombert.de\\\/baurecht-als-extremismusbekaempfung-die-geplante-ausweitung-des-kommunalen-vorkaufsrechts\\\/#primaryimage\"},\"thumbnailUrl\":\"https:\\\/\\\/dombert.de\\\/wp-content\\\/uploads\\\/2026\\\/04\\\/gemeindliches-vorkaufsrecht-dombert-rechtsanwaelte-maximilian-dombert.jpg\",\"articleSection\":[\"Blogbeitrag\"],\"inLanguage\":\"en-GB\"},{\"@type\":\"WebPage\",\"@id\":\"https:\\\/\\\/dombert.de\\\/baurecht-als-extremismusbekaempfung-die-geplante-ausweitung-des-kommunalen-vorkaufsrechts\\\/\",\"url\":\"https:\\\/\\\/dombert.de\\\/baurecht-als-extremismusbekaempfung-die-geplante-ausweitung-des-kommunalen-vorkaufsrechts\\\/\",\"name\":\"Baurecht als Extremismusbek\u00e4mpfung: Die geplante Ausweitung des kommunalen Vorkaufsrechts - DOMBERT Rechtsanw\u00e4lte\",\"isPartOf\":{\"@id\":\"https:\\\/\\\/dombert.de\\\/#website\"},\"primaryImageOfPage\":{\"@id\":\"https:\\\/\\\/dombert.de\\\/baurecht-als-extremismusbekaempfung-die-geplante-ausweitung-des-kommunalen-vorkaufsrechts\\\/#primaryimage\"},\"image\":{\"@id\":\"https:\\\/\\\/dombert.de\\\/baurecht-als-extremismusbekaempfung-die-geplante-ausweitung-des-kommunalen-vorkaufsrechts\\\/#primaryimage\"},\"thumbnailUrl\":\"https:\\\/\\\/dombert.de\\\/wp-content\\\/uploads\\\/2026\\\/04\\\/gemeindliches-vorkaufsrecht-dombert-rechtsanwaelte-maximilian-dombert.jpg\",\"datePublished\":\"2026-04-30T07:49:41+00:00\",\"dateModified\":\"2026-04-30T09:48:55+00:00\",\"breadcrumb\":{\"@id\":\"https:\\\/\\\/dombert.de\\\/baurecht-als-extremismusbekaempfung-die-geplante-ausweitung-des-kommunalen-vorkaufsrechts\\\/#breadcrumb\"},\"inLanguage\":\"en-GB\",\"potentialAction\":[{\"@type\":\"ReadAction\",\"target\":[\"https:\\\/\\\/dombert.de\\\/baurecht-als-extremismusbekaempfung-die-geplante-ausweitung-des-kommunalen-vorkaufsrechts\\\/\"]}]},{\"@type\":\"ImageObject\",\"inLanguage\":\"en-GB\",\"@id\":\"https:\\\/\\\/dombert.de\\\/baurecht-als-extremismusbekaempfung-die-geplante-ausweitung-des-kommunalen-vorkaufsrechts\\\/#primaryimage\",\"url\":\"https:\\\/\\\/dombert.de\\\/wp-content\\\/uploads\\\/2026\\\/04\\\/gemeindliches-vorkaufsrecht-dombert-rechtsanwaelte-maximilian-dombert.jpg\",\"contentUrl\":\"https:\\\/\\\/dombert.de\\\/wp-content\\\/uploads\\\/2026\\\/04\\\/gemeindliches-vorkaufsrecht-dombert-rechtsanwaelte-maximilian-dombert.jpg\",\"width\":650,\"height\":450},{\"@type\":\"BreadcrumbList\",\"@id\":\"https:\\\/\\\/dombert.de\\\/baurecht-als-extremismusbekaempfung-die-geplante-ausweitung-des-kommunalen-vorkaufsrechts\\\/#breadcrumb\",\"itemListElement\":[{\"@type\":\"ListItem\",\"position\":1,\"name\":\"Startseite\",\"item\":\"https:\\\/\\\/dombert.de\\\/\"},{\"@type\":\"ListItem\",\"position\":2,\"name\":\"Baurecht als Extremismusbek\u00e4mpfung: Die geplante Ausweitung des kommunalen Vorkaufsrechts\"}]},{\"@type\":\"WebSite\",\"@id\":\"https:\\\/\\\/dombert.de\\\/#website\",\"url\":\"https:\\\/\\\/dombert.de\\\/\",\"name\":\"DOMBERT Rechtsanw\u00e4lte\",\"description\":\"Wir sind Ihr kompetenter Ansprechpartner f\u00fcr alle Fragen des \u00f6ffentlichen Rechts.\",\"publisher\":{\"@id\":\"https:\\\/\\\/dombert.de\\\/#organization\"},\"potentialAction\":[{\"@type\":\"SearchAction\",\"target\":{\"@type\":\"EntryPoint\",\"urlTemplate\":\"https:\\\/\\\/dombert.de\\\/?s={search_term_string}\"},\"query-input\":{\"@type\":\"PropertyValueSpecification\",\"valueRequired\":true,\"valueName\":\"search_term_string\"}}],\"inLanguage\":\"en-GB\"},{\"@type\":\"Organization\",\"@id\":\"https:\\\/\\\/dombert.de\\\/#organization\",\"name\":\"DOMBERT Rechtsanw\u00e4lte\",\"url\":\"https:\\\/\\\/dombert.de\\\/\",\"logo\":{\"@type\":\"ImageObject\",\"inLanguage\":\"en-GB\",\"@id\":\"https:\\\/\\\/dombert.de\\\/#\\\/schema\\\/logo\\\/image\\\/\",\"url\":\"https:\\\/\\\/dombert.de\\\/wp-content\\\/uploads\\\/2025\\\/02\\\/Dombert-Logo_negativ_rgb.png\",\"contentUrl\":\"https:\\\/\\\/dombert.de\\\/wp-content\\\/uploads\\\/2025\\\/02\\\/Dombert-Logo_negativ_rgb.png\",\"width\":459,\"height\":206,\"caption\":\"DOMBERT Rechtsanw\u00e4lte\"},\"image\":{\"@id\":\"https:\\\/\\\/dombert.de\\\/#\\\/schema\\\/logo\\\/image\\\/\"},\"sameAs\":[\"https:\\\/\\\/www.linkedin.com\\\/company\\\/dombert-rechtsanwaelte\\\/posts\\\/?feedView=all\"]},{\"@type\":\"Person\",\"@id\":\"https:\\\/\\\/dombert.de\\\/#\\\/schema\\\/person\\\/40b5ecfa34d030412ecd758386909b2b\",\"name\":\"Christin Oldag\",\"image\":{\"@type\":\"ImageObject\",\"inLanguage\":\"en-GB\",\"@id\":\"https:\\\/\\\/secure.gravatar.com\\\/avatar\\\/d440d12d29fc73e1e88a07da22628c8398386ef952cebddba89bcaa0c381cbd5?s=96&d=mm&r=g\",\"url\":\"https:\\\/\\\/secure.gravatar.com\\\/avatar\\\/d440d12d29fc73e1e88a07da22628c8398386ef952cebddba89bcaa0c381cbd5?s=96&d=mm&r=g\",\"contentUrl\":\"https:\\\/\\\/secure.gravatar.com\\\/avatar\\\/d440d12d29fc73e1e88a07da22628c8398386ef952cebddba89bcaa0c381cbd5?s=96&d=mm&r=g\",\"caption\":\"Christin Oldag\"}}]}<\/script>\n<!-- \/ Yoast SEO plugin. -->","yoast_head_json":{"title":"Baurecht als Extremismusbek\u00e4mpfung: Die geplante Ausweitung des kommunalen Vorkaufsrechts - DOMBERT Rechtsanw\u00e4lte","robots":{"index":"index","follow":"follow","max-snippet":"max-snippet:-1","max-image-preview":"max-image-preview:large","max-video-preview":"max-video-preview:-1"},"canonical":"https:\/\/dombert.de\/en\/baurecht-als-extremismusbekaempfung-die-geplante-ausweitung-des-kommunalen-vorkaufsrechts\/","og_locale":"en_GB","og_type":"article","og_title":"Baurecht als Extremismusbek\u00e4mpfung: Die geplante Ausweitung des kommunalen Vorkaufsrechts - DOMBERT Rechtsanw\u00e4lte","og_description":"| Ein Reformvorhaben bei der erneuten Novelle des Baugesetzbuches sorgt derzeit f\u00fcr besonders viel Diskussionsstoff: K\u00fcnftig sollen Gemeinden die M\u00f6glichkeit erhalten, den Erwerb von Immobilien durch Extremisten oder Akteure der organisierten Kriminalit\u00e4t zu verhindern \u2013 und zwar \u00fcber die Ausweitung des kommunalen Vorkaufsrechts nach \u00a7 24 Baugesetzbuch (BauGB). Es soll ein neuer Vorkaufsrechtstatbestands in \u00a7 [&hellip;]","og_url":"https:\/\/dombert.de\/en\/baurecht-als-extremismusbekaempfung-die-geplante-ausweitung-des-kommunalen-vorkaufsrechts\/","og_site_name":"DOMBERT Rechtsanw\u00e4lte","article_published_time":"2026-04-30T07:49:41+00:00","article_modified_time":"2026-04-30T09:48:55+00:00","og_image":[{"width":650,"height":450,"url":"https:\/\/dombert.de\/wp-content\/uploads\/2026\/04\/gemeindliches-vorkaufsrecht-dombert-rechtsanwaelte-maximilian-dombert.jpg","type":"image\/jpeg"}],"author":"Christin Oldag","twitter_card":"summary_large_image","twitter_misc":{"Written by":"Christin Oldag","Estimated reading time":"5 minutes"},"schema":{"@context":"https:\/\/schema.org","@graph":[{"@type":"Article","@id":"https:\/\/dombert.de\/baurecht-als-extremismusbekaempfung-die-geplante-ausweitung-des-kommunalen-vorkaufsrechts\/#article","isPartOf":{"@id":"https:\/\/dombert.de\/baurecht-als-extremismusbekaempfung-die-geplante-ausweitung-des-kommunalen-vorkaufsrechts\/"},"author":{"name":"Christin Oldag","@id":"https:\/\/dombert.de\/#\/schema\/person\/40b5ecfa34d030412ecd758386909b2b"},"headline":"Baurecht als Extremismusbek\u00e4mpfung: Die geplante Ausweitung des kommunalen Vorkaufsrechts","datePublished":"2026-04-30T07:49:41+00:00","dateModified":"2026-04-30T09:48:55+00:00","mainEntityOfPage":{"@id":"https:\/\/dombert.de\/baurecht-als-extremismusbekaempfung-die-geplante-ausweitung-des-kommunalen-vorkaufsrechts\/"},"wordCount":827,"publisher":{"@id":"https:\/\/dombert.de\/#organization"},"image":{"@id":"https:\/\/dombert.de\/baurecht-als-extremismusbekaempfung-die-geplante-ausweitung-des-kommunalen-vorkaufsrechts\/#primaryimage"},"thumbnailUrl":"https:\/\/dombert.de\/wp-content\/uploads\/2026\/04\/gemeindliches-vorkaufsrecht-dombert-rechtsanwaelte-maximilian-dombert.jpg","articleSection":["Blogbeitrag"],"inLanguage":"en-GB"},{"@type":"WebPage","@id":"https:\/\/dombert.de\/baurecht-als-extremismusbekaempfung-die-geplante-ausweitung-des-kommunalen-vorkaufsrechts\/","url":"https:\/\/dombert.de\/baurecht-als-extremismusbekaempfung-die-geplante-ausweitung-des-kommunalen-vorkaufsrechts\/","name":"Baurecht als Extremismusbek\u00e4mpfung: Die geplante Ausweitung des kommunalen Vorkaufsrechts - DOMBERT Rechtsanw\u00e4lte","isPartOf":{"@id":"https:\/\/dombert.de\/#website"},"primaryImageOfPage":{"@id":"https:\/\/dombert.de\/baurecht-als-extremismusbekaempfung-die-geplante-ausweitung-des-kommunalen-vorkaufsrechts\/#primaryimage"},"image":{"@id":"https:\/\/dombert.de\/baurecht-als-extremismusbekaempfung-die-geplante-ausweitung-des-kommunalen-vorkaufsrechts\/#primaryimage"},"thumbnailUrl":"https:\/\/dombert.de\/wp-content\/uploads\/2026\/04\/gemeindliches-vorkaufsrecht-dombert-rechtsanwaelte-maximilian-dombert.jpg","datePublished":"2026-04-30T07:49:41+00:00","dateModified":"2026-04-30T09:48:55+00:00","breadcrumb":{"@id":"https:\/\/dombert.de\/baurecht-als-extremismusbekaempfung-die-geplante-ausweitung-des-kommunalen-vorkaufsrechts\/#breadcrumb"},"inLanguage":"en-GB","potentialAction":[{"@type":"ReadAction","target":["https:\/\/dombert.de\/baurecht-als-extremismusbekaempfung-die-geplante-ausweitung-des-kommunalen-vorkaufsrechts\/"]}]},{"@type":"ImageObject","inLanguage":"en-GB","@id":"https:\/\/dombert.de\/baurecht-als-extremismusbekaempfung-die-geplante-ausweitung-des-kommunalen-vorkaufsrechts\/#primaryimage","url":"https:\/\/dombert.de\/wp-content\/uploads\/2026\/04\/gemeindliches-vorkaufsrecht-dombert-rechtsanwaelte-maximilian-dombert.jpg","contentUrl":"https:\/\/dombert.de\/wp-content\/uploads\/2026\/04\/gemeindliches-vorkaufsrecht-dombert-rechtsanwaelte-maximilian-dombert.jpg","width":650,"height":450},{"@type":"BreadcrumbList","@id":"https:\/\/dombert.de\/baurecht-als-extremismusbekaempfung-die-geplante-ausweitung-des-kommunalen-vorkaufsrechts\/#breadcrumb","itemListElement":[{"@type":"ListItem","position":1,"name":"Startseite","item":"https:\/\/dombert.de\/"},{"@type":"ListItem","position":2,"name":"Baurecht als Extremismusbek\u00e4mpfung: Die geplante Ausweitung des kommunalen Vorkaufsrechts"}]},{"@type":"WebSite","@id":"https:\/\/dombert.de\/#website","url":"https:\/\/dombert.de\/","name":"DOMBERT Rechtsanw\u00e4lte","description":"We are your expert partner for all matters relating to public law.","publisher":{"@id":"https:\/\/dombert.de\/#organization"},"potentialAction":[{"@type":"SearchAction","target":{"@type":"EntryPoint","urlTemplate":"https:\/\/dombert.de\/?s={search_term_string}"},"query-input":{"@type":"PropertyValueSpecification","valueRequired":true,"valueName":"search_term_string"}}],"inLanguage":"en-GB"},{"@type":"Organization","@id":"https:\/\/dombert.de\/#organization","name":"DOMBERT Rechtsanw\u00e4lte","url":"https:\/\/dombert.de\/","logo":{"@type":"ImageObject","inLanguage":"en-GB","@id":"https:\/\/dombert.de\/#\/schema\/logo\/image\/","url":"https:\/\/dombert.de\/wp-content\/uploads\/2025\/02\/Dombert-Logo_negativ_rgb.png","contentUrl":"https:\/\/dombert.de\/wp-content\/uploads\/2025\/02\/Dombert-Logo_negativ_rgb.png","width":459,"height":206,"caption":"DOMBERT Rechtsanw\u00e4lte"},"image":{"@id":"https:\/\/dombert.de\/#\/schema\/logo\/image\/"},"sameAs":["https:\/\/www.linkedin.com\/company\/dombert-rechtsanwaelte\/posts\/?feedView=all"]},{"@type":"Person","@id":"https:\/\/dombert.de\/#\/schema\/person\/40b5ecfa34d030412ecd758386909b2b","name":"Christin Oldag","image":{"@type":"ImageObject","inLanguage":"en-GB","@id":"https:\/\/secure.gravatar.com\/avatar\/d440d12d29fc73e1e88a07da22628c8398386ef952cebddba89bcaa0c381cbd5?s=96&d=mm&r=g","url":"https:\/\/secure.gravatar.com\/avatar\/d440d12d29fc73e1e88a07da22628c8398386ef952cebddba89bcaa0c381cbd5?s=96&d=mm&r=g","contentUrl":"https:\/\/secure.gravatar.com\/avatar\/d440d12d29fc73e1e88a07da22628c8398386ef952cebddba89bcaa0c381cbd5?s=96&d=mm&r=g","caption":"Christin Oldag"}}]}},"publishpress_future_workflow_manual_trigger":{"enabledWorkflows":[]},"_links":{"self":[{"href":"https:\/\/dombert.de\/en\/wp-json\/wp\/v2\/posts\/14232","targetHints":{"allow":["GET"]}}],"collection":[{"href":"https:\/\/dombert.de\/en\/wp-json\/wp\/v2\/posts"}],"about":[{"href":"https:\/\/dombert.de\/en\/wp-json\/wp\/v2\/types\/post"}],"author":[{"embeddable":true,"href":"https:\/\/dombert.de\/en\/wp-json\/wp\/v2\/users\/8"}],"replies":[{"embeddable":true,"href":"https:\/\/dombert.de\/en\/wp-json\/wp\/v2\/comments?post=14232"}],"version-history":[{"count":7,"href":"https:\/\/dombert.de\/en\/wp-json\/wp\/v2\/posts\/14232\/revisions"}],"predecessor-version":[{"id":14272,"href":"https:\/\/dombert.de\/en\/wp-json\/wp\/v2\/posts\/14232\/revisions\/14272"}],"wp:featuredmedia":[{"embeddable":true,"href":"https:\/\/dombert.de\/en\/wp-json\/wp\/v2\/media\/14273"}],"wp:attachment":[{"href":"https:\/\/dombert.de\/en\/wp-json\/wp\/v2\/media?parent=14232"}],"wp:term":[{"taxonomy":"category","embeddable":true,"href":"https:\/\/dombert.de\/en\/wp-json\/wp\/v2\/categories?post=14232"},{"taxonomy":"post_tag","embeddable":true,"href":"https:\/\/dombert.de\/en\/wp-json\/wp\/v2\/tags?post=14232"},{"taxonomy":"secondary-autor","embeddable":true,"href":"https:\/\/dombert.de\/en\/wp-json\/wp\/v2\/secondary-autor?post=14232"}],"curies":[{"name":"wp","href":"https:\/\/api.w.org\/{rel}","templated":true}]}}