{"id":3807,"date":"2025-02-20T13:52:25","date_gmt":"2025-02-20T12:52:25","guid":{"rendered":"https:\/\/dombert.de\/?p=3807"},"modified":"2025-03-23T20:17:19","modified_gmt":"2025-03-23T19:17:19","slug":"federal-government-supports-child-day-care-with-a-further-4-billion-euros","status":"publish","type":"post","link":"https:\/\/dombert.de\/en\/bund-foerdert-kindertagesbetreuung-mit-weiteren-4-milliarden-euro\/","title":{"rendered":"Federal government funds child daycare with a further 4 billion euros"},"content":{"rendered":"<div data-elementor-type=\"wp-post\" data-elementor-id=\"3807\" class=\"elementor elementor-3807\" data-elementor-post-type=\"post\">\n\t\t\t\t<div class=\"elementor-element elementor-element-f226761 e-con-full e-flex e-con e-parent\" data-id=\"f226761\" data-element_type=\"container\" data-e-type=\"container\" data-settings=\"{&quot;background_background&quot;:&quot;classic&quot;}\">\n\t\t<div class=\"elementor-element elementor-element-0c01741 e-con-full e-flex e-con e-child\" data-id=\"0c01741\" data-element_type=\"container\" data-e-type=\"container\">\n\t\t\t\t<div class=\"elementor-element elementor-element-c011ca7 elementor-widget-divider--view-line elementor-widget elementor-widget-divider\" data-id=\"c011ca7\" data-element_type=\"widget\" data-e-type=\"widget\" data-widget_type=\"divider.default\">\n\t\t\t\t<div class=\"elementor-widget-container\">\n\t\t\t\t\t\t\t<div class=\"elementor-divider\">\n\t\t\t<span class=\"elementor-divider-separator\">\n\t\t\t\t\t\t<\/span>\n\t\t<\/div>\n\t\t\t\t\t\t<\/div>\n\t\t\t\t<\/div>\n\t\t\t\t<div class=\"elementor-element elementor-element-37ce27f elementor-widget__width-auto elementor-widget-mobile__width-initial elementor-widget elementor-widget-heading\" data-id=\"37ce27f\" data-element_type=\"widget\" data-e-type=\"widget\" data-widget_type=\"heading.default\">\n\t\t\t\t<div class=\"elementor-widget-container\">\n\t\t\t\t\t<h2 class=\"elementor-heading-title elementor-size-default\">Federal government funds child daycare with a further 4 billion euros<\/h2>\t\t\t\t<\/div>\n\t\t\t\t<\/div>\n\t\t<div class=\"elementor-element elementor-element-e32b802 e-con-full e-flex e-con e-child\" data-id=\"e32b802\" data-element_type=\"container\" data-e-type=\"container\">\n\t\t\t\t<div class=\"elementor-element elementor-element-6559f16 elementor-widget__width-initial elementor-widget-divider--view-line elementor-widget elementor-widget-divider\" data-id=\"6559f16\" data-element_type=\"widget\" data-e-type=\"widget\" data-widget_type=\"divider.default\">\n\t\t\t\t<div class=\"elementor-widget-container\">\n\t\t\t\t\t\t\t<div class=\"elementor-divider\">\n\t\t\t<span class=\"elementor-divider-separator\">\n\t\t\t\t\t\t<\/span>\n\t\t<\/div>\n\t\t\t\t\t\t<\/div>\n\t\t\t\t<\/div>\n\t\t\t\t<div class=\"elementor-element elementor-element-a5497c4 elementor-widget__width-auto elementor-widget-tablet__width-initial elementor-widget-tablet_extra__width-initial elementor-widget elementor-widget-heading\" data-id=\"a5497c4\" data-element_type=\"widget\" data-e-type=\"widget\" data-widget_type=\"heading.default\">\n\t\t\t\t<div class=\"elementor-widget-container\">\n\t\t\t\t\t<h3 class=\"elementor-heading-title elementor-size-default\"><span>Dr. Beate Schulte zu Sodingen<\/span> | <span>Franziska Wilke<\/span><\/h3>\t\t\t\t<\/div>\n\t\t\t\t<\/div>\n\t\t\t\t<\/div>\n\t\t<div class=\"elementor-element elementor-element-6ef1b15 e-con-full e-flex e-con e-child\" data-id=\"6ef1b15\" data-element_type=\"container\" data-e-type=\"container\">\n\t\t\t\t<div class=\"elementor-element elementor-element-016efb9 elementor-widget__width-auto elementor-view-default elementor-widget elementor-widget-icon\" data-id=\"016efb9\" data-element_type=\"widget\" data-e-type=\"widget\" data-widget_type=\"icon.default\">\n\t\t\t\t<div class=\"elementor-widget-container\">\n\t\t\t\t\t\t\t<div class=\"elementor-icon-wrapper\">\n\t\t\t<a class=\"elementor-icon elementor-animation-grow\" href=\"https:\/\/www.linkedin.com\/company\/dombert-rechtsanwaelte\/posts\/?feedView=all\" target=\"_blank\">\n\t\t\t<svg aria-hidden=\"true\" class=\"e-font-icon-svg e-fab-linkedin\" viewbox=\"0 0 448 512\" xmlns=\"http:\/\/www.w3.org\/2000\/svg\"><path d=\"M416 32H31.9C14.3 32 0 46.5 0 64.3v383.4C0 465.5 14.3 480 31.9 480H416c17.6 0 32-14.5 32-32.3V64.3c0-17.8-14.4-32.3-32-32.3zM135.4 416H69V202.2h66.5V416zm-33.2-243c-21.3 0-38.5-17.3-38.5-38.5S80.9 96 102.2 96c21.2 0 38.5 17.3 38.5 38.5 0 21.3-17.2 38.5-38.5 38.5zm282.1 243h-66.4V312c0-24.8-.5-56.7-34.5-56.7-34.6 0-39.9 27-39.9 54.9V416h-66.4V202.2h63.7v29.2h.9c8.9-16.8 30.6-34.5 62.9-34.5 67.2 0 79.7 44.3 79.7 101.9V416z\"><\/path><\/svg>\t\t\t<\/a>\n\t\t<\/div>\n\t\t\t\t\t\t<\/div>\n\t\t\t\t<\/div>\n\t\t\t\t<\/div>\n\t\t\t\t<\/div>\n\t\t\t\t<\/div>\n\t\t<div class=\"elementor-element elementor-element-3770a38d e-con-full e-flex e-con e-parent\" data-id=\"3770a38d\" data-element_type=\"container\" data-e-type=\"container\" data-settings=\"{&quot;background_background&quot;:&quot;classic&quot;}\">\n\t\t<div class=\"elementor-element elementor-element-3acc97f6 e-con-full e-flex e-con e-child\" data-id=\"3acc97f6\" data-element_type=\"container\" data-e-type=\"container\">\n\t\t<div class=\"elementor-element elementor-element-7bc7ec48 e-con-full e-flex e-con e-child\" data-id=\"7bc7ec48\" data-element_type=\"container\" data-e-type=\"container\">\n\t\t\t\t<div class=\"elementor-element elementor-element-c9d5b0d elementor-widget__width-initial elementor-widget-divider--view-line elementor-widget elementor-widget-divider\" data-id=\"c9d5b0d\" data-element_type=\"widget\" data-e-type=\"widget\" data-widget_type=\"divider.default\">\n\t\t\t\t<div class=\"elementor-widget-container\">\n\t\t\t\t\t\t\t<div class=\"elementor-divider\">\n\t\t\t<span class=\"elementor-divider-separator\">\n\t\t\t\t\t\t<\/span>\n\t\t<\/div>\n\t\t\t\t\t\t<\/div>\n\t\t\t\t<\/div>\n\t\t\t\t<div class=\"elementor-element elementor-element-501fc2b9 elementor-widget__width-auto elementor-widget-tablet__width-auto elementor-widget-mobile__width-auto elementor-widget elementor-widget-heading\" data-id=\"501fc2b9\" data-element_type=\"widget\" data-e-type=\"widget\" data-widget_type=\"heading.default\">\n\t\t\t\t<div class=\"elementor-widget-container\">\n\t\t\t\t\t<h3 class=\"elementor-heading-title elementor-size-default\"><span>Posts<\/span><\/h3>\t\t\t\t<\/div>\n\t\t\t\t<\/div>\n\t\t\t\t<div class=\"elementor-element elementor-element-5f3d9695 elementor-widget__width-auto elementor-widget-tablet__width-auto elementor-widget-mobile__width-auto elementor-widget elementor-widget-heading\" data-id=\"5f3d9695\" data-element_type=\"widget\" data-e-type=\"widget\" data-widget_type=\"heading.default\">\n\t\t\t\t<div class=\"elementor-widget-container\">\n\t\t\t\t\t<h3 class=\"elementor-heading-title elementor-size-default\">|<\/h3>\t\t\t\t<\/div>\n\t\t\t\t<\/div>\n\t\t\t\t<div class=\"elementor-element elementor-element-2db51bb7 elementor-widget__width-auto elementor-widget-tablet__width-auto elementor-widget-mobile__width-auto elementor-widget elementor-widget-heading\" data-id=\"2db51bb7\" data-element_type=\"widget\" data-e-type=\"widget\" data-widget_type=\"heading.default\">\n\t\t\t\t<div class=\"elementor-widget-container\">\n\t\t\t\t\t<h3 class=\"elementor-heading-title elementor-size-default\">20.02.2025<\/h3>\t\t\t\t<\/div>\n\t\t\t\t<\/div>\n\t\t\t\t<\/div>\n\t\t<div class=\"elementor-element elementor-element-1e512640 e-grid e-con-full e-con e-child\" data-id=\"1e512640\" data-element_type=\"container\" data-e-type=\"container\">\n\t\t\t\t<div class=\"elementor-element elementor-element-35cc0fcd elementor-widget__width-initial elementor-widget-tablet__width-initial elementor-widget-mobile__width-initial elementor-widget elementor-widget-text-editor\" data-id=\"35cc0fcd\" data-element_type=\"widget\" data-e-type=\"widget\" data-widget_type=\"text-editor.default\">\n\t\t\t\t<div class=\"elementor-widget-container\">\n\t\t\t\t\t\t\t\t\t<p>On 1 January 2025, the second version of the KiTa-Qualit\u00e4ts- und -Teilhabeverbesserungsgesetz (\u201eKita-Qualit\u00e4tsgesetz\u201c for short) came into force. This means that the federal government will once again provide the federal states with around four billion euros by the end of 2026 to promote early childhood education and care in daycare centres and to further develop the quality of childcare throughout Germany.<\/p><p>\u00a0<\/p><p>The law continues and further develops the content of the KiTa Quality Act, which has been in force since 2023. This makes it the third law to improve the quality of childcare in German daycare centres after the Good Daycare Centre Act.<\/p><p>\u00a0<\/p><p>As before, the amended Daycare Centre Quality Act contains seven areas that are designated as \u201efields of action of priority importance\u201c. The federal states may only use the federal funds for these areas. These include, for example, taking into account downtime or time for indirect educational work, inclusive support for all children and timely and continuous needs planning. However, a new regulation stipulates that from 2025, all federal states must invest in recruiting and securing specialised staff as well as language support for children. However, measures that do not belong to the areas mentioned and were contractually agreed up to and including 31 December 2024 may be continued until the end of 2025.<\/p>\t\t\t\t\t\t\t\t<\/div>\n\t\t\t\t<\/div>\n\t\t\t\t<div class=\"elementor-element elementor-element-27257986 elementor-widget__width-initial elementor-widget-tablet__width-inherit elementor-widget-mobile__width-inherit elementor-widget elementor-widget-image\" data-id=\"27257986\" data-element_type=\"widget\" data-e-type=\"widget\" data-widget_type=\"image.default\">\n\t\t\t\t<div class=\"elementor-widget-container\">\n\t\t\t\t\t\t\t\t\t\t\t\t\t\t\t<img fetchpriority=\"high\" decoding=\"async\" width=\"650\" height=\"450\" src=\"https:\/\/dombert.de\/wp-content\/uploads\/2025\/02\/bund-foerdert-kindertagesbetreuung-dombert-rechtsanwaelte.jpg\" class=\"attachment-full size-full wp-image-3818\" alt=\"\" srcset=\"https:\/\/dombert.de\/wp-content\/uploads\/2025\/02\/bund-foerdert-kindertagesbetreuung-dombert-rechtsanwaelte.jpg 650w, https:\/\/dombert.de\/wp-content\/uploads\/2025\/02\/bund-foerdert-kindertagesbetreuung-dombert-rechtsanwaelte-300x208.jpg 300w\" sizes=\"(max-width: 650px) 100vw, 650px\" \/>\t\t\t\t\t\t\t\t\t\t\t\t\t\t\t<\/div>\n\t\t\t\t<\/div>\n\t\t\t\t<\/div>\n\t\t\t\t<\/div>\n\t\t\t\t<\/div>\n\t\t<div class=\"elementor-element elementor-element-5bdeed60 e-con-full e-flex e-con e-parent\" data-id=\"5bdeed60\" data-element_type=\"container\" data-e-type=\"container\" data-settings=\"{&quot;background_background&quot;:&quot;classic&quot;}\">\n\t\t<div class=\"elementor-element elementor-element-76c16713 e-con-full e-flex e-con e-child\" data-id=\"76c16713\" data-element_type=\"container\" data-e-type=\"container\">\n\t\t\t\t<div class=\"elementor-element elementor-element-2a15326b elementor-widget__width-initial elementor-widget elementor-widget-heading\" data-id=\"2a15326b\" data-element_type=\"widget\" data-e-type=\"widget\" data-widget_type=\"heading.default\">\n\t\t\t\t<div class=\"elementor-widget-container\">\n\t\t\t\t\t<h2 class=\"elementor-heading-title elementor-size-default\"><b>DOMBERT<\/b> Lawyers <\/h2>\t\t\t\t<\/div>\n\t\t\t\t<\/div>\n\t\t<div class=\"elementor-element elementor-element-4dde8364 e-con-full e-flex e-con e-child\" data-id=\"4dde8364\" data-element_type=\"container\" data-e-type=\"container\">\n\t\t\t\t<div class=\"elementor-element elementor-element-2139e65a elementor-widget__width-initial elementor-widget-divider--view-line elementor-widget elementor-widget-divider\" data-id=\"2139e65a\" data-element_type=\"widget\" data-e-type=\"widget\" data-widget_type=\"divider.default\">\n\t\t\t\t<div class=\"elementor-widget-container\">\n\t\t\t\t\t\t\t<div class=\"elementor-divider\">\n\t\t\t<span class=\"elementor-divider-separator\">\n\t\t\t\t\t\t<\/span>\n\t\t<\/div>\n\t\t\t\t\t\t<\/div>\n\t\t\t\t<\/div>\n\t\t\t\t<div class=\"elementor-element elementor-element-414a502e elementor-widget__width-auto elementor-widget-tablet_extra__width-initial elementor-widget-tablet__width-initial elementor-widget-mobile_extra__width-initial elementor-widget-mobile__width-initial elementor-widget elementor-widget-heading\" data-id=\"414a502e\" data-element_type=\"widget\" data-e-type=\"widget\" data-widget_type=\"heading.default\">\n\t\t\t\t<div class=\"elementor-widget-container\">\n\t\t\t\t\t<h3 class=\"elementor-heading-title elementor-size-default\">Our work covers all legal issues and conflicts in which the state, municipalities or authorities are involved.<\/h3>\t\t\t\t<\/div>\n\t\t\t\t<\/div>\n\t\t\t\t<\/div>\n\t\t<div class=\"elementor-element elementor-element-4ca3b358 e-con-full e-flex e-con e-child\" data-id=\"4ca3b358\" data-element_type=\"container\" data-e-type=\"container\">\n\t\t\t\t<div class=\"elementor-element elementor-element-4c2adb2a elementor-widget elementor-widget-button\" data-id=\"4c2adb2a\" data-element_type=\"widget\" data-e-type=\"widget\" data-widget_type=\"button.default\">\n\t\t\t\t<div class=\"elementor-widget-container\">\n\t\t\t\t\t\t\t\t\t<div class=\"elementor-button-wrapper\">\n\t\t\t\t\t<a class=\"elementor-button elementor-button-link elementor-size-sm\" href=\"https:\/\/dombert.de\/en\/law-firm\/\">\n\t\t\t\t\t\t<span class=\"elementor-button-content-wrapper\">\n\t\t\t\t\t\t\t\t\t<span class=\"elementor-button-text\">More about our firm<\/span>\n\t\t\t\t\t<\/span>\n\t\t\t\t\t<\/a>\n\t\t\t\t<\/div>\n\t\t\t\t\t\t\t\t<\/div>\n\t\t\t\t<\/div>\n\t\t\t\t<div class=\"elementor-element elementor-element-8fa0f97 elementor-widget elementor-widget-button\" data-id=\"8fa0f97\" data-element_type=\"widget\" data-e-type=\"widget\" data-widget_type=\"button.default\">\n\t\t\t\t<div class=\"elementor-widget-container\">\n\t\t\t\t\t\t\t\t\t<div class=\"elementor-button-wrapper\">\n\t\t\t\t\t<a class=\"elementor-button elementor-button-link elementor-size-sm\" href=\"https:\/\/dombert.de\/en\/#kompetenzen\">\n\t\t\t\t\t\t<span class=\"elementor-button-content-wrapper\">\n\t\t\t\t\t\t\t\t\t<span class=\"elementor-button-text\">More about our expertise<\/span>\n\t\t\t\t\t<\/span>\n\t\t\t\t\t<\/a>\n\t\t\t\t<\/div>\n\t\t\t\t\t\t\t\t<\/div>\n\t\t\t\t<\/div>\n\t\t\t\t<\/div>\n\t\t\t\t<\/div>\n\t\t\t\t<\/div>\n\t\t\t\t<\/div>","protected":false},"excerpt":{"rendered":"<p>| Am 1. Januar 2025 ist die zweite Fassung des KiTa-Qualit\u00e4ts- und -Teilhabeverbesserungsgesetz (kurz \u201eKita-Qualit\u00e4tsgesetz\u201c) in Kraft getreten. Damit stellt der Bund den L\u00e4ndern bis Ende 2026 erneut rund vier Milliarden Euro zur Verf\u00fcgung, um die fr\u00fchkindliche Bildung, Betreuung und Erziehung in Kitas zu f\u00f6rdern und die Qualit\u00e4t der Kindertagesbetreuung deutschlandweit weiterzuentwickeln. \u00a0 Mit dem [&hellip;]<\/p>\n","protected":false},"author":3,"featured_media":3818,"comment_status":"closed","ping_status":"closed","sticky":false,"template":"","format":"standard","meta":{"_acf_changed":false,"site-sidebar-layout":"default","site-content-layout":"","ast-site-content-layout":"default","site-content-style":"default","site-sidebar-style":"default","ast-global-header-display":"","ast-banner-title-visibility":"","ast-main-header-display":"","ast-hfb-above-header-display":"","ast-hfb-below-header-display":"","ast-hfb-mobile-header-display":"","site-post-title":"","ast-breadcrumbs-content":"","ast-featured-img":"disabled","footer-sml-layout":"","ast-disable-related-posts":"","theme-transparent-header-meta":"","adv-header-id-meta":"","stick-header-meta":"","header-above-stick-meta":"","header-main-stick-meta":"","header-below-stick-meta":"","astra-migrate-meta-layouts":"set","ast-page-background-enabled":"default","ast-page-background-meta":{"desktop":{"background-color":"","background-image":"","background-repeat":"repeat","background-position":"center center","background-size":"auto","background-attachment":"scroll","background-type":"","background-media":"","overlay-type":"","overlay-color":"","overlay-opacity":"","overlay-gradient":""},"tablet":{"background-color":"","background-image":"","background-repeat":"repeat","background-position":"center center","background-size":"auto","background-attachment":"scroll","background-type":"","background-media":"","overlay-type":"","overlay-color":"","overlay-opacity":"","overlay-gradient":""},"mobile":{"background-color":"","background-image":"","background-repeat":"repeat","background-position":"center center","background-size":"auto","background-attachment":"scroll","background-type":"","background-media":"","overlay-type":"","overlay-color":"","overlay-opacity":"","overlay-gradient":""}},"ast-content-background-meta":{"desktop":{"background-color":"var(--ast-global-color-5)","background-image":"","background-repeat":"repeat","background-position":"center center","background-size":"auto","background-attachment":"scroll","background-type":"","background-media":"","overlay-type":"","overlay-color":"","overlay-opacity":"","overlay-gradient":""},"tablet":{"background-color":"var(--ast-global-color-5)","background-image":"","background-repeat":"repeat","background-position":"center center","background-size":"auto","background-attachment":"scroll","background-type":"","background-media":"","overlay-type":"","overlay-color":"","overlay-opacity":"","overlay-gradient":""},"mobile":{"background-color":"var(--ast-global-color-5)","background-image":"","background-repeat":"repeat","background-position":"center center","background-size":"auto","background-attachment":"scroll","background-type":"","background-media":"","overlay-type":"","overlay-color":"","overlay-opacity":"","overlay-gradient":""}},"footnotes":""},"categories":[45],"tags":[],"secondary-autor":[102,88],"class_list":["post-3807","post","type-post","status-publish","format-standard","has-post-thumbnail","hentry","category-meldung","secondary-autor-dr-beate-schulte-zu-sodingen","secondary-autor-franziska-wilke"],"acf":[],"yoast_head":"<!-- This site is optimized with the Yoast SEO plugin v27.5 - https:\/\/yoast.com\/product\/yoast-seo-wordpress\/ -->\n<title>Bund f\u00f6rdert Kindertagesbetreuung mit weiteren 4 Milliarden Euro - DOMBERT Rechtsanw\u00e4lte<\/title>\n<meta name=\"robots\" content=\"index, follow, max-snippet:-1, max-image-preview:large, max-video-preview:-1\" \/>\n<link rel=\"canonical\" href=\"https:\/\/dombert.de\/en\/federal-government-supports-child-day-care-with-a-further-4-billion-euros\/\" \/>\n<meta property=\"og:locale\" content=\"en_GB\" \/>\n<meta property=\"og:type\" content=\"article\" \/>\n<meta property=\"og:title\" content=\"Bund f\u00f6rdert Kindertagesbetreuung mit weiteren 4 Milliarden Euro - DOMBERT Rechtsanw\u00e4lte\" \/>\n<meta property=\"og:description\" content=\"| Am 1. Januar 2025 ist die zweite Fassung des KiTa-Qualit\u00e4ts- und -Teilhabeverbesserungsgesetz (kurz \u201eKita-Qualit\u00e4tsgesetz\u201c) in Kraft getreten. Damit stellt der Bund den L\u00e4ndern bis Ende 2026 erneut rund vier Milliarden Euro zur Verf\u00fcgung, um die fr\u00fchkindliche Bildung, Betreuung und Erziehung in Kitas zu f\u00f6rdern und die Qualit\u00e4t der Kindertagesbetreuung deutschlandweit weiterzuentwickeln. \u00a0 Mit dem [&hellip;]\" \/>\n<meta property=\"og:url\" content=\"https:\/\/dombert.de\/en\/federal-government-supports-child-day-care-with-a-further-4-billion-euros\/\" \/>\n<meta property=\"og:site_name\" content=\"DOMBERT Rechtsanw\u00e4lte\" \/>\n<meta property=\"article:published_time\" content=\"2025-02-20T12:52:25+00:00\" \/>\n<meta property=\"article:modified_time\" content=\"2025-03-23T19:17:19+00:00\" \/>\n<meta property=\"og:image\" content=\"https:\/\/dombert.de\/wp-content\/uploads\/2025\/02\/bund-foerdert-kindertagesbetreuung-dombert-rechtsanwaelte.jpg\" \/>\n\t<meta property=\"og:image:width\" content=\"650\" \/>\n\t<meta property=\"og:image:height\" content=\"450\" \/>\n\t<meta property=\"og:image:type\" content=\"image\/jpeg\" \/>\n<meta name=\"author\" content=\"Admin\" \/>\n<meta name=\"twitter:card\" content=\"summary_large_image\" \/>\n<meta name=\"twitter:label1\" content=\"Written by\" \/>\n\t<meta name=\"twitter:data1\" content=\"Admin\" \/>\n\t<meta name=\"twitter:label2\" content=\"Estimated reading time\" \/>\n\t<meta name=\"twitter:data2\" content=\"1 minute\" \/>\n<script type=\"application\/ld+json\" class=\"yoast-schema-graph\">{\"@context\":\"https:\\\/\\\/schema.org\",\"@graph\":[{\"@type\":\"Article\",\"@id\":\"https:\\\/\\\/dombert.de\\\/bund-foerdert-kindertagesbetreuung-mit-weiteren-4-milliarden-euro\\\/#article\",\"isPartOf\":{\"@id\":\"https:\\\/\\\/dombert.de\\\/bund-foerdert-kindertagesbetreuung-mit-weiteren-4-milliarden-euro\\\/\"},\"author\":{\"name\":\"Admin\",\"@id\":\"https:\\\/\\\/dombert.de\\\/#\\\/schema\\\/person\\\/cab100e6259958a255ba5963a0511ae1\"},\"headline\":\"Bund f\u00f6rdert Kindertagesbetreuung mit weiteren 4 Milliarden Euro\",\"datePublished\":\"2025-02-20T12:52:25+00:00\",\"dateModified\":\"2025-03-23T19:17:19+00:00\",\"mainEntityOfPage\":{\"@id\":\"https:\\\/\\\/dombert.de\\\/bund-foerdert-kindertagesbetreuung-mit-weiteren-4-milliarden-euro\\\/\"},\"wordCount\":234,\"publisher\":{\"@id\":\"https:\\\/\\\/dombert.de\\\/#organization\"},\"image\":{\"@id\":\"https:\\\/\\\/dombert.de\\\/bund-foerdert-kindertagesbetreuung-mit-weiteren-4-milliarden-euro\\\/#primaryimage\"},\"thumbnailUrl\":\"https:\\\/\\\/dombert.de\\\/wp-content\\\/uploads\\\/2025\\\/02\\\/bund-foerdert-kindertagesbetreuung-dombert-rechtsanwaelte.jpg\",\"articleSection\":[\"Meldung\"],\"inLanguage\":\"en-GB\"},{\"@type\":\"WebPage\",\"@id\":\"https:\\\/\\\/dombert.de\\\/bund-foerdert-kindertagesbetreuung-mit-weiteren-4-milliarden-euro\\\/\",\"url\":\"https:\\\/\\\/dombert.de\\\/bund-foerdert-kindertagesbetreuung-mit-weiteren-4-milliarden-euro\\\/\",\"name\":\"Bund f\u00f6rdert Kindertagesbetreuung mit weiteren 4 Milliarden Euro - DOMBERT Rechtsanw\u00e4lte\",\"isPartOf\":{\"@id\":\"https:\\\/\\\/dombert.de\\\/#website\"},\"primaryImageOfPage\":{\"@id\":\"https:\\\/\\\/dombert.de\\\/bund-foerdert-kindertagesbetreuung-mit-weiteren-4-milliarden-euro\\\/#primaryimage\"},\"image\":{\"@id\":\"https:\\\/\\\/dombert.de\\\/bund-foerdert-kindertagesbetreuung-mit-weiteren-4-milliarden-euro\\\/#primaryimage\"},\"thumbnailUrl\":\"https:\\\/\\\/dombert.de\\\/wp-content\\\/uploads\\\/2025\\\/02\\\/bund-foerdert-kindertagesbetreuung-dombert-rechtsanwaelte.jpg\",\"datePublished\":\"2025-02-20T12:52:25+00:00\",\"dateModified\":\"2025-03-23T19:17:19+00:00\",\"breadcrumb\":{\"@id\":\"https:\\\/\\\/dombert.de\\\/bund-foerdert-kindertagesbetreuung-mit-weiteren-4-milliarden-euro\\\/#breadcrumb\"},\"inLanguage\":\"en-GB\",\"potentialAction\":[{\"@type\":\"ReadAction\",\"target\":[\"https:\\\/\\\/dombert.de\\\/bund-foerdert-kindertagesbetreuung-mit-weiteren-4-milliarden-euro\\\/\"]}]},{\"@type\":\"ImageObject\",\"inLanguage\":\"en-GB\",\"@id\":\"https:\\\/\\\/dombert.de\\\/bund-foerdert-kindertagesbetreuung-mit-weiteren-4-milliarden-euro\\\/#primaryimage\",\"url\":\"https:\\\/\\\/dombert.de\\\/wp-content\\\/uploads\\\/2025\\\/02\\\/bund-foerdert-kindertagesbetreuung-dombert-rechtsanwaelte.jpg\",\"contentUrl\":\"https:\\\/\\\/dombert.de\\\/wp-content\\\/uploads\\\/2025\\\/02\\\/bund-foerdert-kindertagesbetreuung-dombert-rechtsanwaelte.jpg\",\"width\":650,\"height\":450},{\"@type\":\"BreadcrumbList\",\"@id\":\"https:\\\/\\\/dombert.de\\\/bund-foerdert-kindertagesbetreuung-mit-weiteren-4-milliarden-euro\\\/#breadcrumb\",\"itemListElement\":[{\"@type\":\"ListItem\",\"position\":1,\"name\":\"Startseite\",\"item\":\"https:\\\/\\\/dombert.de\\\/\"},{\"@type\":\"ListItem\",\"position\":2,\"name\":\"Bund f\u00f6rdert Kindertagesbetreuung mit weiteren 4 Milliarden Euro\"}]},{\"@type\":\"WebSite\",\"@id\":\"https:\\\/\\\/dombert.de\\\/#website\",\"url\":\"https:\\\/\\\/dombert.de\\\/\",\"name\":\"DOMBERT Rechtsanw\u00e4lte\",\"description\":\"Wir sind Ihr kompetenter Ansprechpartner f\u00fcr alle Fragen des \u00f6ffentlichen Rechts.\",\"publisher\":{\"@id\":\"https:\\\/\\\/dombert.de\\\/#organization\"},\"potentialAction\":[{\"@type\":\"SearchAction\",\"target\":{\"@type\":\"EntryPoint\",\"urlTemplate\":\"https:\\\/\\\/dombert.de\\\/?s={search_term_string}\"},\"query-input\":{\"@type\":\"PropertyValueSpecification\",\"valueRequired\":true,\"valueName\":\"search_term_string\"}}],\"inLanguage\":\"en-GB\"},{\"@type\":\"Organization\",\"@id\":\"https:\\\/\\\/dombert.de\\\/#organization\",\"name\":\"DOMBERT Rechtsanw\u00e4lte\",\"url\":\"https:\\\/\\\/dombert.de\\\/\",\"logo\":{\"@type\":\"ImageObject\",\"inLanguage\":\"en-GB\",\"@id\":\"https:\\\/\\\/dombert.de\\\/#\\\/schema\\\/logo\\\/image\\\/\",\"url\":\"https:\\\/\\\/dombert.de\\\/wp-content\\\/uploads\\\/2025\\\/02\\\/Dombert-Logo_negativ_rgb.png\",\"contentUrl\":\"https:\\\/\\\/dombert.de\\\/wp-content\\\/uploads\\\/2025\\\/02\\\/Dombert-Logo_negativ_rgb.png\",\"width\":459,\"height\":206,\"caption\":\"DOMBERT Rechtsanw\u00e4lte\"},\"image\":{\"@id\":\"https:\\\/\\\/dombert.de\\\/#\\\/schema\\\/logo\\\/image\\\/\"},\"sameAs\":[\"https:\\\/\\\/www.linkedin.com\\\/company\\\/dombert-rechtsanwaelte\\\/posts\\\/?feedView=all\"]},{\"@type\":\"Person\",\"@id\":\"https:\\\/\\\/dombert.de\\\/#\\\/schema\\\/person\\\/cab100e6259958a255ba5963a0511ae1\",\"name\":\"Admin\",\"image\":{\"@type\":\"ImageObject\",\"inLanguage\":\"en-GB\",\"@id\":\"https:\\\/\\\/secure.gravatar.com\\\/avatar\\\/39e40254bfea26d3a2709e0f441e4bc39c1685d2b9c174550fafa42a6f4483e7?s=96&d=mm&r=g\",\"url\":\"https:\\\/\\\/secure.gravatar.com\\\/avatar\\\/39e40254bfea26d3a2709e0f441e4bc39c1685d2b9c174550fafa42a6f4483e7?s=96&d=mm&r=g\",\"contentUrl\":\"https:\\\/\\\/secure.gravatar.com\\\/avatar\\\/39e40254bfea26d3a2709e0f441e4bc39c1685d2b9c174550fafa42a6f4483e7?s=96&d=mm&r=g\",\"caption\":\"Admin\"},\"sameAs\":[\"https:\\\/\\\/dombert.de\"]}]}<\/script>\n<!-- \/ Yoast SEO plugin. -->","yoast_head_json":{"title":"Federal government funds child daycare with a further 4 billion euros - DOMBERT Rechtsanw\u00e4lte","robots":{"index":"index","follow":"follow","max-snippet":"max-snippet:-1","max-image-preview":"max-image-preview:large","max-video-preview":"max-video-preview:-1"},"canonical":"https:\/\/dombert.de\/en\/federal-government-supports-child-day-care-with-a-further-4-billion-euros\/","og_locale":"en_GB","og_type":"article","og_title":"Bund f\u00f6rdert Kindertagesbetreuung mit weiteren 4 Milliarden Euro - DOMBERT Rechtsanw\u00e4lte","og_description":"| Am 1. Januar 2025 ist die zweite Fassung des KiTa-Qualit\u00e4ts- und -Teilhabeverbesserungsgesetz (kurz \u201eKita-Qualit\u00e4tsgesetz\u201c) in Kraft getreten. Damit stellt der Bund den L\u00e4ndern bis Ende 2026 erneut rund vier Milliarden Euro zur Verf\u00fcgung, um die fr\u00fchkindliche Bildung, Betreuung und Erziehung in Kitas zu f\u00f6rdern und die Qualit\u00e4t der Kindertagesbetreuung deutschlandweit weiterzuentwickeln. \u00a0 Mit dem [&hellip;]","og_url":"https:\/\/dombert.de\/en\/federal-government-supports-child-day-care-with-a-further-4-billion-euros\/","og_site_name":"DOMBERT Rechtsanw\u00e4lte","article_published_time":"2025-02-20T12:52:25+00:00","article_modified_time":"2025-03-23T19:17:19+00:00","og_image":[{"width":650,"height":450,"url":"https:\/\/dombert.de\/wp-content\/uploads\/2025\/02\/bund-foerdert-kindertagesbetreuung-dombert-rechtsanwaelte.jpg","type":"image\/jpeg"}],"author":"Admin","twitter_card":"summary_large_image","twitter_misc":{"Written by":"Admin","Estimated reading time":"1 minute"},"schema":{"@context":"https:\/\/schema.org","@graph":[{"@type":"Article","@id":"https:\/\/dombert.de\/bund-foerdert-kindertagesbetreuung-mit-weiteren-4-milliarden-euro\/#article","isPartOf":{"@id":"https:\/\/dombert.de\/bund-foerdert-kindertagesbetreuung-mit-weiteren-4-milliarden-euro\/"},"author":{"name":"Admin","@id":"https:\/\/dombert.de\/#\/schema\/person\/cab100e6259958a255ba5963a0511ae1"},"headline":"Bund f\u00f6rdert Kindertagesbetreuung mit weiteren 4 Milliarden Euro","datePublished":"2025-02-20T12:52:25+00:00","dateModified":"2025-03-23T19:17:19+00:00","mainEntityOfPage":{"@id":"https:\/\/dombert.de\/bund-foerdert-kindertagesbetreuung-mit-weiteren-4-milliarden-euro\/"},"wordCount":234,"publisher":{"@id":"https:\/\/dombert.de\/#organization"},"image":{"@id":"https:\/\/dombert.de\/bund-foerdert-kindertagesbetreuung-mit-weiteren-4-milliarden-euro\/#primaryimage"},"thumbnailUrl":"https:\/\/dombert.de\/wp-content\/uploads\/2025\/02\/bund-foerdert-kindertagesbetreuung-dombert-rechtsanwaelte.jpg","articleSection":["Meldung"],"inLanguage":"en-GB"},{"@type":"WebPage","@id":"https:\/\/dombert.de\/bund-foerdert-kindertagesbetreuung-mit-weiteren-4-milliarden-euro\/","url":"https:\/\/dombert.de\/bund-foerdert-kindertagesbetreuung-mit-weiteren-4-milliarden-euro\/","name":"Federal government funds child daycare with a further 4 billion euros - DOMBERT Rechtsanw\u00e4lte","isPartOf":{"@id":"https:\/\/dombert.de\/#website"},"primaryImageOfPage":{"@id":"https:\/\/dombert.de\/bund-foerdert-kindertagesbetreuung-mit-weiteren-4-milliarden-euro\/#primaryimage"},"image":{"@id":"https:\/\/dombert.de\/bund-foerdert-kindertagesbetreuung-mit-weiteren-4-milliarden-euro\/#primaryimage"},"thumbnailUrl":"https:\/\/dombert.de\/wp-content\/uploads\/2025\/02\/bund-foerdert-kindertagesbetreuung-dombert-rechtsanwaelte.jpg","datePublished":"2025-02-20T12:52:25+00:00","dateModified":"2025-03-23T19:17:19+00:00","breadcrumb":{"@id":"https:\/\/dombert.de\/bund-foerdert-kindertagesbetreuung-mit-weiteren-4-milliarden-euro\/#breadcrumb"},"inLanguage":"en-GB","potentialAction":[{"@type":"ReadAction","target":["https:\/\/dombert.de\/bund-foerdert-kindertagesbetreuung-mit-weiteren-4-milliarden-euro\/"]}]},{"@type":"ImageObject","inLanguage":"en-GB","@id":"https:\/\/dombert.de\/bund-foerdert-kindertagesbetreuung-mit-weiteren-4-milliarden-euro\/#primaryimage","url":"https:\/\/dombert.de\/wp-content\/uploads\/2025\/02\/bund-foerdert-kindertagesbetreuung-dombert-rechtsanwaelte.jpg","contentUrl":"https:\/\/dombert.de\/wp-content\/uploads\/2025\/02\/bund-foerdert-kindertagesbetreuung-dombert-rechtsanwaelte.jpg","width":650,"height":450},{"@type":"BreadcrumbList","@id":"https:\/\/dombert.de\/bund-foerdert-kindertagesbetreuung-mit-weiteren-4-milliarden-euro\/#breadcrumb","itemListElement":[{"@type":"ListItem","position":1,"name":"Startseite","item":"https:\/\/dombert.de\/"},{"@type":"ListItem","position":2,"name":"Bund f\u00f6rdert Kindertagesbetreuung mit weiteren 4 Milliarden Euro"}]},{"@type":"WebSite","@id":"https:\/\/dombert.de\/#website","url":"https:\/\/dombert.de\/","name":"DOMBERT Rechtsanw\u00e4lte","description":"We are your expert partner for all matters relating to public law.","publisher":{"@id":"https:\/\/dombert.de\/#organization"},"potentialAction":[{"@type":"SearchAction","target":{"@type":"EntryPoint","urlTemplate":"https:\/\/dombert.de\/?s={search_term_string}"},"query-input":{"@type":"PropertyValueSpecification","valueRequired":true,"valueName":"search_term_string"}}],"inLanguage":"en-GB"},{"@type":"Organization","@id":"https:\/\/dombert.de\/#organization","name":"DOMBERT Rechtsanw\u00e4lte","url":"https:\/\/dombert.de\/","logo":{"@type":"ImageObject","inLanguage":"en-GB","@id":"https:\/\/dombert.de\/#\/schema\/logo\/image\/","url":"https:\/\/dombert.de\/wp-content\/uploads\/2025\/02\/Dombert-Logo_negativ_rgb.png","contentUrl":"https:\/\/dombert.de\/wp-content\/uploads\/2025\/02\/Dombert-Logo_negativ_rgb.png","width":459,"height":206,"caption":"DOMBERT Rechtsanw\u00e4lte"},"image":{"@id":"https:\/\/dombert.de\/#\/schema\/logo\/image\/"},"sameAs":["https:\/\/www.linkedin.com\/company\/dombert-rechtsanwaelte\/posts\/?feedView=all"]},{"@type":"Person","@id":"https:\/\/dombert.de\/#\/schema\/person\/cab100e6259958a255ba5963a0511ae1","name":"Admin","image":{"@type":"ImageObject","inLanguage":"en-GB","@id":"https:\/\/secure.gravatar.com\/avatar\/39e40254bfea26d3a2709e0f441e4bc39c1685d2b9c174550fafa42a6f4483e7?s=96&d=mm&r=g","url":"https:\/\/secure.gravatar.com\/avatar\/39e40254bfea26d3a2709e0f441e4bc39c1685d2b9c174550fafa42a6f4483e7?s=96&d=mm&r=g","contentUrl":"https:\/\/secure.gravatar.com\/avatar\/39e40254bfea26d3a2709e0f441e4bc39c1685d2b9c174550fafa42a6f4483e7?s=96&d=mm&r=g","caption":"Admin"},"sameAs":["https:\/\/dombert.de"]}]}},"publishpress_future_workflow_manual_trigger":{"enabledWorkflows":[]},"_links":{"self":[{"href":"https:\/\/dombert.de\/en\/wp-json\/wp\/v2\/posts\/3807","targetHints":{"allow":["GET"]}}],"collection":[{"href":"https:\/\/dombert.de\/en\/wp-json\/wp\/v2\/posts"}],"about":[{"href":"https:\/\/dombert.de\/en\/wp-json\/wp\/v2\/types\/post"}],"author":[{"embeddable":true,"href":"https:\/\/dombert.de\/en\/wp-json\/wp\/v2\/users\/3"}],"replies":[{"embeddable":true,"href":"https:\/\/dombert.de\/en\/wp-json\/wp\/v2\/comments?post=3807"}],"version-history":[{"count":21,"href":"https:\/\/dombert.de\/en\/wp-json\/wp\/v2\/posts\/3807\/revisions"}],"predecessor-version":[{"id":7556,"href":"https:\/\/dombert.de\/en\/wp-json\/wp\/v2\/posts\/3807\/revisions\/7556"}],"wp:featuredmedia":[{"embeddable":true,"href":"https:\/\/dombert.de\/en\/wp-json\/wp\/v2\/media\/3818"}],"wp:attachment":[{"href":"https:\/\/dombert.de\/en\/wp-json\/wp\/v2\/media?parent=3807"}],"wp:term":[{"taxonomy":"category","embeddable":true,"href":"https:\/\/dombert.de\/en\/wp-json\/wp\/v2\/categories?post=3807"},{"taxonomy":"post_tag","embeddable":true,"href":"https:\/\/dombert.de\/en\/wp-json\/wp\/v2\/tags?post=3807"},{"taxonomy":"secondary-autor","embeddable":true,"href":"https:\/\/dombert.de\/en\/wp-json\/wp\/v2\/secondary-autor?post=3807"}],"curies":[{"name":"wp","href":"https:\/\/api.w.org\/{rel}","templated":true}]}}