{"id":4426,"date":"2024-08-19T10:00:00","date_gmt":"2024-08-19T08:00:00","guid":{"rendered":"https:\/\/dombert.de\/?p=4426"},"modified":"2025-03-23T20:41:15","modified_gmt":"2025-03-23T19:41:15","slug":"federal-government-wants-to-support-childcare-with-four-billion-euros","status":"publish","type":"post","link":"https:\/\/dombert.de\/en\/bund-will-kinderbetreuung-mit-vier-milliarden-euro-unterstuetzen\/","title":{"rendered":"Federal government wants to support childcare with four billion euros"},"content":{"rendered":"<div data-elementor-type=\"wp-post\" data-elementor-id=\"4426\" class=\"elementor elementor-4426\" data-elementor-post-type=\"post\">\n\t\t\t\t<div class=\"elementor-element elementor-element-d23060c e-con-full e-flex e-con e-parent\" data-id=\"d23060c\" data-element_type=\"container\" data-e-type=\"container\" data-settings=\"{&quot;background_background&quot;:&quot;classic&quot;}\">\n\t\t<div class=\"elementor-element elementor-element-a9bdc5a e-con-full e-flex e-con e-child\" data-id=\"a9bdc5a\" data-element_type=\"container\" data-e-type=\"container\">\n\t\t\t\t<div class=\"elementor-element elementor-element-7db5200 elementor-widget-divider--view-line elementor-widget elementor-widget-divider\" data-id=\"7db5200\" data-element_type=\"widget\" data-e-type=\"widget\" data-widget_type=\"divider.default\">\n\t\t\t\t<div class=\"elementor-widget-container\">\n\t\t\t\t\t\t\t<div class=\"elementor-divider\">\n\t\t\t<span class=\"elementor-divider-separator\">\n\t\t\t\t\t\t<\/span>\n\t\t<\/div>\n\t\t\t\t\t\t<\/div>\n\t\t\t\t<\/div>\n\t\t\t\t<div class=\"elementor-element elementor-element-af9fe0f elementor-widget__width-auto elementor-widget-mobile__width-initial elementor-widget elementor-widget-heading\" data-id=\"af9fe0f\" data-element_type=\"widget\" data-e-type=\"widget\" data-widget_type=\"heading.default\">\n\t\t\t\t<div class=\"elementor-widget-container\">\n\t\t\t\t\t<h2 class=\"elementor-heading-title elementor-size-default\">Federal government wants to support childcare with four billion euros<\/h2>\t\t\t\t<\/div>\n\t\t\t\t<\/div>\n\t\t<div class=\"elementor-element elementor-element-64a9f36 e-con-full e-flex e-con e-child\" data-id=\"64a9f36\" data-element_type=\"container\" data-e-type=\"container\">\n\t\t\t\t<div class=\"elementor-element elementor-element-064b7b9 elementor-widget__width-initial elementor-widget-divider--view-line elementor-widget elementor-widget-divider\" data-id=\"064b7b9\" data-element_type=\"widget\" data-e-type=\"widget\" data-widget_type=\"divider.default\">\n\t\t\t\t<div class=\"elementor-widget-container\">\n\t\t\t\t\t\t\t<div class=\"elementor-divider\">\n\t\t\t<span class=\"elementor-divider-separator\">\n\t\t\t\t\t\t<\/span>\n\t\t<\/div>\n\t\t\t\t\t\t<\/div>\n\t\t\t\t<\/div>\n\t\t\t\t<div class=\"elementor-element elementor-element-6b96a01 elementor-widget__width-auto elementor-widget-tablet__width-initial elementor-widget-tablet_extra__width-initial elementor-widget elementor-widget-heading\" data-id=\"6b96a01\" data-element_type=\"widget\" data-e-type=\"widget\" data-widget_type=\"heading.default\">\n\t\t\t\t<div class=\"elementor-widget-container\">\n\t\t\t\t\t<h3 class=\"elementor-heading-title elementor-size-default\"><span>Charlotte Blech, LL.M. (UCLA)<\/span> | <span>Dr. Beate Schulte zu Sodingen<\/span> | <span>Franziska Wilke<\/span><\/h3>\t\t\t\t<\/div>\n\t\t\t\t<\/div>\n\t\t\t\t<\/div>\n\t\t<div class=\"elementor-element elementor-element-5958f26 e-con-full e-flex e-con e-child\" data-id=\"5958f26\" data-element_type=\"container\" data-e-type=\"container\">\n\t\t\t\t<div class=\"elementor-element elementor-element-8348516 elementor-widget__width-auto elementor-view-default elementor-widget elementor-widget-icon\" data-id=\"8348516\" data-element_type=\"widget\" data-e-type=\"widget\" data-widget_type=\"icon.default\">\n\t\t\t\t<div class=\"elementor-widget-container\">\n\t\t\t\t\t\t\t<div class=\"elementor-icon-wrapper\">\n\t\t\t<a class=\"elementor-icon elementor-animation-grow\" href=\"https:\/\/www.linkedin.com\/company\/dombert-rechtsanwaelte\/posts\/?feedView=all\" target=\"_blank\">\n\t\t\t<svg aria-hidden=\"true\" class=\"e-font-icon-svg e-fab-linkedin\" viewbox=\"0 0 448 512\" xmlns=\"http:\/\/www.w3.org\/2000\/svg\"><path d=\"M416 32H31.9C14.3 32 0 46.5 0 64.3v383.4C0 465.5 14.3 480 31.9 480H416c17.6 0 32-14.5 32-32.3V64.3c0-17.8-14.4-32.3-32-32.3zM135.4 416H69V202.2h66.5V416zm-33.2-243c-21.3 0-38.5-17.3-38.5-38.5S80.9 96 102.2 96c21.2 0 38.5 17.3 38.5 38.5 0 21.3-17.2 38.5-38.5 38.5zm282.1 243h-66.4V312c0-24.8-.5-56.7-34.5-56.7-34.6 0-39.9 27-39.9 54.9V416h-66.4V202.2h63.7v29.2h.9c8.9-16.8 30.6-34.5 62.9-34.5 67.2 0 79.7 44.3 79.7 101.9V416z\"><\/path><\/svg>\t\t\t<\/a>\n\t\t<\/div>\n\t\t\t\t\t\t<\/div>\n\t\t\t\t<\/div>\n\t\t\t\t<\/div>\n\t\t\t\t<\/div>\n\t\t\t\t<\/div>\n\t\t<div class=\"elementor-element elementor-element-48778833 e-con-full e-flex e-con e-parent\" data-id=\"48778833\" data-element_type=\"container\" data-e-type=\"container\" data-settings=\"{&quot;background_background&quot;:&quot;classic&quot;}\">\n\t\t<div class=\"elementor-element elementor-element-57af0aaa e-con-full e-flex e-con e-child\" data-id=\"57af0aaa\" data-element_type=\"container\" data-e-type=\"container\">\n\t\t<div class=\"elementor-element elementor-element-26ba19b2 e-con-full e-flex e-con e-child\" data-id=\"26ba19b2\" data-element_type=\"container\" data-e-type=\"container\">\n\t\t\t\t<div class=\"elementor-element elementor-element-1d7fa765 elementor-widget__width-initial elementor-widget-divider--view-line elementor-widget elementor-widget-divider\" data-id=\"1d7fa765\" data-element_type=\"widget\" data-e-type=\"widget\" data-widget_type=\"divider.default\">\n\t\t\t\t<div class=\"elementor-widget-container\">\n\t\t\t\t\t\t\t<div class=\"elementor-divider\">\n\t\t\t<span class=\"elementor-divider-separator\">\n\t\t\t\t\t\t<\/span>\n\t\t<\/div>\n\t\t\t\t\t\t<\/div>\n\t\t\t\t<\/div>\n\t\t\t\t<div class=\"elementor-element elementor-element-3d96aa07 elementor-widget__width-auto elementor-widget-tablet__width-auto elementor-widget-mobile__width-auto elementor-widget elementor-widget-heading\" data-id=\"3d96aa07\" data-element_type=\"widget\" data-e-type=\"widget\" data-widget_type=\"heading.default\">\n\t\t\t\t<div class=\"elementor-widget-container\">\n\t\t\t\t\t<h3 class=\"elementor-heading-title elementor-size-default\"><span>Posts<\/span><\/h3>\t\t\t\t<\/div>\n\t\t\t\t<\/div>\n\t\t\t\t<div class=\"elementor-element elementor-element-650aa86f elementor-widget__width-auto elementor-widget-tablet__width-auto elementor-widget-mobile__width-auto elementor-widget elementor-widget-heading\" data-id=\"650aa86f\" data-element_type=\"widget\" data-e-type=\"widget\" data-widget_type=\"heading.default\">\n\t\t\t\t<div class=\"elementor-widget-container\">\n\t\t\t\t\t<h3 class=\"elementor-heading-title elementor-size-default\">|<\/h3>\t\t\t\t<\/div>\n\t\t\t\t<\/div>\n\t\t\t\t<div class=\"elementor-element elementor-element-2e61df03 elementor-widget__width-auto elementor-widget-tablet__width-auto elementor-widget-mobile__width-auto elementor-widget elementor-widget-heading\" data-id=\"2e61df03\" data-element_type=\"widget\" data-e-type=\"widget\" data-widget_type=\"heading.default\">\n\t\t\t\t<div class=\"elementor-widget-container\">\n\t\t\t\t\t<h3 class=\"elementor-heading-title elementor-size-default\">19.08.2024<\/h3>\t\t\t\t<\/div>\n\t\t\t\t<\/div>\n\t\t\t\t<\/div>\n\t\t\t\t<div class=\"elementor-element elementor-element-14ecacf7 elementor-widget__width-initial elementor-widget-tablet__width-initial elementor-widget-mobile__width-initial elementor-widget elementor-widget-text-editor\" data-id=\"14ecacf7\" data-element_type=\"widget\" data-e-type=\"widget\" data-widget_type=\"text-editor.default\">\n\t\t\t\t<div class=\"elementor-widget-container\">\n\t\t\t\t\t\t\t\t\t<p>The German government will support childcare in Germany with four billion euros for the years 2025 and 2026. This was decided by the cabinet with the third Childcare Quality Act, which is due to come into force on 1 January 2025. The law defines seven fields of action into which the money is to flow. These include the recruitment of specialist staff, needs-based provision, a good childcare ratio and the promotion of language development and health. However, the money must no longer be used to further reduce parental contributions. It should also no longer be used to improve the design of the premises. Under the previous laws, these were two areas in which federal funds could still be invested. However, the new law provides for a transitional period until the end of 2025 so that childcare centres can adapt.<\/p><p>\u00a0<\/p><p>Contrary to the coalition agreement, the law does not contain any nationwide standards for childcare in Germany. However, the aim is to harmonise the quality of daycare centres and thus ensure equal opportunities for all children.<\/p><p>\u00a0<\/p><p>Your contacts for questions relating to childcare and school law in our practice are the lawyers\u00a0<a href=\"https:\/\/dombert.de\/en\/person\/dr-beate-schulte-zu-sodingen\/\">Dr. Beate Schulte zu Sodingen<\/a>,<a href=\"https:\/\/dombert.de\/en\/person\/franziska-wilke\/\">\u00a0Franziska Wilke<\/a>\u00a0and\u00a0<a href=\"https:\/\/dombert.de\/en\/person\/charlotte-blech-ll-m-ucla\/\">Charlotte Blech<\/a>.<\/p>\t\t\t\t\t\t\t\t<\/div>\n\t\t\t\t<\/div>\n\t\t\t\t<\/div>\n\t\t\t\t<\/div>\n\t\t<div class=\"elementor-element elementor-element-44e2973c e-con-full e-flex e-con e-parent\" data-id=\"44e2973c\" data-element_type=\"container\" data-e-type=\"container\" data-settings=\"{&quot;background_background&quot;:&quot;classic&quot;}\">\n\t\t<div class=\"elementor-element elementor-element-5f6546d0 e-con-full e-flex e-con e-child\" data-id=\"5f6546d0\" data-element_type=\"container\" data-e-type=\"container\">\n\t\t\t\t<div class=\"elementor-element elementor-element-3d7a69bb elementor-widget__width-initial elementor-widget elementor-widget-heading\" data-id=\"3d7a69bb\" data-element_type=\"widget\" data-e-type=\"widget\" data-widget_type=\"heading.default\">\n\t\t\t\t<div class=\"elementor-widget-container\">\n\t\t\t\t\t<h2 class=\"elementor-heading-title elementor-size-default\"><b>DOMBERT<\/b> Lawyers <\/h2>\t\t\t\t<\/div>\n\t\t\t\t<\/div>\n\t\t<div class=\"elementor-element elementor-element-1ebf9da1 e-con-full e-flex e-con e-child\" data-id=\"1ebf9da1\" data-element_type=\"container\" data-e-type=\"container\">\n\t\t\t\t<div class=\"elementor-element elementor-element-b99137e elementor-widget__width-initial elementor-widget-divider--view-line elementor-widget elementor-widget-divider\" data-id=\"b99137e\" data-element_type=\"widget\" data-e-type=\"widget\" data-widget_type=\"divider.default\">\n\t\t\t\t<div class=\"elementor-widget-container\">\n\t\t\t\t\t\t\t<div class=\"elementor-divider\">\n\t\t\t<span class=\"elementor-divider-separator\">\n\t\t\t\t\t\t<\/span>\n\t\t<\/div>\n\t\t\t\t\t\t<\/div>\n\t\t\t\t<\/div>\n\t\t\t\t<div class=\"elementor-element elementor-element-5ece9c74 elementor-widget__width-auto elementor-widget-tablet_extra__width-initial elementor-widget-tablet__width-initial elementor-widget-mobile_extra__width-initial elementor-widget-mobile__width-initial elementor-widget elementor-widget-heading\" data-id=\"5ece9c74\" data-element_type=\"widget\" data-e-type=\"widget\" data-widget_type=\"heading.default\">\n\t\t\t\t<div class=\"elementor-widget-container\">\n\t\t\t\t\t<h3 class=\"elementor-heading-title elementor-size-default\">Our work covers all legal issues and conflicts in which the state, municipalities or authorities are involved.<\/h3>\t\t\t\t<\/div>\n\t\t\t\t<\/div>\n\t\t\t\t<\/div>\n\t\t<div class=\"elementor-element elementor-element-296d94f2 e-con-full e-flex e-con e-child\" data-id=\"296d94f2\" data-element_type=\"container\" data-e-type=\"container\">\n\t\t\t\t<div class=\"elementor-element elementor-element-7a8d12f1 elementor-widget elementor-widget-button\" data-id=\"7a8d12f1\" data-element_type=\"widget\" data-e-type=\"widget\" data-widget_type=\"button.default\">\n\t\t\t\t<div class=\"elementor-widget-container\">\n\t\t\t\t\t\t\t\t\t<div class=\"elementor-button-wrapper\">\n\t\t\t\t\t<a class=\"elementor-button elementor-button-link elementor-size-sm\" href=\"https:\/\/dombert.de\/en\/law-firm\/\">\n\t\t\t\t\t\t<span class=\"elementor-button-content-wrapper\">\n\t\t\t\t\t\t\t\t\t<span class=\"elementor-button-text\">More about our firm<\/span>\n\t\t\t\t\t<\/span>\n\t\t\t\t\t<\/a>\n\t\t\t\t<\/div>\n\t\t\t\t\t\t\t\t<\/div>\n\t\t\t\t<\/div>\n\t\t\t\t<div class=\"elementor-element elementor-element-3a3f0344 elementor-widget elementor-widget-button\" data-id=\"3a3f0344\" data-element_type=\"widget\" data-e-type=\"widget\" data-widget_type=\"button.default\">\n\t\t\t\t<div class=\"elementor-widget-container\">\n\t\t\t\t\t\t\t\t\t<div class=\"elementor-button-wrapper\">\n\t\t\t\t\t<a class=\"elementor-button elementor-button-link elementor-size-sm\" href=\"https:\/\/dombert.de\/en\/#kompetenzen\">\n\t\t\t\t\t\t<span class=\"elementor-button-content-wrapper\">\n\t\t\t\t\t\t\t\t\t<span class=\"elementor-button-text\">More about our expertise<\/span>\n\t\t\t\t\t<\/span>\n\t\t\t\t\t<\/a>\n\t\t\t\t<\/div>\n\t\t\t\t\t\t\t\t<\/div>\n\t\t\t\t<\/div>\n\t\t\t\t<\/div>\n\t\t\t\t<\/div>\n\t\t\t\t<\/div>\n\t\t\t\t<\/div>","protected":false},"excerpt":{"rendered":"<p>| F\u00fcr die Jahre 2025 und 2026 wird die Bundesregierung die Kinderbetreuung in Deutschland mit vier Milliarden Euro unterst\u00fctzen. Das hat das Kabinett mit dem dritten Kita-Qualit\u00e4tsgesetz beschlossen, das am 1. Januar 2025 in Kraft treten soll. Das Gesetz definiert sieben Handlungsfelder, in die das Geld flie\u00dfen soll. Dazu geh\u00f6rt die Gewinnung von Fachkr\u00e4ften, ein [&hellip;]<\/p>\n","protected":false},"author":3,"featured_media":2114,"comment_status":"closed","ping_status":"closed","sticky":false,"template":"","format":"standard","meta":{"_acf_changed":false,"site-sidebar-layout":"default","site-content-layout":"","ast-site-content-layout":"default","site-content-style":"default","site-sidebar-style":"default","ast-global-header-display":"","ast-banner-title-visibility":"","ast-main-header-display":"","ast-hfb-above-header-display":"","ast-hfb-below-header-display":"","ast-hfb-mobile-header-display":"","site-post-title":"","ast-breadcrumbs-content":"","ast-featured-img":"disabled","footer-sml-layout":"","ast-disable-related-posts":"","theme-transparent-header-meta":"","adv-header-id-meta":"","stick-header-meta":"","header-above-stick-meta":"","header-main-stick-meta":"","header-below-stick-meta":"","astra-migrate-meta-layouts":"set","ast-page-background-enabled":"default","ast-page-background-meta":{"desktop":{"background-color":"","background-image":"","background-repeat":"repeat","background-position":"center center","background-size":"auto","background-attachment":"scroll","background-type":"","background-media":"","overlay-type":"","overlay-color":"","overlay-opacity":"","overlay-gradient":""},"tablet":{"background-color":"","background-image":"","background-repeat":"repeat","background-position":"center center","background-size":"auto","background-attachment":"scroll","background-type":"","background-media":"","overlay-type":"","overlay-color":"","overlay-opacity":"","overlay-gradient":""},"mobile":{"background-color":"","background-image":"","background-repeat":"repeat","background-position":"center center","background-size":"auto","background-attachment":"scroll","background-type":"","background-media":"","overlay-type":"","overlay-color":"","overlay-opacity":"","overlay-gradient":""}},"ast-content-background-meta":{"desktop":{"background-color":"var(--ast-global-color-5)","background-image":"","background-repeat":"repeat","background-position":"center center","background-size":"auto","background-attachment":"scroll","background-type":"","background-media":"","overlay-type":"","overlay-color":"","overlay-opacity":"","overlay-gradient":""},"tablet":{"background-color":"var(--ast-global-color-5)","background-image":"","background-repeat":"repeat","background-position":"center center","background-size":"auto","background-attachment":"scroll","background-type":"","background-media":"","overlay-type":"","overlay-color":"","overlay-opacity":"","overlay-gradient":""},"mobile":{"background-color":"var(--ast-global-color-5)","background-image":"","background-repeat":"repeat","background-position":"center center","background-size":"auto","background-attachment":"scroll","background-type":"","background-media":"","overlay-type":"","overlay-color":"","overlay-opacity":"","overlay-gradient":""}},"footnotes":""},"categories":[45],"tags":[],"secondary-autor":[115,102,88],"class_list":["post-4426","post","type-post","status-publish","format-standard","has-post-thumbnail","hentry","category-meldung","secondary-autor-charlotte-blech-ll-m-ucla","secondary-autor-dr-beate-schulte-zu-sodingen","secondary-autor-franziska-wilke"],"acf":[],"yoast_head":"<!-- This site is optimized with the Yoast SEO plugin v27.4 - https:\/\/yoast.com\/product\/yoast-seo-wordpress\/ -->\n<title>Bund will Kinderbetreuung mit vier Milliarden Euro unterst\u00fctzen - DOMBERT Rechtsanw\u00e4lte<\/title>\n<meta name=\"robots\" content=\"index, follow, max-snippet:-1, max-image-preview:large, max-video-preview:-1\" \/>\n<link rel=\"canonical\" href=\"https:\/\/dombert.de\/en\/federal-government-wants-to-support-childcare-with-four-billion-euros\/\" \/>\n<meta property=\"og:locale\" content=\"en_GB\" \/>\n<meta property=\"og:type\" content=\"article\" \/>\n<meta property=\"og:title\" content=\"Bund will Kinderbetreuung mit vier Milliarden Euro unterst\u00fctzen - DOMBERT Rechtsanw\u00e4lte\" \/>\n<meta property=\"og:description\" content=\"| F\u00fcr die Jahre 2025 und 2026 wird die Bundesregierung die Kinderbetreuung in Deutschland mit vier Milliarden Euro unterst\u00fctzen. Das hat das Kabinett mit dem dritten Kita-Qualit\u00e4tsgesetz beschlossen, das am 1. Januar 2025 in Kraft treten soll. Das Gesetz definiert sieben Handlungsfelder, in die das Geld flie\u00dfen soll. Dazu geh\u00f6rt die Gewinnung von Fachkr\u00e4ften, ein [&hellip;]\" \/>\n<meta property=\"og:url\" content=\"https:\/\/dombert.de\/en\/federal-government-wants-to-support-childcare-with-four-billion-euros\/\" \/>\n<meta property=\"og:site_name\" content=\"DOMBERT Rechtsanw\u00e4lte\" \/>\n<meta property=\"article:published_time\" content=\"2024-08-19T08:00:00+00:00\" \/>\n<meta property=\"article:modified_time\" content=\"2025-03-23T19:41:15+00:00\" \/>\n<meta property=\"og:image\" content=\"https:\/\/dombert.de\/wp-content\/uploads\/2025\/01\/oeffentliches-recht-neuigkeit-dombert-rechtsanwaelte.jpg\" \/>\n\t<meta property=\"og:image:width\" content=\"380\" \/>\n\t<meta property=\"og:image:height\" content=\"265\" \/>\n\t<meta property=\"og:image:type\" content=\"image\/jpeg\" \/>\n<meta name=\"author\" content=\"Admin\" \/>\n<meta name=\"twitter:card\" content=\"summary_large_image\" \/>\n<meta name=\"twitter:label1\" content=\"Written by\" \/>\n\t<meta name=\"twitter:data1\" content=\"Admin\" \/>\n\t<meta name=\"twitter:label2\" content=\"Estimated reading time\" \/>\n\t<meta name=\"twitter:data2\" content=\"1 minute\" \/>\n<script type=\"application\/ld+json\" class=\"yoast-schema-graph\">{\"@context\":\"https:\\\/\\\/schema.org\",\"@graph\":[{\"@type\":\"Article\",\"@id\":\"https:\\\/\\\/dombert.de\\\/bund-will-kinderbetreuung-mit-vier-milliarden-euro-unterstuetzen\\\/#article\",\"isPartOf\":{\"@id\":\"https:\\\/\\\/dombert.de\\\/bund-will-kinderbetreuung-mit-vier-milliarden-euro-unterstuetzen\\\/\"},\"author\":{\"name\":\"Admin\",\"@id\":\"https:\\\/\\\/dombert.de\\\/#\\\/schema\\\/person\\\/cab100e6259958a255ba5963a0511ae1\"},\"headline\":\"Bund will Kinderbetreuung mit vier Milliarden Euro unterst\u00fctzen\",\"datePublished\":\"2024-08-19T08:00:00+00:00\",\"dateModified\":\"2025-03-23T19:41:15+00:00\",\"mainEntityOfPage\":{\"@id\":\"https:\\\/\\\/dombert.de\\\/bund-will-kinderbetreuung-mit-vier-milliarden-euro-unterstuetzen\\\/\"},\"wordCount\":236,\"publisher\":{\"@id\":\"https:\\\/\\\/dombert.de\\\/#organization\"},\"image\":{\"@id\":\"https:\\\/\\\/dombert.de\\\/bund-will-kinderbetreuung-mit-vier-milliarden-euro-unterstuetzen\\\/#primaryimage\"},\"thumbnailUrl\":\"https:\\\/\\\/dombert.de\\\/wp-content\\\/uploads\\\/2025\\\/01\\\/oeffentliches-recht-neuigkeit-dombert-rechtsanwaelte.jpg\",\"articleSection\":[\"Meldung\"],\"inLanguage\":\"en-GB\"},{\"@type\":\"WebPage\",\"@id\":\"https:\\\/\\\/dombert.de\\\/bund-will-kinderbetreuung-mit-vier-milliarden-euro-unterstuetzen\\\/\",\"url\":\"https:\\\/\\\/dombert.de\\\/bund-will-kinderbetreuung-mit-vier-milliarden-euro-unterstuetzen\\\/\",\"name\":\"Bund will Kinderbetreuung mit vier Milliarden Euro unterst\u00fctzen - DOMBERT Rechtsanw\u00e4lte\",\"isPartOf\":{\"@id\":\"https:\\\/\\\/dombert.de\\\/#website\"},\"primaryImageOfPage\":{\"@id\":\"https:\\\/\\\/dombert.de\\\/bund-will-kinderbetreuung-mit-vier-milliarden-euro-unterstuetzen\\\/#primaryimage\"},\"image\":{\"@id\":\"https:\\\/\\\/dombert.de\\\/bund-will-kinderbetreuung-mit-vier-milliarden-euro-unterstuetzen\\\/#primaryimage\"},\"thumbnailUrl\":\"https:\\\/\\\/dombert.de\\\/wp-content\\\/uploads\\\/2025\\\/01\\\/oeffentliches-recht-neuigkeit-dombert-rechtsanwaelte.jpg\",\"datePublished\":\"2024-08-19T08:00:00+00:00\",\"dateModified\":\"2025-03-23T19:41:15+00:00\",\"breadcrumb\":{\"@id\":\"https:\\\/\\\/dombert.de\\\/bund-will-kinderbetreuung-mit-vier-milliarden-euro-unterstuetzen\\\/#breadcrumb\"},\"inLanguage\":\"en-GB\",\"potentialAction\":[{\"@type\":\"ReadAction\",\"target\":[\"https:\\\/\\\/dombert.de\\\/bund-will-kinderbetreuung-mit-vier-milliarden-euro-unterstuetzen\\\/\"]}]},{\"@type\":\"ImageObject\",\"inLanguage\":\"en-GB\",\"@id\":\"https:\\\/\\\/dombert.de\\\/bund-will-kinderbetreuung-mit-vier-milliarden-euro-unterstuetzen\\\/#primaryimage\",\"url\":\"https:\\\/\\\/dombert.de\\\/wp-content\\\/uploads\\\/2025\\\/01\\\/oeffentliches-recht-neuigkeit-dombert-rechtsanwaelte.jpg\",\"contentUrl\":\"https:\\\/\\\/dombert.de\\\/wp-content\\\/uploads\\\/2025\\\/01\\\/oeffentliches-recht-neuigkeit-dombert-rechtsanwaelte.jpg\",\"width\":380,\"height\":265},{\"@type\":\"BreadcrumbList\",\"@id\":\"https:\\\/\\\/dombert.de\\\/bund-will-kinderbetreuung-mit-vier-milliarden-euro-unterstuetzen\\\/#breadcrumb\",\"itemListElement\":[{\"@type\":\"ListItem\",\"position\":1,\"name\":\"Startseite\",\"item\":\"https:\\\/\\\/dombert.de\\\/\"},{\"@type\":\"ListItem\",\"position\":2,\"name\":\"Bund will Kinderbetreuung mit vier Milliarden Euro unterst\u00fctzen\"}]},{\"@type\":\"WebSite\",\"@id\":\"https:\\\/\\\/dombert.de\\\/#website\",\"url\":\"https:\\\/\\\/dombert.de\\\/\",\"name\":\"DOMBERT Rechtsanw\u00e4lte\",\"description\":\"Wir sind Ihr kompetenter Ansprechpartner f\u00fcr alle Fragen des \u00f6ffentlichen Rechts.\",\"publisher\":{\"@id\":\"https:\\\/\\\/dombert.de\\\/#organization\"},\"potentialAction\":[{\"@type\":\"SearchAction\",\"target\":{\"@type\":\"EntryPoint\",\"urlTemplate\":\"https:\\\/\\\/dombert.de\\\/?s={search_term_string}\"},\"query-input\":{\"@type\":\"PropertyValueSpecification\",\"valueRequired\":true,\"valueName\":\"search_term_string\"}}],\"inLanguage\":\"en-GB\"},{\"@type\":\"Organization\",\"@id\":\"https:\\\/\\\/dombert.de\\\/#organization\",\"name\":\"DOMBERT Rechtsanw\u00e4lte\",\"url\":\"https:\\\/\\\/dombert.de\\\/\",\"logo\":{\"@type\":\"ImageObject\",\"inLanguage\":\"en-GB\",\"@id\":\"https:\\\/\\\/dombert.de\\\/#\\\/schema\\\/logo\\\/image\\\/\",\"url\":\"https:\\\/\\\/dombert.de\\\/wp-content\\\/uploads\\\/2025\\\/02\\\/Dombert-Logo_negativ_rgb.png\",\"contentUrl\":\"https:\\\/\\\/dombert.de\\\/wp-content\\\/uploads\\\/2025\\\/02\\\/Dombert-Logo_negativ_rgb.png\",\"width\":459,\"height\":206,\"caption\":\"DOMBERT Rechtsanw\u00e4lte\"},\"image\":{\"@id\":\"https:\\\/\\\/dombert.de\\\/#\\\/schema\\\/logo\\\/image\\\/\"},\"sameAs\":[\"https:\\\/\\\/www.linkedin.com\\\/company\\\/dombert-rechtsanwaelte\\\/posts\\\/?feedView=all\"]},{\"@type\":\"Person\",\"@id\":\"https:\\\/\\\/dombert.de\\\/#\\\/schema\\\/person\\\/cab100e6259958a255ba5963a0511ae1\",\"name\":\"Admin\",\"image\":{\"@type\":\"ImageObject\",\"inLanguage\":\"en-GB\",\"@id\":\"https:\\\/\\\/secure.gravatar.com\\\/avatar\\\/39e40254bfea26d3a2709e0f441e4bc39c1685d2b9c174550fafa42a6f4483e7?s=96&d=mm&r=g\",\"url\":\"https:\\\/\\\/secure.gravatar.com\\\/avatar\\\/39e40254bfea26d3a2709e0f441e4bc39c1685d2b9c174550fafa42a6f4483e7?s=96&d=mm&r=g\",\"contentUrl\":\"https:\\\/\\\/secure.gravatar.com\\\/avatar\\\/39e40254bfea26d3a2709e0f441e4bc39c1685d2b9c174550fafa42a6f4483e7?s=96&d=mm&r=g\",\"caption\":\"Admin\"},\"sameAs\":[\"https:\\\/\\\/dombert.de\"]}]}<\/script>\n<!-- \/ Yoast SEO plugin. -->","yoast_head_json":{"title":"Federal government wants to support childcare with four billion euros - DOMBERT Rechtsanw\u00e4lte","robots":{"index":"index","follow":"follow","max-snippet":"max-snippet:-1","max-image-preview":"max-image-preview:large","max-video-preview":"max-video-preview:-1"},"canonical":"https:\/\/dombert.de\/en\/federal-government-wants-to-support-childcare-with-four-billion-euros\/","og_locale":"en_GB","og_type":"article","og_title":"Bund will Kinderbetreuung mit vier Milliarden Euro unterst\u00fctzen - DOMBERT Rechtsanw\u00e4lte","og_description":"| F\u00fcr die Jahre 2025 und 2026 wird die Bundesregierung die Kinderbetreuung in Deutschland mit vier Milliarden Euro unterst\u00fctzen. Das hat das Kabinett mit dem dritten Kita-Qualit\u00e4tsgesetz beschlossen, das am 1. Januar 2025 in Kraft treten soll. Das Gesetz definiert sieben Handlungsfelder, in die das Geld flie\u00dfen soll. Dazu geh\u00f6rt die Gewinnung von Fachkr\u00e4ften, ein [&hellip;]","og_url":"https:\/\/dombert.de\/en\/federal-government-wants-to-support-childcare-with-four-billion-euros\/","og_site_name":"DOMBERT Rechtsanw\u00e4lte","article_published_time":"2024-08-19T08:00:00+00:00","article_modified_time":"2025-03-23T19:41:15+00:00","og_image":[{"width":380,"height":265,"url":"https:\/\/dombert.de\/wp-content\/uploads\/2025\/01\/oeffentliches-recht-neuigkeit-dombert-rechtsanwaelte.jpg","type":"image\/jpeg"}],"author":"Admin","twitter_card":"summary_large_image","twitter_misc":{"Written by":"Admin","Estimated reading time":"1 minute"},"schema":{"@context":"https:\/\/schema.org","@graph":[{"@type":"Article","@id":"https:\/\/dombert.de\/bund-will-kinderbetreuung-mit-vier-milliarden-euro-unterstuetzen\/#article","isPartOf":{"@id":"https:\/\/dombert.de\/bund-will-kinderbetreuung-mit-vier-milliarden-euro-unterstuetzen\/"},"author":{"name":"Admin","@id":"https:\/\/dombert.de\/#\/schema\/person\/cab100e6259958a255ba5963a0511ae1"},"headline":"Bund will Kinderbetreuung mit vier Milliarden Euro unterst\u00fctzen","datePublished":"2024-08-19T08:00:00+00:00","dateModified":"2025-03-23T19:41:15+00:00","mainEntityOfPage":{"@id":"https:\/\/dombert.de\/bund-will-kinderbetreuung-mit-vier-milliarden-euro-unterstuetzen\/"},"wordCount":236,"publisher":{"@id":"https:\/\/dombert.de\/#organization"},"image":{"@id":"https:\/\/dombert.de\/bund-will-kinderbetreuung-mit-vier-milliarden-euro-unterstuetzen\/#primaryimage"},"thumbnailUrl":"https:\/\/dombert.de\/wp-content\/uploads\/2025\/01\/oeffentliches-recht-neuigkeit-dombert-rechtsanwaelte.jpg","articleSection":["Meldung"],"inLanguage":"en-GB"},{"@type":"WebPage","@id":"https:\/\/dombert.de\/bund-will-kinderbetreuung-mit-vier-milliarden-euro-unterstuetzen\/","url":"https:\/\/dombert.de\/bund-will-kinderbetreuung-mit-vier-milliarden-euro-unterstuetzen\/","name":"Federal government wants to support childcare with four billion euros - DOMBERT Rechtsanw\u00e4lte","isPartOf":{"@id":"https:\/\/dombert.de\/#website"},"primaryImageOfPage":{"@id":"https:\/\/dombert.de\/bund-will-kinderbetreuung-mit-vier-milliarden-euro-unterstuetzen\/#primaryimage"},"image":{"@id":"https:\/\/dombert.de\/bund-will-kinderbetreuung-mit-vier-milliarden-euro-unterstuetzen\/#primaryimage"},"thumbnailUrl":"https:\/\/dombert.de\/wp-content\/uploads\/2025\/01\/oeffentliches-recht-neuigkeit-dombert-rechtsanwaelte.jpg","datePublished":"2024-08-19T08:00:00+00:00","dateModified":"2025-03-23T19:41:15+00:00","breadcrumb":{"@id":"https:\/\/dombert.de\/bund-will-kinderbetreuung-mit-vier-milliarden-euro-unterstuetzen\/#breadcrumb"},"inLanguage":"en-GB","potentialAction":[{"@type":"ReadAction","target":["https:\/\/dombert.de\/bund-will-kinderbetreuung-mit-vier-milliarden-euro-unterstuetzen\/"]}]},{"@type":"ImageObject","inLanguage":"en-GB","@id":"https:\/\/dombert.de\/bund-will-kinderbetreuung-mit-vier-milliarden-euro-unterstuetzen\/#primaryimage","url":"https:\/\/dombert.de\/wp-content\/uploads\/2025\/01\/oeffentliches-recht-neuigkeit-dombert-rechtsanwaelte.jpg","contentUrl":"https:\/\/dombert.de\/wp-content\/uploads\/2025\/01\/oeffentliches-recht-neuigkeit-dombert-rechtsanwaelte.jpg","width":380,"height":265},{"@type":"BreadcrumbList","@id":"https:\/\/dombert.de\/bund-will-kinderbetreuung-mit-vier-milliarden-euro-unterstuetzen\/#breadcrumb","itemListElement":[{"@type":"ListItem","position":1,"name":"Startseite","item":"https:\/\/dombert.de\/"},{"@type":"ListItem","position":2,"name":"Bund will Kinderbetreuung mit vier Milliarden Euro unterst\u00fctzen"}]},{"@type":"WebSite","@id":"https:\/\/dombert.de\/#website","url":"https:\/\/dombert.de\/","name":"DOMBERT Rechtsanw\u00e4lte","description":"We are your expert partner for all matters relating to public law.","publisher":{"@id":"https:\/\/dombert.de\/#organization"},"potentialAction":[{"@type":"SearchAction","target":{"@type":"EntryPoint","urlTemplate":"https:\/\/dombert.de\/?s={search_term_string}"},"query-input":{"@type":"PropertyValueSpecification","valueRequired":true,"valueName":"search_term_string"}}],"inLanguage":"en-GB"},{"@type":"Organization","@id":"https:\/\/dombert.de\/#organization","name":"DOMBERT Rechtsanw\u00e4lte","url":"https:\/\/dombert.de\/","logo":{"@type":"ImageObject","inLanguage":"en-GB","@id":"https:\/\/dombert.de\/#\/schema\/logo\/image\/","url":"https:\/\/dombert.de\/wp-content\/uploads\/2025\/02\/Dombert-Logo_negativ_rgb.png","contentUrl":"https:\/\/dombert.de\/wp-content\/uploads\/2025\/02\/Dombert-Logo_negativ_rgb.png","width":459,"height":206,"caption":"DOMBERT Rechtsanw\u00e4lte"},"image":{"@id":"https:\/\/dombert.de\/#\/schema\/logo\/image\/"},"sameAs":["https:\/\/www.linkedin.com\/company\/dombert-rechtsanwaelte\/posts\/?feedView=all"]},{"@type":"Person","@id":"https:\/\/dombert.de\/#\/schema\/person\/cab100e6259958a255ba5963a0511ae1","name":"Admin","image":{"@type":"ImageObject","inLanguage":"en-GB","@id":"https:\/\/secure.gravatar.com\/avatar\/39e40254bfea26d3a2709e0f441e4bc39c1685d2b9c174550fafa42a6f4483e7?s=96&d=mm&r=g","url":"https:\/\/secure.gravatar.com\/avatar\/39e40254bfea26d3a2709e0f441e4bc39c1685d2b9c174550fafa42a6f4483e7?s=96&d=mm&r=g","contentUrl":"https:\/\/secure.gravatar.com\/avatar\/39e40254bfea26d3a2709e0f441e4bc39c1685d2b9c174550fafa42a6f4483e7?s=96&d=mm&r=g","caption":"Admin"},"sameAs":["https:\/\/dombert.de"]}]}},"publishpress_future_workflow_manual_trigger":{"enabledWorkflows":[]},"_links":{"self":[{"href":"https:\/\/dombert.de\/en\/wp-json\/wp\/v2\/posts\/4426","targetHints":{"allow":["GET"]}}],"collection":[{"href":"https:\/\/dombert.de\/en\/wp-json\/wp\/v2\/posts"}],"about":[{"href":"https:\/\/dombert.de\/en\/wp-json\/wp\/v2\/types\/post"}],"author":[{"embeddable":true,"href":"https:\/\/dombert.de\/en\/wp-json\/wp\/v2\/users\/3"}],"replies":[{"embeddable":true,"href":"https:\/\/dombert.de\/en\/wp-json\/wp\/v2\/comments?post=4426"}],"version-history":[{"count":7,"href":"https:\/\/dombert.de\/en\/wp-json\/wp\/v2\/posts\/4426\/revisions"}],"predecessor-version":[{"id":7655,"href":"https:\/\/dombert.de\/en\/wp-json\/wp\/v2\/posts\/4426\/revisions\/7655"}],"wp:featuredmedia":[{"embeddable":true,"href":"https:\/\/dombert.de\/en\/wp-json\/wp\/v2\/media\/2114"}],"wp:attachment":[{"href":"https:\/\/dombert.de\/en\/wp-json\/wp\/v2\/media?parent=4426"}],"wp:term":[{"taxonomy":"category","embeddable":true,"href":"https:\/\/dombert.de\/en\/wp-json\/wp\/v2\/categories?post=4426"},{"taxonomy":"post_tag","embeddable":true,"href":"https:\/\/dombert.de\/en\/wp-json\/wp\/v2\/tags?post=4426"},{"taxonomy":"secondary-autor","embeddable":true,"href":"https:\/\/dombert.de\/en\/wp-json\/wp\/v2\/secondary-autor?post=4426"}],"curies":[{"name":"wp","href":"https:\/\/api.w.org\/{rel}","templated":true}]}}