{"id":4497,"date":"2024-03-14T11:12:00","date_gmt":"2024-03-14T10:12:00","guid":{"rendered":"https:\/\/dombert.de\/?p=4497"},"modified":"2025-03-23T21:00:17","modified_gmt":"2025-03-23T20:00:17","slug":"change-of-management-at-dombert-rechtsanwaelte","status":"publish","type":"post","link":"https:\/\/dombert.de\/en\/stabwechsel-in-der-geschaeftsfuehrung-bei-dombert-rechtsanwaelte\/","title":{"rendered":"Change of management at DOMBERT Rechtsanw\u00e4lte"},"content":{"rendered":"<div data-elementor-type=\"wp-post\" data-elementor-id=\"4497\" class=\"elementor elementor-4497\" data-elementor-post-type=\"post\">\n\t\t\t\t<div class=\"elementor-element elementor-element-12935a9 e-con-full e-flex e-con e-parent\" data-id=\"12935a9\" data-element_type=\"container\" data-e-type=\"container\" data-settings=\"{&quot;background_background&quot;:&quot;classic&quot;}\">\n\t\t<div class=\"elementor-element elementor-element-76e4a18 e-con-full e-flex e-con e-child\" data-id=\"76e4a18\" data-element_type=\"container\" data-e-type=\"container\">\n\t\t\t\t<div class=\"elementor-element elementor-element-5aac9e7 elementor-widget-divider--view-line elementor-widget elementor-widget-divider\" data-id=\"5aac9e7\" data-element_type=\"widget\" data-e-type=\"widget\" data-widget_type=\"divider.default\">\n\t\t\t\t<div class=\"elementor-widget-container\">\n\t\t\t\t\t\t\t<div class=\"elementor-divider\">\n\t\t\t<span class=\"elementor-divider-separator\">\n\t\t\t\t\t\t<\/span>\n\t\t<\/div>\n\t\t\t\t\t\t<\/div>\n\t\t\t\t<\/div>\n\t\t\t\t<div class=\"elementor-element elementor-element-6c513a8 elementor-widget__width-auto elementor-widget-mobile__width-initial elementor-widget elementor-widget-heading\" data-id=\"6c513a8\" data-element_type=\"widget\" data-e-type=\"widget\" data-widget_type=\"heading.default\">\n\t\t\t\t<div class=\"elementor-widget-container\">\n\t\t\t\t\t<h2 class=\"elementor-heading-title elementor-size-default\">Change of management at DOMBERT Rechtsanw\u00e4lte<\/h2>\t\t\t\t<\/div>\n\t\t\t\t<\/div>\n\t\t<div class=\"elementor-element elementor-element-58f67ad e-con-full e-flex e-con e-child\" data-id=\"58f67ad\" data-element_type=\"container\" data-e-type=\"container\">\n\t\t\t\t<div class=\"elementor-element elementor-element-a445452 elementor-widget__width-initial elementor-widget-divider--view-line elementor-widget elementor-widget-divider\" data-id=\"a445452\" data-element_type=\"widget\" data-e-type=\"widget\" data-widget_type=\"divider.default\">\n\t\t\t\t<div class=\"elementor-widget-container\">\n\t\t\t\t\t\t\t<div class=\"elementor-divider\">\n\t\t\t<span class=\"elementor-divider-separator\">\n\t\t\t\t\t\t<\/span>\n\t\t<\/div>\n\t\t\t\t\t\t<\/div>\n\t\t\t\t<\/div>\n\t\t\t\t<div class=\"elementor-element elementor-element-fa4e900 elementor-widget__width-auto elementor-widget-tablet__width-initial elementor-widget-tablet_extra__width-initial elementor-widget elementor-widget-heading\" data-id=\"fa4e900\" data-element_type=\"widget\" data-e-type=\"widget\" data-widget_type=\"heading.default\">\n\t\t\t\t<div class=\"elementor-widget-container\">\n\t\t\t\t\t<h3 class=\"elementor-heading-title elementor-size-default\"><span>Dr. Dominik L\u00fcck<\/span> | <span>Dr. Maximilian Dombert<\/span><\/h3>\t\t\t\t<\/div>\n\t\t\t\t<\/div>\n\t\t\t\t<\/div>\n\t\t<div class=\"elementor-element elementor-element-e32ee37 e-con-full e-flex e-con e-child\" data-id=\"e32ee37\" data-element_type=\"container\" data-e-type=\"container\">\n\t\t\t\t<div class=\"elementor-element elementor-element-4f1d94a elementor-widget__width-auto elementor-view-default elementor-widget elementor-widget-icon\" data-id=\"4f1d94a\" data-element_type=\"widget\" data-e-type=\"widget\" data-widget_type=\"icon.default\">\n\t\t\t\t<div class=\"elementor-widget-container\">\n\t\t\t\t\t\t\t<div class=\"elementor-icon-wrapper\">\n\t\t\t<a class=\"elementor-icon elementor-animation-grow\" href=\"https:\/\/www.linkedin.com\/company\/dombert-rechtsanwaelte\/posts\/?feedView=all\" target=\"_blank\">\n\t\t\t<svg aria-hidden=\"true\" class=\"e-font-icon-svg e-fab-linkedin\" viewbox=\"0 0 448 512\" xmlns=\"http:\/\/www.w3.org\/2000\/svg\"><path d=\"M416 32H31.9C14.3 32 0 46.5 0 64.3v383.4C0 465.5 14.3 480 31.9 480H416c17.6 0 32-14.5 32-32.3V64.3c0-17.8-14.4-32.3-32-32.3zM135.4 416H69V202.2h66.5V416zm-33.2-243c-21.3 0-38.5-17.3-38.5-38.5S80.9 96 102.2 96c21.2 0 38.5 17.3 38.5 38.5 0 21.3-17.2 38.5-38.5 38.5zm282.1 243h-66.4V312c0-24.8-.5-56.7-34.5-56.7-34.6 0-39.9 27-39.9 54.9V416h-66.4V202.2h63.7v29.2h.9c8.9-16.8 30.6-34.5 62.9-34.5 67.2 0 79.7 44.3 79.7 101.9V416z\"><\/path><\/svg>\t\t\t<\/a>\n\t\t<\/div>\n\t\t\t\t\t\t<\/div>\n\t\t\t\t<\/div>\n\t\t\t\t<\/div>\n\t\t\t\t<\/div>\n\t\t\t\t<\/div>\n\t\t<div class=\"elementor-element elementor-element-22998de8 e-con-full e-flex e-con e-parent\" data-id=\"22998de8\" data-element_type=\"container\" data-e-type=\"container\" data-settings=\"{&quot;background_background&quot;:&quot;classic&quot;}\">\n\t\t<div class=\"elementor-element elementor-element-45d62278 e-con-full e-flex e-con e-child\" data-id=\"45d62278\" data-element_type=\"container\" data-e-type=\"container\">\n\t\t<div class=\"elementor-element elementor-element-5957747c e-con-full e-flex e-con e-child\" data-id=\"5957747c\" data-element_type=\"container\" data-e-type=\"container\">\n\t\t\t\t<div class=\"elementor-element elementor-element-ba14b8e elementor-widget__width-initial elementor-widget-divider--view-line elementor-widget elementor-widget-divider\" data-id=\"ba14b8e\" data-element_type=\"widget\" data-e-type=\"widget\" data-widget_type=\"divider.default\">\n\t\t\t\t<div class=\"elementor-widget-container\">\n\t\t\t\t\t\t\t<div class=\"elementor-divider\">\n\t\t\t<span class=\"elementor-divider-separator\">\n\t\t\t\t\t\t<\/span>\n\t\t<\/div>\n\t\t\t\t\t\t<\/div>\n\t\t\t\t<\/div>\n\t\t\t\t<div class=\"elementor-element elementor-element-773d1d37 elementor-widget__width-auto elementor-widget-tablet__width-auto elementor-widget-mobile__width-auto elementor-widget elementor-widget-heading\" data-id=\"773d1d37\" data-element_type=\"widget\" data-e-type=\"widget\" data-widget_type=\"heading.default\">\n\t\t\t\t<div class=\"elementor-widget-container\">\n\t\t\t\t\t<h3 class=\"elementor-heading-title elementor-size-default\"><span>Posts<\/span><\/h3>\t\t\t\t<\/div>\n\t\t\t\t<\/div>\n\t\t\t\t<div class=\"elementor-element elementor-element-4be482ec elementor-widget__width-auto elementor-widget-tablet__width-auto elementor-widget-mobile__width-auto elementor-widget elementor-widget-heading\" data-id=\"4be482ec\" data-element_type=\"widget\" data-e-type=\"widget\" data-widget_type=\"heading.default\">\n\t\t\t\t<div class=\"elementor-widget-container\">\n\t\t\t\t\t<h3 class=\"elementor-heading-title elementor-size-default\">|<\/h3>\t\t\t\t<\/div>\n\t\t\t\t<\/div>\n\t\t\t\t<div class=\"elementor-element elementor-element-4f69f1b5 elementor-widget__width-auto elementor-widget-tablet__width-auto elementor-widget-mobile__width-auto elementor-widget elementor-widget-heading\" data-id=\"4f69f1b5\" data-element_type=\"widget\" data-e-type=\"widget\" data-widget_type=\"heading.default\">\n\t\t\t\t<div class=\"elementor-widget-container\">\n\t\t\t\t\t<h3 class=\"elementor-heading-title elementor-size-default\">14.03.2024<\/h3>\t\t\t\t<\/div>\n\t\t\t\t<\/div>\n\t\t\t\t<\/div>\n\t\t\t\t<div class=\"elementor-element elementor-element-71993078 elementor-widget__width-initial elementor-widget-tablet__width-initial elementor-widget-mobile__width-initial elementor-widget elementor-widget-text-editor\" data-id=\"71993078\" data-element_type=\"widget\" data-e-type=\"widget\" data-widget_type=\"text-editor.default\">\n\t\t\t\t<div class=\"elementor-widget-container\">\n\t\t\t\t\t\t\t\t\t<p>A generational change in the management of DOMBERT Rechtsanw\u00e4lte is imminent: On 1 April 2024, the new\u00a0<a href=\"https:\/\/dombert.de\/en\/person\/dr-dominik-lueck\/\">Dr. Dominik L\u00fcck<\/a>\u00a0and\u00a0<a href=\"https:\/\/dombert.de\/en\/person\/dr-maximilian-dombert\/\">Dr. Maximilian Dombert<\/a>\u00a0the management of the law firm. They replace founding partners Janko Ge\u00dfner and Prof. Dr Klaus Herrmann as well as Dr Jan Thiele. At the same time, the change of management is associated with a centralisation of the management in order to streamline and accelerate decision-making processes: instead of dividing the firm into different areas of responsibility, the two will jointly dedicate themselves to the current management tasks. This includes putting the rapid growth of the law firm on a sustainable footing. In the past year in particular, more new lawyers were hired. There are currently 32 lawyers working at the two offices in Potsdam and D\u00fcsseldorf - and the trend is still rising. The integration of young colleagues is to be further promoted. The career guide, which has been in place since 2017, will play an important role in this, as young lawyers can contribute to its revision and contribute their own ideas. The digitalisation of the firm's processes will also be systematically pursued. Decisive foundations have already been laid with the introduction of new law firm software and state-of-the-art hardware.<\/p>\t\t\t\t\t\t\t\t<\/div>\n\t\t\t\t<\/div>\n\t\t\t\t<\/div>\n\t\t\t\t<\/div>\n\t\t<div class=\"elementor-element elementor-element-59a61e57 e-con-full e-flex e-con e-parent\" data-id=\"59a61e57\" data-element_type=\"container\" data-e-type=\"container\" data-settings=\"{&quot;background_background&quot;:&quot;classic&quot;}\">\n\t\t<div class=\"elementor-element elementor-element-3b5f33de e-con-full e-flex e-con e-child\" data-id=\"3b5f33de\" data-element_type=\"container\" data-e-type=\"container\">\n\t\t\t\t<div class=\"elementor-element elementor-element-6c51d5eb elementor-widget__width-initial elementor-widget elementor-widget-heading\" data-id=\"6c51d5eb\" data-element_type=\"widget\" data-e-type=\"widget\" data-widget_type=\"heading.default\">\n\t\t\t\t<div class=\"elementor-widget-container\">\n\t\t\t\t\t<h2 class=\"elementor-heading-title elementor-size-default\"><b>DOMBERT<\/b> Lawyers <\/h2>\t\t\t\t<\/div>\n\t\t\t\t<\/div>\n\t\t<div class=\"elementor-element elementor-element-7f2720f0 e-con-full e-flex e-con e-child\" data-id=\"7f2720f0\" data-element_type=\"container\" data-e-type=\"container\">\n\t\t\t\t<div class=\"elementor-element elementor-element-320a7872 elementor-widget__width-initial elementor-widget-divider--view-line elementor-widget elementor-widget-divider\" data-id=\"320a7872\" data-element_type=\"widget\" data-e-type=\"widget\" data-widget_type=\"divider.default\">\n\t\t\t\t<div class=\"elementor-widget-container\">\n\t\t\t\t\t\t\t<div class=\"elementor-divider\">\n\t\t\t<span class=\"elementor-divider-separator\">\n\t\t\t\t\t\t<\/span>\n\t\t<\/div>\n\t\t\t\t\t\t<\/div>\n\t\t\t\t<\/div>\n\t\t\t\t<div class=\"elementor-element elementor-element-9adf21d elementor-widget__width-auto elementor-widget-tablet_extra__width-initial elementor-widget-tablet__width-initial elementor-widget-mobile_extra__width-initial elementor-widget-mobile__width-initial elementor-widget elementor-widget-heading\" data-id=\"9adf21d\" data-element_type=\"widget\" data-e-type=\"widget\" data-widget_type=\"heading.default\">\n\t\t\t\t<div class=\"elementor-widget-container\">\n\t\t\t\t\t<h3 class=\"elementor-heading-title elementor-size-default\">Our work covers all legal issues and conflicts in which the state, municipalities or authorities are involved.<\/h3>\t\t\t\t<\/div>\n\t\t\t\t<\/div>\n\t\t\t\t<\/div>\n\t\t<div class=\"elementor-element elementor-element-5f2027ac e-con-full e-flex e-con e-child\" data-id=\"5f2027ac\" data-element_type=\"container\" data-e-type=\"container\">\n\t\t\t\t<div class=\"elementor-element elementor-element-6b38dabd elementor-widget elementor-widget-button\" data-id=\"6b38dabd\" data-element_type=\"widget\" data-e-type=\"widget\" data-widget_type=\"button.default\">\n\t\t\t\t<div class=\"elementor-widget-container\">\n\t\t\t\t\t\t\t\t\t<div class=\"elementor-button-wrapper\">\n\t\t\t\t\t<a class=\"elementor-button elementor-button-link elementor-size-sm\" href=\"https:\/\/dombert.de\/en\/law-firm\/\">\n\t\t\t\t\t\t<span class=\"elementor-button-content-wrapper\">\n\t\t\t\t\t\t\t\t\t<span class=\"elementor-button-text\">More about our firm<\/span>\n\t\t\t\t\t<\/span>\n\t\t\t\t\t<\/a>\n\t\t\t\t<\/div>\n\t\t\t\t\t\t\t\t<\/div>\n\t\t\t\t<\/div>\n\t\t\t\t<div class=\"elementor-element elementor-element-a12c98a elementor-widget elementor-widget-button\" data-id=\"a12c98a\" data-element_type=\"widget\" data-e-type=\"widget\" data-widget_type=\"button.default\">\n\t\t\t\t<div class=\"elementor-widget-container\">\n\t\t\t\t\t\t\t\t\t<div class=\"elementor-button-wrapper\">\n\t\t\t\t\t<a class=\"elementor-button elementor-button-link elementor-size-sm\" href=\"https:\/\/dombert.de\/en\/#kompetenzen\">\n\t\t\t\t\t\t<span class=\"elementor-button-content-wrapper\">\n\t\t\t\t\t\t\t\t\t<span class=\"elementor-button-text\">More about our expertise<\/span>\n\t\t\t\t\t<\/span>\n\t\t\t\t\t<\/a>\n\t\t\t\t<\/div>\n\t\t\t\t\t\t\t\t<\/div>\n\t\t\t\t<\/div>\n\t\t\t\t<\/div>\n\t\t\t\t<\/div>\n\t\t\t\t<\/div>\n\t\t\t\t<\/div>","protected":false},"excerpt":{"rendered":"<p>| Bei DOMBERT Rechtsanw\u00e4lte steht ein Generationswechsel in der Gesch\u00e4ftsf\u00fchrung an: Zum 1. April 2024 \u00fcbernehmen\u00a0Dr. Dominik L\u00fcck\u00a0und\u00a0Dr. Maximilian Dombert\u00a0das Management der Kanzlei. Sie l\u00f6sen damit Gr\u00fcndungspartner Janko Ge\u00dfner und Prof. Dr. Klaus Herrmann sowie Dr. Jan Thiele ab. Mit dem Stabwechsel ist zugleich eine Zentralisierung der Gesch\u00e4ftsf\u00fchrung verbunden, um Entscheidungsprozesse zu verschlanken und zu [&hellip;]<\/p>\n","protected":false},"author":4,"featured_media":2114,"comment_status":"closed","ping_status":"closed","sticky":false,"template":"","format":"standard","meta":{"_acf_changed":false,"site-sidebar-layout":"default","site-content-layout":"","ast-site-content-layout":"default","site-content-style":"default","site-sidebar-style":"default","ast-global-header-display":"","ast-banner-title-visibility":"","ast-main-header-display":"","ast-hfb-above-header-display":"","ast-hfb-below-header-display":"","ast-hfb-mobile-header-display":"","site-post-title":"","ast-breadcrumbs-content":"","ast-featured-img":"","footer-sml-layout":"","ast-disable-related-posts":"","theme-transparent-header-meta":"","adv-header-id-meta":"","stick-header-meta":"","header-above-stick-meta":"","header-main-stick-meta":"","header-below-stick-meta":"","astra-migrate-meta-layouts":"set","ast-page-background-enabled":"default","ast-page-background-meta":{"desktop":{"background-color":"","background-image":"","background-repeat":"repeat","background-position":"center center","background-size":"auto","background-attachment":"scroll","background-type":"","background-media":"","overlay-type":"","overlay-color":"","overlay-opacity":"","overlay-gradient":""},"tablet":{"background-color":"","background-image":"","background-repeat":"repeat","background-position":"center center","background-size":"auto","background-attachment":"scroll","background-type":"","background-media":"","overlay-type":"","overlay-color":"","overlay-opacity":"","overlay-gradient":""},"mobile":{"background-color":"","background-image":"","background-repeat":"repeat","background-position":"center center","background-size":"auto","background-attachment":"scroll","background-type":"","background-media":"","overlay-type":"","overlay-color":"","overlay-opacity":"","overlay-gradient":""}},"ast-content-background-meta":{"desktop":{"background-color":"var(--ast-global-color-5)","background-image":"","background-repeat":"repeat","background-position":"center center","background-size":"auto","background-attachment":"scroll","background-type":"","background-media":"","overlay-type":"","overlay-color":"","overlay-opacity":"","overlay-gradient":""},"tablet":{"background-color":"var(--ast-global-color-5)","background-image":"","background-repeat":"repeat","background-position":"center center","background-size":"auto","background-attachment":"scroll","background-type":"","background-media":"","overlay-type":"","overlay-color":"","overlay-opacity":"","overlay-gradient":""},"mobile":{"background-color":"var(--ast-global-color-5)","background-image":"","background-repeat":"repeat","background-position":"center center","background-size":"auto","background-attachment":"scroll","background-type":"","background-media":"","overlay-type":"","overlay-color":"","overlay-opacity":"","overlay-gradient":""}},"footnotes":""},"categories":[45],"tags":[],"secondary-autor":[106,104],"class_list":["post-4497","post","type-post","status-publish","format-standard","has-post-thumbnail","hentry","category-meldung","secondary-autor-dr-dominik-lueck","secondary-autor-dr-maximilian-dombert"],"acf":[],"yoast_head":"<!-- This site is optimized with the Yoast SEO plugin v27.4 - https:\/\/yoast.com\/product\/yoast-seo-wordpress\/ -->\n<title>Stabwechsel in der Gesch\u00e4ftsf\u00fchrung bei DOMBERT Rechtsanw\u00e4lte - DOMBERT Rechtsanw\u00e4lte<\/title>\n<meta name=\"robots\" content=\"index, follow, max-snippet:-1, max-image-preview:large, max-video-preview:-1\" \/>\n<link rel=\"canonical\" href=\"https:\/\/dombert.de\/en\/change-of-management-at-dombert-rechtsanwaelte\/\" \/>\n<meta property=\"og:locale\" content=\"en_GB\" \/>\n<meta property=\"og:type\" content=\"article\" \/>\n<meta property=\"og:title\" content=\"Stabwechsel in der Gesch\u00e4ftsf\u00fchrung bei DOMBERT Rechtsanw\u00e4lte - DOMBERT Rechtsanw\u00e4lte\" \/>\n<meta property=\"og:description\" content=\"| Bei DOMBERT Rechtsanw\u00e4lte steht ein Generationswechsel in der Gesch\u00e4ftsf\u00fchrung an: Zum 1. April 2024 \u00fcbernehmen\u00a0Dr. Dominik L\u00fcck\u00a0und\u00a0Dr. Maximilian Dombert\u00a0das Management der Kanzlei. Sie l\u00f6sen damit Gr\u00fcndungspartner Janko Ge\u00dfner und Prof. Dr. Klaus Herrmann sowie Dr. Jan Thiele ab. Mit dem Stabwechsel ist zugleich eine Zentralisierung der Gesch\u00e4ftsf\u00fchrung verbunden, um Entscheidungsprozesse zu verschlanken und zu [&hellip;]\" \/>\n<meta property=\"og:url\" content=\"https:\/\/dombert.de\/en\/change-of-management-at-dombert-rechtsanwaelte\/\" \/>\n<meta property=\"og:site_name\" content=\"DOMBERT Rechtsanw\u00e4lte\" \/>\n<meta property=\"article:published_time\" content=\"2024-03-14T10:12:00+00:00\" \/>\n<meta property=\"article:modified_time\" content=\"2025-03-23T20:00:17+00:00\" \/>\n<meta property=\"og:image\" content=\"https:\/\/dombert.de\/wp-content\/uploads\/2025\/01\/oeffentliches-recht-neuigkeit-dombert-rechtsanwaelte.jpg\" \/>\n\t<meta property=\"og:image:width\" content=\"380\" \/>\n\t<meta property=\"og:image:height\" content=\"265\" \/>\n\t<meta property=\"og:image:type\" content=\"image\/jpeg\" \/>\n<meta name=\"author\" content=\"Jasmin M\u00fcller\" \/>\n<meta name=\"twitter:card\" content=\"summary_large_image\" \/>\n<meta name=\"twitter:label1\" content=\"Written by\" \/>\n\t<meta name=\"twitter:data1\" content=\"Jasmin M\u00fcller\" \/>\n\t<meta name=\"twitter:label2\" content=\"Estimated reading time\" \/>\n\t<meta name=\"twitter:data2\" content=\"1 minute\" \/>\n<script type=\"application\/ld+json\" class=\"yoast-schema-graph\">{\"@context\":\"https:\\\/\\\/schema.org\",\"@graph\":[{\"@type\":\"Article\",\"@id\":\"https:\\\/\\\/dombert.de\\\/stabwechsel-in-der-geschaeftsfuehrung-bei-dombert-rechtsanwaelte\\\/#article\",\"isPartOf\":{\"@id\":\"https:\\\/\\\/dombert.de\\\/stabwechsel-in-der-geschaeftsfuehrung-bei-dombert-rechtsanwaelte\\\/\"},\"author\":{\"name\":\"Jasmin M\u00fcller\",\"@id\":\"https:\\\/\\\/dombert.de\\\/#\\\/schema\\\/person\\\/889b395e975ac4ad4573471bc53ce118\"},\"headline\":\"Stabwechsel in der Gesch\u00e4ftsf\u00fchrung bei DOMBERT Rechtsanw\u00e4lte\",\"datePublished\":\"2024-03-14T10:12:00+00:00\",\"dateModified\":\"2025-03-23T20:00:17+00:00\",\"mainEntityOfPage\":{\"@id\":\"https:\\\/\\\/dombert.de\\\/stabwechsel-in-der-geschaeftsfuehrung-bei-dombert-rechtsanwaelte\\\/\"},\"wordCount\":231,\"publisher\":{\"@id\":\"https:\\\/\\\/dombert.de\\\/#organization\"},\"image\":{\"@id\":\"https:\\\/\\\/dombert.de\\\/stabwechsel-in-der-geschaeftsfuehrung-bei-dombert-rechtsanwaelte\\\/#primaryimage\"},\"thumbnailUrl\":\"https:\\\/\\\/dombert.de\\\/wp-content\\\/uploads\\\/2025\\\/01\\\/oeffentliches-recht-neuigkeit-dombert-rechtsanwaelte.jpg\",\"articleSection\":[\"Meldung\"],\"inLanguage\":\"en-GB\"},{\"@type\":\"WebPage\",\"@id\":\"https:\\\/\\\/dombert.de\\\/stabwechsel-in-der-geschaeftsfuehrung-bei-dombert-rechtsanwaelte\\\/\",\"url\":\"https:\\\/\\\/dombert.de\\\/stabwechsel-in-der-geschaeftsfuehrung-bei-dombert-rechtsanwaelte\\\/\",\"name\":\"Stabwechsel in der Gesch\u00e4ftsf\u00fchrung bei DOMBERT Rechtsanw\u00e4lte - DOMBERT Rechtsanw\u00e4lte\",\"isPartOf\":{\"@id\":\"https:\\\/\\\/dombert.de\\\/#website\"},\"primaryImageOfPage\":{\"@id\":\"https:\\\/\\\/dombert.de\\\/stabwechsel-in-der-geschaeftsfuehrung-bei-dombert-rechtsanwaelte\\\/#primaryimage\"},\"image\":{\"@id\":\"https:\\\/\\\/dombert.de\\\/stabwechsel-in-der-geschaeftsfuehrung-bei-dombert-rechtsanwaelte\\\/#primaryimage\"},\"thumbnailUrl\":\"https:\\\/\\\/dombert.de\\\/wp-content\\\/uploads\\\/2025\\\/01\\\/oeffentliches-recht-neuigkeit-dombert-rechtsanwaelte.jpg\",\"datePublished\":\"2024-03-14T10:12:00+00:00\",\"dateModified\":\"2025-03-23T20:00:17+00:00\",\"breadcrumb\":{\"@id\":\"https:\\\/\\\/dombert.de\\\/stabwechsel-in-der-geschaeftsfuehrung-bei-dombert-rechtsanwaelte\\\/#breadcrumb\"},\"inLanguage\":\"en-GB\",\"potentialAction\":[{\"@type\":\"ReadAction\",\"target\":[\"https:\\\/\\\/dombert.de\\\/stabwechsel-in-der-geschaeftsfuehrung-bei-dombert-rechtsanwaelte\\\/\"]}]},{\"@type\":\"ImageObject\",\"inLanguage\":\"en-GB\",\"@id\":\"https:\\\/\\\/dombert.de\\\/stabwechsel-in-der-geschaeftsfuehrung-bei-dombert-rechtsanwaelte\\\/#primaryimage\",\"url\":\"https:\\\/\\\/dombert.de\\\/wp-content\\\/uploads\\\/2025\\\/01\\\/oeffentliches-recht-neuigkeit-dombert-rechtsanwaelte.jpg\",\"contentUrl\":\"https:\\\/\\\/dombert.de\\\/wp-content\\\/uploads\\\/2025\\\/01\\\/oeffentliches-recht-neuigkeit-dombert-rechtsanwaelte.jpg\",\"width\":380,\"height\":265},{\"@type\":\"BreadcrumbList\",\"@id\":\"https:\\\/\\\/dombert.de\\\/stabwechsel-in-der-geschaeftsfuehrung-bei-dombert-rechtsanwaelte\\\/#breadcrumb\",\"itemListElement\":[{\"@type\":\"ListItem\",\"position\":1,\"name\":\"Startseite\",\"item\":\"https:\\\/\\\/dombert.de\\\/\"},{\"@type\":\"ListItem\",\"position\":2,\"name\":\"Stabwechsel in der Gesch\u00e4ftsf\u00fchrung bei DOMBERT Rechtsanw\u00e4lte\"}]},{\"@type\":\"WebSite\",\"@id\":\"https:\\\/\\\/dombert.de\\\/#website\",\"url\":\"https:\\\/\\\/dombert.de\\\/\",\"name\":\"DOMBERT Rechtsanw\u00e4lte\",\"description\":\"Wir sind Ihr kompetenter Ansprechpartner f\u00fcr alle Fragen des \u00f6ffentlichen Rechts.\",\"publisher\":{\"@id\":\"https:\\\/\\\/dombert.de\\\/#organization\"},\"potentialAction\":[{\"@type\":\"SearchAction\",\"target\":{\"@type\":\"EntryPoint\",\"urlTemplate\":\"https:\\\/\\\/dombert.de\\\/?s={search_term_string}\"},\"query-input\":{\"@type\":\"PropertyValueSpecification\",\"valueRequired\":true,\"valueName\":\"search_term_string\"}}],\"inLanguage\":\"en-GB\"},{\"@type\":\"Organization\",\"@id\":\"https:\\\/\\\/dombert.de\\\/#organization\",\"name\":\"DOMBERT Rechtsanw\u00e4lte\",\"url\":\"https:\\\/\\\/dombert.de\\\/\",\"logo\":{\"@type\":\"ImageObject\",\"inLanguage\":\"en-GB\",\"@id\":\"https:\\\/\\\/dombert.de\\\/#\\\/schema\\\/logo\\\/image\\\/\",\"url\":\"https:\\\/\\\/dombert.de\\\/wp-content\\\/uploads\\\/2025\\\/02\\\/Dombert-Logo_negativ_rgb.png\",\"contentUrl\":\"https:\\\/\\\/dombert.de\\\/wp-content\\\/uploads\\\/2025\\\/02\\\/Dombert-Logo_negativ_rgb.png\",\"width\":459,\"height\":206,\"caption\":\"DOMBERT Rechtsanw\u00e4lte\"},\"image\":{\"@id\":\"https:\\\/\\\/dombert.de\\\/#\\\/schema\\\/logo\\\/image\\\/\"},\"sameAs\":[\"https:\\\/\\\/www.linkedin.com\\\/company\\\/dombert-rechtsanwaelte\\\/posts\\\/?feedView=all\"]},{\"@type\":\"Person\",\"@id\":\"https:\\\/\\\/dombert.de\\\/#\\\/schema\\\/person\\\/889b395e975ac4ad4573471bc53ce118\",\"name\":\"Jasmin M\u00fcller\",\"image\":{\"@type\":\"ImageObject\",\"inLanguage\":\"en-GB\",\"@id\":\"https:\\\/\\\/secure.gravatar.com\\\/avatar\\\/6510b249f8f34fc72b4e3f8e860f265c4a036568e066df76f7f29055d74f1a1a?s=96&d=mm&r=g\",\"url\":\"https:\\\/\\\/secure.gravatar.com\\\/avatar\\\/6510b249f8f34fc72b4e3f8e860f265c4a036568e066df76f7f29055d74f1a1a?s=96&d=mm&r=g\",\"contentUrl\":\"https:\\\/\\\/secure.gravatar.com\\\/avatar\\\/6510b249f8f34fc72b4e3f8e860f265c4a036568e066df76f7f29055d74f1a1a?s=96&d=mm&r=g\",\"caption\":\"Jasmin M\u00fcller\"}}]}<\/script>\n<!-- \/ Yoast SEO plugin. -->","yoast_head_json":{"title":"Change of management at DOMBERT Rechtsanw\u00e4lte - DOMBERT Rechtsanw\u00e4lte","robots":{"index":"index","follow":"follow","max-snippet":"max-snippet:-1","max-image-preview":"max-image-preview:large","max-video-preview":"max-video-preview:-1"},"canonical":"https:\/\/dombert.de\/en\/change-of-management-at-dombert-rechtsanwaelte\/","og_locale":"en_GB","og_type":"article","og_title":"Stabwechsel in der Gesch\u00e4ftsf\u00fchrung bei DOMBERT Rechtsanw\u00e4lte - DOMBERT Rechtsanw\u00e4lte","og_description":"| Bei DOMBERT Rechtsanw\u00e4lte steht ein Generationswechsel in der Gesch\u00e4ftsf\u00fchrung an: Zum 1. April 2024 \u00fcbernehmen\u00a0Dr. Dominik L\u00fcck\u00a0und\u00a0Dr. Maximilian Dombert\u00a0das Management der Kanzlei. Sie l\u00f6sen damit Gr\u00fcndungspartner Janko Ge\u00dfner und Prof. Dr. Klaus Herrmann sowie Dr. Jan Thiele ab. Mit dem Stabwechsel ist zugleich eine Zentralisierung der Gesch\u00e4ftsf\u00fchrung verbunden, um Entscheidungsprozesse zu verschlanken und zu [&hellip;]","og_url":"https:\/\/dombert.de\/en\/change-of-management-at-dombert-rechtsanwaelte\/","og_site_name":"DOMBERT Rechtsanw\u00e4lte","article_published_time":"2024-03-14T10:12:00+00:00","article_modified_time":"2025-03-23T20:00:17+00:00","og_image":[{"width":380,"height":265,"url":"https:\/\/dombert.de\/wp-content\/uploads\/2025\/01\/oeffentliches-recht-neuigkeit-dombert-rechtsanwaelte.jpg","type":"image\/jpeg"}],"author":"Jasmin M\u00fcller","twitter_card":"summary_large_image","twitter_misc":{"Written by":"Jasmin M\u00fcller","Estimated reading time":"1 minute"},"schema":{"@context":"https:\/\/schema.org","@graph":[{"@type":"Article","@id":"https:\/\/dombert.de\/stabwechsel-in-der-geschaeftsfuehrung-bei-dombert-rechtsanwaelte\/#article","isPartOf":{"@id":"https:\/\/dombert.de\/stabwechsel-in-der-geschaeftsfuehrung-bei-dombert-rechtsanwaelte\/"},"author":{"name":"Jasmin M\u00fcller","@id":"https:\/\/dombert.de\/#\/schema\/person\/889b395e975ac4ad4573471bc53ce118"},"headline":"Stabwechsel in der Gesch\u00e4ftsf\u00fchrung bei DOMBERT Rechtsanw\u00e4lte","datePublished":"2024-03-14T10:12:00+00:00","dateModified":"2025-03-23T20:00:17+00:00","mainEntityOfPage":{"@id":"https:\/\/dombert.de\/stabwechsel-in-der-geschaeftsfuehrung-bei-dombert-rechtsanwaelte\/"},"wordCount":231,"publisher":{"@id":"https:\/\/dombert.de\/#organization"},"image":{"@id":"https:\/\/dombert.de\/stabwechsel-in-der-geschaeftsfuehrung-bei-dombert-rechtsanwaelte\/#primaryimage"},"thumbnailUrl":"https:\/\/dombert.de\/wp-content\/uploads\/2025\/01\/oeffentliches-recht-neuigkeit-dombert-rechtsanwaelte.jpg","articleSection":["Meldung"],"inLanguage":"en-GB"},{"@type":"WebPage","@id":"https:\/\/dombert.de\/stabwechsel-in-der-geschaeftsfuehrung-bei-dombert-rechtsanwaelte\/","url":"https:\/\/dombert.de\/stabwechsel-in-der-geschaeftsfuehrung-bei-dombert-rechtsanwaelte\/","name":"Change of management at DOMBERT Rechtsanw\u00e4lte - DOMBERT Rechtsanw\u00e4lte","isPartOf":{"@id":"https:\/\/dombert.de\/#website"},"primaryImageOfPage":{"@id":"https:\/\/dombert.de\/stabwechsel-in-der-geschaeftsfuehrung-bei-dombert-rechtsanwaelte\/#primaryimage"},"image":{"@id":"https:\/\/dombert.de\/stabwechsel-in-der-geschaeftsfuehrung-bei-dombert-rechtsanwaelte\/#primaryimage"},"thumbnailUrl":"https:\/\/dombert.de\/wp-content\/uploads\/2025\/01\/oeffentliches-recht-neuigkeit-dombert-rechtsanwaelte.jpg","datePublished":"2024-03-14T10:12:00+00:00","dateModified":"2025-03-23T20:00:17+00:00","breadcrumb":{"@id":"https:\/\/dombert.de\/stabwechsel-in-der-geschaeftsfuehrung-bei-dombert-rechtsanwaelte\/#breadcrumb"},"inLanguage":"en-GB","potentialAction":[{"@type":"ReadAction","target":["https:\/\/dombert.de\/stabwechsel-in-der-geschaeftsfuehrung-bei-dombert-rechtsanwaelte\/"]}]},{"@type":"ImageObject","inLanguage":"en-GB","@id":"https:\/\/dombert.de\/stabwechsel-in-der-geschaeftsfuehrung-bei-dombert-rechtsanwaelte\/#primaryimage","url":"https:\/\/dombert.de\/wp-content\/uploads\/2025\/01\/oeffentliches-recht-neuigkeit-dombert-rechtsanwaelte.jpg","contentUrl":"https:\/\/dombert.de\/wp-content\/uploads\/2025\/01\/oeffentliches-recht-neuigkeit-dombert-rechtsanwaelte.jpg","width":380,"height":265},{"@type":"BreadcrumbList","@id":"https:\/\/dombert.de\/stabwechsel-in-der-geschaeftsfuehrung-bei-dombert-rechtsanwaelte\/#breadcrumb","itemListElement":[{"@type":"ListItem","position":1,"name":"Startseite","item":"https:\/\/dombert.de\/"},{"@type":"ListItem","position":2,"name":"Stabwechsel in der Gesch\u00e4ftsf\u00fchrung bei DOMBERT Rechtsanw\u00e4lte"}]},{"@type":"WebSite","@id":"https:\/\/dombert.de\/#website","url":"https:\/\/dombert.de\/","name":"DOMBERT Rechtsanw\u00e4lte","description":"We are your expert partner for all matters relating to public law.","publisher":{"@id":"https:\/\/dombert.de\/#organization"},"potentialAction":[{"@type":"SearchAction","target":{"@type":"EntryPoint","urlTemplate":"https:\/\/dombert.de\/?s={search_term_string}"},"query-input":{"@type":"PropertyValueSpecification","valueRequired":true,"valueName":"search_term_string"}}],"inLanguage":"en-GB"},{"@type":"Organization","@id":"https:\/\/dombert.de\/#organization","name":"DOMBERT Rechtsanw\u00e4lte","url":"https:\/\/dombert.de\/","logo":{"@type":"ImageObject","inLanguage":"en-GB","@id":"https:\/\/dombert.de\/#\/schema\/logo\/image\/","url":"https:\/\/dombert.de\/wp-content\/uploads\/2025\/02\/Dombert-Logo_negativ_rgb.png","contentUrl":"https:\/\/dombert.de\/wp-content\/uploads\/2025\/02\/Dombert-Logo_negativ_rgb.png","width":459,"height":206,"caption":"DOMBERT Rechtsanw\u00e4lte"},"image":{"@id":"https:\/\/dombert.de\/#\/schema\/logo\/image\/"},"sameAs":["https:\/\/www.linkedin.com\/company\/dombert-rechtsanwaelte\/posts\/?feedView=all"]},{"@type":"Person","@id":"https:\/\/dombert.de\/#\/schema\/person\/889b395e975ac4ad4573471bc53ce118","name":"Jasmin M\u00fcller","image":{"@type":"ImageObject","inLanguage":"en-GB","@id":"https:\/\/secure.gravatar.com\/avatar\/6510b249f8f34fc72b4e3f8e860f265c4a036568e066df76f7f29055d74f1a1a?s=96&d=mm&r=g","url":"https:\/\/secure.gravatar.com\/avatar\/6510b249f8f34fc72b4e3f8e860f265c4a036568e066df76f7f29055d74f1a1a?s=96&d=mm&r=g","contentUrl":"https:\/\/secure.gravatar.com\/avatar\/6510b249f8f34fc72b4e3f8e860f265c4a036568e066df76f7f29055d74f1a1a?s=96&d=mm&r=g","caption":"Jasmin M\u00fcller"}}]}},"publishpress_future_workflow_manual_trigger":{"enabledWorkflows":[]},"_links":{"self":[{"href":"https:\/\/dombert.de\/en\/wp-json\/wp\/v2\/posts\/4497","targetHints":{"allow":["GET"]}}],"collection":[{"href":"https:\/\/dombert.de\/en\/wp-json\/wp\/v2\/posts"}],"about":[{"href":"https:\/\/dombert.de\/en\/wp-json\/wp\/v2\/types\/post"}],"author":[{"embeddable":true,"href":"https:\/\/dombert.de\/en\/wp-json\/wp\/v2\/users\/4"}],"replies":[{"embeddable":true,"href":"https:\/\/dombert.de\/en\/wp-json\/wp\/v2\/comments?post=4497"}],"version-history":[{"count":7,"href":"https:\/\/dombert.de\/en\/wp-json\/wp\/v2\/posts\/4497\/revisions"}],"predecessor-version":[{"id":7745,"href":"https:\/\/dombert.de\/en\/wp-json\/wp\/v2\/posts\/4497\/revisions\/7745"}],"wp:featuredmedia":[{"embeddable":true,"href":"https:\/\/dombert.de\/en\/wp-json\/wp\/v2\/media\/2114"}],"wp:attachment":[{"href":"https:\/\/dombert.de\/en\/wp-json\/wp\/v2\/media?parent=4497"}],"wp:term":[{"taxonomy":"category","embeddable":true,"href":"https:\/\/dombert.de\/en\/wp-json\/wp\/v2\/categories?post=4497"},{"taxonomy":"post_tag","embeddable":true,"href":"https:\/\/dombert.de\/en\/wp-json\/wp\/v2\/tags?post=4497"},{"taxonomy":"secondary-autor","embeddable":true,"href":"https:\/\/dombert.de\/en\/wp-json\/wp\/v2\/secondary-autor?post=4497"}],"curies":[{"name":"wp","href":"https:\/\/api.w.org\/{rel}","templated":true}]}}