{"id":4514,"date":"2024-03-11T11:24:00","date_gmt":"2024-03-11T10:24:00","guid":{"rendered":"https:\/\/dombert.de\/?p=4514"},"modified":"2025-03-23T21:00:54","modified_gmt":"2025-03-23T20:00:54","slug":"extremism-tightening-of-federal-police-examinations","status":"publish","type":"post","link":"https:\/\/dombert.de\/en\/extremismus-verschaerfung-der-pruefung-bei-der-bundespolizei\/","title":{"rendered":"Extremism: tighter scrutiny by the Federal Police"},"content":{"rendered":"<div data-elementor-type=\"wp-post\" data-elementor-id=\"4514\" class=\"elementor elementor-4514\" data-elementor-post-type=\"post\">\n\t\t\t\t<div class=\"elementor-element elementor-element-9de3b6a e-con-full e-flex e-con e-parent\" data-id=\"9de3b6a\" data-element_type=\"container\" data-e-type=\"container\" data-settings=\"{&quot;background_background&quot;:&quot;classic&quot;}\">\n\t\t<div class=\"elementor-element elementor-element-9f83410 e-con-full e-flex e-con e-child\" data-id=\"9f83410\" data-element_type=\"container\" data-e-type=\"container\">\n\t\t\t\t<div class=\"elementor-element elementor-element-15a3b62 elementor-widget-divider--view-line elementor-widget elementor-widget-divider\" data-id=\"15a3b62\" data-element_type=\"widget\" data-e-type=\"widget\" data-widget_type=\"divider.default\">\n\t\t\t\t<div class=\"elementor-widget-container\">\n\t\t\t\t\t\t\t<div class=\"elementor-divider\">\n\t\t\t<span class=\"elementor-divider-separator\">\n\t\t\t\t\t\t<\/span>\n\t\t<\/div>\n\t\t\t\t\t\t<\/div>\n\t\t\t\t<\/div>\n\t\t\t\t<div class=\"elementor-element elementor-element-8272641 elementor-widget__width-auto elementor-widget-mobile__width-initial elementor-widget elementor-widget-heading\" data-id=\"8272641\" data-element_type=\"widget\" data-e-type=\"widget\" data-widget_type=\"heading.default\">\n\t\t\t\t<div class=\"elementor-widget-container\">\n\t\t\t\t\t<h2 class=\"elementor-heading-title elementor-size-default\">Extremism: tighter scrutiny by the Federal Police<\/h2>\t\t\t\t<\/div>\n\t\t\t\t<\/div>\n\t\t<div class=\"elementor-element elementor-element-9d933e1 e-con-full e-flex e-con e-child\" data-id=\"9d933e1\" data-element_type=\"container\" data-e-type=\"container\">\n\t\t\t\t<div class=\"elementor-element elementor-element-8ac7372 elementor-widget__width-initial elementor-widget-divider--view-line elementor-widget elementor-widget-divider\" data-id=\"8ac7372\" data-element_type=\"widget\" data-e-type=\"widget\" data-widget_type=\"divider.default\">\n\t\t\t\t<div class=\"elementor-widget-container\">\n\t\t\t\t\t\t\t<div class=\"elementor-divider\">\n\t\t\t<span class=\"elementor-divider-separator\">\n\t\t\t\t\t\t<\/span>\n\t\t<\/div>\n\t\t\t\t\t\t<\/div>\n\t\t\t\t<\/div>\n\t\t\t\t<div class=\"elementor-element elementor-element-7cc5ccd elementor-widget__width-auto elementor-widget-tablet__width-initial elementor-widget-tablet_extra__width-initial elementor-widget elementor-widget-heading\" data-id=\"7cc5ccd\" data-element_type=\"widget\" data-e-type=\"widget\" data-widget_type=\"heading.default\">\n\t\t\t\t<div class=\"elementor-widget-container\">\n\t\t\t\t\t<h3 class=\"elementor-heading-title elementor-size-default\"><span>Dr. Stephan Berndt<\/span> | <span>Kristina D\u00f6rnenburg<\/span> | <span>Kristina Gottschalk, LL.M.oec.<\/span> | <span>Prof. Dr. Klaus Herrmann<\/span><\/h3>\t\t\t\t<\/div>\n\t\t\t\t<\/div>\n\t\t\t\t<\/div>\n\t\t<div class=\"elementor-element elementor-element-6548ad2 e-con-full e-flex e-con e-child\" data-id=\"6548ad2\" data-element_type=\"container\" data-e-type=\"container\">\n\t\t\t\t<div class=\"elementor-element elementor-element-44ca90b elementor-widget__width-auto elementor-view-default elementor-widget elementor-widget-icon\" data-id=\"44ca90b\" data-element_type=\"widget\" data-e-type=\"widget\" data-widget_type=\"icon.default\">\n\t\t\t\t<div class=\"elementor-widget-container\">\n\t\t\t\t\t\t\t<div class=\"elementor-icon-wrapper\">\n\t\t\t<a class=\"elementor-icon elementor-animation-grow\" href=\"https:\/\/www.linkedin.com\/company\/dombert-rechtsanwaelte\/posts\/?feedView=all\" target=\"_blank\">\n\t\t\t<svg aria-hidden=\"true\" class=\"e-font-icon-svg e-fab-linkedin\" viewbox=\"0 0 448 512\" xmlns=\"http:\/\/www.w3.org\/2000\/svg\"><path d=\"M416 32H31.9C14.3 32 0 46.5 0 64.3v383.4C0 465.5 14.3 480 31.9 480H416c17.6 0 32-14.5 32-32.3V64.3c0-17.8-14.4-32.3-32-32.3zM135.4 416H69V202.2h66.5V416zm-33.2-243c-21.3 0-38.5-17.3-38.5-38.5S80.9 96 102.2 96c21.2 0 38.5 17.3 38.5 38.5 0 21.3-17.2 38.5-38.5 38.5zm282.1 243h-66.4V312c0-24.8-.5-56.7-34.5-56.7-34.6 0-39.9 27-39.9 54.9V416h-66.4V202.2h63.7v29.2h.9c8.9-16.8 30.6-34.5 62.9-34.5 67.2 0 79.7 44.3 79.7 101.9V416z\"><\/path><\/svg>\t\t\t<\/a>\n\t\t<\/div>\n\t\t\t\t\t\t<\/div>\n\t\t\t\t<\/div>\n\t\t\t\t<\/div>\n\t\t\t\t<\/div>\n\t\t\t\t<\/div>\n\t\t<div class=\"elementor-element elementor-element-2facefb e-con-full e-flex e-con e-parent\" data-id=\"2facefb\" data-element_type=\"container\" data-e-type=\"container\" data-settings=\"{&quot;background_background&quot;:&quot;classic&quot;}\">\n\t\t<div class=\"elementor-element elementor-element-7a24f4f5 e-con-full e-flex e-con e-child\" data-id=\"7a24f4f5\" data-element_type=\"container\" data-e-type=\"container\">\n\t\t<div class=\"elementor-element elementor-element-133df3a8 e-con-full e-flex e-con e-child\" data-id=\"133df3a8\" data-element_type=\"container\" data-e-type=\"container\">\n\t\t\t\t<div class=\"elementor-element elementor-element-10a91de elementor-widget__width-initial elementor-widget-divider--view-line elementor-widget elementor-widget-divider\" data-id=\"10a91de\" data-element_type=\"widget\" data-e-type=\"widget\" data-widget_type=\"divider.default\">\n\t\t\t\t<div class=\"elementor-widget-container\">\n\t\t\t\t\t\t\t<div class=\"elementor-divider\">\n\t\t\t<span class=\"elementor-divider-separator\">\n\t\t\t\t\t\t<\/span>\n\t\t<\/div>\n\t\t\t\t\t\t<\/div>\n\t\t\t\t<\/div>\n\t\t\t\t<div class=\"elementor-element elementor-element-4377810a elementor-widget__width-auto elementor-widget-tablet__width-auto elementor-widget-mobile__width-auto elementor-widget elementor-widget-heading\" data-id=\"4377810a\" data-element_type=\"widget\" data-e-type=\"widget\" data-widget_type=\"heading.default\">\n\t\t\t\t<div class=\"elementor-widget-container\">\n\t\t\t\t\t<h3 class=\"elementor-heading-title elementor-size-default\"><span>Posts<\/span><\/h3>\t\t\t\t<\/div>\n\t\t\t\t<\/div>\n\t\t\t\t<div class=\"elementor-element elementor-element-110d6365 elementor-widget__width-auto elementor-widget-tablet__width-auto elementor-widget-mobile__width-auto elementor-widget elementor-widget-heading\" data-id=\"110d6365\" data-element_type=\"widget\" data-e-type=\"widget\" data-widget_type=\"heading.default\">\n\t\t\t\t<div class=\"elementor-widget-container\">\n\t\t\t\t\t<h3 class=\"elementor-heading-title elementor-size-default\">|<\/h3>\t\t\t\t<\/div>\n\t\t\t\t<\/div>\n\t\t\t\t<div class=\"elementor-element elementor-element-10d27fc2 elementor-widget__width-auto elementor-widget-tablet__width-auto elementor-widget-mobile__width-auto elementor-widget elementor-widget-heading\" data-id=\"10d27fc2\" data-element_type=\"widget\" data-e-type=\"widget\" data-widget_type=\"heading.default\">\n\t\t\t\t<div class=\"elementor-widget-container\">\n\t\t\t\t\t<h3 class=\"elementor-heading-title elementor-size-default\">11.03.2024<\/h3>\t\t\t\t<\/div>\n\t\t\t\t<\/div>\n\t\t\t\t<\/div>\n\t\t\t\t<div class=\"elementor-element elementor-element-4c3e9ea5 elementor-widget__width-initial elementor-widget-tablet__width-initial elementor-widget-mobile__width-initial elementor-widget elementor-widget-text-editor\" data-id=\"4c3e9ea5\" data-element_type=\"widget\" data-e-type=\"widget\" data-widget_type=\"text-editor.default\">\n\t\t\t\t<div class=\"elementor-widget-container\">\n\t\t\t\t\t\t\t\t\t<p>The public administration is to be better protected against possible infiltration by extremists. This objective has prompted legislators to reform the Federal Police Act, which largely dates back to 1994. In doing so, the legislator is building on the Federal Minister of the Interior's action plan against (right-wing) extremism.  As a result, all persons who wish to work for the Federal Police (for a longer period of time) are to undergo a simple security check in accordance with the Security Checks Act. Previously, a security check was only required in certain cases.<\/p><p>\u00a0<\/p><p>In addition to the submission of a security declaration, the simple security check would include an enquiry with the constitution protection authorities as well as obtaining unrestricted information from the Federal Central Register. The Federal Police would also be authorised to obtain information on applicants from the Federal Criminal Police Office and the Federal Intelligence Service and, if necessary, from foreign security authorities.  This should ensure that personal involvement in extremist milieus and groups is recognised from the outset in future. The simple security check should only be omitted in exceptional cases.<\/p><p>\u00a0<\/p><p>\u201eThis reform will initiate a - necessary - adjustment of the Federal Police Act in line with the other reform considerations of public service law. It remains to be seen whether this will be further developed,\u201c says Rechtsanwalt Dr Stephan Berndt.<\/p><p>\u00a0<\/p><p>The contact persons for public service law in our practice are the lawyers <a href=\"https:\/\/dombert.de\/en\/person\/prof-dr-klaus-herrmann\/\">Prof. Dr. Klaus Herrmann<\/a>,\u00a0<a href=\"https:\/\/dombert.de\/en\/person\/dr-stephan-berndt\/\">Dr. Stephan Berndt<\/a>\u00a0and lawyers\u00a0<a href=\"https:\/\/dombert.de\/en\/person\/kristina-doernenburg\/\">Kristina D\u00f6rnenburg<\/a>\u00a0and\u00a0<a href=\"https:\/\/dombert.de\/en\/person\/kristina-gottschalk-ll-m-oec\/\">Kristina Gottschalk, LL.M.oec<\/a><\/p>\t\t\t\t\t\t\t\t<\/div>\n\t\t\t\t<\/div>\n\t\t\t\t<\/div>\n\t\t\t\t<\/div>\n\t\t<div class=\"elementor-element elementor-element-1e4b2373 e-con-full e-flex e-con e-parent\" data-id=\"1e4b2373\" data-element_type=\"container\" data-e-type=\"container\" data-settings=\"{&quot;background_background&quot;:&quot;classic&quot;}\">\n\t\t<div class=\"elementor-element elementor-element-3c42db6a e-con-full e-flex e-con e-child\" data-id=\"3c42db6a\" data-element_type=\"container\" data-e-type=\"container\">\n\t\t\t\t<div class=\"elementor-element elementor-element-68bf5798 elementor-widget__width-initial elementor-widget elementor-widget-heading\" data-id=\"68bf5798\" data-element_type=\"widget\" data-e-type=\"widget\" data-widget_type=\"heading.default\">\n\t\t\t\t<div class=\"elementor-widget-container\">\n\t\t\t\t\t<h2 class=\"elementor-heading-title elementor-size-default\"><b>DOMBERT<\/b> Lawyers <\/h2>\t\t\t\t<\/div>\n\t\t\t\t<\/div>\n\t\t<div class=\"elementor-element elementor-element-135979f3 e-con-full e-flex e-con e-child\" data-id=\"135979f3\" data-element_type=\"container\" data-e-type=\"container\">\n\t\t\t\t<div class=\"elementor-element elementor-element-42338fc3 elementor-widget__width-initial elementor-widget-divider--view-line elementor-widget elementor-widget-divider\" data-id=\"42338fc3\" data-element_type=\"widget\" data-e-type=\"widget\" data-widget_type=\"divider.default\">\n\t\t\t\t<div class=\"elementor-widget-container\">\n\t\t\t\t\t\t\t<div class=\"elementor-divider\">\n\t\t\t<span class=\"elementor-divider-separator\">\n\t\t\t\t\t\t<\/span>\n\t\t<\/div>\n\t\t\t\t\t\t<\/div>\n\t\t\t\t<\/div>\n\t\t\t\t<div class=\"elementor-element elementor-element-4717e85c elementor-widget__width-auto elementor-widget-tablet_extra__width-initial elementor-widget-tablet__width-initial elementor-widget-mobile_extra__width-initial elementor-widget-mobile__width-initial elementor-widget elementor-widget-heading\" data-id=\"4717e85c\" data-element_type=\"widget\" data-e-type=\"widget\" data-widget_type=\"heading.default\">\n\t\t\t\t<div class=\"elementor-widget-container\">\n\t\t\t\t\t<h3 class=\"elementor-heading-title elementor-size-default\">Our work covers all legal issues and conflicts in which the state, municipalities or authorities are involved.<\/h3>\t\t\t\t<\/div>\n\t\t\t\t<\/div>\n\t\t\t\t<\/div>\n\t\t<div class=\"elementor-element elementor-element-2dcf3aa3 e-con-full e-flex e-con e-child\" data-id=\"2dcf3aa3\" data-element_type=\"container\" data-e-type=\"container\">\n\t\t\t\t<div class=\"elementor-element elementor-element-150ce2ad elementor-widget elementor-widget-button\" data-id=\"150ce2ad\" data-element_type=\"widget\" data-e-type=\"widget\" data-widget_type=\"button.default\">\n\t\t\t\t<div class=\"elementor-widget-container\">\n\t\t\t\t\t\t\t\t\t<div class=\"elementor-button-wrapper\">\n\t\t\t\t\t<a class=\"elementor-button elementor-button-link elementor-size-sm\" href=\"https:\/\/dombert.de\/en\/law-firm\/\">\n\t\t\t\t\t\t<span class=\"elementor-button-content-wrapper\">\n\t\t\t\t\t\t\t\t\t<span class=\"elementor-button-text\">More about our firm<\/span>\n\t\t\t\t\t<\/span>\n\t\t\t\t\t<\/a>\n\t\t\t\t<\/div>\n\t\t\t\t\t\t\t\t<\/div>\n\t\t\t\t<\/div>\n\t\t\t\t<div class=\"elementor-element elementor-element-4d9f0571 elementor-widget elementor-widget-button\" data-id=\"4d9f0571\" data-element_type=\"widget\" data-e-type=\"widget\" data-widget_type=\"button.default\">\n\t\t\t\t<div class=\"elementor-widget-container\">\n\t\t\t\t\t\t\t\t\t<div class=\"elementor-button-wrapper\">\n\t\t\t\t\t<a class=\"elementor-button elementor-button-link elementor-size-sm\" href=\"https:\/\/dombert.de\/en\/#kompetenzen\">\n\t\t\t\t\t\t<span class=\"elementor-button-content-wrapper\">\n\t\t\t\t\t\t\t\t\t<span class=\"elementor-button-text\">More about our expertise<\/span>\n\t\t\t\t\t<\/span>\n\t\t\t\t\t<\/a>\n\t\t\t\t<\/div>\n\t\t\t\t\t\t\t\t<\/div>\n\t\t\t\t<\/div>\n\t\t\t\t<\/div>\n\t\t\t\t<\/div>\n\t\t\t\t<\/div>\n\t\t\t\t<\/div>","protected":false},"excerpt":{"rendered":"<p>| Die \u00f6ffentliche Verwaltung soll besser vor einer m\u00f6glichen Unterwanderung von Extremisten gesch\u00fctzt werden. Dieses Ziel ist Anlass des Gesetzgebers, \u00a0das gr\u00f6\u00dftenteils aus dem Jahr 1994 stammende Bundespolizeigesetz zu reformieren. Der Gesetzgeber kn\u00fcpft dabei an den Aktionsplan gegen (Rechts-)Extremismus der Bundesinnenministerin an. \u00a0Auch in der Bundespolizei sollen deshalb alle Personen, die f\u00fcr die Bundespolizei (l\u00e4nger) [&hellip;]<\/p>\n","protected":false},"author":4,"featured_media":2114,"comment_status":"closed","ping_status":"closed","sticky":false,"template":"","format":"standard","meta":{"_acf_changed":false,"site-sidebar-layout":"default","site-content-layout":"","ast-site-content-layout":"default","site-content-style":"default","site-sidebar-style":"default","ast-global-header-display":"","ast-banner-title-visibility":"","ast-main-header-display":"","ast-hfb-above-header-display":"","ast-hfb-below-header-display":"","ast-hfb-mobile-header-display":"","site-post-title":"","ast-breadcrumbs-content":"","ast-featured-img":"disabled","footer-sml-layout":"","ast-disable-related-posts":"","theme-transparent-header-meta":"","adv-header-id-meta":"","stick-header-meta":"","header-above-stick-meta":"","header-main-stick-meta":"","header-below-stick-meta":"","astra-migrate-meta-layouts":"set","ast-page-background-enabled":"default","ast-page-background-meta":{"desktop":{"background-color":"","background-image":"","background-repeat":"repeat","background-position":"center center","background-size":"auto","background-attachment":"scroll","background-type":"","background-media":"","overlay-type":"","overlay-color":"","overlay-opacity":"","overlay-gradient":""},"tablet":{"background-color":"","background-image":"","background-repeat":"repeat","background-position":"center center","background-size":"auto","background-attachment":"scroll","background-type":"","background-media":"","overlay-type":"","overlay-color":"","overlay-opacity":"","overlay-gradient":""},"mobile":{"background-color":"","background-image":"","background-repeat":"repeat","background-position":"center center","background-size":"auto","background-attachment":"scroll","background-type":"","background-media":"","overlay-type":"","overlay-color":"","overlay-opacity":"","overlay-gradient":""}},"ast-content-background-meta":{"desktop":{"background-color":"var(--ast-global-color-5)","background-image":"","background-repeat":"repeat","background-position":"center center","background-size":"auto","background-attachment":"scroll","background-type":"","background-media":"","overlay-type":"","overlay-color":"","overlay-opacity":"","overlay-gradient":""},"tablet":{"background-color":"var(--ast-global-color-5)","background-image":"","background-repeat":"repeat","background-position":"center center","background-size":"auto","background-attachment":"scroll","background-type":"","background-media":"","overlay-type":"","overlay-color":"","overlay-opacity":"","overlay-gradient":""},"mobile":{"background-color":"var(--ast-global-color-5)","background-image":"","background-repeat":"repeat","background-position":"center center","background-size":"auto","background-attachment":"scroll","background-type":"","background-media":"","overlay-type":"","overlay-color":"","overlay-opacity":"","overlay-gradient":""}},"footnotes":""},"categories":[45],"tags":[],"secondary-autor":[92,89,91,90],"class_list":["post-4514","post","type-post","status-publish","format-standard","has-post-thumbnail","hentry","category-meldung","secondary-autor-dr-stephan-berndt","secondary-autor-kristina-doernenburg","secondary-autor-kristina-gottschalk-ll-m-oec","secondary-autor-prof-dr-klaus-herrmann"],"acf":[],"yoast_head":"<!-- This site is optimized with the Yoast SEO plugin v27.4 - https:\/\/yoast.com\/product\/yoast-seo-wordpress\/ -->\n<title>Extremismus: Versch\u00e4rfung der Pr\u00fcfung bei der Bundespolizei - DOMBERT Rechtsanw\u00e4lte<\/title>\n<meta name=\"robots\" content=\"index, follow, max-snippet:-1, max-image-preview:large, max-video-preview:-1\" \/>\n<link rel=\"canonical\" href=\"https:\/\/dombert.de\/en\/extremism-tightening-of-federal-police-examinations\/\" \/>\n<meta property=\"og:locale\" content=\"en_GB\" \/>\n<meta property=\"og:type\" content=\"article\" \/>\n<meta property=\"og:title\" content=\"Extremismus: Versch\u00e4rfung der Pr\u00fcfung bei der Bundespolizei - DOMBERT Rechtsanw\u00e4lte\" \/>\n<meta property=\"og:description\" content=\"| Die \u00f6ffentliche Verwaltung soll besser vor einer m\u00f6glichen Unterwanderung von Extremisten gesch\u00fctzt werden. Dieses Ziel ist Anlass des Gesetzgebers, \u00a0das gr\u00f6\u00dftenteils aus dem Jahr 1994 stammende Bundespolizeigesetz zu reformieren. Der Gesetzgeber kn\u00fcpft dabei an den Aktionsplan gegen (Rechts-)Extremismus der Bundesinnenministerin an. \u00a0Auch in der Bundespolizei sollen deshalb alle Personen, die f\u00fcr die Bundespolizei (l\u00e4nger) [&hellip;]\" \/>\n<meta property=\"og:url\" content=\"https:\/\/dombert.de\/en\/extremism-tightening-of-federal-police-examinations\/\" \/>\n<meta property=\"og:site_name\" content=\"DOMBERT Rechtsanw\u00e4lte\" \/>\n<meta property=\"article:published_time\" content=\"2024-03-11T10:24:00+00:00\" \/>\n<meta property=\"article:modified_time\" content=\"2025-03-23T20:00:54+00:00\" \/>\n<meta property=\"og:image\" content=\"https:\/\/dombert.de\/wp-content\/uploads\/2025\/01\/oeffentliches-recht-neuigkeit-dombert-rechtsanwaelte.jpg\" \/>\n\t<meta property=\"og:image:width\" content=\"380\" \/>\n\t<meta property=\"og:image:height\" content=\"265\" \/>\n\t<meta property=\"og:image:type\" content=\"image\/jpeg\" \/>\n<meta name=\"author\" content=\"Jasmin M\u00fcller\" \/>\n<meta name=\"twitter:card\" content=\"summary_large_image\" \/>\n<meta name=\"twitter:label1\" content=\"Written by\" \/>\n\t<meta name=\"twitter:data1\" content=\"Jasmin M\u00fcller\" \/>\n\t<meta name=\"twitter:label2\" content=\"Estimated reading time\" \/>\n\t<meta name=\"twitter:data2\" content=\"1 minute\" \/>\n<script type=\"application\/ld+json\" class=\"yoast-schema-graph\">{\"@context\":\"https:\\\/\\\/schema.org\",\"@graph\":[{\"@type\":\"Article\",\"@id\":\"https:\\\/\\\/dombert.de\\\/extremismus-verschaerfung-der-pruefung-bei-der-bundespolizei\\\/#article\",\"isPartOf\":{\"@id\":\"https:\\\/\\\/dombert.de\\\/extremismus-verschaerfung-der-pruefung-bei-der-bundespolizei\\\/\"},\"author\":{\"name\":\"Jasmin M\u00fcller\",\"@id\":\"https:\\\/\\\/dombert.de\\\/#\\\/schema\\\/person\\\/889b395e975ac4ad4573471bc53ce118\"},\"headline\":\"Extremismus: Versch\u00e4rfung der Pr\u00fcfung bei der Bundespolizei\",\"datePublished\":\"2024-03-11T10:24:00+00:00\",\"dateModified\":\"2025-03-23T20:00:54+00:00\",\"mainEntityOfPage\":{\"@id\":\"https:\\\/\\\/dombert.de\\\/extremismus-verschaerfung-der-pruefung-bei-der-bundespolizei\\\/\"},\"wordCount\":272,\"publisher\":{\"@id\":\"https:\\\/\\\/dombert.de\\\/#organization\"},\"image\":{\"@id\":\"https:\\\/\\\/dombert.de\\\/extremismus-verschaerfung-der-pruefung-bei-der-bundespolizei\\\/#primaryimage\"},\"thumbnailUrl\":\"https:\\\/\\\/dombert.de\\\/wp-content\\\/uploads\\\/2025\\\/01\\\/oeffentliches-recht-neuigkeit-dombert-rechtsanwaelte.jpg\",\"articleSection\":[\"Meldung\"],\"inLanguage\":\"en-GB\"},{\"@type\":\"WebPage\",\"@id\":\"https:\\\/\\\/dombert.de\\\/extremismus-verschaerfung-der-pruefung-bei-der-bundespolizei\\\/\",\"url\":\"https:\\\/\\\/dombert.de\\\/extremismus-verschaerfung-der-pruefung-bei-der-bundespolizei\\\/\",\"name\":\"Extremismus: Versch\u00e4rfung der Pr\u00fcfung bei der Bundespolizei - DOMBERT Rechtsanw\u00e4lte\",\"isPartOf\":{\"@id\":\"https:\\\/\\\/dombert.de\\\/#website\"},\"primaryImageOfPage\":{\"@id\":\"https:\\\/\\\/dombert.de\\\/extremismus-verschaerfung-der-pruefung-bei-der-bundespolizei\\\/#primaryimage\"},\"image\":{\"@id\":\"https:\\\/\\\/dombert.de\\\/extremismus-verschaerfung-der-pruefung-bei-der-bundespolizei\\\/#primaryimage\"},\"thumbnailUrl\":\"https:\\\/\\\/dombert.de\\\/wp-content\\\/uploads\\\/2025\\\/01\\\/oeffentliches-recht-neuigkeit-dombert-rechtsanwaelte.jpg\",\"datePublished\":\"2024-03-11T10:24:00+00:00\",\"dateModified\":\"2025-03-23T20:00:54+00:00\",\"breadcrumb\":{\"@id\":\"https:\\\/\\\/dombert.de\\\/extremismus-verschaerfung-der-pruefung-bei-der-bundespolizei\\\/#breadcrumb\"},\"inLanguage\":\"en-GB\",\"potentialAction\":[{\"@type\":\"ReadAction\",\"target\":[\"https:\\\/\\\/dombert.de\\\/extremismus-verschaerfung-der-pruefung-bei-der-bundespolizei\\\/\"]}]},{\"@type\":\"ImageObject\",\"inLanguage\":\"en-GB\",\"@id\":\"https:\\\/\\\/dombert.de\\\/extremismus-verschaerfung-der-pruefung-bei-der-bundespolizei\\\/#primaryimage\",\"url\":\"https:\\\/\\\/dombert.de\\\/wp-content\\\/uploads\\\/2025\\\/01\\\/oeffentliches-recht-neuigkeit-dombert-rechtsanwaelte.jpg\",\"contentUrl\":\"https:\\\/\\\/dombert.de\\\/wp-content\\\/uploads\\\/2025\\\/01\\\/oeffentliches-recht-neuigkeit-dombert-rechtsanwaelte.jpg\",\"width\":380,\"height\":265},{\"@type\":\"BreadcrumbList\",\"@id\":\"https:\\\/\\\/dombert.de\\\/extremismus-verschaerfung-der-pruefung-bei-der-bundespolizei\\\/#breadcrumb\",\"itemListElement\":[{\"@type\":\"ListItem\",\"position\":1,\"name\":\"Startseite\",\"item\":\"https:\\\/\\\/dombert.de\\\/\"},{\"@type\":\"ListItem\",\"position\":2,\"name\":\"Extremismus: Versch\u00e4rfung der Pr\u00fcfung bei der Bundespolizei\"}]},{\"@type\":\"WebSite\",\"@id\":\"https:\\\/\\\/dombert.de\\\/#website\",\"url\":\"https:\\\/\\\/dombert.de\\\/\",\"name\":\"DOMBERT Rechtsanw\u00e4lte\",\"description\":\"Wir sind Ihr kompetenter Ansprechpartner f\u00fcr alle Fragen des \u00f6ffentlichen Rechts.\",\"publisher\":{\"@id\":\"https:\\\/\\\/dombert.de\\\/#organization\"},\"potentialAction\":[{\"@type\":\"SearchAction\",\"target\":{\"@type\":\"EntryPoint\",\"urlTemplate\":\"https:\\\/\\\/dombert.de\\\/?s={search_term_string}\"},\"query-input\":{\"@type\":\"PropertyValueSpecification\",\"valueRequired\":true,\"valueName\":\"search_term_string\"}}],\"inLanguage\":\"en-GB\"},{\"@type\":\"Organization\",\"@id\":\"https:\\\/\\\/dombert.de\\\/#organization\",\"name\":\"DOMBERT Rechtsanw\u00e4lte\",\"url\":\"https:\\\/\\\/dombert.de\\\/\",\"logo\":{\"@type\":\"ImageObject\",\"inLanguage\":\"en-GB\",\"@id\":\"https:\\\/\\\/dombert.de\\\/#\\\/schema\\\/logo\\\/image\\\/\",\"url\":\"https:\\\/\\\/dombert.de\\\/wp-content\\\/uploads\\\/2025\\\/02\\\/Dombert-Logo_negativ_rgb.png\",\"contentUrl\":\"https:\\\/\\\/dombert.de\\\/wp-content\\\/uploads\\\/2025\\\/02\\\/Dombert-Logo_negativ_rgb.png\",\"width\":459,\"height\":206,\"caption\":\"DOMBERT Rechtsanw\u00e4lte\"},\"image\":{\"@id\":\"https:\\\/\\\/dombert.de\\\/#\\\/schema\\\/logo\\\/image\\\/\"},\"sameAs\":[\"https:\\\/\\\/www.linkedin.com\\\/company\\\/dombert-rechtsanwaelte\\\/posts\\\/?feedView=all\"]},{\"@type\":\"Person\",\"@id\":\"https:\\\/\\\/dombert.de\\\/#\\\/schema\\\/person\\\/889b395e975ac4ad4573471bc53ce118\",\"name\":\"Jasmin M\u00fcller\",\"image\":{\"@type\":\"ImageObject\",\"inLanguage\":\"en-GB\",\"@id\":\"https:\\\/\\\/secure.gravatar.com\\\/avatar\\\/6510b249f8f34fc72b4e3f8e860f265c4a036568e066df76f7f29055d74f1a1a?s=96&d=mm&r=g\",\"url\":\"https:\\\/\\\/secure.gravatar.com\\\/avatar\\\/6510b249f8f34fc72b4e3f8e860f265c4a036568e066df76f7f29055d74f1a1a?s=96&d=mm&r=g\",\"contentUrl\":\"https:\\\/\\\/secure.gravatar.com\\\/avatar\\\/6510b249f8f34fc72b4e3f8e860f265c4a036568e066df76f7f29055d74f1a1a?s=96&d=mm&r=g\",\"caption\":\"Jasmin M\u00fcller\"}}]}<\/script>\n<!-- \/ Yoast SEO plugin. -->","yoast_head_json":{"title":"Extremism: Tougher scrutiny of the federal police - DOMBERT Rechtsanw\u00e4lte","robots":{"index":"index","follow":"follow","max-snippet":"max-snippet:-1","max-image-preview":"max-image-preview:large","max-video-preview":"max-video-preview:-1"},"canonical":"https:\/\/dombert.de\/en\/extremism-tightening-of-federal-police-examinations\/","og_locale":"en_GB","og_type":"article","og_title":"Extremismus: Versch\u00e4rfung der Pr\u00fcfung bei der Bundespolizei - DOMBERT Rechtsanw\u00e4lte","og_description":"| Die \u00f6ffentliche Verwaltung soll besser vor einer m\u00f6glichen Unterwanderung von Extremisten gesch\u00fctzt werden. Dieses Ziel ist Anlass des Gesetzgebers, \u00a0das gr\u00f6\u00dftenteils aus dem Jahr 1994 stammende Bundespolizeigesetz zu reformieren. Der Gesetzgeber kn\u00fcpft dabei an den Aktionsplan gegen (Rechts-)Extremismus der Bundesinnenministerin an. \u00a0Auch in der Bundespolizei sollen deshalb alle Personen, die f\u00fcr die Bundespolizei (l\u00e4nger) [&hellip;]","og_url":"https:\/\/dombert.de\/en\/extremism-tightening-of-federal-police-examinations\/","og_site_name":"DOMBERT Rechtsanw\u00e4lte","article_published_time":"2024-03-11T10:24:00+00:00","article_modified_time":"2025-03-23T20:00:54+00:00","og_image":[{"width":380,"height":265,"url":"https:\/\/dombert.de\/wp-content\/uploads\/2025\/01\/oeffentliches-recht-neuigkeit-dombert-rechtsanwaelte.jpg","type":"image\/jpeg"}],"author":"Jasmin M\u00fcller","twitter_card":"summary_large_image","twitter_misc":{"Written by":"Jasmin M\u00fcller","Estimated reading time":"1 minute"},"schema":{"@context":"https:\/\/schema.org","@graph":[{"@type":"Article","@id":"https:\/\/dombert.de\/extremismus-verschaerfung-der-pruefung-bei-der-bundespolizei\/#article","isPartOf":{"@id":"https:\/\/dombert.de\/extremismus-verschaerfung-der-pruefung-bei-der-bundespolizei\/"},"author":{"name":"Jasmin M\u00fcller","@id":"https:\/\/dombert.de\/#\/schema\/person\/889b395e975ac4ad4573471bc53ce118"},"headline":"Extremismus: Versch\u00e4rfung der Pr\u00fcfung bei der Bundespolizei","datePublished":"2024-03-11T10:24:00+00:00","dateModified":"2025-03-23T20:00:54+00:00","mainEntityOfPage":{"@id":"https:\/\/dombert.de\/extremismus-verschaerfung-der-pruefung-bei-der-bundespolizei\/"},"wordCount":272,"publisher":{"@id":"https:\/\/dombert.de\/#organization"},"image":{"@id":"https:\/\/dombert.de\/extremismus-verschaerfung-der-pruefung-bei-der-bundespolizei\/#primaryimage"},"thumbnailUrl":"https:\/\/dombert.de\/wp-content\/uploads\/2025\/01\/oeffentliches-recht-neuigkeit-dombert-rechtsanwaelte.jpg","articleSection":["Meldung"],"inLanguage":"en-GB"},{"@type":"WebPage","@id":"https:\/\/dombert.de\/extremismus-verschaerfung-der-pruefung-bei-der-bundespolizei\/","url":"https:\/\/dombert.de\/extremismus-verschaerfung-der-pruefung-bei-der-bundespolizei\/","name":"Extremism: Tougher scrutiny of the federal police - DOMBERT Rechtsanw\u00e4lte","isPartOf":{"@id":"https:\/\/dombert.de\/#website"},"primaryImageOfPage":{"@id":"https:\/\/dombert.de\/extremismus-verschaerfung-der-pruefung-bei-der-bundespolizei\/#primaryimage"},"image":{"@id":"https:\/\/dombert.de\/extremismus-verschaerfung-der-pruefung-bei-der-bundespolizei\/#primaryimage"},"thumbnailUrl":"https:\/\/dombert.de\/wp-content\/uploads\/2025\/01\/oeffentliches-recht-neuigkeit-dombert-rechtsanwaelte.jpg","datePublished":"2024-03-11T10:24:00+00:00","dateModified":"2025-03-23T20:00:54+00:00","breadcrumb":{"@id":"https:\/\/dombert.de\/extremismus-verschaerfung-der-pruefung-bei-der-bundespolizei\/#breadcrumb"},"inLanguage":"en-GB","potentialAction":[{"@type":"ReadAction","target":["https:\/\/dombert.de\/extremismus-verschaerfung-der-pruefung-bei-der-bundespolizei\/"]}]},{"@type":"ImageObject","inLanguage":"en-GB","@id":"https:\/\/dombert.de\/extremismus-verschaerfung-der-pruefung-bei-der-bundespolizei\/#primaryimage","url":"https:\/\/dombert.de\/wp-content\/uploads\/2025\/01\/oeffentliches-recht-neuigkeit-dombert-rechtsanwaelte.jpg","contentUrl":"https:\/\/dombert.de\/wp-content\/uploads\/2025\/01\/oeffentliches-recht-neuigkeit-dombert-rechtsanwaelte.jpg","width":380,"height":265},{"@type":"BreadcrumbList","@id":"https:\/\/dombert.de\/extremismus-verschaerfung-der-pruefung-bei-der-bundespolizei\/#breadcrumb","itemListElement":[{"@type":"ListItem","position":1,"name":"Startseite","item":"https:\/\/dombert.de\/"},{"@type":"ListItem","position":2,"name":"Extremismus: Versch\u00e4rfung der Pr\u00fcfung bei der Bundespolizei"}]},{"@type":"WebSite","@id":"https:\/\/dombert.de\/#website","url":"https:\/\/dombert.de\/","name":"DOMBERT Rechtsanw\u00e4lte","description":"We are your expert partner for all matters relating to public law.","publisher":{"@id":"https:\/\/dombert.de\/#organization"},"potentialAction":[{"@type":"SearchAction","target":{"@type":"EntryPoint","urlTemplate":"https:\/\/dombert.de\/?s={search_term_string}"},"query-input":{"@type":"PropertyValueSpecification","valueRequired":true,"valueName":"search_term_string"}}],"inLanguage":"en-GB"},{"@type":"Organization","@id":"https:\/\/dombert.de\/#organization","name":"DOMBERT Rechtsanw\u00e4lte","url":"https:\/\/dombert.de\/","logo":{"@type":"ImageObject","inLanguage":"en-GB","@id":"https:\/\/dombert.de\/#\/schema\/logo\/image\/","url":"https:\/\/dombert.de\/wp-content\/uploads\/2025\/02\/Dombert-Logo_negativ_rgb.png","contentUrl":"https:\/\/dombert.de\/wp-content\/uploads\/2025\/02\/Dombert-Logo_negativ_rgb.png","width":459,"height":206,"caption":"DOMBERT Rechtsanw\u00e4lte"},"image":{"@id":"https:\/\/dombert.de\/#\/schema\/logo\/image\/"},"sameAs":["https:\/\/www.linkedin.com\/company\/dombert-rechtsanwaelte\/posts\/?feedView=all"]},{"@type":"Person","@id":"https:\/\/dombert.de\/#\/schema\/person\/889b395e975ac4ad4573471bc53ce118","name":"Jasmin M\u00fcller","image":{"@type":"ImageObject","inLanguage":"en-GB","@id":"https:\/\/secure.gravatar.com\/avatar\/6510b249f8f34fc72b4e3f8e860f265c4a036568e066df76f7f29055d74f1a1a?s=96&d=mm&r=g","url":"https:\/\/secure.gravatar.com\/avatar\/6510b249f8f34fc72b4e3f8e860f265c4a036568e066df76f7f29055d74f1a1a?s=96&d=mm&r=g","contentUrl":"https:\/\/secure.gravatar.com\/avatar\/6510b249f8f34fc72b4e3f8e860f265c4a036568e066df76f7f29055d74f1a1a?s=96&d=mm&r=g","caption":"Jasmin M\u00fcller"}}]}},"publishpress_future_workflow_manual_trigger":{"enabledWorkflows":[]},"_links":{"self":[{"href":"https:\/\/dombert.de\/en\/wp-json\/wp\/v2\/posts\/4514","targetHints":{"allow":["GET"]}}],"collection":[{"href":"https:\/\/dombert.de\/en\/wp-json\/wp\/v2\/posts"}],"about":[{"href":"https:\/\/dombert.de\/en\/wp-json\/wp\/v2\/types\/post"}],"author":[{"embeddable":true,"href":"https:\/\/dombert.de\/en\/wp-json\/wp\/v2\/users\/4"}],"replies":[{"embeddable":true,"href":"https:\/\/dombert.de\/en\/wp-json\/wp\/v2\/comments?post=4514"}],"version-history":[{"count":7,"href":"https:\/\/dombert.de\/en\/wp-json\/wp\/v2\/posts\/4514\/revisions"}],"predecessor-version":[{"id":7748,"href":"https:\/\/dombert.de\/en\/wp-json\/wp\/v2\/posts\/4514\/revisions\/7748"}],"wp:featuredmedia":[{"embeddable":true,"href":"https:\/\/dombert.de\/en\/wp-json\/wp\/v2\/media\/2114"}],"wp:attachment":[{"href":"https:\/\/dombert.de\/en\/wp-json\/wp\/v2\/media?parent=4514"}],"wp:term":[{"taxonomy":"category","embeddable":true,"href":"https:\/\/dombert.de\/en\/wp-json\/wp\/v2\/categories?post=4514"},{"taxonomy":"post_tag","embeddable":true,"href":"https:\/\/dombert.de\/en\/wp-json\/wp\/v2\/tags?post=4514"},{"taxonomy":"secondary-autor","embeddable":true,"href":"https:\/\/dombert.de\/en\/wp-json\/wp\/v2\/secondary-autor?post=4514"}],"curies":[{"name":"wp","href":"https:\/\/api.w.org\/{rel}","templated":true}]}}