{"id":6569,"date":"2025-03-05T18:27:45","date_gmt":"2025-03-05T17:27:45","guid":{"rendered":"https:\/\/dombert.de\/?p=6569"},"modified":"2025-03-23T20:15:13","modified_gmt":"2025-03-23T19:15:13","slug":"monument-protection-must-take-a-back-seat-to-wind-energy-expansion","status":"publish","type":"post","link":"https:\/\/dombert.de\/en\/denkmalschutz-muss-hinter-windenergieausbau-zurueckstehen\/","title":{"rendered":"Monument protection must take second place to wind energy expansion"},"content":{"rendered":"<div data-elementor-type=\"wp-post\" data-elementor-id=\"6569\" class=\"elementor elementor-6569\" data-elementor-post-type=\"post\">\n\t\t\t\t<div class=\"elementor-element elementor-element-330e18d e-con-full e-flex e-con e-parent\" data-id=\"330e18d\" data-element_type=\"container\" data-e-type=\"container\" data-settings=\"{&quot;background_background&quot;:&quot;classic&quot;}\">\n\t\t<div class=\"elementor-element elementor-element-330e958 e-con-full e-flex e-con e-child\" data-id=\"330e958\" data-element_type=\"container\" data-e-type=\"container\">\n\t\t\t\t<div class=\"elementor-element elementor-element-1215be2 elementor-widget-divider--view-line elementor-widget elementor-widget-divider\" data-id=\"1215be2\" data-element_type=\"widget\" data-e-type=\"widget\" data-widget_type=\"divider.default\">\n\t\t\t\t<div class=\"elementor-widget-container\">\n\t\t\t\t\t\t\t<div class=\"elementor-divider\">\n\t\t\t<span class=\"elementor-divider-separator\">\n\t\t\t\t\t\t<\/span>\n\t\t<\/div>\n\t\t\t\t\t\t<\/div>\n\t\t\t\t<\/div>\n\t\t\t\t<div class=\"elementor-element elementor-element-24af600 elementor-widget__width-auto elementor-widget-mobile__width-initial elementor-widget elementor-widget-heading\" data-id=\"24af600\" data-element_type=\"widget\" data-e-type=\"widget\" data-widget_type=\"heading.default\">\n\t\t\t\t<div class=\"elementor-widget-container\">\n\t\t\t\t\t<h2 class=\"elementor-heading-title elementor-size-default\">Monument protection must take second place to wind energy expansion<\/h2>\t\t\t\t<\/div>\n\t\t\t\t<\/div>\n\t\t<div class=\"elementor-element elementor-element-c7df5fe e-con-full e-flex e-con e-child\" data-id=\"c7df5fe\" data-element_type=\"container\" data-e-type=\"container\">\n\t\t\t\t<div class=\"elementor-element elementor-element-f8c1fc3 elementor-widget__width-initial elementor-widget-divider--view-line elementor-widget elementor-widget-divider\" data-id=\"f8c1fc3\" data-element_type=\"widget\" data-e-type=\"widget\" data-widget_type=\"divider.default\">\n\t\t\t\t<div class=\"elementor-widget-container\">\n\t\t\t\t\t\t\t<div class=\"elementor-divider\">\n\t\t\t<span class=\"elementor-divider-separator\">\n\t\t\t\t\t\t<\/span>\n\t\t<\/div>\n\t\t\t\t\t\t<\/div>\n\t\t\t\t<\/div>\n\t\t\t\t<div class=\"elementor-element elementor-element-31a0721 elementor-widget__width-auto elementor-widget-tablet__width-initial elementor-widget-tablet_extra__width-initial elementor-widget elementor-widget-heading\" data-id=\"31a0721\" data-element_type=\"widget\" data-e-type=\"widget\" data-widget_type=\"heading.default\">\n\t\t\t\t<div class=\"elementor-widget-container\">\n\t\t\t\t\t<h3 class=\"elementor-heading-title elementor-size-default\"><span>Dr. Janett W\u00f6lkerling, M.mel.<\/span> | <span>Janko Ge\u00dfner<\/span> | <span>Josefine Wilke<\/span> | <span>Prof. Dr. Jan Thiele<\/span> | <span>Tobias Ro\u00df<\/span><\/h3>\t\t\t\t<\/div>\n\t\t\t\t<\/div>\n\t\t\t\t<\/div>\n\t\t<div class=\"elementor-element elementor-element-64d7fd5 e-con-full e-flex e-con e-child\" data-id=\"64d7fd5\" data-element_type=\"container\" data-e-type=\"container\">\n\t\t\t\t<div class=\"elementor-element elementor-element-3647fac elementor-widget__width-auto elementor-view-default elementor-widget elementor-widget-icon\" data-id=\"3647fac\" data-element_type=\"widget\" data-e-type=\"widget\" data-widget_type=\"icon.default\">\n\t\t\t\t<div class=\"elementor-widget-container\">\n\t\t\t\t\t\t\t<div class=\"elementor-icon-wrapper\">\n\t\t\t<a class=\"elementor-icon elementor-animation-grow\" href=\"https:\/\/www.linkedin.com\/company\/dombert-rechtsanwaelte\/posts\/?feedView=all\" target=\"_blank\">\n\t\t\t<svg aria-hidden=\"true\" class=\"e-font-icon-svg e-fab-linkedin\" viewbox=\"0 0 448 512\" xmlns=\"http:\/\/www.w3.org\/2000\/svg\"><path d=\"M416 32H31.9C14.3 32 0 46.5 0 64.3v383.4C0 465.5 14.3 480 31.9 480H416c17.6 0 32-14.5 32-32.3V64.3c0-17.8-14.4-32.3-32-32.3zM135.4 416H69V202.2h66.5V416zm-33.2-243c-21.3 0-38.5-17.3-38.5-38.5S80.9 96 102.2 96c21.2 0 38.5 17.3 38.5 38.5 0 21.3-17.2 38.5-38.5 38.5zm282.1 243h-66.4V312c0-24.8-.5-56.7-34.5-56.7-34.6 0-39.9 27-39.9 54.9V416h-66.4V202.2h63.7v29.2h.9c8.9-16.8 30.6-34.5 62.9-34.5 67.2 0 79.7 44.3 79.7 101.9V416z\"><\/path><\/svg>\t\t\t<\/a>\n\t\t<\/div>\n\t\t\t\t\t\t<\/div>\n\t\t\t\t<\/div>\n\t\t\t\t<\/div>\n\t\t\t\t<\/div>\n\t\t\t\t<\/div>\n\t\t<div class=\"elementor-element elementor-element-431f9e7c e-con-full e-flex e-con e-parent\" data-id=\"431f9e7c\" data-element_type=\"container\" data-e-type=\"container\" data-settings=\"{&quot;background_background&quot;:&quot;classic&quot;}\">\n\t\t<div class=\"elementor-element elementor-element-2b80ff83 e-con-full e-flex e-con e-child\" data-id=\"2b80ff83\" data-element_type=\"container\" data-e-type=\"container\">\n\t\t<div class=\"elementor-element elementor-element-11d4563a e-con-full e-flex e-con e-child\" data-id=\"11d4563a\" data-element_type=\"container\" data-e-type=\"container\">\n\t\t\t\t<div class=\"elementor-element elementor-element-17a6b25 elementor-widget__width-initial elementor-widget-divider--view-line elementor-widget elementor-widget-divider\" data-id=\"17a6b25\" data-element_type=\"widget\" data-e-type=\"widget\" data-widget_type=\"divider.default\">\n\t\t\t\t<div class=\"elementor-widget-container\">\n\t\t\t\t\t\t\t<div class=\"elementor-divider\">\n\t\t\t<span class=\"elementor-divider-separator\">\n\t\t\t\t\t\t<\/span>\n\t\t<\/div>\n\t\t\t\t\t\t<\/div>\n\t\t\t\t<\/div>\n\t\t\t\t<div class=\"elementor-element elementor-element-34ab7d33 elementor-widget__width-auto elementor-widget-tablet__width-auto elementor-widget-mobile__width-auto elementor-widget elementor-widget-heading\" data-id=\"34ab7d33\" data-element_type=\"widget\" data-e-type=\"widget\" data-widget_type=\"heading.default\">\n\t\t\t\t<div class=\"elementor-widget-container\">\n\t\t\t\t\t<h3 class=\"elementor-heading-title elementor-size-default\"><span>Posts<\/span><\/h3>\t\t\t\t<\/div>\n\t\t\t\t<\/div>\n\t\t\t\t<div class=\"elementor-element elementor-element-326e71c3 elementor-widget__width-auto elementor-widget-tablet__width-auto elementor-widget-mobile__width-auto elementor-widget elementor-widget-heading\" data-id=\"326e71c3\" data-element_type=\"widget\" data-e-type=\"widget\" data-widget_type=\"heading.default\">\n\t\t\t\t<div class=\"elementor-widget-container\">\n\t\t\t\t\t<h3 class=\"elementor-heading-title elementor-size-default\">|<\/h3>\t\t\t\t<\/div>\n\t\t\t\t<\/div>\n\t\t\t\t<div class=\"elementor-element elementor-element-1354ebb5 elementor-widget__width-auto elementor-widget-tablet__width-auto elementor-widget-mobile__width-auto elementor-widget elementor-widget-heading\" data-id=\"1354ebb5\" data-element_type=\"widget\" data-e-type=\"widget\" data-widget_type=\"heading.default\">\n\t\t\t\t<div class=\"elementor-widget-container\">\n\t\t\t\t\t<h3 class=\"elementor-heading-title elementor-size-default\">05.03.2025<\/h3>\t\t\t\t<\/div>\n\t\t\t\t<\/div>\n\t\t\t\t<\/div>\n\t\t\t\t<div class=\"elementor-element elementor-element-5ff72863 elementor-widget__width-initial elementor-widget-tablet__width-initial elementor-widget-mobile__width-initial elementor-widget elementor-widget-text-editor\" data-id=\"5ff72863\" data-element_type=\"widget\" data-e-type=\"widget\" data-widget_type=\"text-editor.default\">\n\t\t\t\t<div class=\"elementor-widget-container\">\n\t\t\t\t\t\t\t\t\t<p>The popular lawsuit brought by several citizens in Bavaria against the weakening of monument protection has been unsuccessful. The Bavarian Constitutional Court (BayVerfGH) has declared the regulation in the Bavarian Monument Protection Act, according to which a permit for the erection of a wind turbine only has to be obtained for \u201eparticularly landscape-defining\u201c monuments, to be constitutional. (Ref.: 7-VII-23 of 05.02.2025). \u201eThe regulations restrict the rights of the owners of monuments in a constitutional manner as content and limitation provisions,\u201c said the judges. They pointed out the great importance of climate protection for the preservation of natural resources. Accordingly, the regulation in the Bavarian Monument Protection Act represents an appropriate balance between the accelerated expansion of wind energy and the interests of monument owners.<br \/><br \/><\/p><p>\u201eThe court's decision provides clarity on a very controversial issue and is therefore of great importance beyond Bavaria,\u201c says Rechtsanwalt <a href=\"https:\/\/dombert.de\/en\/person\/tobias-ross\/\">Tobias Ro\u00df<\/a>, which advises various project developers on conflicts with monument protection. This is particularly true because other federal states, such as Brandenburg, have similar legal regulations, says Ro\u00df.<\/p>\t\t\t\t\t\t\t\t<\/div>\n\t\t\t\t<\/div>\n\t\t\t\t<\/div>\n\t\t\t\t<\/div>\n\t\t<div class=\"elementor-element elementor-element-7b22995b e-con-full e-flex e-con e-parent\" data-id=\"7b22995b\" data-element_type=\"container\" data-e-type=\"container\" data-settings=\"{&quot;background_background&quot;:&quot;classic&quot;}\">\n\t\t<div class=\"elementor-element elementor-element-2421b931 e-con-full e-flex e-con e-child\" data-id=\"2421b931\" data-element_type=\"container\" data-e-type=\"container\">\n\t\t\t\t<div class=\"elementor-element elementor-element-35544a36 elementor-widget__width-initial elementor-widget elementor-widget-heading\" data-id=\"35544a36\" data-element_type=\"widget\" data-e-type=\"widget\" data-widget_type=\"heading.default\">\n\t\t\t\t<div class=\"elementor-widget-container\">\n\t\t\t\t\t<h2 class=\"elementor-heading-title elementor-size-default\"><b>DOMBERT<\/b> Lawyers <\/h2>\t\t\t\t<\/div>\n\t\t\t\t<\/div>\n\t\t<div class=\"elementor-element elementor-element-78a21975 e-con-full e-flex e-con e-child\" data-id=\"78a21975\" data-element_type=\"container\" data-e-type=\"container\">\n\t\t\t\t<div class=\"elementor-element elementor-element-1bbc3852 elementor-widget__width-initial elementor-widget-divider--view-line elementor-widget elementor-widget-divider\" data-id=\"1bbc3852\" data-element_type=\"widget\" data-e-type=\"widget\" data-widget_type=\"divider.default\">\n\t\t\t\t<div class=\"elementor-widget-container\">\n\t\t\t\t\t\t\t<div class=\"elementor-divider\">\n\t\t\t<span class=\"elementor-divider-separator\">\n\t\t\t\t\t\t<\/span>\n\t\t<\/div>\n\t\t\t\t\t\t<\/div>\n\t\t\t\t<\/div>\n\t\t\t\t<div class=\"elementor-element elementor-element-4ab5b633 elementor-widget__width-auto elementor-widget-tablet_extra__width-initial elementor-widget-tablet__width-initial elementor-widget-mobile_extra__width-initial elementor-widget-mobile__width-initial elementor-widget elementor-widget-heading\" data-id=\"4ab5b633\" data-element_type=\"widget\" data-e-type=\"widget\" data-widget_type=\"heading.default\">\n\t\t\t\t<div class=\"elementor-widget-container\">\n\t\t\t\t\t<h3 class=\"elementor-heading-title elementor-size-default\">Our work covers all legal issues and conflicts in which the state, municipalities or authorities are involved.<\/h3>\t\t\t\t<\/div>\n\t\t\t\t<\/div>\n\t\t\t\t<\/div>\n\t\t<div class=\"elementor-element elementor-element-456c01ba e-con-full e-flex e-con e-child\" data-id=\"456c01ba\" data-element_type=\"container\" data-e-type=\"container\">\n\t\t\t\t<div class=\"elementor-element elementor-element-6cdf4e55 elementor-widget elementor-widget-button\" data-id=\"6cdf4e55\" data-element_type=\"widget\" data-e-type=\"widget\" data-widget_type=\"button.default\">\n\t\t\t\t<div class=\"elementor-widget-container\">\n\t\t\t\t\t\t\t\t\t<div class=\"elementor-button-wrapper\">\n\t\t\t\t\t<a class=\"elementor-button elementor-button-link elementor-size-sm\" href=\"https:\/\/dombert.de\/en\/law-firm\/\">\n\t\t\t\t\t\t<span class=\"elementor-button-content-wrapper\">\n\t\t\t\t\t\t\t\t\t<span class=\"elementor-button-text\">More about our firm<\/span>\n\t\t\t\t\t<\/span>\n\t\t\t\t\t<\/a>\n\t\t\t\t<\/div>\n\t\t\t\t\t\t\t\t<\/div>\n\t\t\t\t<\/div>\n\t\t\t\t<div class=\"elementor-element elementor-element-796bf7b1 elementor-widget elementor-widget-button\" data-id=\"796bf7b1\" data-element_type=\"widget\" data-e-type=\"widget\" data-widget_type=\"button.default\">\n\t\t\t\t<div class=\"elementor-widget-container\">\n\t\t\t\t\t\t\t\t\t<div class=\"elementor-button-wrapper\">\n\t\t\t\t\t<a class=\"elementor-button elementor-button-link elementor-size-sm\" href=\"https:\/\/dombert.de\/en\/#kompetenzen\">\n\t\t\t\t\t\t<span class=\"elementor-button-content-wrapper\">\n\t\t\t\t\t\t\t\t\t<span class=\"elementor-button-text\">More about our expertise<\/span>\n\t\t\t\t\t<\/span>\n\t\t\t\t\t<\/a>\n\t\t\t\t<\/div>\n\t\t\t\t\t\t\t\t<\/div>\n\t\t\t\t<\/div>\n\t\t\t\t<\/div>\n\t\t\t\t<\/div>\n\t\t\t\t<\/div>\n\t\t\t\t<\/div>","protected":false},"excerpt":{"rendered":"<p>| Die Popularklage, mit der sich mehrere B\u00fcrgerinnen und B\u00fcrger in Bayern gegen eine Aufweichung des Denkmalschutzes wehren wollten, ist erfolglos geblieben. Der Bayerische Verfassungsgerichtshof (BayVerfGH) hat die Regelung im Bayerischen Denkmalschutzgesetz, wonach nur noch bei \u201ebesonders landschaftspr\u00e4genden\u201c Denkm\u00e4lern eine Genehmigung f\u00fcr die Errichtung einer Windkraftanlage eingeholt werden muss, f\u00fcr verfassungskonform erkl\u00e4rt. (Az.: 7-VII-23 vom [&hellip;]<\/p>\n","protected":false},"author":3,"featured_media":6570,"comment_status":"closed","ping_status":"closed","sticky":false,"template":"","format":"standard","meta":{"_acf_changed":false,"site-sidebar-layout":"default","site-content-layout":"","ast-site-content-layout":"default","site-content-style":"default","site-sidebar-style":"default","ast-global-header-display":"","ast-banner-title-visibility":"","ast-main-header-display":"","ast-hfb-above-header-display":"","ast-hfb-below-header-display":"","ast-hfb-mobile-header-display":"","site-post-title":"","ast-breadcrumbs-content":"","ast-featured-img":"disabled","footer-sml-layout":"","ast-disable-related-posts":"","theme-transparent-header-meta":"","adv-header-id-meta":"","stick-header-meta":"","header-above-stick-meta":"","header-main-stick-meta":"","header-below-stick-meta":"","astra-migrate-meta-layouts":"set","ast-page-background-enabled":"default","ast-page-background-meta":{"desktop":{"background-color":"","background-image":"","background-repeat":"repeat","background-position":"center center","background-size":"auto","background-attachment":"scroll","background-type":"","background-media":"","overlay-type":"","overlay-color":"","overlay-opacity":"","overlay-gradient":""},"tablet":{"background-color":"","background-image":"","background-repeat":"repeat","background-position":"center center","background-size":"auto","background-attachment":"scroll","background-type":"","background-media":"","overlay-type":"","overlay-color":"","overlay-opacity":"","overlay-gradient":""},"mobile":{"background-color":"","background-image":"","background-repeat":"repeat","background-position":"center center","background-size":"auto","background-attachment":"scroll","background-type":"","background-media":"","overlay-type":"","overlay-color":"","overlay-opacity":"","overlay-gradient":""}},"ast-content-background-meta":{"desktop":{"background-color":"var(--ast-global-color-5)","background-image":"","background-repeat":"repeat","background-position":"center center","background-size":"auto","background-attachment":"scroll","background-type":"","background-media":"","overlay-type":"","overlay-color":"","overlay-opacity":"","overlay-gradient":""},"tablet":{"background-color":"var(--ast-global-color-5)","background-image":"","background-repeat":"repeat","background-position":"center center","background-size":"auto","background-attachment":"scroll","background-type":"","background-media":"","overlay-type":"","overlay-color":"","overlay-opacity":"","overlay-gradient":""},"mobile":{"background-color":"var(--ast-global-color-5)","background-image":"","background-repeat":"repeat","background-position":"center center","background-size":"auto","background-attachment":"scroll","background-type":"","background-media":"","overlay-type":"","overlay-color":"","overlay-opacity":"","overlay-gradient":""}},"footnotes":""},"categories":[45],"tags":[],"secondary-autor":[85,99,86,84,87],"class_list":["post-6569","post","type-post","status-publish","format-standard","has-post-thumbnail","hentry","category-meldung","secondary-autor-dr-janett-woelkerling-m-mel","secondary-autor-janko-gessner","secondary-autor-josefine-wilke","secondary-autor-prof-dr-jan-thiele","secondary-autor-tobias-ross"],"acf":[],"yoast_head":"<!-- This site is optimized with the Yoast SEO plugin v27.5 - https:\/\/yoast.com\/product\/yoast-seo-wordpress\/ -->\n<title>Denkmalschutz muss hinter Windenergieausbau zur\u00fcckstehen - DOMBERT Rechtsanw\u00e4lte<\/title>\n<meta name=\"robots\" content=\"index, follow, max-snippet:-1, max-image-preview:large, max-video-preview:-1\" \/>\n<link rel=\"canonical\" href=\"https:\/\/dombert.de\/en\/monument-protection-must-take-a-back-seat-to-wind-energy-expansion\/\" \/>\n<meta property=\"og:locale\" content=\"en_GB\" \/>\n<meta property=\"og:type\" content=\"article\" \/>\n<meta property=\"og:title\" content=\"Denkmalschutz muss hinter Windenergieausbau zur\u00fcckstehen - DOMBERT Rechtsanw\u00e4lte\" \/>\n<meta property=\"og:description\" content=\"| Die Popularklage, mit der sich mehrere B\u00fcrgerinnen und B\u00fcrger in Bayern gegen eine Aufweichung des Denkmalschutzes wehren wollten, ist erfolglos geblieben. Der Bayerische Verfassungsgerichtshof (BayVerfGH) hat die Regelung im Bayerischen Denkmalschutzgesetz, wonach nur noch bei \u201ebesonders landschaftspr\u00e4genden\u201c Denkm\u00e4lern eine Genehmigung f\u00fcr die Errichtung einer Windkraftanlage eingeholt werden muss, f\u00fcr verfassungskonform erkl\u00e4rt. (Az.: 7-VII-23 vom [&hellip;]\" \/>\n<meta property=\"og:url\" content=\"https:\/\/dombert.de\/en\/monument-protection-must-take-a-back-seat-to-wind-energy-expansion\/\" \/>\n<meta property=\"og:site_name\" content=\"DOMBERT Rechtsanw\u00e4lte\" \/>\n<meta property=\"article:published_time\" content=\"2025-03-05T17:27:45+00:00\" \/>\n<meta property=\"article:modified_time\" content=\"2025-03-23T19:15:13+00:00\" \/>\n<meta property=\"og:image\" content=\"https:\/\/dombert.de\/wp-content\/uploads\/2025\/03\/bayern-denkmalschutz-windernergieausbau-dombert.jpg\" \/>\n\t<meta property=\"og:image:width\" content=\"650\" \/>\n\t<meta property=\"og:image:height\" content=\"450\" \/>\n\t<meta property=\"og:image:type\" content=\"image\/jpeg\" \/>\n<meta name=\"author\" content=\"Admin\" \/>\n<meta name=\"twitter:card\" content=\"summary_large_image\" \/>\n<meta name=\"twitter:label1\" content=\"Written by\" \/>\n\t<meta name=\"twitter:data1\" content=\"Admin\" \/>\n\t<meta name=\"twitter:label2\" content=\"Estimated reading time\" \/>\n\t<meta name=\"twitter:data2\" content=\"1 minute\" \/>\n<script type=\"application\/ld+json\" class=\"yoast-schema-graph\">{\"@context\":\"https:\\\/\\\/schema.org\",\"@graph\":[{\"@type\":\"Article\",\"@id\":\"https:\\\/\\\/dombert.de\\\/denkmalschutz-muss-hinter-windenergieausbau-zurueckstehen\\\/#article\",\"isPartOf\":{\"@id\":\"https:\\\/\\\/dombert.de\\\/denkmalschutz-muss-hinter-windenergieausbau-zurueckstehen\\\/\"},\"author\":{\"name\":\"Admin\",\"@id\":\"https:\\\/\\\/dombert.de\\\/#\\\/schema\\\/person\\\/cab100e6259958a255ba5963a0511ae1\"},\"headline\":\"Denkmalschutz muss hinter Windenergieausbau zur\u00fcckstehen\",\"datePublished\":\"2025-03-05T17:27:45+00:00\",\"dateModified\":\"2025-03-23T19:15:13+00:00\",\"mainEntityOfPage\":{\"@id\":\"https:\\\/\\\/dombert.de\\\/denkmalschutz-muss-hinter-windenergieausbau-zurueckstehen\\\/\"},\"wordCount\":214,\"publisher\":{\"@id\":\"https:\\\/\\\/dombert.de\\\/#organization\"},\"image\":{\"@id\":\"https:\\\/\\\/dombert.de\\\/denkmalschutz-muss-hinter-windenergieausbau-zurueckstehen\\\/#primaryimage\"},\"thumbnailUrl\":\"https:\\\/\\\/dombert.de\\\/wp-content\\\/uploads\\\/2025\\\/03\\\/bayern-denkmalschutz-windernergieausbau-dombert.jpg\",\"articleSection\":[\"Meldung\"],\"inLanguage\":\"en-GB\"},{\"@type\":\"WebPage\",\"@id\":\"https:\\\/\\\/dombert.de\\\/denkmalschutz-muss-hinter-windenergieausbau-zurueckstehen\\\/\",\"url\":\"https:\\\/\\\/dombert.de\\\/denkmalschutz-muss-hinter-windenergieausbau-zurueckstehen\\\/\",\"name\":\"Denkmalschutz muss hinter Windenergieausbau zur\u00fcckstehen - DOMBERT Rechtsanw\u00e4lte\",\"isPartOf\":{\"@id\":\"https:\\\/\\\/dombert.de\\\/#website\"},\"primaryImageOfPage\":{\"@id\":\"https:\\\/\\\/dombert.de\\\/denkmalschutz-muss-hinter-windenergieausbau-zurueckstehen\\\/#primaryimage\"},\"image\":{\"@id\":\"https:\\\/\\\/dombert.de\\\/denkmalschutz-muss-hinter-windenergieausbau-zurueckstehen\\\/#primaryimage\"},\"thumbnailUrl\":\"https:\\\/\\\/dombert.de\\\/wp-content\\\/uploads\\\/2025\\\/03\\\/bayern-denkmalschutz-windernergieausbau-dombert.jpg\",\"datePublished\":\"2025-03-05T17:27:45+00:00\",\"dateModified\":\"2025-03-23T19:15:13+00:00\",\"breadcrumb\":{\"@id\":\"https:\\\/\\\/dombert.de\\\/denkmalschutz-muss-hinter-windenergieausbau-zurueckstehen\\\/#breadcrumb\"},\"inLanguage\":\"en-GB\",\"potentialAction\":[{\"@type\":\"ReadAction\",\"target\":[\"https:\\\/\\\/dombert.de\\\/denkmalschutz-muss-hinter-windenergieausbau-zurueckstehen\\\/\"]}]},{\"@type\":\"ImageObject\",\"inLanguage\":\"en-GB\",\"@id\":\"https:\\\/\\\/dombert.de\\\/denkmalschutz-muss-hinter-windenergieausbau-zurueckstehen\\\/#primaryimage\",\"url\":\"https:\\\/\\\/dombert.de\\\/wp-content\\\/uploads\\\/2025\\\/03\\\/bayern-denkmalschutz-windernergieausbau-dombert.jpg\",\"contentUrl\":\"https:\\\/\\\/dombert.de\\\/wp-content\\\/uploads\\\/2025\\\/03\\\/bayern-denkmalschutz-windernergieausbau-dombert.jpg\",\"width\":650,\"height\":450},{\"@type\":\"BreadcrumbList\",\"@id\":\"https:\\\/\\\/dombert.de\\\/denkmalschutz-muss-hinter-windenergieausbau-zurueckstehen\\\/#breadcrumb\",\"itemListElement\":[{\"@type\":\"ListItem\",\"position\":1,\"name\":\"Startseite\",\"item\":\"https:\\\/\\\/dombert.de\\\/\"},{\"@type\":\"ListItem\",\"position\":2,\"name\":\"Denkmalschutz muss hinter Windenergieausbau zur\u00fcckstehen\"}]},{\"@type\":\"WebSite\",\"@id\":\"https:\\\/\\\/dombert.de\\\/#website\",\"url\":\"https:\\\/\\\/dombert.de\\\/\",\"name\":\"DOMBERT Rechtsanw\u00e4lte\",\"description\":\"Wir sind Ihr kompetenter Ansprechpartner f\u00fcr alle Fragen des \u00f6ffentlichen Rechts.\",\"publisher\":{\"@id\":\"https:\\\/\\\/dombert.de\\\/#organization\"},\"potentialAction\":[{\"@type\":\"SearchAction\",\"target\":{\"@type\":\"EntryPoint\",\"urlTemplate\":\"https:\\\/\\\/dombert.de\\\/?s={search_term_string}\"},\"query-input\":{\"@type\":\"PropertyValueSpecification\",\"valueRequired\":true,\"valueName\":\"search_term_string\"}}],\"inLanguage\":\"en-GB\"},{\"@type\":\"Organization\",\"@id\":\"https:\\\/\\\/dombert.de\\\/#organization\",\"name\":\"DOMBERT Rechtsanw\u00e4lte\",\"url\":\"https:\\\/\\\/dombert.de\\\/\",\"logo\":{\"@type\":\"ImageObject\",\"inLanguage\":\"en-GB\",\"@id\":\"https:\\\/\\\/dombert.de\\\/#\\\/schema\\\/logo\\\/image\\\/\",\"url\":\"https:\\\/\\\/dombert.de\\\/wp-content\\\/uploads\\\/2025\\\/02\\\/Dombert-Logo_negativ_rgb.png\",\"contentUrl\":\"https:\\\/\\\/dombert.de\\\/wp-content\\\/uploads\\\/2025\\\/02\\\/Dombert-Logo_negativ_rgb.png\",\"width\":459,\"height\":206,\"caption\":\"DOMBERT Rechtsanw\u00e4lte\"},\"image\":{\"@id\":\"https:\\\/\\\/dombert.de\\\/#\\\/schema\\\/logo\\\/image\\\/\"},\"sameAs\":[\"https:\\\/\\\/www.linkedin.com\\\/company\\\/dombert-rechtsanwaelte\\\/posts\\\/?feedView=all\"]},{\"@type\":\"Person\",\"@id\":\"https:\\\/\\\/dombert.de\\\/#\\\/schema\\\/person\\\/cab100e6259958a255ba5963a0511ae1\",\"name\":\"Admin\",\"image\":{\"@type\":\"ImageObject\",\"inLanguage\":\"en-GB\",\"@id\":\"https:\\\/\\\/secure.gravatar.com\\\/avatar\\\/39e40254bfea26d3a2709e0f441e4bc39c1685d2b9c174550fafa42a6f4483e7?s=96&d=mm&r=g\",\"url\":\"https:\\\/\\\/secure.gravatar.com\\\/avatar\\\/39e40254bfea26d3a2709e0f441e4bc39c1685d2b9c174550fafa42a6f4483e7?s=96&d=mm&r=g\",\"contentUrl\":\"https:\\\/\\\/secure.gravatar.com\\\/avatar\\\/39e40254bfea26d3a2709e0f441e4bc39c1685d2b9c174550fafa42a6f4483e7?s=96&d=mm&r=g\",\"caption\":\"Admin\"},\"sameAs\":[\"https:\\\/\\\/dombert.de\"]}]}<\/script>\n<!-- \/ Yoast SEO plugin. -->","yoast_head_json":{"title":"Monument protection must take second place to wind energy expansion - DOMBERT Rechtsanw\u00e4lte","robots":{"index":"index","follow":"follow","max-snippet":"max-snippet:-1","max-image-preview":"max-image-preview:large","max-video-preview":"max-video-preview:-1"},"canonical":"https:\/\/dombert.de\/en\/monument-protection-must-take-a-back-seat-to-wind-energy-expansion\/","og_locale":"en_GB","og_type":"article","og_title":"Denkmalschutz muss hinter Windenergieausbau zur\u00fcckstehen - DOMBERT Rechtsanw\u00e4lte","og_description":"| Die Popularklage, mit der sich mehrere B\u00fcrgerinnen und B\u00fcrger in Bayern gegen eine Aufweichung des Denkmalschutzes wehren wollten, ist erfolglos geblieben. Der Bayerische Verfassungsgerichtshof (BayVerfGH) hat die Regelung im Bayerischen Denkmalschutzgesetz, wonach nur noch bei \u201ebesonders landschaftspr\u00e4genden\u201c Denkm\u00e4lern eine Genehmigung f\u00fcr die Errichtung einer Windkraftanlage eingeholt werden muss, f\u00fcr verfassungskonform erkl\u00e4rt. (Az.: 7-VII-23 vom [&hellip;]","og_url":"https:\/\/dombert.de\/en\/monument-protection-must-take-a-back-seat-to-wind-energy-expansion\/","og_site_name":"DOMBERT Rechtsanw\u00e4lte","article_published_time":"2025-03-05T17:27:45+00:00","article_modified_time":"2025-03-23T19:15:13+00:00","og_image":[{"width":650,"height":450,"url":"https:\/\/dombert.de\/wp-content\/uploads\/2025\/03\/bayern-denkmalschutz-windernergieausbau-dombert.jpg","type":"image\/jpeg"}],"author":"Admin","twitter_card":"summary_large_image","twitter_misc":{"Written by":"Admin","Estimated reading time":"1 minute"},"schema":{"@context":"https:\/\/schema.org","@graph":[{"@type":"Article","@id":"https:\/\/dombert.de\/denkmalschutz-muss-hinter-windenergieausbau-zurueckstehen\/#article","isPartOf":{"@id":"https:\/\/dombert.de\/denkmalschutz-muss-hinter-windenergieausbau-zurueckstehen\/"},"author":{"name":"Admin","@id":"https:\/\/dombert.de\/#\/schema\/person\/cab100e6259958a255ba5963a0511ae1"},"headline":"Denkmalschutz muss hinter Windenergieausbau zur\u00fcckstehen","datePublished":"2025-03-05T17:27:45+00:00","dateModified":"2025-03-23T19:15:13+00:00","mainEntityOfPage":{"@id":"https:\/\/dombert.de\/denkmalschutz-muss-hinter-windenergieausbau-zurueckstehen\/"},"wordCount":214,"publisher":{"@id":"https:\/\/dombert.de\/#organization"},"image":{"@id":"https:\/\/dombert.de\/denkmalschutz-muss-hinter-windenergieausbau-zurueckstehen\/#primaryimage"},"thumbnailUrl":"https:\/\/dombert.de\/wp-content\/uploads\/2025\/03\/bayern-denkmalschutz-windernergieausbau-dombert.jpg","articleSection":["Meldung"],"inLanguage":"en-GB"},{"@type":"WebPage","@id":"https:\/\/dombert.de\/denkmalschutz-muss-hinter-windenergieausbau-zurueckstehen\/","url":"https:\/\/dombert.de\/denkmalschutz-muss-hinter-windenergieausbau-zurueckstehen\/","name":"Monument protection must take second place to wind energy expansion - DOMBERT Rechtsanw\u00e4lte","isPartOf":{"@id":"https:\/\/dombert.de\/#website"},"primaryImageOfPage":{"@id":"https:\/\/dombert.de\/denkmalschutz-muss-hinter-windenergieausbau-zurueckstehen\/#primaryimage"},"image":{"@id":"https:\/\/dombert.de\/denkmalschutz-muss-hinter-windenergieausbau-zurueckstehen\/#primaryimage"},"thumbnailUrl":"https:\/\/dombert.de\/wp-content\/uploads\/2025\/03\/bayern-denkmalschutz-windernergieausbau-dombert.jpg","datePublished":"2025-03-05T17:27:45+00:00","dateModified":"2025-03-23T19:15:13+00:00","breadcrumb":{"@id":"https:\/\/dombert.de\/denkmalschutz-muss-hinter-windenergieausbau-zurueckstehen\/#breadcrumb"},"inLanguage":"en-GB","potentialAction":[{"@type":"ReadAction","target":["https:\/\/dombert.de\/denkmalschutz-muss-hinter-windenergieausbau-zurueckstehen\/"]}]},{"@type":"ImageObject","inLanguage":"en-GB","@id":"https:\/\/dombert.de\/denkmalschutz-muss-hinter-windenergieausbau-zurueckstehen\/#primaryimage","url":"https:\/\/dombert.de\/wp-content\/uploads\/2025\/03\/bayern-denkmalschutz-windernergieausbau-dombert.jpg","contentUrl":"https:\/\/dombert.de\/wp-content\/uploads\/2025\/03\/bayern-denkmalschutz-windernergieausbau-dombert.jpg","width":650,"height":450},{"@type":"BreadcrumbList","@id":"https:\/\/dombert.de\/denkmalschutz-muss-hinter-windenergieausbau-zurueckstehen\/#breadcrumb","itemListElement":[{"@type":"ListItem","position":1,"name":"Startseite","item":"https:\/\/dombert.de\/"},{"@type":"ListItem","position":2,"name":"Denkmalschutz muss hinter Windenergieausbau zur\u00fcckstehen"}]},{"@type":"WebSite","@id":"https:\/\/dombert.de\/#website","url":"https:\/\/dombert.de\/","name":"DOMBERT Rechtsanw\u00e4lte","description":"We are your expert partner for all matters relating to public law.","publisher":{"@id":"https:\/\/dombert.de\/#organization"},"potentialAction":[{"@type":"SearchAction","target":{"@type":"EntryPoint","urlTemplate":"https:\/\/dombert.de\/?s={search_term_string}"},"query-input":{"@type":"PropertyValueSpecification","valueRequired":true,"valueName":"search_term_string"}}],"inLanguage":"en-GB"},{"@type":"Organization","@id":"https:\/\/dombert.de\/#organization","name":"DOMBERT Rechtsanw\u00e4lte","url":"https:\/\/dombert.de\/","logo":{"@type":"ImageObject","inLanguage":"en-GB","@id":"https:\/\/dombert.de\/#\/schema\/logo\/image\/","url":"https:\/\/dombert.de\/wp-content\/uploads\/2025\/02\/Dombert-Logo_negativ_rgb.png","contentUrl":"https:\/\/dombert.de\/wp-content\/uploads\/2025\/02\/Dombert-Logo_negativ_rgb.png","width":459,"height":206,"caption":"DOMBERT Rechtsanw\u00e4lte"},"image":{"@id":"https:\/\/dombert.de\/#\/schema\/logo\/image\/"},"sameAs":["https:\/\/www.linkedin.com\/company\/dombert-rechtsanwaelte\/posts\/?feedView=all"]},{"@type":"Person","@id":"https:\/\/dombert.de\/#\/schema\/person\/cab100e6259958a255ba5963a0511ae1","name":"Admin","image":{"@type":"ImageObject","inLanguage":"en-GB","@id":"https:\/\/secure.gravatar.com\/avatar\/39e40254bfea26d3a2709e0f441e4bc39c1685d2b9c174550fafa42a6f4483e7?s=96&d=mm&r=g","url":"https:\/\/secure.gravatar.com\/avatar\/39e40254bfea26d3a2709e0f441e4bc39c1685d2b9c174550fafa42a6f4483e7?s=96&d=mm&r=g","contentUrl":"https:\/\/secure.gravatar.com\/avatar\/39e40254bfea26d3a2709e0f441e4bc39c1685d2b9c174550fafa42a6f4483e7?s=96&d=mm&r=g","caption":"Admin"},"sameAs":["https:\/\/dombert.de"]}]}},"publishpress_future_workflow_manual_trigger":{"enabledWorkflows":[]},"_links":{"self":[{"href":"https:\/\/dombert.de\/en\/wp-json\/wp\/v2\/posts\/6569","targetHints":{"allow":["GET"]}}],"collection":[{"href":"https:\/\/dombert.de\/en\/wp-json\/wp\/v2\/posts"}],"about":[{"href":"https:\/\/dombert.de\/en\/wp-json\/wp\/v2\/types\/post"}],"author":[{"embeddable":true,"href":"https:\/\/dombert.de\/en\/wp-json\/wp\/v2\/users\/3"}],"replies":[{"embeddable":true,"href":"https:\/\/dombert.de\/en\/wp-json\/wp\/v2\/comments?post=6569"}],"version-history":[{"count":7,"href":"https:\/\/dombert.de\/en\/wp-json\/wp\/v2\/posts\/6569\/revisions"}],"predecessor-version":[{"id":7547,"href":"https:\/\/dombert.de\/en\/wp-json\/wp\/v2\/posts\/6569\/revisions\/7547"}],"wp:featuredmedia":[{"embeddable":true,"href":"https:\/\/dombert.de\/en\/wp-json\/wp\/v2\/media\/6570"}],"wp:attachment":[{"href":"https:\/\/dombert.de\/en\/wp-json\/wp\/v2\/media?parent=6569"}],"wp:term":[{"taxonomy":"category","embeddable":true,"href":"https:\/\/dombert.de\/en\/wp-json\/wp\/v2\/categories?post=6569"},{"taxonomy":"post_tag","embeddable":true,"href":"https:\/\/dombert.de\/en\/wp-json\/wp\/v2\/tags?post=6569"},{"taxonomy":"secondary-autor","embeddable":true,"href":"https:\/\/dombert.de\/en\/wp-json\/wp\/v2\/secondary-autor?post=6569"}],"curies":[{"name":"wp","href":"https:\/\/api.w.org\/{rel}","templated":true}]}}