{"id":9698,"date":"2025-05-27T13:35:19","date_gmt":"2025-05-27T11:35:19","guid":{"rendered":"https:\/\/dombert.de\/?p=9698"},"modified":"2025-05-27T13:35:55","modified_gmt":"2025-05-27T11:35:55","slug":"extension-of-the-investment-programme-all-day-financing-planned","status":"publish","type":"post","link":"https:\/\/dombert.de\/en\/verlaengerung-des-investitionsprogramms-ganztagsfinanzierung-geplant\/","title":{"rendered":"Extension of the all-day financing investment programme planned"},"content":{"rendered":"<div data-elementor-type=\"wp-post\" data-elementor-id=\"9698\" class=\"elementor elementor-9698\" data-elementor-post-type=\"post\">\n\t\t\t\t<div class=\"elementor-element elementor-element-24fe73ef e-con-full e-flex e-con e-parent\" data-id=\"24fe73ef\" data-element_type=\"container\" data-e-type=\"container\" data-settings=\"{&quot;background_background&quot;:&quot;classic&quot;}\">\n\t\t<div class=\"elementor-element elementor-element-31e42c12 e-con-full e-flex e-con e-child\" data-id=\"31e42c12\" data-element_type=\"container\" data-e-type=\"container\">\n\t\t\t\t<div class=\"elementor-element elementor-element-4ca46e38 elementor-widget-divider--view-line elementor-widget elementor-widget-divider\" data-id=\"4ca46e38\" data-element_type=\"widget\" data-e-type=\"widget\" data-widget_type=\"divider.default\">\n\t\t\t\t<div class=\"elementor-widget-container\">\n\t\t\t\t\t\t\t<div class=\"elementor-divider\">\n\t\t\t<span class=\"elementor-divider-separator\">\n\t\t\t\t\t\t<\/span>\n\t\t<\/div>\n\t\t\t\t\t\t<\/div>\n\t\t\t\t<\/div>\n\t\t\t\t<div class=\"elementor-element elementor-element-5cff18be elementor-widget__width-auto elementor-widget-mobile__width-initial elementor-widget elementor-widget-heading\" data-id=\"5cff18be\" data-element_type=\"widget\" data-e-type=\"widget\" data-widget_type=\"heading.default\">\n\t\t\t\t<div class=\"elementor-widget-container\">\n\t\t\t\t\t<h2 class=\"elementor-heading-title elementor-size-default\">Extension of the all-day financing investment programme planned<\/h2>\t\t\t\t<\/div>\n\t\t\t\t<\/div>\n\t\t<div class=\"elementor-element elementor-element-29c63667 e-con-full e-flex e-con e-child\" data-id=\"29c63667\" data-element_type=\"container\" data-e-type=\"container\">\n\t\t\t\t<div class=\"elementor-element elementor-element-5141be5e elementor-widget__width-initial elementor-widget-divider--view-line elementor-widget elementor-widget-divider\" data-id=\"5141be5e\" data-element_type=\"widget\" data-e-type=\"widget\" data-widget_type=\"divider.default\">\n\t\t\t\t<div class=\"elementor-widget-container\">\n\t\t\t\t\t\t\t<div class=\"elementor-divider\">\n\t\t\t<span class=\"elementor-divider-separator\">\n\t\t\t\t\t\t<\/span>\n\t\t<\/div>\n\t\t\t\t\t\t<\/div>\n\t\t\t\t<\/div>\n\t\t\t\t<div class=\"elementor-element elementor-element-2431489b elementor-widget__width-auto elementor-widget-tablet__width-initial elementor-widget-tablet_extra__width-initial elementor-widget elementor-widget-heading\" data-id=\"2431489b\" data-element_type=\"widget\" data-e-type=\"widget\" data-widget_type=\"heading.default\">\n\t\t\t\t<div class=\"elementor-widget-container\">\n\t\t\t\t\t<h3 class=\"elementor-heading-title elementor-size-default\"><span>Dr. Beate Schulte zu Sodingen<\/span> | <span>Marian Lunnebach<\/span><\/h3>\t\t\t\t<\/div>\n\t\t\t\t<\/div>\n\t\t\t\t<\/div>\n\t\t<div class=\"elementor-element elementor-element-33aa4b15 e-con-full e-flex e-con e-child\" data-id=\"33aa4b15\" data-element_type=\"container\" data-e-type=\"container\">\n\t\t\t\t<div class=\"elementor-element elementor-element-66dcc780 elementor-widget__width-auto elementor-view-default elementor-widget elementor-widget-icon\" data-id=\"66dcc780\" data-element_type=\"widget\" data-e-type=\"widget\" data-widget_type=\"icon.default\">\n\t\t\t\t<div class=\"elementor-widget-container\">\n\t\t\t\t\t\t\t<div class=\"elementor-icon-wrapper\">\n\t\t\t<a class=\"elementor-icon elementor-animation-grow\" href=\"https:\/\/www.linkedin.com\/company\/dombert-rechtsanwaelte\/posts\/?feedView=all\" target=\"_blank\">\n\t\t\t<svg aria-hidden=\"true\" class=\"e-font-icon-svg e-fab-linkedin\" viewbox=\"0 0 448 512\" xmlns=\"http:\/\/www.w3.org\/2000\/svg\"><path d=\"M416 32H31.9C14.3 32 0 46.5 0 64.3v383.4C0 465.5 14.3 480 31.9 480H416c17.6 0 32-14.5 32-32.3V64.3c0-17.8-14.4-32.3-32-32.3zM135.4 416H69V202.2h66.5V416zm-33.2-243c-21.3 0-38.5-17.3-38.5-38.5S80.9 96 102.2 96c21.2 0 38.5 17.3 38.5 38.5 0 21.3-17.2 38.5-38.5 38.5zm282.1 243h-66.4V312c0-24.8-.5-56.7-34.5-56.7-34.6 0-39.9 27-39.9 54.9V416h-66.4V202.2h63.7v29.2h.9c8.9-16.8 30.6-34.5 62.9-34.5 67.2 0 79.7 44.3 79.7 101.9V416z\"><\/path><\/svg>\t\t\t<\/a>\n\t\t<\/div>\n\t\t\t\t\t\t<\/div>\n\t\t\t\t<\/div>\n\t\t\t\t<\/div>\n\t\t\t\t<\/div>\n\t\t\t\t<\/div>\n\t\t<div class=\"elementor-element elementor-element-20eb4746 e-con-full e-flex e-con e-parent\" data-id=\"20eb4746\" data-element_type=\"container\" data-e-type=\"container\" data-settings=\"{&quot;background_background&quot;:&quot;classic&quot;}\">\n\t\t<div class=\"elementor-element elementor-element-5966cd68 e-con-full e-flex e-con e-child\" data-id=\"5966cd68\" data-element_type=\"container\" data-e-type=\"container\">\n\t\t<div class=\"elementor-element elementor-element-7ac48a9d e-con-full e-flex e-con e-child\" data-id=\"7ac48a9d\" data-element_type=\"container\" data-e-type=\"container\">\n\t\t\t\t<div class=\"elementor-element elementor-element-55ad22a5 elementor-widget__width-initial elementor-widget-divider--view-line elementor-widget elementor-widget-divider\" data-id=\"55ad22a5\" data-element_type=\"widget\" data-e-type=\"widget\" data-widget_type=\"divider.default\">\n\t\t\t\t<div class=\"elementor-widget-container\">\n\t\t\t\t\t\t\t<div class=\"elementor-divider\">\n\t\t\t<span class=\"elementor-divider-separator\">\n\t\t\t\t\t\t<\/span>\n\t\t<\/div>\n\t\t\t\t\t\t<\/div>\n\t\t\t\t<\/div>\n\t\t\t\t<div class=\"elementor-element elementor-element-40abd918 elementor-widget__width-auto elementor-widget-tablet__width-auto elementor-widget-mobile__width-auto elementor-widget elementor-widget-heading\" data-id=\"40abd918\" data-element_type=\"widget\" data-e-type=\"widget\" data-widget_type=\"heading.default\">\n\t\t\t\t<div class=\"elementor-widget-container\">\n\t\t\t\t\t<h3 class=\"elementor-heading-title elementor-size-default\"><span>Posts<\/span><\/h3>\t\t\t\t<\/div>\n\t\t\t\t<\/div>\n\t\t\t\t<div class=\"elementor-element elementor-element-6eb141d1 elementor-widget__width-auto elementor-widget-tablet__width-auto elementor-widget-mobile__width-auto elementor-widget elementor-widget-heading\" data-id=\"6eb141d1\" data-element_type=\"widget\" data-e-type=\"widget\" data-widget_type=\"heading.default\">\n\t\t\t\t<div class=\"elementor-widget-container\">\n\t\t\t\t\t<h3 class=\"elementor-heading-title elementor-size-default\">|<\/h3>\t\t\t\t<\/div>\n\t\t\t\t<\/div>\n\t\t\t\t<div class=\"elementor-element elementor-element-5427ef24 elementor-widget__width-auto elementor-widget-tablet__width-auto elementor-widget-mobile__width-auto elementor-widget elementor-widget-heading\" data-id=\"5427ef24\" data-element_type=\"widget\" data-e-type=\"widget\" data-widget_type=\"heading.default\">\n\t\t\t\t<div class=\"elementor-widget-container\">\n\t\t\t\t\t<h3 class=\"elementor-heading-title elementor-size-default\">27.05.2025<\/h3>\t\t\t\t<\/div>\n\t\t\t\t<\/div>\n\t\t\t\t<\/div>\n\t\t\t\t<div class=\"elementor-element elementor-element-58ef8672 elementor-widget__width-initial elementor-widget-tablet__width-initial elementor-widget-mobile__width-initial elementor-widget elementor-widget-text-editor\" data-id=\"58ef8672\" data-element_type=\"widget\" data-e-type=\"widget\" data-widget_type=\"text-editor.default\">\n\t\t\t\t<div class=\"elementor-widget-container\">\n\t\t\t\t\t\t\t\t\t<p>The governing coalition has passed a bill to extend the investment programme for all-day funding (BT-Drs. 21\/216). Among other things, this is intended to give local authorities more time to drive forward the expansion of all-day childcare with further investment.<\/p><p>\u00a0<\/p><p>As children of primary school age will have a legal entitlement to all-day care from the 2026\/27 school year, initially from Year 1 onwards, there is currently pressure to act, especially on the part of local authorities. To support this, the federal government has approved a special fund to subsidise the expansion. However, the requirements for drawing down these funds have so far stipulated that investment measures must be completed by the end of 2027 in order to be eligible for funding (Section 2 of the All-Day Financial Assistance Act). This has led to considerable uncertainty, meaning that the funds have only been utilised hesitantly to date. This is because it is not always possible to predict exactly whether a project can be completed by this date (see BT Drs. 21\/216, p. 2, 6).<\/p><p>\u00a0<\/p><p>This is where the planned amendment to the law comes in:  In future, it will be sufficient if measures are completed by 31 December 2029 and settlement is made by 30 June 2030. The deadline for dissolving the special fund will also be extended by two years, to 31 December 2030.<\/p><p>This also promotes the diversity of child and youth welfare services and school programmes available in the federal states and municipalities.\u00a0<\/p><p>The draft bill was discussed in the Bundestag on 22 May 2025 and has now been referred to the relevant committee for further consultation.<\/p><p>\u00a0<\/p>\t\t\t\t\t\t\t\t<\/div>\n\t\t\t\t<\/div>\n\t\t\t\t<\/div>\n\t\t\t\t<\/div>\n\t\t<div class=\"elementor-element elementor-element-45e676f9 e-con-full e-flex e-con e-parent\" data-id=\"45e676f9\" data-element_type=\"container\" data-e-type=\"container\" data-settings=\"{&quot;background_background&quot;:&quot;classic&quot;}\">\n\t\t<div class=\"elementor-element elementor-element-41f678e2 e-con-full e-flex e-con e-child\" data-id=\"41f678e2\" data-element_type=\"container\" data-e-type=\"container\">\n\t\t\t\t<div class=\"elementor-element elementor-element-6262dacc elementor-widget__width-initial elementor-widget elementor-widget-heading\" data-id=\"6262dacc\" data-element_type=\"widget\" data-e-type=\"widget\" data-widget_type=\"heading.default\">\n\t\t\t\t<div class=\"elementor-widget-container\">\n\t\t\t\t\t<h2 class=\"elementor-heading-title elementor-size-default\"><b>DOMBERT<\/b> Lawyers <\/h2>\t\t\t\t<\/div>\n\t\t\t\t<\/div>\n\t\t<div class=\"elementor-element elementor-element-b6a3407 e-con-full e-flex e-con e-child\" data-id=\"b6a3407\" data-element_type=\"container\" data-e-type=\"container\">\n\t\t\t\t<div class=\"elementor-element elementor-element-5590e3d5 elementor-widget__width-initial elementor-widget-divider--view-line elementor-widget elementor-widget-divider\" data-id=\"5590e3d5\" data-element_type=\"widget\" data-e-type=\"widget\" data-widget_type=\"divider.default\">\n\t\t\t\t<div class=\"elementor-widget-container\">\n\t\t\t\t\t\t\t<div class=\"elementor-divider\">\n\t\t\t<span class=\"elementor-divider-separator\">\n\t\t\t\t\t\t<\/span>\n\t\t<\/div>\n\t\t\t\t\t\t<\/div>\n\t\t\t\t<\/div>\n\t\t\t\t<div class=\"elementor-element elementor-element-2fd51f32 elementor-widget__width-auto elementor-widget-tablet_extra__width-initial elementor-widget-tablet__width-initial elementor-widget-mobile_extra__width-initial elementor-widget-mobile__width-initial elementor-widget elementor-widget-heading\" data-id=\"2fd51f32\" data-element_type=\"widget\" data-e-type=\"widget\" data-widget_type=\"heading.default\">\n\t\t\t\t<div class=\"elementor-widget-container\">\n\t\t\t\t\t<h3 class=\"elementor-heading-title elementor-size-default\">Our work covers all legal issues and conflicts in which the state, municipalities or authorities are involved.<\/h3>\t\t\t\t<\/div>\n\t\t\t\t<\/div>\n\t\t\t\t<\/div>\n\t\t<div class=\"elementor-element elementor-element-3b4257f1 e-con-full e-flex e-con e-child\" data-id=\"3b4257f1\" data-element_type=\"container\" data-e-type=\"container\">\n\t\t\t\t<div class=\"elementor-element elementor-element-624cf73 elementor-widget elementor-widget-button\" data-id=\"624cf73\" data-element_type=\"widget\" data-e-type=\"widget\" data-widget_type=\"button.default\">\n\t\t\t\t<div class=\"elementor-widget-container\">\n\t\t\t\t\t\t\t\t\t<div class=\"elementor-button-wrapper\">\n\t\t\t\t\t<a class=\"elementor-button elementor-button-link elementor-size-sm\" href=\"https:\/\/dombert.de\/en\/law-firm\/\">\n\t\t\t\t\t\t<span class=\"elementor-button-content-wrapper\">\n\t\t\t\t\t\t\t\t\t<span class=\"elementor-button-text\">More about our firm<\/span>\n\t\t\t\t\t<\/span>\n\t\t\t\t\t<\/a>\n\t\t\t\t<\/div>\n\t\t\t\t\t\t\t\t<\/div>\n\t\t\t\t<\/div>\n\t\t\t\t<div class=\"elementor-element elementor-element-719b3b1d elementor-widget elementor-widget-button\" data-id=\"719b3b1d\" data-element_type=\"widget\" data-e-type=\"widget\" data-widget_type=\"button.default\">\n\t\t\t\t<div class=\"elementor-widget-container\">\n\t\t\t\t\t\t\t\t\t<div class=\"elementor-button-wrapper\">\n\t\t\t\t\t<a class=\"elementor-button elementor-button-link elementor-size-sm\" href=\"https:\/\/dombert.de\/en\/#kompetenzen\">\n\t\t\t\t\t\t<span class=\"elementor-button-content-wrapper\">\n\t\t\t\t\t\t\t\t\t<span class=\"elementor-button-text\">More about our expertise<\/span>\n\t\t\t\t\t<\/span>\n\t\t\t\t\t<\/a>\n\t\t\t\t<\/div>\n\t\t\t\t\t\t\t\t<\/div>\n\t\t\t\t<\/div>\n\t\t\t\t<\/div>\n\t\t\t\t<\/div>\n\t\t\t\t<\/div>\n\t\t\t\t<\/div>","protected":false},"excerpt":{"rendered":"<p>| Die Regierungskoalition hat einen Gesetzentwurf zur Verl\u00e4ngerung des Investitionsprogramms zur Ganztagsfinanzierung beschlossen (BT-Drs. 21\/216). Damit sollen unter anderen Kommunen mehr Zeit bekommen, um den Ausbau der Ganztagsbetreuung mit weiteren Investitionen voranzutreiben. \u00a0 Da ab dem Schuljahr 2026\/27 Kinder im Grundschulalter zun\u00e4chst ab der Klassenstufe 1 einen Rechtsanspruch auf Ganztagsbetreuung haben, besteht derzeit vor allem [&hellip;]<\/p>\n","protected":false},"author":8,"featured_media":8409,"comment_status":"closed","ping_status":"closed","sticky":false,"template":"","format":"standard","meta":{"_acf_changed":false,"site-sidebar-layout":"default","site-content-layout":"","ast-site-content-layout":"default","site-content-style":"default","site-sidebar-style":"default","ast-global-header-display":"","ast-banner-title-visibility":"","ast-main-header-display":"","ast-hfb-above-header-display":"","ast-hfb-below-header-display":"","ast-hfb-mobile-header-display":"","site-post-title":"","ast-breadcrumbs-content":"","ast-featured-img":"disabled","footer-sml-layout":"","ast-disable-related-posts":"","theme-transparent-header-meta":"","adv-header-id-meta":"","stick-header-meta":"","header-above-stick-meta":"","header-main-stick-meta":"","header-below-stick-meta":"","astra-migrate-meta-layouts":"set","ast-page-background-enabled":"default","ast-page-background-meta":{"desktop":{"background-color":"","background-image":"","background-repeat":"repeat","background-position":"center center","background-size":"auto","background-attachment":"scroll","background-type":"","background-media":"","overlay-type":"","overlay-color":"","overlay-opacity":"","overlay-gradient":""},"tablet":{"background-color":"","background-image":"","background-repeat":"repeat","background-position":"center center","background-size":"auto","background-attachment":"scroll","background-type":"","background-media":"","overlay-type":"","overlay-color":"","overlay-opacity":"","overlay-gradient":""},"mobile":{"background-color":"","background-image":"","background-repeat":"repeat","background-position":"center center","background-size":"auto","background-attachment":"scroll","background-type":"","background-media":"","overlay-type":"","overlay-color":"","overlay-opacity":"","overlay-gradient":""}},"ast-content-background-meta":{"desktop":{"background-color":"var(--ast-global-color-5)","background-image":"","background-repeat":"repeat","background-position":"center center","background-size":"auto","background-attachment":"scroll","background-type":"","background-media":"","overlay-type":"","overlay-color":"","overlay-opacity":"","overlay-gradient":""},"tablet":{"background-color":"var(--ast-global-color-5)","background-image":"","background-repeat":"repeat","background-position":"center center","background-size":"auto","background-attachment":"scroll","background-type":"","background-media":"","overlay-type":"","overlay-color":"","overlay-opacity":"","overlay-gradient":""},"mobile":{"background-color":"var(--ast-global-color-5)","background-image":"","background-repeat":"repeat","background-position":"center center","background-size":"auto","background-attachment":"scroll","background-type":"","background-media":"","overlay-type":"","overlay-color":"","overlay-opacity":"","overlay-gradient":""}},"footnotes":""},"categories":[45],"tags":[],"secondary-autor":[102,148],"class_list":["post-9698","post","type-post","status-publish","format-standard","has-post-thumbnail","hentry","category-meldung","secondary-autor-dr-beate-schulte-zu-sodingen","secondary-autor-marian-lunnebach"],"acf":[],"yoast_head":"<!-- This site is optimized with the Yoast SEO plugin v27.4 - https:\/\/yoast.com\/product\/yoast-seo-wordpress\/ -->\n<title>Verl\u00e4ngerung des Investitionsprogramms Ganztagsfinanzierung geplant - DOMBERT Rechtsanw\u00e4lte<\/title>\n<meta name=\"robots\" content=\"index, follow, max-snippet:-1, max-image-preview:large, max-video-preview:-1\" \/>\n<link rel=\"canonical\" href=\"https:\/\/dombert.de\/en\/extension-of-the-investment-programme-all-day-financing-planned\/\" \/>\n<meta property=\"og:locale\" content=\"en_GB\" \/>\n<meta property=\"og:type\" content=\"article\" \/>\n<meta property=\"og:title\" content=\"Verl\u00e4ngerung des Investitionsprogramms Ganztagsfinanzierung geplant - DOMBERT Rechtsanw\u00e4lte\" \/>\n<meta property=\"og:description\" content=\"| Die Regierungskoalition hat einen Gesetzentwurf zur Verl\u00e4ngerung des Investitionsprogramms zur Ganztagsfinanzierung beschlossen (BT-Drs. 21\/216). Damit sollen unter anderen Kommunen mehr Zeit bekommen, um den Ausbau der Ganztagsbetreuung mit weiteren Investitionen voranzutreiben. \u00a0 Da ab dem Schuljahr 2026\/27 Kinder im Grundschulalter zun\u00e4chst ab der Klassenstufe 1 einen Rechtsanspruch auf Ganztagsbetreuung haben, besteht derzeit vor allem [&hellip;]\" \/>\n<meta property=\"og:url\" content=\"https:\/\/dombert.de\/en\/extension-of-the-investment-programme-all-day-financing-planned\/\" \/>\n<meta property=\"og:site_name\" content=\"DOMBERT Rechtsanw\u00e4lte\" \/>\n<meta property=\"article:published_time\" content=\"2025-05-27T11:35:19+00:00\" \/>\n<meta property=\"article:modified_time\" content=\"2025-05-27T11:35:55+00:00\" \/>\n<meta property=\"og:image\" content=\"https:\/\/dombert.de\/wp-content\/uploads\/2025\/04\/lehrbeauftragte-schule-dombert-rechtsanwaelte-1.jpg\" \/>\n\t<meta property=\"og:image:width\" content=\"650\" \/>\n\t<meta property=\"og:image:height\" content=\"450\" \/>\n\t<meta property=\"og:image:type\" content=\"image\/jpeg\" \/>\n<meta name=\"author\" content=\"Christin Oldag\" \/>\n<meta name=\"twitter:card\" content=\"summary_large_image\" \/>\n<meta name=\"twitter:label1\" content=\"Written by\" \/>\n\t<meta name=\"twitter:data1\" content=\"Christin Oldag\" \/>\n\t<meta name=\"twitter:label2\" content=\"Estimated reading time\" \/>\n\t<meta name=\"twitter:data2\" content=\"1 minute\" \/>\n<script type=\"application\/ld+json\" class=\"yoast-schema-graph\">{\"@context\":\"https:\\\/\\\/schema.org\",\"@graph\":[{\"@type\":\"Article\",\"@id\":\"https:\\\/\\\/dombert.de\\\/verlaengerung-des-investitionsprogramms-ganztagsfinanzierung-geplant\\\/#article\",\"isPartOf\":{\"@id\":\"https:\\\/\\\/dombert.de\\\/verlaengerung-des-investitionsprogramms-ganztagsfinanzierung-geplant\\\/\"},\"author\":{\"name\":\"Christin Oldag\",\"@id\":\"https:\\\/\\\/dombert.de\\\/#\\\/schema\\\/person\\\/40b5ecfa34d030412ecd758386909b2b\"},\"headline\":\"Verl\u00e4ngerung des Investitionsprogramms Ganztagsfinanzierung geplant\",\"datePublished\":\"2025-05-27T11:35:19+00:00\",\"dateModified\":\"2025-05-27T11:35:55+00:00\",\"mainEntityOfPage\":{\"@id\":\"https:\\\/\\\/dombert.de\\\/verlaengerung-des-investitionsprogramms-ganztagsfinanzierung-geplant\\\/\"},\"wordCount\":261,\"publisher\":{\"@id\":\"https:\\\/\\\/dombert.de\\\/#organization\"},\"image\":{\"@id\":\"https:\\\/\\\/dombert.de\\\/verlaengerung-des-investitionsprogramms-ganztagsfinanzierung-geplant\\\/#primaryimage\"},\"thumbnailUrl\":\"https:\\\/\\\/dombert.de\\\/wp-content\\\/uploads\\\/2025\\\/04\\\/lehrbeauftragte-schule-dombert-rechtsanwaelte-1.jpg\",\"articleSection\":[\"Meldung\"],\"inLanguage\":\"en-GB\"},{\"@type\":\"WebPage\",\"@id\":\"https:\\\/\\\/dombert.de\\\/verlaengerung-des-investitionsprogramms-ganztagsfinanzierung-geplant\\\/\",\"url\":\"https:\\\/\\\/dombert.de\\\/verlaengerung-des-investitionsprogramms-ganztagsfinanzierung-geplant\\\/\",\"name\":\"Verl\u00e4ngerung des Investitionsprogramms Ganztagsfinanzierung geplant - DOMBERT Rechtsanw\u00e4lte\",\"isPartOf\":{\"@id\":\"https:\\\/\\\/dombert.de\\\/#website\"},\"primaryImageOfPage\":{\"@id\":\"https:\\\/\\\/dombert.de\\\/verlaengerung-des-investitionsprogramms-ganztagsfinanzierung-geplant\\\/#primaryimage\"},\"image\":{\"@id\":\"https:\\\/\\\/dombert.de\\\/verlaengerung-des-investitionsprogramms-ganztagsfinanzierung-geplant\\\/#primaryimage\"},\"thumbnailUrl\":\"https:\\\/\\\/dombert.de\\\/wp-content\\\/uploads\\\/2025\\\/04\\\/lehrbeauftragte-schule-dombert-rechtsanwaelte-1.jpg\",\"datePublished\":\"2025-05-27T11:35:19+00:00\",\"dateModified\":\"2025-05-27T11:35:55+00:00\",\"breadcrumb\":{\"@id\":\"https:\\\/\\\/dombert.de\\\/verlaengerung-des-investitionsprogramms-ganztagsfinanzierung-geplant\\\/#breadcrumb\"},\"inLanguage\":\"en-GB\",\"potentialAction\":[{\"@type\":\"ReadAction\",\"target\":[\"https:\\\/\\\/dombert.de\\\/verlaengerung-des-investitionsprogramms-ganztagsfinanzierung-geplant\\\/\"]}]},{\"@type\":\"ImageObject\",\"inLanguage\":\"en-GB\",\"@id\":\"https:\\\/\\\/dombert.de\\\/verlaengerung-des-investitionsprogramms-ganztagsfinanzierung-geplant\\\/#primaryimage\",\"url\":\"https:\\\/\\\/dombert.de\\\/wp-content\\\/uploads\\\/2025\\\/04\\\/lehrbeauftragte-schule-dombert-rechtsanwaelte-1.jpg\",\"contentUrl\":\"https:\\\/\\\/dombert.de\\\/wp-content\\\/uploads\\\/2025\\\/04\\\/lehrbeauftragte-schule-dombert-rechtsanwaelte-1.jpg\",\"width\":650,\"height\":450},{\"@type\":\"BreadcrumbList\",\"@id\":\"https:\\\/\\\/dombert.de\\\/verlaengerung-des-investitionsprogramms-ganztagsfinanzierung-geplant\\\/#breadcrumb\",\"itemListElement\":[{\"@type\":\"ListItem\",\"position\":1,\"name\":\"Startseite\",\"item\":\"https:\\\/\\\/dombert.de\\\/\"},{\"@type\":\"ListItem\",\"position\":2,\"name\":\"Verl\u00e4ngerung des Investitionsprogramms Ganztagsfinanzierung geplant\"}]},{\"@type\":\"WebSite\",\"@id\":\"https:\\\/\\\/dombert.de\\\/#website\",\"url\":\"https:\\\/\\\/dombert.de\\\/\",\"name\":\"DOMBERT Rechtsanw\u00e4lte\",\"description\":\"Wir sind Ihr kompetenter Ansprechpartner f\u00fcr alle Fragen des \u00f6ffentlichen Rechts.\",\"publisher\":{\"@id\":\"https:\\\/\\\/dombert.de\\\/#organization\"},\"potentialAction\":[{\"@type\":\"SearchAction\",\"target\":{\"@type\":\"EntryPoint\",\"urlTemplate\":\"https:\\\/\\\/dombert.de\\\/?s={search_term_string}\"},\"query-input\":{\"@type\":\"PropertyValueSpecification\",\"valueRequired\":true,\"valueName\":\"search_term_string\"}}],\"inLanguage\":\"en-GB\"},{\"@type\":\"Organization\",\"@id\":\"https:\\\/\\\/dombert.de\\\/#organization\",\"name\":\"DOMBERT Rechtsanw\u00e4lte\",\"url\":\"https:\\\/\\\/dombert.de\\\/\",\"logo\":{\"@type\":\"ImageObject\",\"inLanguage\":\"en-GB\",\"@id\":\"https:\\\/\\\/dombert.de\\\/#\\\/schema\\\/logo\\\/image\\\/\",\"url\":\"https:\\\/\\\/dombert.de\\\/wp-content\\\/uploads\\\/2025\\\/02\\\/Dombert-Logo_negativ_rgb.png\",\"contentUrl\":\"https:\\\/\\\/dombert.de\\\/wp-content\\\/uploads\\\/2025\\\/02\\\/Dombert-Logo_negativ_rgb.png\",\"width\":459,\"height\":206,\"caption\":\"DOMBERT Rechtsanw\u00e4lte\"},\"image\":{\"@id\":\"https:\\\/\\\/dombert.de\\\/#\\\/schema\\\/logo\\\/image\\\/\"},\"sameAs\":[\"https:\\\/\\\/www.linkedin.com\\\/company\\\/dombert-rechtsanwaelte\\\/posts\\\/?feedView=all\"]},{\"@type\":\"Person\",\"@id\":\"https:\\\/\\\/dombert.de\\\/#\\\/schema\\\/person\\\/40b5ecfa34d030412ecd758386909b2b\",\"name\":\"Christin Oldag\",\"image\":{\"@type\":\"ImageObject\",\"inLanguage\":\"en-GB\",\"@id\":\"https:\\\/\\\/secure.gravatar.com\\\/avatar\\\/d440d12d29fc73e1e88a07da22628c8398386ef952cebddba89bcaa0c381cbd5?s=96&d=mm&r=g\",\"url\":\"https:\\\/\\\/secure.gravatar.com\\\/avatar\\\/d440d12d29fc73e1e88a07da22628c8398386ef952cebddba89bcaa0c381cbd5?s=96&d=mm&r=g\",\"contentUrl\":\"https:\\\/\\\/secure.gravatar.com\\\/avatar\\\/d440d12d29fc73e1e88a07da22628c8398386ef952cebddba89bcaa0c381cbd5?s=96&d=mm&r=g\",\"caption\":\"Christin Oldag\"}}]}<\/script>\n<!-- \/ Yoast SEO plugin. -->","yoast_head_json":{"title":"Extension of the all-day financing investment programme planned - DOMBERT Rechtsanw\u00e4lte","robots":{"index":"index","follow":"follow","max-snippet":"max-snippet:-1","max-image-preview":"max-image-preview:large","max-video-preview":"max-video-preview:-1"},"canonical":"https:\/\/dombert.de\/en\/extension-of-the-investment-programme-all-day-financing-planned\/","og_locale":"en_GB","og_type":"article","og_title":"Verl\u00e4ngerung des Investitionsprogramms Ganztagsfinanzierung geplant - DOMBERT Rechtsanw\u00e4lte","og_description":"| Die Regierungskoalition hat einen Gesetzentwurf zur Verl\u00e4ngerung des Investitionsprogramms zur Ganztagsfinanzierung beschlossen (BT-Drs. 21\/216). Damit sollen unter anderen Kommunen mehr Zeit bekommen, um den Ausbau der Ganztagsbetreuung mit weiteren Investitionen voranzutreiben. \u00a0 Da ab dem Schuljahr 2026\/27 Kinder im Grundschulalter zun\u00e4chst ab der Klassenstufe 1 einen Rechtsanspruch auf Ganztagsbetreuung haben, besteht derzeit vor allem [&hellip;]","og_url":"https:\/\/dombert.de\/en\/extension-of-the-investment-programme-all-day-financing-planned\/","og_site_name":"DOMBERT Rechtsanw\u00e4lte","article_published_time":"2025-05-27T11:35:19+00:00","article_modified_time":"2025-05-27T11:35:55+00:00","og_image":[{"width":650,"height":450,"url":"https:\/\/dombert.de\/wp-content\/uploads\/2025\/04\/lehrbeauftragte-schule-dombert-rechtsanwaelte-1.jpg","type":"image\/jpeg"}],"author":"Christin Oldag","twitter_card":"summary_large_image","twitter_misc":{"Written by":"Christin Oldag","Estimated reading time":"1 minute"},"schema":{"@context":"https:\/\/schema.org","@graph":[{"@type":"Article","@id":"https:\/\/dombert.de\/verlaengerung-des-investitionsprogramms-ganztagsfinanzierung-geplant\/#article","isPartOf":{"@id":"https:\/\/dombert.de\/verlaengerung-des-investitionsprogramms-ganztagsfinanzierung-geplant\/"},"author":{"name":"Christin Oldag","@id":"https:\/\/dombert.de\/#\/schema\/person\/40b5ecfa34d030412ecd758386909b2b"},"headline":"Verl\u00e4ngerung des Investitionsprogramms Ganztagsfinanzierung geplant","datePublished":"2025-05-27T11:35:19+00:00","dateModified":"2025-05-27T11:35:55+00:00","mainEntityOfPage":{"@id":"https:\/\/dombert.de\/verlaengerung-des-investitionsprogramms-ganztagsfinanzierung-geplant\/"},"wordCount":261,"publisher":{"@id":"https:\/\/dombert.de\/#organization"},"image":{"@id":"https:\/\/dombert.de\/verlaengerung-des-investitionsprogramms-ganztagsfinanzierung-geplant\/#primaryimage"},"thumbnailUrl":"https:\/\/dombert.de\/wp-content\/uploads\/2025\/04\/lehrbeauftragte-schule-dombert-rechtsanwaelte-1.jpg","articleSection":["Meldung"],"inLanguage":"en-GB"},{"@type":"WebPage","@id":"https:\/\/dombert.de\/verlaengerung-des-investitionsprogramms-ganztagsfinanzierung-geplant\/","url":"https:\/\/dombert.de\/verlaengerung-des-investitionsprogramms-ganztagsfinanzierung-geplant\/","name":"Extension of the all-day financing investment programme planned - DOMBERT Rechtsanw\u00e4lte","isPartOf":{"@id":"https:\/\/dombert.de\/#website"},"primaryImageOfPage":{"@id":"https:\/\/dombert.de\/verlaengerung-des-investitionsprogramms-ganztagsfinanzierung-geplant\/#primaryimage"},"image":{"@id":"https:\/\/dombert.de\/verlaengerung-des-investitionsprogramms-ganztagsfinanzierung-geplant\/#primaryimage"},"thumbnailUrl":"https:\/\/dombert.de\/wp-content\/uploads\/2025\/04\/lehrbeauftragte-schule-dombert-rechtsanwaelte-1.jpg","datePublished":"2025-05-27T11:35:19+00:00","dateModified":"2025-05-27T11:35:55+00:00","breadcrumb":{"@id":"https:\/\/dombert.de\/verlaengerung-des-investitionsprogramms-ganztagsfinanzierung-geplant\/#breadcrumb"},"inLanguage":"en-GB","potentialAction":[{"@type":"ReadAction","target":["https:\/\/dombert.de\/verlaengerung-des-investitionsprogramms-ganztagsfinanzierung-geplant\/"]}]},{"@type":"ImageObject","inLanguage":"en-GB","@id":"https:\/\/dombert.de\/verlaengerung-des-investitionsprogramms-ganztagsfinanzierung-geplant\/#primaryimage","url":"https:\/\/dombert.de\/wp-content\/uploads\/2025\/04\/lehrbeauftragte-schule-dombert-rechtsanwaelte-1.jpg","contentUrl":"https:\/\/dombert.de\/wp-content\/uploads\/2025\/04\/lehrbeauftragte-schule-dombert-rechtsanwaelte-1.jpg","width":650,"height":450},{"@type":"BreadcrumbList","@id":"https:\/\/dombert.de\/verlaengerung-des-investitionsprogramms-ganztagsfinanzierung-geplant\/#breadcrumb","itemListElement":[{"@type":"ListItem","position":1,"name":"Startseite","item":"https:\/\/dombert.de\/"},{"@type":"ListItem","position":2,"name":"Verl\u00e4ngerung des Investitionsprogramms Ganztagsfinanzierung geplant"}]},{"@type":"WebSite","@id":"https:\/\/dombert.de\/#website","url":"https:\/\/dombert.de\/","name":"DOMBERT Rechtsanw\u00e4lte","description":"We are your expert partner for all matters relating to public law.","publisher":{"@id":"https:\/\/dombert.de\/#organization"},"potentialAction":[{"@type":"SearchAction","target":{"@type":"EntryPoint","urlTemplate":"https:\/\/dombert.de\/?s={search_term_string}"},"query-input":{"@type":"PropertyValueSpecification","valueRequired":true,"valueName":"search_term_string"}}],"inLanguage":"en-GB"},{"@type":"Organization","@id":"https:\/\/dombert.de\/#organization","name":"DOMBERT Rechtsanw\u00e4lte","url":"https:\/\/dombert.de\/","logo":{"@type":"ImageObject","inLanguage":"en-GB","@id":"https:\/\/dombert.de\/#\/schema\/logo\/image\/","url":"https:\/\/dombert.de\/wp-content\/uploads\/2025\/02\/Dombert-Logo_negativ_rgb.png","contentUrl":"https:\/\/dombert.de\/wp-content\/uploads\/2025\/02\/Dombert-Logo_negativ_rgb.png","width":459,"height":206,"caption":"DOMBERT Rechtsanw\u00e4lte"},"image":{"@id":"https:\/\/dombert.de\/#\/schema\/logo\/image\/"},"sameAs":["https:\/\/www.linkedin.com\/company\/dombert-rechtsanwaelte\/posts\/?feedView=all"]},{"@type":"Person","@id":"https:\/\/dombert.de\/#\/schema\/person\/40b5ecfa34d030412ecd758386909b2b","name":"Christin Oldag","image":{"@type":"ImageObject","inLanguage":"en-GB","@id":"https:\/\/secure.gravatar.com\/avatar\/d440d12d29fc73e1e88a07da22628c8398386ef952cebddba89bcaa0c381cbd5?s=96&d=mm&r=g","url":"https:\/\/secure.gravatar.com\/avatar\/d440d12d29fc73e1e88a07da22628c8398386ef952cebddba89bcaa0c381cbd5?s=96&d=mm&r=g","contentUrl":"https:\/\/secure.gravatar.com\/avatar\/d440d12d29fc73e1e88a07da22628c8398386ef952cebddba89bcaa0c381cbd5?s=96&d=mm&r=g","caption":"Christin Oldag"}}]}},"publishpress_future_workflow_manual_trigger":{"enabledWorkflows":[]},"_links":{"self":[{"href":"https:\/\/dombert.de\/en\/wp-json\/wp\/v2\/posts\/9698","targetHints":{"allow":["GET"]}}],"collection":[{"href":"https:\/\/dombert.de\/en\/wp-json\/wp\/v2\/posts"}],"about":[{"href":"https:\/\/dombert.de\/en\/wp-json\/wp\/v2\/types\/post"}],"author":[{"embeddable":true,"href":"https:\/\/dombert.de\/en\/wp-json\/wp\/v2\/users\/8"}],"replies":[{"embeddable":true,"href":"https:\/\/dombert.de\/en\/wp-json\/wp\/v2\/comments?post=9698"}],"version-history":[{"count":4,"href":"https:\/\/dombert.de\/en\/wp-json\/wp\/v2\/posts\/9698\/revisions"}],"predecessor-version":[{"id":9702,"href":"https:\/\/dombert.de\/en\/wp-json\/wp\/v2\/posts\/9698\/revisions\/9702"}],"wp:featuredmedia":[{"embeddable":true,"href":"https:\/\/dombert.de\/en\/wp-json\/wp\/v2\/media\/8409"}],"wp:attachment":[{"href":"https:\/\/dombert.de\/en\/wp-json\/wp\/v2\/media?parent=9698"}],"wp:term":[{"taxonomy":"category","embeddable":true,"href":"https:\/\/dombert.de\/en\/wp-json\/wp\/v2\/categories?post=9698"},{"taxonomy":"post_tag","embeddable":true,"href":"https:\/\/dombert.de\/en\/wp-json\/wp\/v2\/tags?post=9698"},{"taxonomy":"secondary-autor","embeddable":true,"href":"https:\/\/dombert.de\/en\/wp-json\/wp\/v2\/secondary-autor?post=9698"}],"curies":[{"name":"wp","href":"https:\/\/api.w.org\/{rel}","templated":true}]}}