{"id":11083,"date":"2025-08-14T19:36:23","date_gmt":"2025-08-14T17:36:23","guid":{"rendered":"https:\/\/dombert.de\/?p=11083"},"modified":"2025-08-14T19:36:32","modified_gmt":"2025-08-14T17:36:32","slug":"ovg-potwierdza-wymogi-bezpieczenstwa-dla-festiwalu-w-mecklenburg-vorpommern","status":"publish","type":"post","link":"https:\/\/dombert.de\/pl\/ovg-bestaetigt-sicherheitsauflagen-fuer-festival-in-mecklenburg-vorpommern\/","title":{"rendered":"OVG potwierdza wymogi bezpiecze\u0144stwa dla festiwalu w Meklemburgii-Pomorzu Przednim"},"content":{"rendered":"<div data-elementor-type=\"wp-post\" data-elementor-id=\"11083\" class=\"elementor elementor-11083\" data-elementor-post-type=\"post\">\n\t\t\t\t<div class=\"elementor-element elementor-element-29e030e3 e-con-full e-flex e-con e-parent\" data-id=\"29e030e3\" data-element_type=\"container\" data-e-type=\"container\" data-settings=\"{&quot;background_background&quot;:&quot;classic&quot;}\">\n\t\t<div class=\"elementor-element elementor-element-1e4929fe e-con-full e-flex e-con e-child\" data-id=\"1e4929fe\" data-element_type=\"container\" data-e-type=\"container\">\n\t\t\t\t<div class=\"elementor-element elementor-element-5faa5a41 elementor-widget-divider--view-line elementor-widget elementor-widget-divider\" data-id=\"5faa5a41\" data-element_type=\"widget\" data-e-type=\"widget\" data-widget_type=\"divider.default\">\n\t\t\t\t<div class=\"elementor-widget-container\">\n\t\t\t\t\t\t\t<div class=\"elementor-divider\">\n\t\t\t<span class=\"elementor-divider-separator\">\n\t\t\t\t\t\t<\/span>\n\t\t<\/div>\n\t\t\t\t\t\t<\/div>\n\t\t\t\t<\/div>\n\t\t\t\t<div class=\"elementor-element elementor-element-57311b4 elementor-widget__width-auto elementor-widget-mobile__width-initial elementor-widget elementor-widget-heading\" data-id=\"57311b4\" data-element_type=\"widget\" data-e-type=\"widget\" data-widget_type=\"heading.default\">\n\t\t\t\t<div class=\"elementor-widget-container\">\n\t\t\t\t\t<h2 class=\"elementor-heading-title elementor-size-default\">OVG potwierdza wymogi bezpiecze\u0144stwa dla festiwalu w Meklemburgii-Pomorzu Przednim<\/h2>\t\t\t\t<\/div>\n\t\t\t\t<\/div>\n\t\t<div class=\"elementor-element elementor-element-15832cec e-con-full e-flex e-con e-child\" data-id=\"15832cec\" data-element_type=\"container\" data-e-type=\"container\">\n\t\t\t\t<div class=\"elementor-element elementor-element-2f420651 elementor-widget__width-initial elementor-widget-divider--view-line elementor-widget elementor-widget-divider\" data-id=\"2f420651\" data-element_type=\"widget\" data-e-type=\"widget\" data-widget_type=\"divider.default\">\n\t\t\t\t<div class=\"elementor-widget-container\">\n\t\t\t\t\t\t\t<div class=\"elementor-divider\">\n\t\t\t<span class=\"elementor-divider-separator\">\n\t\t\t\t\t\t<\/span>\n\t\t<\/div>\n\t\t\t\t\t\t<\/div>\n\t\t\t\t<\/div>\n\t\t\t\t<div class=\"elementor-element elementor-element-25947308 elementor-widget__width-auto elementor-widget-tablet__width-initial elementor-widget-tablet_extra__width-initial elementor-widget elementor-widget-heading\" data-id=\"25947308\" data-element_type=\"widget\" data-e-type=\"widget\" data-widget_type=\"heading.default\">\n\t\t\t\t<div class=\"elementor-widget-container\">\n\t\t\t\t\t<h3 class=\"elementor-heading-title elementor-size-default\"><span>Dr Stephan Berndt<\/span><\/h3>\t\t\t\t<\/div>\n\t\t\t\t<\/div>\n\t\t\t\t<\/div>\n\t\t<div class=\"elementor-element elementor-element-6f8f9f69 e-con-full e-flex e-con e-child\" data-id=\"6f8f9f69\" data-element_type=\"container\" data-e-type=\"container\">\n\t\t\t\t<div class=\"elementor-element elementor-element-3655c9fb elementor-widget__width-auto elementor-view-default elementor-widget elementor-widget-icon\" data-id=\"3655c9fb\" data-element_type=\"widget\" data-e-type=\"widget\" data-widget_type=\"icon.default\">\n\t\t\t\t<div class=\"elementor-widget-container\">\n\t\t\t\t\t\t\t<div class=\"elementor-icon-wrapper\">\n\t\t\t<a class=\"elementor-icon elementor-animation-grow\" href=\"https:\/\/www.linkedin.com\/company\/dombert-rechtsanwaelte\/posts\/?feedView=all\" target=\"_blank\">\n\t\t\t<svg aria-hidden=\"true\" class=\"e-font-icon-svg e-fab-linkedin\" viewbox=\"0 0 448 512\" xmlns=\"http:\/\/www.w3.org\/2000\/svg\"><path d=\"M416 32H31.9C14.3 32 0 46.5 0 64.3v383.4C0 465.5 14.3 480 31.9 480H416c17.6 0 32-14.5 32-32.3V64.3c0-17.8-14.4-32.3-32-32.3zM135.4 416H69V202.2h66.5V416zm-33.2-243c-21.3 0-38.5-17.3-38.5-38.5S80.9 96 102.2 96c21.2 0 38.5 17.3 38.5 38.5 0 21.3-17.2 38.5-38.5 38.5zm282.1 243h-66.4V312c0-24.8-.5-56.7-34.5-56.7-34.6 0-39.9 27-39.9 54.9V416h-66.4V202.2h63.7v29.2h.9c8.9-16.8 30.6-34.5 62.9-34.5 67.2 0 79.7 44.3 79.7 101.9V416z\"><\/path><\/svg>\t\t\t<\/a>\n\t\t<\/div>\n\t\t\t\t\t\t<\/div>\n\t\t\t\t<\/div>\n\t\t\t\t<\/div>\n\t\t\t\t<\/div>\n\t\t\t\t<\/div>\n\t\t<div class=\"elementor-element elementor-element-3889c09f e-con-full e-flex e-con e-parent\" data-id=\"3889c09f\" data-element_type=\"container\" data-e-type=\"container\" data-settings=\"{&quot;background_background&quot;:&quot;classic&quot;}\">\n\t\t<div class=\"elementor-element elementor-element-6cbf52de e-con-full e-flex e-con e-child\" data-id=\"6cbf52de\" data-element_type=\"container\" data-e-type=\"container\">\n\t\t<div class=\"elementor-element elementor-element-7ae0701a e-con-full e-flex e-con e-child\" data-id=\"7ae0701a\" data-element_type=\"container\" data-e-type=\"container\">\n\t\t\t\t<div class=\"elementor-element elementor-element-1ae41f9 elementor-widget__width-initial elementor-widget-divider--view-line elementor-widget elementor-widget-divider\" data-id=\"1ae41f9\" data-element_type=\"widget\" data-e-type=\"widget\" data-widget_type=\"divider.default\">\n\t\t\t\t<div class=\"elementor-widget-container\">\n\t\t\t\t\t\t\t<div class=\"elementor-divider\">\n\t\t\t<span class=\"elementor-divider-separator\">\n\t\t\t\t\t\t<\/span>\n\t\t<\/div>\n\t\t\t\t\t\t<\/div>\n\t\t\t\t<\/div>\n\t\t\t\t<div class=\"elementor-element elementor-element-3557b301 elementor-widget__width-auto elementor-widget-tablet__width-auto elementor-widget-mobile__width-auto elementor-widget elementor-widget-heading\" data-id=\"3557b301\" data-element_type=\"widget\" data-e-type=\"widget\" data-widget_type=\"heading.default\">\n\t\t\t\t<div class=\"elementor-widget-container\">\n\t\t\t\t\t<h3 class=\"elementor-heading-title elementor-size-default\"><span>Wiadomo\u015b\u0107<\/span><\/h3>\t\t\t\t<\/div>\n\t\t\t\t<\/div>\n\t\t\t\t<div class=\"elementor-element elementor-element-59d2c537 elementor-widget__width-auto elementor-widget-tablet__width-auto elementor-widget-mobile__width-auto elementor-widget elementor-widget-heading\" data-id=\"59d2c537\" data-element_type=\"widget\" data-e-type=\"widget\" data-widget_type=\"heading.default\">\n\t\t\t\t<div class=\"elementor-widget-container\">\n\t\t\t\t\t<h3 class=\"elementor-heading-title elementor-size-default\">|<\/h3>\t\t\t\t<\/div>\n\t\t\t\t<\/div>\n\t\t\t\t<div class=\"elementor-element elementor-element-6464574d elementor-widget__width-auto elementor-widget-tablet__width-auto elementor-widget-mobile__width-auto elementor-widget elementor-widget-heading\" data-id=\"6464574d\" data-element_type=\"widget\" data-e-type=\"widget\" data-widget_type=\"heading.default\">\n\t\t\t\t<div class=\"elementor-widget-container\">\n\t\t\t\t\t<h3 class=\"elementor-heading-title elementor-size-default\">14.08.2025<\/h3>\t\t\t\t<\/div>\n\t\t\t\t<\/div>\n\t\t\t\t<\/div>\n\t\t\t\t<div class=\"elementor-element elementor-element-764ce5f3 elementor-widget__width-initial elementor-widget-tablet__width-initial elementor-widget-mobile__width-initial elementor-widget elementor-widget-text-editor\" data-id=\"764ce5f3\" data-element_type=\"widget\" data-e-type=\"widget\" data-widget_type=\"text-editor.default\">\n\t\t\t\t<div class=\"elementor-widget-container\">\n\t\t\t\t\t\t\t\t\t<p>W sporze dotycz\u0105cym koncepcji bezpiecze\u0144stwa festiwalu \u201eJamel rockt den F\u00f6rster\u201c w Meklemburgii-Pomorzu Przednim, przy wsparciu DOMBERT Rechtsanw\u00e4lte znaleziono realne rozwi\u0105zanie. Wy\u017cszy S\u0105d Administracyjny w Greifswaldzie (OVG), do kt\u00f3rego odwo\u0142a\u0142 si\u0119 starosta, w du\u017cej mierze wyegzekwowa\u0142 swoje warunki, kt\u00f3re mia\u0142y na celu zapewnienie bezpiecze\u0144stwa uczestnikom i osobom trzecim, w post\u0119powaniu uproszczonym (sygn. akt: 1 M 340\/25 z dnia 12 sierpnia 2025 r.). Na festiwalu mo\u017cna spo\u017cywa\u0107 alkohol. Nadal obowi\u0105zuje jednak zakaz spo\u017cywania szk\u0142a i wi\u0119ksza liczba pracownik\u00f3w ochrony. Ponadto organizator musi r\u00f3wnie\u017c poinformowa\u0107 o zgromadzeniu organ zarz\u0105dzaj\u0105cy zgromadzeniem, a nie tylko policj\u0119. Skierowanie sprawy do OVG by\u0142o konieczne, poniewa\u017c S\u0105d Administracyjny w Schwerinie (VG) wcze\u015bniej - r\u00f3wnie\u017c w post\u0119powaniu dora\u017anym - uchyli\u0142 warunki dystryktu. \u201eCieszymy si\u0119, \u017ce Jamel rockt den F\u00f6rster mo\u017ce si\u0119 teraz odby\u0107 z odpowiedni\u0105 koncepcj\u0105 bezpiecze\u0144stwa i \u017ce wszyscy uczestnicy, ale tak\u017ce osoby trzecie i organizatorzy, mog\u0105 czu\u0107 si\u0119 bezpiecznie\u201c - m\u00f3wi Rechtsanwalt dr Stephan Berndt, kt\u00f3ry reprezentowa\u0142 okr\u0119g Nordwestmecklenburg.<\/p><p>Pozosta\u0142e warunki, takie jak te zwi\u0105zane z ochron\u0105 przyrody i rozmieszczeniem steward\u00f3w, kt\u00f3rzy b\u0119d\u0105 kierowa\u0107 uczestnikami podr\u00f3\u017cuj\u0105cymi do i z imprezy w celu utrzymania dro\u017cno\u015bci dr\u00f3g ratunkowych i ewakuacyjnych, zosta\u0142y teraz r\u00f3wnie\u017c potwierdzone przez S\u0105d Administracyjny w Schwerinie. \u00a0\u00a0<\/p><p>Punktem wyj\u015bcia sporu by\u0142a ch\u0119\u0107 organizator\u00f3w do zarejestrowania i przeprowadzenia festiwalu w tym roku po raz pierwszy jako zgromadzenia na podstawie art. 8 ustawy zasadniczej, a nie, jak poprzednio, jako imprezy prywatnej. Oznacza\u0142o to, \u017ce powiat, jako organ zgromadzenia pa\u0144stwowego, by\u0142 zobowi\u0105zany do zapewnienia bezpiecze\u0144stwa i porz\u0105dku publicznego. Ze wzgl\u0119du na spodziewan\u0105 du\u017c\u0105 liczb\u0119 odwiedzaj\u0105cych festiwal, szczeg\u00f3lne warunki lokalne i trudne mo\u017cliwo\u015bci ewakuacji w przypadku zagro\u017cenia, by\u0142o to szczeg\u00f3lne wyzwanie. Podkre\u015bla Berndt, w \u017cadnym momencie nie chodzi\u0142o o uniemo\u017cliwienie organizacji imprezy lub tworzenie przeszk\u00f3d. Celem i zadaniem dzielnicy by\u0142o i jest zapewnienie bezpiecznego i pokojowego przebiegu zgromadzenia. Bezpiecze\u0144stwo to zosta\u0142o osi\u0105gni\u0119te dzi\u0119ki decyzji Wy\u017cszego S\u0105du Administracyjnego.<\/p><p>Poniewa\u017c pilne odwo\u0142anie organizator\u00f3w okaza\u0142o si\u0119 cz\u0119\u015bciowo bezzasadne, OVG obci\u0105\u017cy\u0142 obie strony kosztami sporu prawnego.<\/p><p>\u00a0<\/p>\t\t\t\t\t\t\t\t<\/div>\n\t\t\t\t<\/div>\n\t\t\t\t<\/div>\n\t\t\t\t<\/div>\n\t\t<div class=\"elementor-element elementor-element-22e4668b e-con-full e-flex e-con e-parent\" data-id=\"22e4668b\" data-element_type=\"container\" data-e-type=\"container\" data-settings=\"{&quot;background_background&quot;:&quot;classic&quot;}\">\n\t\t<div class=\"elementor-element elementor-element-2408dffd e-con-full e-flex e-con e-child\" data-id=\"2408dffd\" data-element_type=\"container\" data-e-type=\"container\">\n\t\t\t\t<div class=\"elementor-element elementor-element-5e09c473 elementor-widget__width-initial elementor-widget elementor-widget-heading\" data-id=\"5e09c473\" data-element_type=\"widget\" data-e-type=\"widget\" data-widget_type=\"heading.default\">\n\t\t\t\t<div class=\"elementor-widget-container\">\n\t\t\t\t\t<h2 class=\"elementor-heading-title elementor-size-default\"><b>DOMBERT<\/b> Prawnicy <\/h2>\t\t\t\t<\/div>\n\t\t\t\t<\/div>\n\t\t<div class=\"elementor-element elementor-element-6100692d e-con-full e-flex e-con e-child\" data-id=\"6100692d\" data-element_type=\"container\" data-e-type=\"container\">\n\t\t\t\t<div class=\"elementor-element elementor-element-74275305 elementor-widget__width-initial elementor-widget-divider--view-line elementor-widget elementor-widget-divider\" data-id=\"74275305\" data-element_type=\"widget\" data-e-type=\"widget\" data-widget_type=\"divider.default\">\n\t\t\t\t<div class=\"elementor-widget-container\">\n\t\t\t\t\t\t\t<div class=\"elementor-divider\">\n\t\t\t<span class=\"elementor-divider-separator\">\n\t\t\t\t\t\t<\/span>\n\t\t<\/div>\n\t\t\t\t\t\t<\/div>\n\t\t\t\t<\/div>\n\t\t\t\t<div class=\"elementor-element elementor-element-97e10e8 elementor-widget__width-auto elementor-widget-tablet_extra__width-initial elementor-widget-tablet__width-initial elementor-widget-mobile_extra__width-initial elementor-widget-mobile__width-initial elementor-widget elementor-widget-heading\" data-id=\"97e10e8\" data-element_type=\"widget\" data-e-type=\"widget\" data-widget_type=\"heading.default\">\n\t\t\t\t<div class=\"elementor-widget-container\">\n\t\t\t\t\t<h3 class=\"elementor-heading-title elementor-size-default\">Nasza praca obejmuje wszystkie kwestie prawne i konflikty, w kt\u00f3re zaanga\u017cowane s\u0105 pa\u0144stwo, gminy lub w\u0142adze.<\/h3>\t\t\t\t<\/div>\n\t\t\t\t<\/div>\n\t\t\t\t<\/div>\n\t\t<div class=\"elementor-element elementor-element-1768d8a8 e-con-full e-flex e-con e-child\" data-id=\"1768d8a8\" data-element_type=\"container\" data-e-type=\"container\">\n\t\t\t\t<div class=\"elementor-element elementor-element-5c7aa42a elementor-widget elementor-widget-button\" data-id=\"5c7aa42a\" data-element_type=\"widget\" data-e-type=\"widget\" data-widget_type=\"button.default\">\n\t\t\t\t<div class=\"elementor-widget-container\">\n\t\t\t\t\t\t\t\t\t<div class=\"elementor-button-wrapper\">\n\t\t\t\t\t<a class=\"elementor-button elementor-button-link elementor-size-sm\" href=\"https:\/\/dombert.de\/pl\/kancelaria-prawna\/\">\n\t\t\t\t\t\t<span class=\"elementor-button-content-wrapper\">\n\t\t\t\t\t\t\t\t\t<span class=\"elementor-button-text\">Wi\u0119cej informacji o naszej kancelarii<\/span>\n\t\t\t\t\t<\/span>\n\t\t\t\t\t<\/a>\n\t\t\t\t<\/div>\n\t\t\t\t\t\t\t\t<\/div>\n\t\t\t\t<\/div>\n\t\t\t\t<div class=\"elementor-element elementor-element-f4aa1f7 elementor-widget elementor-widget-button\" data-id=\"f4aa1f7\" data-element_type=\"widget\" data-e-type=\"widget\" data-widget_type=\"button.default\">\n\t\t\t\t<div class=\"elementor-widget-container\">\n\t\t\t\t\t\t\t\t\t<div class=\"elementor-button-wrapper\">\n\t\t\t\t\t<a class=\"elementor-button elementor-button-link elementor-size-sm\" href=\"https:\/\/dombert.de\/pl\/#kompetenzen\">\n\t\t\t\t\t\t<span class=\"elementor-button-content-wrapper\">\n\t\t\t\t\t\t\t\t\t<span class=\"elementor-button-text\">Wi\u0119cej o naszej wiedzy specjalistycznej<\/span>\n\t\t\t\t\t<\/span>\n\t\t\t\t\t<\/a>\n\t\t\t\t<\/div>\n\t\t\t\t\t\t\t\t<\/div>\n\t\t\t\t<\/div>\n\t\t\t\t<\/div>\n\t\t\t\t<\/div>\n\t\t\t\t<\/div>\n\t\t\t\t<\/div>","protected":false},"excerpt":{"rendered":"<p>| In der Auseinandersetzung um das Sicherheitskonzept f\u00fcr das Festival \u201eJamel rockt den F\u00f6rster\u201c in Mecklenburg-Vorpommern ist es mit Unterst\u00fctzung von DOMBERT Rechtsanw\u00e4lte zu einer tragf\u00e4higen L\u00f6sung gekommen. Das vom Landrat angerufene Oberverwaltungsgericht (OVG) Greifswald hat dessen Auflagen, die zur Sicherheit der Teilnehmenden und Dritter vorgesehen wurden, im Eilverfahren weitestgehend wieder durchgesetzt (Az.: 1 M [&hellip;]<\/p>\n","protected":false},"author":10,"featured_media":11081,"comment_status":"closed","ping_status":"closed","sticky":false,"template":"","format":"standard","meta":{"_acf_changed":false,"site-sidebar-layout":"default","site-content-layout":"","ast-site-content-layout":"default","site-content-style":"default","site-sidebar-style":"default","ast-global-header-display":"","ast-banner-title-visibility":"","ast-main-header-display":"","ast-hfb-above-header-display":"","ast-hfb-below-header-display":"","ast-hfb-mobile-header-display":"","site-post-title":"","ast-breadcrumbs-content":"","ast-featured-img":"","footer-sml-layout":"","ast-disable-related-posts":"","theme-transparent-header-meta":"","adv-header-id-meta":"","stick-header-meta":"","header-above-stick-meta":"","header-main-stick-meta":"","header-below-stick-meta":"","astra-migrate-meta-layouts":"set","ast-page-background-enabled":"default","ast-page-background-meta":{"desktop":{"background-color":"","background-image":"","background-repeat":"repeat","background-position":"center center","background-size":"auto","background-attachment":"scroll","background-type":"","background-media":"","overlay-type":"","overlay-color":"","overlay-opacity":"","overlay-gradient":""},"tablet":{"background-color":"","background-image":"","background-repeat":"repeat","background-position":"center center","background-size":"auto","background-attachment":"scroll","background-type":"","background-media":"","overlay-type":"","overlay-color":"","overlay-opacity":"","overlay-gradient":""},"mobile":{"background-color":"","background-image":"","background-repeat":"repeat","background-position":"center center","background-size":"auto","background-attachment":"scroll","background-type":"","background-media":"","overlay-type":"","overlay-color":"","overlay-opacity":"","overlay-gradient":""}},"ast-content-background-meta":{"desktop":{"background-color":"var(--ast-global-color-5)","background-image":"","background-repeat":"repeat","background-position":"center center","background-size":"auto","background-attachment":"scroll","background-type":"","background-media":"","overlay-type":"","overlay-color":"","overlay-opacity":"","overlay-gradient":""},"tablet":{"background-color":"var(--ast-global-color-5)","background-image":"","background-repeat":"repeat","background-position":"center center","background-size":"auto","background-attachment":"scroll","background-type":"","background-media":"","overlay-type":"","overlay-color":"","overlay-opacity":"","overlay-gradient":""},"mobile":{"background-color":"var(--ast-global-color-5)","background-image":"","background-repeat":"repeat","background-position":"center center","background-size":"auto","background-attachment":"scroll","background-type":"","background-media":"","overlay-type":"","overlay-color":"","overlay-opacity":"","overlay-gradient":""}},"footnotes":""},"categories":[45],"tags":[],"secondary-autor":[92],"class_list":["post-11083","post","type-post","status-publish","format-standard","has-post-thumbnail","hentry","category-meldung","secondary-autor-dr-stephan-berndt"],"acf":[],"yoast_head":"<!-- This site is optimized with the Yoast SEO plugin v27.4 - https:\/\/yoast.com\/product\/yoast-seo-wordpress\/ -->\n<title>OVG best\u00e4tigt Sicherheitsauflagen f\u00fcr Festival in Mecklenburg-Vorpommern - DOMBERT Rechtsanw\u00e4lte<\/title>\n<meta name=\"robots\" content=\"index, follow, max-snippet:-1, max-image-preview:large, max-video-preview:-1\" \/>\n<link rel=\"canonical\" href=\"https:\/\/dombert.de\/pl\/ovg-potwierdza-wymogi-bezpieczenstwa-dla-festiwalu-w-mecklenburg-vorpommern\/\" \/>\n<meta property=\"og:locale\" content=\"pl_PL\" \/>\n<meta property=\"og:type\" content=\"article\" \/>\n<meta property=\"og:title\" content=\"OVG best\u00e4tigt Sicherheitsauflagen f\u00fcr Festival in Mecklenburg-Vorpommern - DOMBERT Rechtsanw\u00e4lte\" \/>\n<meta property=\"og:description\" content=\"| In der Auseinandersetzung um das Sicherheitskonzept f\u00fcr das Festival \u201eJamel rockt den F\u00f6rster\u201c in Mecklenburg-Vorpommern ist es mit Unterst\u00fctzung von DOMBERT Rechtsanw\u00e4lte zu einer tragf\u00e4higen L\u00f6sung gekommen. Das vom Landrat angerufene Oberverwaltungsgericht (OVG) Greifswald hat dessen Auflagen, die zur Sicherheit der Teilnehmenden und Dritter vorgesehen wurden, im Eilverfahren weitestgehend wieder durchgesetzt (Az.: 1 M [&hellip;]\" \/>\n<meta property=\"og:url\" content=\"https:\/\/dombert.de\/pl\/ovg-potwierdza-wymogi-bezpieczenstwa-dla-festiwalu-w-mecklenburg-vorpommern\/\" \/>\n<meta property=\"og:site_name\" content=\"DOMBERT Rechtsanw\u00e4lte\" \/>\n<meta property=\"article:published_time\" content=\"2025-08-14T17:36:23+00:00\" \/>\n<meta property=\"article:modified_time\" content=\"2025-08-14T17:36:32+00:00\" \/>\n<meta property=\"og:image\" content=\"https:\/\/dombert.de\/wp-content\/uploads\/2025\/08\/jamel-rockt-dombert-rechtsanwaelte.jpg\" \/>\n\t<meta property=\"og:image:width\" content=\"650\" \/>\n\t<meta property=\"og:image:height\" content=\"450\" \/>\n\t<meta property=\"og:image:type\" content=\"image\/jpeg\" \/>\n<meta name=\"author\" content=\"Anke Stachow\" \/>\n<meta name=\"twitter:card\" content=\"summary_large_image\" \/>\n<meta name=\"twitter:label1\" content=\"Napisane przez\" \/>\n\t<meta name=\"twitter:data1\" content=\"Anke Stachow\" \/>\n\t<meta name=\"twitter:label2\" content=\"Szacowany czas czytania\" \/>\n\t<meta name=\"twitter:data2\" content=\"2 minuty\" \/>\n<script type=\"application\/ld+json\" class=\"yoast-schema-graph\">{\"@context\":\"https:\\\/\\\/schema.org\",\"@graph\":[{\"@type\":\"Article\",\"@id\":\"https:\\\/\\\/dombert.de\\\/ovg-bestaetigt-sicherheitsauflagen-fuer-festival-in-mecklenburg-vorpommern\\\/#article\",\"isPartOf\":{\"@id\":\"https:\\\/\\\/dombert.de\\\/ovg-bestaetigt-sicherheitsauflagen-fuer-festival-in-mecklenburg-vorpommern\\\/\"},\"author\":{\"name\":\"Anke Stachow\",\"@id\":\"https:\\\/\\\/dombert.de\\\/#\\\/schema\\\/person\\\/b3483fb131d1e3adbc63bcdd285523b3\"},\"headline\":\"OVG best\u00e4tigt Sicherheitsauflagen f\u00fcr Festival in Mecklenburg-Vorpommern\",\"datePublished\":\"2025-08-14T17:36:23+00:00\",\"dateModified\":\"2025-08-14T17:36:32+00:00\",\"mainEntityOfPage\":{\"@id\":\"https:\\\/\\\/dombert.de\\\/ovg-bestaetigt-sicherheitsauflagen-fuer-festival-in-mecklenburg-vorpommern\\\/\"},\"wordCount\":380,\"publisher\":{\"@id\":\"https:\\\/\\\/dombert.de\\\/#organization\"},\"image\":{\"@id\":\"https:\\\/\\\/dombert.de\\\/ovg-bestaetigt-sicherheitsauflagen-fuer-festival-in-mecklenburg-vorpommern\\\/#primaryimage\"},\"thumbnailUrl\":\"https:\\\/\\\/dombert.de\\\/wp-content\\\/uploads\\\/2025\\\/08\\\/jamel-rockt-dombert-rechtsanwaelte.jpg\",\"articleSection\":[\"Meldung\"],\"inLanguage\":\"pl-PL\"},{\"@type\":\"WebPage\",\"@id\":\"https:\\\/\\\/dombert.de\\\/ovg-bestaetigt-sicherheitsauflagen-fuer-festival-in-mecklenburg-vorpommern\\\/\",\"url\":\"https:\\\/\\\/dombert.de\\\/ovg-bestaetigt-sicherheitsauflagen-fuer-festival-in-mecklenburg-vorpommern\\\/\",\"name\":\"OVG best\u00e4tigt Sicherheitsauflagen f\u00fcr Festival in Mecklenburg-Vorpommern - DOMBERT Rechtsanw\u00e4lte\",\"isPartOf\":{\"@id\":\"https:\\\/\\\/dombert.de\\\/#website\"},\"primaryImageOfPage\":{\"@id\":\"https:\\\/\\\/dombert.de\\\/ovg-bestaetigt-sicherheitsauflagen-fuer-festival-in-mecklenburg-vorpommern\\\/#primaryimage\"},\"image\":{\"@id\":\"https:\\\/\\\/dombert.de\\\/ovg-bestaetigt-sicherheitsauflagen-fuer-festival-in-mecklenburg-vorpommern\\\/#primaryimage\"},\"thumbnailUrl\":\"https:\\\/\\\/dombert.de\\\/wp-content\\\/uploads\\\/2025\\\/08\\\/jamel-rockt-dombert-rechtsanwaelte.jpg\",\"datePublished\":\"2025-08-14T17:36:23+00:00\",\"dateModified\":\"2025-08-14T17:36:32+00:00\",\"breadcrumb\":{\"@id\":\"https:\\\/\\\/dombert.de\\\/ovg-bestaetigt-sicherheitsauflagen-fuer-festival-in-mecklenburg-vorpommern\\\/#breadcrumb\"},\"inLanguage\":\"pl-PL\",\"potentialAction\":[{\"@type\":\"ReadAction\",\"target\":[\"https:\\\/\\\/dombert.de\\\/ovg-bestaetigt-sicherheitsauflagen-fuer-festival-in-mecklenburg-vorpommern\\\/\"]}]},{\"@type\":\"ImageObject\",\"inLanguage\":\"pl-PL\",\"@id\":\"https:\\\/\\\/dombert.de\\\/ovg-bestaetigt-sicherheitsauflagen-fuer-festival-in-mecklenburg-vorpommern\\\/#primaryimage\",\"url\":\"https:\\\/\\\/dombert.de\\\/wp-content\\\/uploads\\\/2025\\\/08\\\/jamel-rockt-dombert-rechtsanwaelte.jpg\",\"contentUrl\":\"https:\\\/\\\/dombert.de\\\/wp-content\\\/uploads\\\/2025\\\/08\\\/jamel-rockt-dombert-rechtsanwaelte.jpg\",\"width\":650,\"height\":450},{\"@type\":\"BreadcrumbList\",\"@id\":\"https:\\\/\\\/dombert.de\\\/ovg-bestaetigt-sicherheitsauflagen-fuer-festival-in-mecklenburg-vorpommern\\\/#breadcrumb\",\"itemListElement\":[{\"@type\":\"ListItem\",\"position\":1,\"name\":\"Startseite\",\"item\":\"https:\\\/\\\/dombert.de\\\/\"},{\"@type\":\"ListItem\",\"position\":2,\"name\":\"OVG best\u00e4tigt Sicherheitsauflagen f\u00fcr Festival in Mecklenburg-Vorpommern\"}]},{\"@type\":\"WebSite\",\"@id\":\"https:\\\/\\\/dombert.de\\\/#website\",\"url\":\"https:\\\/\\\/dombert.de\\\/\",\"name\":\"DOMBERT Rechtsanw\u00e4lte\",\"description\":\"Wir sind Ihr kompetenter Ansprechpartner f\u00fcr alle Fragen des \u00f6ffentlichen Rechts.\",\"publisher\":{\"@id\":\"https:\\\/\\\/dombert.de\\\/#organization\"},\"potentialAction\":[{\"@type\":\"SearchAction\",\"target\":{\"@type\":\"EntryPoint\",\"urlTemplate\":\"https:\\\/\\\/dombert.de\\\/?s={search_term_string}\"},\"query-input\":{\"@type\":\"PropertyValueSpecification\",\"valueRequired\":true,\"valueName\":\"search_term_string\"}}],\"inLanguage\":\"pl-PL\"},{\"@type\":\"Organization\",\"@id\":\"https:\\\/\\\/dombert.de\\\/#organization\",\"name\":\"DOMBERT Rechtsanw\u00e4lte\",\"url\":\"https:\\\/\\\/dombert.de\\\/\",\"logo\":{\"@type\":\"ImageObject\",\"inLanguage\":\"pl-PL\",\"@id\":\"https:\\\/\\\/dombert.de\\\/#\\\/schema\\\/logo\\\/image\\\/\",\"url\":\"https:\\\/\\\/dombert.de\\\/wp-content\\\/uploads\\\/2025\\\/02\\\/Dombert-Logo_negativ_rgb.png\",\"contentUrl\":\"https:\\\/\\\/dombert.de\\\/wp-content\\\/uploads\\\/2025\\\/02\\\/Dombert-Logo_negativ_rgb.png\",\"width\":459,\"height\":206,\"caption\":\"DOMBERT Rechtsanw\u00e4lte\"},\"image\":{\"@id\":\"https:\\\/\\\/dombert.de\\\/#\\\/schema\\\/logo\\\/image\\\/\"},\"sameAs\":[\"https:\\\/\\\/www.linkedin.com\\\/company\\\/dombert-rechtsanwaelte\\\/posts\\\/?feedView=all\"]},{\"@type\":\"Person\",\"@id\":\"https:\\\/\\\/dombert.de\\\/#\\\/schema\\\/person\\\/b3483fb131d1e3adbc63bcdd285523b3\",\"name\":\"Anke Stachow\",\"image\":{\"@type\":\"ImageObject\",\"inLanguage\":\"pl-PL\",\"@id\":\"https:\\\/\\\/secure.gravatar.com\\\/avatar\\\/17669adf5dee93cde3674a188dd87df2ffceacf49b65dc4663ba97d7d1c23120?s=96&d=mm&r=g\",\"url\":\"https:\\\/\\\/secure.gravatar.com\\\/avatar\\\/17669adf5dee93cde3674a188dd87df2ffceacf49b65dc4663ba97d7d1c23120?s=96&d=mm&r=g\",\"contentUrl\":\"https:\\\/\\\/secure.gravatar.com\\\/avatar\\\/17669adf5dee93cde3674a188dd87df2ffceacf49b65dc4663ba97d7d1c23120?s=96&d=mm&r=g\",\"caption\":\"Anke Stachow\"}}]}<\/script>\n<!-- \/ Yoast SEO plugin. -->","yoast_head_json":{"title":"OVG potwierdza wymogi bezpiecze\u0144stwa dla festiwalu w Meklemburgii-Pomorzu Przednim - DOMBERT Rechtsanw\u00e4lte","robots":{"index":"index","follow":"follow","max-snippet":"max-snippet:-1","max-image-preview":"max-image-preview:large","max-video-preview":"max-video-preview:-1"},"canonical":"https:\/\/dombert.de\/pl\/ovg-potwierdza-wymogi-bezpieczenstwa-dla-festiwalu-w-mecklenburg-vorpommern\/","og_locale":"pl_PL","og_type":"article","og_title":"OVG best\u00e4tigt Sicherheitsauflagen f\u00fcr Festival in Mecklenburg-Vorpommern - DOMBERT Rechtsanw\u00e4lte","og_description":"| In der Auseinandersetzung um das Sicherheitskonzept f\u00fcr das Festival \u201eJamel rockt den F\u00f6rster\u201c in Mecklenburg-Vorpommern ist es mit Unterst\u00fctzung von DOMBERT Rechtsanw\u00e4lte zu einer tragf\u00e4higen L\u00f6sung gekommen. Das vom Landrat angerufene Oberverwaltungsgericht (OVG) Greifswald hat dessen Auflagen, die zur Sicherheit der Teilnehmenden und Dritter vorgesehen wurden, im Eilverfahren weitestgehend wieder durchgesetzt (Az.: 1 M [&hellip;]","og_url":"https:\/\/dombert.de\/pl\/ovg-potwierdza-wymogi-bezpieczenstwa-dla-festiwalu-w-mecklenburg-vorpommern\/","og_site_name":"DOMBERT Rechtsanw\u00e4lte","article_published_time":"2025-08-14T17:36:23+00:00","article_modified_time":"2025-08-14T17:36:32+00:00","og_image":[{"width":650,"height":450,"url":"https:\/\/dombert.de\/wp-content\/uploads\/2025\/08\/jamel-rockt-dombert-rechtsanwaelte.jpg","type":"image\/jpeg"}],"author":"Anke Stachow","twitter_card":"summary_large_image","twitter_misc":{"Napisane przez":"Anke Stachow","Szacowany czas czytania":"2 minuty"},"schema":{"@context":"https:\/\/schema.org","@graph":[{"@type":"Article","@id":"https:\/\/dombert.de\/ovg-bestaetigt-sicherheitsauflagen-fuer-festival-in-mecklenburg-vorpommern\/#article","isPartOf":{"@id":"https:\/\/dombert.de\/ovg-bestaetigt-sicherheitsauflagen-fuer-festival-in-mecklenburg-vorpommern\/"},"author":{"name":"Anke Stachow","@id":"https:\/\/dombert.de\/#\/schema\/person\/b3483fb131d1e3adbc63bcdd285523b3"},"headline":"OVG best\u00e4tigt Sicherheitsauflagen f\u00fcr Festival in Mecklenburg-Vorpommern","datePublished":"2025-08-14T17:36:23+00:00","dateModified":"2025-08-14T17:36:32+00:00","mainEntityOfPage":{"@id":"https:\/\/dombert.de\/ovg-bestaetigt-sicherheitsauflagen-fuer-festival-in-mecklenburg-vorpommern\/"},"wordCount":380,"publisher":{"@id":"https:\/\/dombert.de\/#organization"},"image":{"@id":"https:\/\/dombert.de\/ovg-bestaetigt-sicherheitsauflagen-fuer-festival-in-mecklenburg-vorpommern\/#primaryimage"},"thumbnailUrl":"https:\/\/dombert.de\/wp-content\/uploads\/2025\/08\/jamel-rockt-dombert-rechtsanwaelte.jpg","articleSection":["Meldung"],"inLanguage":"pl-PL"},{"@type":"WebPage","@id":"https:\/\/dombert.de\/ovg-bestaetigt-sicherheitsauflagen-fuer-festival-in-mecklenburg-vorpommern\/","url":"https:\/\/dombert.de\/ovg-bestaetigt-sicherheitsauflagen-fuer-festival-in-mecklenburg-vorpommern\/","name":"OVG potwierdza wymogi bezpiecze\u0144stwa dla festiwalu w Meklemburgii-Pomorzu Przednim - DOMBERT Rechtsanw\u00e4lte","isPartOf":{"@id":"https:\/\/dombert.de\/#website"},"primaryImageOfPage":{"@id":"https:\/\/dombert.de\/ovg-bestaetigt-sicherheitsauflagen-fuer-festival-in-mecklenburg-vorpommern\/#primaryimage"},"image":{"@id":"https:\/\/dombert.de\/ovg-bestaetigt-sicherheitsauflagen-fuer-festival-in-mecklenburg-vorpommern\/#primaryimage"},"thumbnailUrl":"https:\/\/dombert.de\/wp-content\/uploads\/2025\/08\/jamel-rockt-dombert-rechtsanwaelte.jpg","datePublished":"2025-08-14T17:36:23+00:00","dateModified":"2025-08-14T17:36:32+00:00","breadcrumb":{"@id":"https:\/\/dombert.de\/ovg-bestaetigt-sicherheitsauflagen-fuer-festival-in-mecklenburg-vorpommern\/#breadcrumb"},"inLanguage":"pl-PL","potentialAction":[{"@type":"ReadAction","target":["https:\/\/dombert.de\/ovg-bestaetigt-sicherheitsauflagen-fuer-festival-in-mecklenburg-vorpommern\/"]}]},{"@type":"ImageObject","inLanguage":"pl-PL","@id":"https:\/\/dombert.de\/ovg-bestaetigt-sicherheitsauflagen-fuer-festival-in-mecklenburg-vorpommern\/#primaryimage","url":"https:\/\/dombert.de\/wp-content\/uploads\/2025\/08\/jamel-rockt-dombert-rechtsanwaelte.jpg","contentUrl":"https:\/\/dombert.de\/wp-content\/uploads\/2025\/08\/jamel-rockt-dombert-rechtsanwaelte.jpg","width":650,"height":450},{"@type":"BreadcrumbList","@id":"https:\/\/dombert.de\/ovg-bestaetigt-sicherheitsauflagen-fuer-festival-in-mecklenburg-vorpommern\/#breadcrumb","itemListElement":[{"@type":"ListItem","position":1,"name":"Startseite","item":"https:\/\/dombert.de\/"},{"@type":"ListItem","position":2,"name":"OVG best\u00e4tigt Sicherheitsauflagen f\u00fcr Festival in Mecklenburg-Vorpommern"}]},{"@type":"WebSite","@id":"https:\/\/dombert.de\/#website","url":"https:\/\/dombert.de\/","name":"DOMBERT Rechtsanw\u00e4lte","description":"Jeste\u015bmy kompetentnym partnerem we wszystkich kwestiach zwi\u0105zanych z prawem publicznym.","publisher":{"@id":"https:\/\/dombert.de\/#organization"},"potentialAction":[{"@type":"SearchAction","target":{"@type":"EntryPoint","urlTemplate":"https:\/\/dombert.de\/?s={search_term_string}"},"query-input":{"@type":"PropertyValueSpecification","valueRequired":true,"valueName":"search_term_string"}}],"inLanguage":"pl-PL"},{"@type":"Organization","@id":"https:\/\/dombert.de\/#organization","name":"DOMBERT Rechtsanw\u00e4lte","url":"https:\/\/dombert.de\/","logo":{"@type":"ImageObject","inLanguage":"pl-PL","@id":"https:\/\/dombert.de\/#\/schema\/logo\/image\/","url":"https:\/\/dombert.de\/wp-content\/uploads\/2025\/02\/Dombert-Logo_negativ_rgb.png","contentUrl":"https:\/\/dombert.de\/wp-content\/uploads\/2025\/02\/Dombert-Logo_negativ_rgb.png","width":459,"height":206,"caption":"DOMBERT Rechtsanw\u00e4lte"},"image":{"@id":"https:\/\/dombert.de\/#\/schema\/logo\/image\/"},"sameAs":["https:\/\/www.linkedin.com\/company\/dombert-rechtsanwaelte\/posts\/?feedView=all"]},{"@type":"Person","@id":"https:\/\/dombert.de\/#\/schema\/person\/b3483fb131d1e3adbc63bcdd285523b3","name":"Anke Stachow","image":{"@type":"ImageObject","inLanguage":"pl-PL","@id":"https:\/\/secure.gravatar.com\/avatar\/17669adf5dee93cde3674a188dd87df2ffceacf49b65dc4663ba97d7d1c23120?s=96&d=mm&r=g","url":"https:\/\/secure.gravatar.com\/avatar\/17669adf5dee93cde3674a188dd87df2ffceacf49b65dc4663ba97d7d1c23120?s=96&d=mm&r=g","contentUrl":"https:\/\/secure.gravatar.com\/avatar\/17669adf5dee93cde3674a188dd87df2ffceacf49b65dc4663ba97d7d1c23120?s=96&d=mm&r=g","caption":"Anke Stachow"}}]}},"publishpress_future_workflow_manual_trigger":{"enabledWorkflows":[]},"_links":{"self":[{"href":"https:\/\/dombert.de\/pl\/wp-json\/wp\/v2\/posts\/11083","targetHints":{"allow":["GET"]}}],"collection":[{"href":"https:\/\/dombert.de\/pl\/wp-json\/wp\/v2\/posts"}],"about":[{"href":"https:\/\/dombert.de\/pl\/wp-json\/wp\/v2\/types\/post"}],"author":[{"embeddable":true,"href":"https:\/\/dombert.de\/pl\/wp-json\/wp\/v2\/users\/10"}],"replies":[{"embeddable":true,"href":"https:\/\/dombert.de\/pl\/wp-json\/wp\/v2\/comments?post=11083"}],"version-history":[{"count":10,"href":"https:\/\/dombert.de\/pl\/wp-json\/wp\/v2\/posts\/11083\/revisions"}],"predecessor-version":[{"id":11093,"href":"https:\/\/dombert.de\/pl\/wp-json\/wp\/v2\/posts\/11083\/revisions\/11093"}],"wp:featuredmedia":[{"embeddable":true,"href":"https:\/\/dombert.de\/pl\/wp-json\/wp\/v2\/media\/11081"}],"wp:attachment":[{"href":"https:\/\/dombert.de\/pl\/wp-json\/wp\/v2\/media?parent=11083"}],"wp:term":[{"taxonomy":"category","embeddable":true,"href":"https:\/\/dombert.de\/pl\/wp-json\/wp\/v2\/categories?post=11083"},{"taxonomy":"post_tag","embeddable":true,"href":"https:\/\/dombert.de\/pl\/wp-json\/wp\/v2\/tags?post=11083"},{"taxonomy":"secondary-autor","embeddable":true,"href":"https:\/\/dombert.de\/pl\/wp-json\/wp\/v2\/secondary-autor?post=11083"}],"curies":[{"name":"wp","href":"https:\/\/api.w.org\/{rel}","templated":true}]}}