{"id":11132,"date":"2025-08-26T11:13:52","date_gmt":"2025-08-26T09:13:52","guid":{"rendered":"https:\/\/dombert.de\/?p=11132"},"modified":"2025-08-27T15:39:06","modified_gmt":"2025-08-27T13:39:06","slug":"kandydat-afd-nie-moze-startowac-w-wyborach-na-burmistrza","status":"publish","type":"post","link":"https:\/\/dombert.de\/pl\/afd-kandidat-darf-nicht-zur-oberbuergermeister-wahl-antreten\/","title":{"rendered":"Kandydat AfD nie mo\u017ce startowa\u0107 w wyborach na burmistrza"},"content":{"rendered":"<div data-elementor-type=\"wp-post\" data-elementor-id=\"11132\" class=\"elementor elementor-11132\" data-elementor-post-type=\"post\">\n\t\t\t\t<div class=\"elementor-element elementor-element-3c2ad57a e-con-full e-flex e-con e-parent\" data-id=\"3c2ad57a\" data-element_type=\"container\" data-e-type=\"container\" data-settings=\"{&quot;background_background&quot;:&quot;classic&quot;}\">\n\t\t<div class=\"elementor-element elementor-element-44825ef2 e-con-full e-flex e-con e-child\" data-id=\"44825ef2\" data-element_type=\"container\" data-e-type=\"container\">\n\t\t\t\t<div class=\"elementor-element elementor-element-307fd939 elementor-widget-divider--view-line elementor-widget elementor-widget-divider\" data-id=\"307fd939\" data-element_type=\"widget\" data-e-type=\"widget\" data-widget_type=\"divider.default\">\n\t\t\t\t<div class=\"elementor-widget-container\">\n\t\t\t\t\t\t\t<div class=\"elementor-divider\">\n\t\t\t<span class=\"elementor-divider-separator\">\n\t\t\t\t\t\t<\/span>\n\t\t<\/div>\n\t\t\t\t\t\t<\/div>\n\t\t\t\t<\/div>\n\t\t\t\t<div class=\"elementor-element elementor-element-41dba19e elementor-widget__width-auto elementor-widget-mobile__width-initial elementor-widget elementor-widget-heading\" data-id=\"41dba19e\" data-element_type=\"widget\" data-e-type=\"widget\" data-widget_type=\"heading.default\">\n\t\t\t\t<div class=\"elementor-widget-container\">\n\t\t\t\t\t<h2 class=\"elementor-heading-title elementor-size-default\">Kandydat AfD nie mo\u017ce startowa\u0107 w wyborach na burmistrza<\/h2>\t\t\t\t<\/div>\n\t\t\t\t<\/div>\n\t\t<div class=\"elementor-element elementor-element-491110af e-con-full e-flex e-con e-child\" data-id=\"491110af\" data-element_type=\"container\" data-e-type=\"container\">\n\t\t\t\t<div class=\"elementor-element elementor-element-3de75809 elementor-widget__width-initial elementor-widget-divider--view-line elementor-widget elementor-widget-divider\" data-id=\"3de75809\" data-element_type=\"widget\" data-e-type=\"widget\" data-widget_type=\"divider.default\">\n\t\t\t\t<div class=\"elementor-widget-container\">\n\t\t\t\t\t\t\t<div class=\"elementor-divider\">\n\t\t\t<span class=\"elementor-divider-separator\">\n\t\t\t\t\t\t<\/span>\n\t\t<\/div>\n\t\t\t\t\t\t<\/div>\n\t\t\t\t<\/div>\n\t\t\t\t<div class=\"elementor-element elementor-element-2e02262e elementor-widget__width-auto elementor-widget-tablet__width-initial elementor-widget-tablet_extra__width-initial elementor-widget elementor-widget-heading\" data-id=\"2e02262e\" data-element_type=\"widget\" data-e-type=\"widget\" data-widget_type=\"heading.default\">\n\t\t\t\t<div class=\"elementor-widget-container\">\n\t\t\t\t\t<h3 class=\"elementor-heading-title elementor-size-default\"><span>Dr Dominik L\u00fcck<\/span> | <span>Kristina Gottschalk, LL.M.oec.<\/span><\/h3>\t\t\t\t<\/div>\n\t\t\t\t<\/div>\n\t\t\t\t<\/div>\n\t\t<div class=\"elementor-element elementor-element-54deb360 e-con-full e-flex e-con e-child\" data-id=\"54deb360\" data-element_type=\"container\" data-e-type=\"container\">\n\t\t\t\t<div class=\"elementor-element elementor-element-22a61246 elementor-widget__width-auto elementor-view-default elementor-widget elementor-widget-icon\" data-id=\"22a61246\" data-element_type=\"widget\" data-e-type=\"widget\" data-widget_type=\"icon.default\">\n\t\t\t\t<div class=\"elementor-widget-container\">\n\t\t\t\t\t\t\t<div class=\"elementor-icon-wrapper\">\n\t\t\t<a class=\"elementor-icon elementor-animation-grow\" href=\"https:\/\/www.linkedin.com\/company\/dombert-rechtsanwaelte\/posts\/?feedView=all\" target=\"_blank\">\n\t\t\t<svg aria-hidden=\"true\" class=\"e-font-icon-svg e-fab-linkedin\" viewbox=\"0 0 448 512\" xmlns=\"http:\/\/www.w3.org\/2000\/svg\"><path d=\"M416 32H31.9C14.3 32 0 46.5 0 64.3v383.4C0 465.5 14.3 480 31.9 480H416c17.6 0 32-14.5 32-32.3V64.3c0-17.8-14.4-32.3-32-32.3zM135.4 416H69V202.2h66.5V416zm-33.2-243c-21.3 0-38.5-17.3-38.5-38.5S80.9 96 102.2 96c21.2 0 38.5 17.3 38.5 38.5 0 21.3-17.2 38.5-38.5 38.5zm282.1 243h-66.4V312c0-24.8-.5-56.7-34.5-56.7-34.6 0-39.9 27-39.9 54.9V416h-66.4V202.2h63.7v29.2h.9c8.9-16.8 30.6-34.5 62.9-34.5 67.2 0 79.7 44.3 79.7 101.9V416z\"><\/path><\/svg>\t\t\t<\/a>\n\t\t<\/div>\n\t\t\t\t\t\t<\/div>\n\t\t\t\t<\/div>\n\t\t\t\t<\/div>\n\t\t\t\t<\/div>\n\t\t\t\t<\/div>\n\t\t<div class=\"elementor-element elementor-element-790d8fb2 e-con-full e-flex e-con e-parent\" data-id=\"790d8fb2\" data-element_type=\"container\" data-e-type=\"container\" data-settings=\"{&quot;background_background&quot;:&quot;classic&quot;}\">\n\t\t<div class=\"elementor-element elementor-element-3e98d3bc e-con-full e-flex e-con e-child\" data-id=\"3e98d3bc\" data-element_type=\"container\" data-e-type=\"container\">\n\t\t<div class=\"elementor-element elementor-element-2f612110 e-con-full e-flex e-con e-child\" data-id=\"2f612110\" data-element_type=\"container\" data-e-type=\"container\">\n\t\t\t\t<div class=\"elementor-element elementor-element-6d51ef92 elementor-widget__width-initial elementor-widget-divider--view-line elementor-widget elementor-widget-divider\" data-id=\"6d51ef92\" data-element_type=\"widget\" data-e-type=\"widget\" data-widget_type=\"divider.default\">\n\t\t\t\t<div class=\"elementor-widget-container\">\n\t\t\t\t\t\t\t<div class=\"elementor-divider\">\n\t\t\t<span class=\"elementor-divider-separator\">\n\t\t\t\t\t\t<\/span>\n\t\t<\/div>\n\t\t\t\t\t\t<\/div>\n\t\t\t\t<\/div>\n\t\t\t\t<div class=\"elementor-element elementor-element-6f95c84a elementor-widget__width-auto elementor-widget-tablet__width-auto elementor-widget-mobile__width-auto elementor-widget elementor-widget-heading\" data-id=\"6f95c84a\" data-element_type=\"widget\" data-e-type=\"widget\" data-widget_type=\"heading.default\">\n\t\t\t\t<div class=\"elementor-widget-container\">\n\t\t\t\t\t<h3 class=\"elementor-heading-title elementor-size-default\"><span>Wiadomo\u015b\u0107<\/span><\/h3>\t\t\t\t<\/div>\n\t\t\t\t<\/div>\n\t\t\t\t<div class=\"elementor-element elementor-element-4bd2c44e elementor-widget__width-auto elementor-widget-tablet__width-auto elementor-widget-mobile__width-auto elementor-widget elementor-widget-heading\" data-id=\"4bd2c44e\" data-element_type=\"widget\" data-e-type=\"widget\" data-widget_type=\"heading.default\">\n\t\t\t\t<div class=\"elementor-widget-container\">\n\t\t\t\t\t<h3 class=\"elementor-heading-title elementor-size-default\">|<\/h3>\t\t\t\t<\/div>\n\t\t\t\t<\/div>\n\t\t\t\t<div class=\"elementor-element elementor-element-1e39e4c6 elementor-widget__width-auto elementor-widget-tablet__width-auto elementor-widget-mobile__width-auto elementor-widget elementor-widget-heading\" data-id=\"1e39e4c6\" data-element_type=\"widget\" data-e-type=\"widget\" data-widget_type=\"heading.default\">\n\t\t\t\t<div class=\"elementor-widget-container\">\n\t\t\t\t\t<h3 class=\"elementor-heading-title elementor-size-default\">26.08.2025<\/h3>\t\t\t\t<\/div>\n\t\t\t\t<\/div>\n\t\t\t\t<\/div>\n\t\t\t\t<div class=\"elementor-element elementor-element-242c92da elementor-widget__width-initial elementor-widget-tablet__width-initial elementor-widget-mobile__width-initial elementor-widget elementor-widget-text-editor\" data-id=\"242c92da\" data-element_type=\"widget\" data-e-type=\"widget\" data-widget_type=\"text-editor.default\">\n\t\t\t\t<div class=\"elementor-widget-container\">\n\t\t\t\t\t\t\t\t\t<p>Kandydat AfD Joachim Paul nie mo\u017ce startowa\u0107 w wyborach na burmistrza Ludwigshafen. S\u0105d Administracyjny (VG) w Neustadt a.d. Weinstra\u00dfe odrzuci\u0142 jego piln\u0105 skarg\u0119 jako niedopuszczaln\u0105 (sygn. akt: 3 L 889\/25.NW z dnia 18 sierpnia 2025 r.). W mi\u0119dzyczasie Wy\u017cszy S\u0105d Administracyjny Nadrenii-Palatynatu r\u00f3wnie\u017c odrzuci\u0142 odwo\u0142anie od decyzji s\u0105du administracyjnego (sygn. akt: 10 B 11032\/25 z dnia 25 sierpnia 2025 r.).<\/p><p>Wcze\u015bniej komisja wyborcza w Ludwigshafen nie zatwierdzi\u0142a pos\u0142a do parlamentu Nadrenii-Palatynatu i urz\u0119dnika pa\u0144stwowego w zawodzie nauczyciela jako kandydata AfD w wyborach burmistrza 21 wrze\u015bnia 2025 r. z powodu w\u0105tpliwo\u015bci co do jego lojalno\u015bci wobec konstytucji. Cz\u0142onkowie komisji oparli swoj\u0105 decyzj\u0119 na raportach Urz\u0119du Ochrony Konstytucji, wed\u0142ug kt\u00f3rych Paul mia\u0142 kontakty w kr\u0119gach prawicowych ekstremist\u00f3w. Paul broni\u0142 si\u0119 przed t\u0105 decyzj\u0105, sk\u0142adaj\u0105c wniosek w trybie pilnym, argumentuj\u0105c, \u017ce jego prawo do kandydowania w wyborach zosta\u0142o naruszone, a komisja wyborcza nie musia\u0142a bada\u0107 jego zgodno\u015bci z konstytucj\u0105. Jego wniosek zosta\u0142 odrzucony.<\/p><p>VG Neustadt stwierdzi\u0142, \u017ce decyzje, kt\u00f3re odnosz\u0105 si\u0119 bezpo\u015brednio do procedury wyborczej, mog\u0105 by\u0107 weryfikowane jedynie w p\u00f3\u017aniejszym post\u0119powaniu odwo\u0142awczym. Opiera si\u0119 to na zasadzie, \u017ce subiektywne prawa jednostek musz\u0105 mie\u0107 drugie miejsce przed wi\u0119kszo\u015bci\u0105 wyborc\u00f3w. Tymczasowa ochrona prawna mo\u017ce by\u0107 rozwa\u017cana w okresie poprzedzaj\u0105cym wybory tylko wtedy, gdy podczas podsumowuj\u0105cego badania przed wyborami zostanie ustalone, \u017ce procedura wyborcza jest wadliwa i dlatego zostanie uznana za niewa\u017cn\u0105 w p\u00f3\u017aniejszym post\u0119powaniu odwo\u0142awczym.<\/p><p>\u201eWeryfikacja praw podmiotowych os\u00f3b fizycznych w kolejnych post\u0119powaniach w sprawie zaskar\u017cenia wybor\u00f3w jest wa\u017cna dla zapewnienia praktyczno\u015bci\u201c - m\u00f3wi dr Dominik L\u00fcck z Rechtsanwalt. \u201eW przeciwnym razie du\u017ca liczba wniosk\u00f3w mog\u0142aby wp\u0142yn\u0105\u0107 na wybory bez mo\u017cliwo\u015bci wyja\u015bnienia, czy s\u0105 one rzeczywi\u015bcie uzasadnione\u201c.\u201c<\/p>\t\t\t\t\t\t\t\t<\/div>\n\t\t\t\t<\/div>\n\t\t\t\t<\/div>\n\t\t\t\t<\/div>\n\t\t<div class=\"elementor-element elementor-element-6ccc2db7 e-con-full e-flex e-con e-parent\" data-id=\"6ccc2db7\" data-element_type=\"container\" data-e-type=\"container\" data-settings=\"{&quot;background_background&quot;:&quot;classic&quot;}\">\n\t\t<div class=\"elementor-element elementor-element-2ae8cde e-con-full e-flex e-con e-child\" data-id=\"2ae8cde\" data-element_type=\"container\" data-e-type=\"container\">\n\t\t\t\t<div class=\"elementor-element elementor-element-7f87b121 elementor-widget__width-initial elementor-widget elementor-widget-heading\" data-id=\"7f87b121\" data-element_type=\"widget\" data-e-type=\"widget\" data-widget_type=\"heading.default\">\n\t\t\t\t<div class=\"elementor-widget-container\">\n\t\t\t\t\t<h2 class=\"elementor-heading-title elementor-size-default\"><b>DOMBERT<\/b> Prawnicy <\/h2>\t\t\t\t<\/div>\n\t\t\t\t<\/div>\n\t\t<div class=\"elementor-element elementor-element-6f53a9b1 e-con-full e-flex e-con e-child\" data-id=\"6f53a9b1\" data-element_type=\"container\" data-e-type=\"container\">\n\t\t\t\t<div class=\"elementor-element elementor-element-3a605776 elementor-widget__width-initial elementor-widget-divider--view-line elementor-widget elementor-widget-divider\" data-id=\"3a605776\" data-element_type=\"widget\" data-e-type=\"widget\" data-widget_type=\"divider.default\">\n\t\t\t\t<div class=\"elementor-widget-container\">\n\t\t\t\t\t\t\t<div class=\"elementor-divider\">\n\t\t\t<span class=\"elementor-divider-separator\">\n\t\t\t\t\t\t<\/span>\n\t\t<\/div>\n\t\t\t\t\t\t<\/div>\n\t\t\t\t<\/div>\n\t\t\t\t<div class=\"elementor-element elementor-element-75972d34 elementor-widget__width-auto elementor-widget-tablet_extra__width-initial elementor-widget-tablet__width-initial elementor-widget-mobile_extra__width-initial elementor-widget-mobile__width-initial elementor-widget elementor-widget-heading\" data-id=\"75972d34\" data-element_type=\"widget\" data-e-type=\"widget\" data-widget_type=\"heading.default\">\n\t\t\t\t<div class=\"elementor-widget-container\">\n\t\t\t\t\t<h3 class=\"elementor-heading-title elementor-size-default\">Nasza praca obejmuje wszystkie kwestie prawne i konflikty, w kt\u00f3re zaanga\u017cowane s\u0105 pa\u0144stwo, gminy lub w\u0142adze.<\/h3>\t\t\t\t<\/div>\n\t\t\t\t<\/div>\n\t\t\t\t<\/div>\n\t\t<div class=\"elementor-element elementor-element-1afbd3da e-con-full e-flex e-con e-child\" data-id=\"1afbd3da\" data-element_type=\"container\" data-e-type=\"container\">\n\t\t\t\t<div class=\"elementor-element elementor-element-432e7511 elementor-widget elementor-widget-button\" data-id=\"432e7511\" data-element_type=\"widget\" data-e-type=\"widget\" data-widget_type=\"button.default\">\n\t\t\t\t<div class=\"elementor-widget-container\">\n\t\t\t\t\t\t\t\t\t<div class=\"elementor-button-wrapper\">\n\t\t\t\t\t<a class=\"elementor-button elementor-button-link elementor-size-sm\" href=\"https:\/\/dombert.de\/pl\/kancelaria-prawna\/\">\n\t\t\t\t\t\t<span class=\"elementor-button-content-wrapper\">\n\t\t\t\t\t\t\t\t\t<span class=\"elementor-button-text\">Wi\u0119cej informacji o naszej kancelarii<\/span>\n\t\t\t\t\t<\/span>\n\t\t\t\t\t<\/a>\n\t\t\t\t<\/div>\n\t\t\t\t\t\t\t\t<\/div>\n\t\t\t\t<\/div>\n\t\t\t\t<div class=\"elementor-element elementor-element-4a8977d6 elementor-widget elementor-widget-button\" data-id=\"4a8977d6\" data-element_type=\"widget\" data-e-type=\"widget\" data-widget_type=\"button.default\">\n\t\t\t\t<div class=\"elementor-widget-container\">\n\t\t\t\t\t\t\t\t\t<div class=\"elementor-button-wrapper\">\n\t\t\t\t\t<a class=\"elementor-button elementor-button-link elementor-size-sm\" href=\"https:\/\/dombert.de\/pl\/#kompetenzen\">\n\t\t\t\t\t\t<span class=\"elementor-button-content-wrapper\">\n\t\t\t\t\t\t\t\t\t<span class=\"elementor-button-text\">Wi\u0119cej o naszej wiedzy specjalistycznej<\/span>\n\t\t\t\t\t<\/span>\n\t\t\t\t\t<\/a>\n\t\t\t\t<\/div>\n\t\t\t\t\t\t\t\t<\/div>\n\t\t\t\t<\/div>\n\t\t\t\t<\/div>\n\t\t\t\t<\/div>\n\t\t\t\t<\/div>\n\t\t\t\t<\/div>","protected":false},"excerpt":{"rendered":"<p>| Der AfD-Kandidat Joachim Paul darf nicht bei der Wahl zum Oberb\u00fcrgermeister in Ludwigshafen antreten. Das Verwaltungsgericht (VG) Neustadt a.d. Weinstra\u00dfe hat seinen Eilantrag jetzt als unzul\u00e4ssig abgelehnt (Az.: 3 L 889\/25.NW vom 18.08.2025). Inzwischen hat auch das Oberverwaltungsgericht Rheinland-Pfalz die Beschwerde gegen die Entscheidung des Verwaltungsgerichts zur\u00fcckgewiesen (AZ.: 10 B 11032\/25 vom 25.08.2025). Zuvor [&hellip;]<\/p>\n","protected":false},"author":10,"featured_media":4987,"comment_status":"closed","ping_status":"closed","sticky":false,"template":"","format":"standard","meta":{"_acf_changed":false,"site-sidebar-layout":"default","site-content-layout":"","ast-site-content-layout":"default","site-content-style":"default","site-sidebar-style":"default","ast-global-header-display":"","ast-banner-title-visibility":"","ast-main-header-display":"","ast-hfb-above-header-display":"","ast-hfb-below-header-display":"","ast-hfb-mobile-header-display":"","site-post-title":"","ast-breadcrumbs-content":"","ast-featured-img":"disabled","footer-sml-layout":"","ast-disable-related-posts":"","theme-transparent-header-meta":"","adv-header-id-meta":"","stick-header-meta":"","header-above-stick-meta":"","header-main-stick-meta":"","header-below-stick-meta":"","astra-migrate-meta-layouts":"set","ast-page-background-enabled":"default","ast-page-background-meta":{"desktop":{"background-color":"","background-image":"","background-repeat":"repeat","background-position":"center center","background-size":"auto","background-attachment":"scroll","background-type":"","background-media":"","overlay-type":"","overlay-color":"","overlay-opacity":"","overlay-gradient":""},"tablet":{"background-color":"","background-image":"","background-repeat":"repeat","background-position":"center center","background-size":"auto","background-attachment":"scroll","background-type":"","background-media":"","overlay-type":"","overlay-color":"","overlay-opacity":"","overlay-gradient":""},"mobile":{"background-color":"","background-image":"","background-repeat":"repeat","background-position":"center center","background-size":"auto","background-attachment":"scroll","background-type":"","background-media":"","overlay-type":"","overlay-color":"","overlay-opacity":"","overlay-gradient":""}},"ast-content-background-meta":{"desktop":{"background-color":"var(--ast-global-color-5)","background-image":"","background-repeat":"repeat","background-position":"center center","background-size":"auto","background-attachment":"scroll","background-type":"","background-media":"","overlay-type":"","overlay-color":"","overlay-opacity":"","overlay-gradient":""},"tablet":{"background-color":"var(--ast-global-color-5)","background-image":"","background-repeat":"repeat","background-position":"center center","background-size":"auto","background-attachment":"scroll","background-type":"","background-media":"","overlay-type":"","overlay-color":"","overlay-opacity":"","overlay-gradient":""},"mobile":{"background-color":"var(--ast-global-color-5)","background-image":"","background-repeat":"repeat","background-position":"center center","background-size":"auto","background-attachment":"scroll","background-type":"","background-media":"","overlay-type":"","overlay-color":"","overlay-opacity":"","overlay-gradient":""}},"footnotes":""},"categories":[45],"tags":[],"secondary-autor":[106,91],"class_list":["post-11132","post","type-post","status-publish","format-standard","has-post-thumbnail","hentry","category-meldung","secondary-autor-dr-dominik-lueck","secondary-autor-kristina-gottschalk-ll-m-oec"],"acf":[],"yoast_head":"<!-- This site is optimized with the Yoast SEO plugin v27.4 - https:\/\/yoast.com\/product\/yoast-seo-wordpress\/ -->\n<title>AfD-Kandidat darf nicht zur Oberb\u00fcrgermeister-Wahl antreten - DOMBERT Rechtsanw\u00e4lte<\/title>\n<meta name=\"robots\" content=\"index, follow, max-snippet:-1, max-image-preview:large, max-video-preview:-1\" \/>\n<link rel=\"canonical\" href=\"https:\/\/dombert.de\/pl\/kandydat-afd-nie-moze-startowac-w-wyborach-na-burmistrza\/\" \/>\n<meta property=\"og:locale\" content=\"pl_PL\" \/>\n<meta property=\"og:type\" content=\"article\" \/>\n<meta property=\"og:title\" content=\"AfD-Kandidat darf nicht zur Oberb\u00fcrgermeister-Wahl antreten - DOMBERT Rechtsanw\u00e4lte\" \/>\n<meta property=\"og:description\" content=\"| Der AfD-Kandidat Joachim Paul darf nicht bei der Wahl zum Oberb\u00fcrgermeister in Ludwigshafen antreten. Das Verwaltungsgericht (VG) Neustadt a.d. Weinstra\u00dfe hat seinen Eilantrag jetzt als unzul\u00e4ssig abgelehnt (Az.: 3 L 889\/25.NW vom 18.08.2025). Inzwischen hat auch das Oberverwaltungsgericht Rheinland-Pfalz die Beschwerde gegen die Entscheidung des Verwaltungsgerichts zur\u00fcckgewiesen (AZ.: 10 B 11032\/25 vom 25.08.2025). Zuvor [&hellip;]\" \/>\n<meta property=\"og:url\" content=\"https:\/\/dombert.de\/pl\/kandydat-afd-nie-moze-startowac-w-wyborach-na-burmistrza\/\" \/>\n<meta property=\"og:site_name\" content=\"DOMBERT Rechtsanw\u00e4lte\" \/>\n<meta property=\"article:published_time\" content=\"2025-08-26T09:13:52+00:00\" \/>\n<meta property=\"article:modified_time\" content=\"2025-08-27T13:39:06+00:00\" \/>\n<meta property=\"og:image\" content=\"https:\/\/dombert.de\/wp-content\/uploads\/2025\/02\/kommune-richtlinien-nachweispruefung-veranstaltung-dombert-rechtsanwaelte.jpg\" \/>\n\t<meta property=\"og:image:width\" content=\"650\" \/>\n\t<meta property=\"og:image:height\" content=\"450\" \/>\n\t<meta property=\"og:image:type\" content=\"image\/jpeg\" \/>\n<meta name=\"author\" content=\"Anke Stachow\" \/>\n<meta name=\"twitter:card\" content=\"summary_large_image\" \/>\n<meta name=\"twitter:label1\" content=\"Napisane przez\" \/>\n\t<meta name=\"twitter:data1\" content=\"Anke Stachow\" \/>\n\t<meta name=\"twitter:label2\" content=\"Szacowany czas czytania\" \/>\n\t<meta name=\"twitter:data2\" content=\"2 minuty\" \/>\n<script type=\"application\/ld+json\" class=\"yoast-schema-graph\">{\"@context\":\"https:\\\/\\\/schema.org\",\"@graph\":[{\"@type\":\"Article\",\"@id\":\"https:\\\/\\\/dombert.de\\\/afd-kandidat-darf-nicht-zur-oberbuergermeister-wahl-antreten\\\/#article\",\"isPartOf\":{\"@id\":\"https:\\\/\\\/dombert.de\\\/afd-kandidat-darf-nicht-zur-oberbuergermeister-wahl-antreten\\\/\"},\"author\":{\"name\":\"Anke Stachow\",\"@id\":\"https:\\\/\\\/dombert.de\\\/#\\\/schema\\\/person\\\/b3483fb131d1e3adbc63bcdd285523b3\"},\"headline\":\"AfD-Kandidat darf nicht zur Oberb\u00fcrgermeister-Wahl antreten\",\"datePublished\":\"2025-08-26T09:13:52+00:00\",\"dateModified\":\"2025-08-27T13:39:06+00:00\",\"mainEntityOfPage\":{\"@id\":\"https:\\\/\\\/dombert.de\\\/afd-kandidat-darf-nicht-zur-oberbuergermeister-wahl-antreten\\\/\"},\"wordCount\":318,\"publisher\":{\"@id\":\"https:\\\/\\\/dombert.de\\\/#organization\"},\"image\":{\"@id\":\"https:\\\/\\\/dombert.de\\\/afd-kandidat-darf-nicht-zur-oberbuergermeister-wahl-antreten\\\/#primaryimage\"},\"thumbnailUrl\":\"https:\\\/\\\/dombert.de\\\/wp-content\\\/uploads\\\/2025\\\/02\\\/kommune-richtlinien-nachweispruefung-veranstaltung-dombert-rechtsanwaelte.jpg\",\"articleSection\":[\"Meldung\"],\"inLanguage\":\"pl-PL\"},{\"@type\":\"WebPage\",\"@id\":\"https:\\\/\\\/dombert.de\\\/afd-kandidat-darf-nicht-zur-oberbuergermeister-wahl-antreten\\\/\",\"url\":\"https:\\\/\\\/dombert.de\\\/afd-kandidat-darf-nicht-zur-oberbuergermeister-wahl-antreten\\\/\",\"name\":\"AfD-Kandidat darf nicht zur Oberb\u00fcrgermeister-Wahl antreten - DOMBERT Rechtsanw\u00e4lte\",\"isPartOf\":{\"@id\":\"https:\\\/\\\/dombert.de\\\/#website\"},\"primaryImageOfPage\":{\"@id\":\"https:\\\/\\\/dombert.de\\\/afd-kandidat-darf-nicht-zur-oberbuergermeister-wahl-antreten\\\/#primaryimage\"},\"image\":{\"@id\":\"https:\\\/\\\/dombert.de\\\/afd-kandidat-darf-nicht-zur-oberbuergermeister-wahl-antreten\\\/#primaryimage\"},\"thumbnailUrl\":\"https:\\\/\\\/dombert.de\\\/wp-content\\\/uploads\\\/2025\\\/02\\\/kommune-richtlinien-nachweispruefung-veranstaltung-dombert-rechtsanwaelte.jpg\",\"datePublished\":\"2025-08-26T09:13:52+00:00\",\"dateModified\":\"2025-08-27T13:39:06+00:00\",\"breadcrumb\":{\"@id\":\"https:\\\/\\\/dombert.de\\\/afd-kandidat-darf-nicht-zur-oberbuergermeister-wahl-antreten\\\/#breadcrumb\"},\"inLanguage\":\"pl-PL\",\"potentialAction\":[{\"@type\":\"ReadAction\",\"target\":[\"https:\\\/\\\/dombert.de\\\/afd-kandidat-darf-nicht-zur-oberbuergermeister-wahl-antreten\\\/\"]}]},{\"@type\":\"ImageObject\",\"inLanguage\":\"pl-PL\",\"@id\":\"https:\\\/\\\/dombert.de\\\/afd-kandidat-darf-nicht-zur-oberbuergermeister-wahl-antreten\\\/#primaryimage\",\"url\":\"https:\\\/\\\/dombert.de\\\/wp-content\\\/uploads\\\/2025\\\/02\\\/kommune-richtlinien-nachweispruefung-veranstaltung-dombert-rechtsanwaelte.jpg\",\"contentUrl\":\"https:\\\/\\\/dombert.de\\\/wp-content\\\/uploads\\\/2025\\\/02\\\/kommune-richtlinien-nachweispruefung-veranstaltung-dombert-rechtsanwaelte.jpg\",\"width\":650,\"height\":450},{\"@type\":\"BreadcrumbList\",\"@id\":\"https:\\\/\\\/dombert.de\\\/afd-kandidat-darf-nicht-zur-oberbuergermeister-wahl-antreten\\\/#breadcrumb\",\"itemListElement\":[{\"@type\":\"ListItem\",\"position\":1,\"name\":\"Startseite\",\"item\":\"https:\\\/\\\/dombert.de\\\/\"},{\"@type\":\"ListItem\",\"position\":2,\"name\":\"AfD-Kandidat darf nicht zur Oberb\u00fcrgermeister-Wahl antreten\"}]},{\"@type\":\"WebSite\",\"@id\":\"https:\\\/\\\/dombert.de\\\/#website\",\"url\":\"https:\\\/\\\/dombert.de\\\/\",\"name\":\"DOMBERT Rechtsanw\u00e4lte\",\"description\":\"Wir sind Ihr kompetenter Ansprechpartner f\u00fcr alle Fragen des \u00f6ffentlichen Rechts.\",\"publisher\":{\"@id\":\"https:\\\/\\\/dombert.de\\\/#organization\"},\"potentialAction\":[{\"@type\":\"SearchAction\",\"target\":{\"@type\":\"EntryPoint\",\"urlTemplate\":\"https:\\\/\\\/dombert.de\\\/?s={search_term_string}\"},\"query-input\":{\"@type\":\"PropertyValueSpecification\",\"valueRequired\":true,\"valueName\":\"search_term_string\"}}],\"inLanguage\":\"pl-PL\"},{\"@type\":\"Organization\",\"@id\":\"https:\\\/\\\/dombert.de\\\/#organization\",\"name\":\"DOMBERT Rechtsanw\u00e4lte\",\"url\":\"https:\\\/\\\/dombert.de\\\/\",\"logo\":{\"@type\":\"ImageObject\",\"inLanguage\":\"pl-PL\",\"@id\":\"https:\\\/\\\/dombert.de\\\/#\\\/schema\\\/logo\\\/image\\\/\",\"url\":\"https:\\\/\\\/dombert.de\\\/wp-content\\\/uploads\\\/2025\\\/02\\\/Dombert-Logo_negativ_rgb.png\",\"contentUrl\":\"https:\\\/\\\/dombert.de\\\/wp-content\\\/uploads\\\/2025\\\/02\\\/Dombert-Logo_negativ_rgb.png\",\"width\":459,\"height\":206,\"caption\":\"DOMBERT Rechtsanw\u00e4lte\"},\"image\":{\"@id\":\"https:\\\/\\\/dombert.de\\\/#\\\/schema\\\/logo\\\/image\\\/\"},\"sameAs\":[\"https:\\\/\\\/www.linkedin.com\\\/company\\\/dombert-rechtsanwaelte\\\/posts\\\/?feedView=all\"]},{\"@type\":\"Person\",\"@id\":\"https:\\\/\\\/dombert.de\\\/#\\\/schema\\\/person\\\/b3483fb131d1e3adbc63bcdd285523b3\",\"name\":\"Anke Stachow\",\"image\":{\"@type\":\"ImageObject\",\"inLanguage\":\"pl-PL\",\"@id\":\"https:\\\/\\\/secure.gravatar.com\\\/avatar\\\/17669adf5dee93cde3674a188dd87df2ffceacf49b65dc4663ba97d7d1c23120?s=96&d=mm&r=g\",\"url\":\"https:\\\/\\\/secure.gravatar.com\\\/avatar\\\/17669adf5dee93cde3674a188dd87df2ffceacf49b65dc4663ba97d7d1c23120?s=96&d=mm&r=g\",\"contentUrl\":\"https:\\\/\\\/secure.gravatar.com\\\/avatar\\\/17669adf5dee93cde3674a188dd87df2ffceacf49b65dc4663ba97d7d1c23120?s=96&d=mm&r=g\",\"caption\":\"Anke Stachow\"}}]}<\/script>\n<!-- \/ Yoast SEO plugin. -->","yoast_head_json":{"title":"Kandydat AfD nie mo\u017ce ubiega\u0107 si\u0119 o stanowisko burmistrza - DOMBERT Rechtsanw\u00e4lte","robots":{"index":"index","follow":"follow","max-snippet":"max-snippet:-1","max-image-preview":"max-image-preview:large","max-video-preview":"max-video-preview:-1"},"canonical":"https:\/\/dombert.de\/pl\/kandydat-afd-nie-moze-startowac-w-wyborach-na-burmistrza\/","og_locale":"pl_PL","og_type":"article","og_title":"AfD-Kandidat darf nicht zur Oberb\u00fcrgermeister-Wahl antreten - DOMBERT Rechtsanw\u00e4lte","og_description":"| Der AfD-Kandidat Joachim Paul darf nicht bei der Wahl zum Oberb\u00fcrgermeister in Ludwigshafen antreten. Das Verwaltungsgericht (VG) Neustadt a.d. Weinstra\u00dfe hat seinen Eilantrag jetzt als unzul\u00e4ssig abgelehnt (Az.: 3 L 889\/25.NW vom 18.08.2025). Inzwischen hat auch das Oberverwaltungsgericht Rheinland-Pfalz die Beschwerde gegen die Entscheidung des Verwaltungsgerichts zur\u00fcckgewiesen (AZ.: 10 B 11032\/25 vom 25.08.2025). Zuvor [&hellip;]","og_url":"https:\/\/dombert.de\/pl\/kandydat-afd-nie-moze-startowac-w-wyborach-na-burmistrza\/","og_site_name":"DOMBERT Rechtsanw\u00e4lte","article_published_time":"2025-08-26T09:13:52+00:00","article_modified_time":"2025-08-27T13:39:06+00:00","og_image":[{"width":650,"height":450,"url":"https:\/\/dombert.de\/wp-content\/uploads\/2025\/02\/kommune-richtlinien-nachweispruefung-veranstaltung-dombert-rechtsanwaelte.jpg","type":"image\/jpeg"}],"author":"Anke Stachow","twitter_card":"summary_large_image","twitter_misc":{"Napisane przez":"Anke Stachow","Szacowany czas czytania":"2 minuty"},"schema":{"@context":"https:\/\/schema.org","@graph":[{"@type":"Article","@id":"https:\/\/dombert.de\/afd-kandidat-darf-nicht-zur-oberbuergermeister-wahl-antreten\/#article","isPartOf":{"@id":"https:\/\/dombert.de\/afd-kandidat-darf-nicht-zur-oberbuergermeister-wahl-antreten\/"},"author":{"name":"Anke Stachow","@id":"https:\/\/dombert.de\/#\/schema\/person\/b3483fb131d1e3adbc63bcdd285523b3"},"headline":"AfD-Kandidat darf nicht zur Oberb\u00fcrgermeister-Wahl antreten","datePublished":"2025-08-26T09:13:52+00:00","dateModified":"2025-08-27T13:39:06+00:00","mainEntityOfPage":{"@id":"https:\/\/dombert.de\/afd-kandidat-darf-nicht-zur-oberbuergermeister-wahl-antreten\/"},"wordCount":318,"publisher":{"@id":"https:\/\/dombert.de\/#organization"},"image":{"@id":"https:\/\/dombert.de\/afd-kandidat-darf-nicht-zur-oberbuergermeister-wahl-antreten\/#primaryimage"},"thumbnailUrl":"https:\/\/dombert.de\/wp-content\/uploads\/2025\/02\/kommune-richtlinien-nachweispruefung-veranstaltung-dombert-rechtsanwaelte.jpg","articleSection":["Meldung"],"inLanguage":"pl-PL"},{"@type":"WebPage","@id":"https:\/\/dombert.de\/afd-kandidat-darf-nicht-zur-oberbuergermeister-wahl-antreten\/","url":"https:\/\/dombert.de\/afd-kandidat-darf-nicht-zur-oberbuergermeister-wahl-antreten\/","name":"Kandydat AfD nie mo\u017ce ubiega\u0107 si\u0119 o stanowisko burmistrza - DOMBERT Rechtsanw\u00e4lte","isPartOf":{"@id":"https:\/\/dombert.de\/#website"},"primaryImageOfPage":{"@id":"https:\/\/dombert.de\/afd-kandidat-darf-nicht-zur-oberbuergermeister-wahl-antreten\/#primaryimage"},"image":{"@id":"https:\/\/dombert.de\/afd-kandidat-darf-nicht-zur-oberbuergermeister-wahl-antreten\/#primaryimage"},"thumbnailUrl":"https:\/\/dombert.de\/wp-content\/uploads\/2025\/02\/kommune-richtlinien-nachweispruefung-veranstaltung-dombert-rechtsanwaelte.jpg","datePublished":"2025-08-26T09:13:52+00:00","dateModified":"2025-08-27T13:39:06+00:00","breadcrumb":{"@id":"https:\/\/dombert.de\/afd-kandidat-darf-nicht-zur-oberbuergermeister-wahl-antreten\/#breadcrumb"},"inLanguage":"pl-PL","potentialAction":[{"@type":"ReadAction","target":["https:\/\/dombert.de\/afd-kandidat-darf-nicht-zur-oberbuergermeister-wahl-antreten\/"]}]},{"@type":"ImageObject","inLanguage":"pl-PL","@id":"https:\/\/dombert.de\/afd-kandidat-darf-nicht-zur-oberbuergermeister-wahl-antreten\/#primaryimage","url":"https:\/\/dombert.de\/wp-content\/uploads\/2025\/02\/kommune-richtlinien-nachweispruefung-veranstaltung-dombert-rechtsanwaelte.jpg","contentUrl":"https:\/\/dombert.de\/wp-content\/uploads\/2025\/02\/kommune-richtlinien-nachweispruefung-veranstaltung-dombert-rechtsanwaelte.jpg","width":650,"height":450},{"@type":"BreadcrumbList","@id":"https:\/\/dombert.de\/afd-kandidat-darf-nicht-zur-oberbuergermeister-wahl-antreten\/#breadcrumb","itemListElement":[{"@type":"ListItem","position":1,"name":"Startseite","item":"https:\/\/dombert.de\/"},{"@type":"ListItem","position":2,"name":"AfD-Kandidat darf nicht zur Oberb\u00fcrgermeister-Wahl antreten"}]},{"@type":"WebSite","@id":"https:\/\/dombert.de\/#website","url":"https:\/\/dombert.de\/","name":"DOMBERT Rechtsanw\u00e4lte","description":"Jeste\u015bmy kompetentnym partnerem we wszystkich kwestiach zwi\u0105zanych z prawem publicznym.","publisher":{"@id":"https:\/\/dombert.de\/#organization"},"potentialAction":[{"@type":"SearchAction","target":{"@type":"EntryPoint","urlTemplate":"https:\/\/dombert.de\/?s={search_term_string}"},"query-input":{"@type":"PropertyValueSpecification","valueRequired":true,"valueName":"search_term_string"}}],"inLanguage":"pl-PL"},{"@type":"Organization","@id":"https:\/\/dombert.de\/#organization","name":"DOMBERT Rechtsanw\u00e4lte","url":"https:\/\/dombert.de\/","logo":{"@type":"ImageObject","inLanguage":"pl-PL","@id":"https:\/\/dombert.de\/#\/schema\/logo\/image\/","url":"https:\/\/dombert.de\/wp-content\/uploads\/2025\/02\/Dombert-Logo_negativ_rgb.png","contentUrl":"https:\/\/dombert.de\/wp-content\/uploads\/2025\/02\/Dombert-Logo_negativ_rgb.png","width":459,"height":206,"caption":"DOMBERT Rechtsanw\u00e4lte"},"image":{"@id":"https:\/\/dombert.de\/#\/schema\/logo\/image\/"},"sameAs":["https:\/\/www.linkedin.com\/company\/dombert-rechtsanwaelte\/posts\/?feedView=all"]},{"@type":"Person","@id":"https:\/\/dombert.de\/#\/schema\/person\/b3483fb131d1e3adbc63bcdd285523b3","name":"Anke Stachow","image":{"@type":"ImageObject","inLanguage":"pl-PL","@id":"https:\/\/secure.gravatar.com\/avatar\/17669adf5dee93cde3674a188dd87df2ffceacf49b65dc4663ba97d7d1c23120?s=96&d=mm&r=g","url":"https:\/\/secure.gravatar.com\/avatar\/17669adf5dee93cde3674a188dd87df2ffceacf49b65dc4663ba97d7d1c23120?s=96&d=mm&r=g","contentUrl":"https:\/\/secure.gravatar.com\/avatar\/17669adf5dee93cde3674a188dd87df2ffceacf49b65dc4663ba97d7d1c23120?s=96&d=mm&r=g","caption":"Anke Stachow"}}]}},"publishpress_future_workflow_manual_trigger":{"enabledWorkflows":[]},"_links":{"self":[{"href":"https:\/\/dombert.de\/pl\/wp-json\/wp\/v2\/posts\/11132","targetHints":{"allow":["GET"]}}],"collection":[{"href":"https:\/\/dombert.de\/pl\/wp-json\/wp\/v2\/posts"}],"about":[{"href":"https:\/\/dombert.de\/pl\/wp-json\/wp\/v2\/types\/post"}],"author":[{"embeddable":true,"href":"https:\/\/dombert.de\/pl\/wp-json\/wp\/v2\/users\/10"}],"replies":[{"embeddable":true,"href":"https:\/\/dombert.de\/pl\/wp-json\/wp\/v2\/comments?post=11132"}],"version-history":[{"count":10,"href":"https:\/\/dombert.de\/pl\/wp-json\/wp\/v2\/posts\/11132\/revisions"}],"predecessor-version":[{"id":11191,"href":"https:\/\/dombert.de\/pl\/wp-json\/wp\/v2\/posts\/11132\/revisions\/11191"}],"wp:featuredmedia":[{"embeddable":true,"href":"https:\/\/dombert.de\/pl\/wp-json\/wp\/v2\/media\/4987"}],"wp:attachment":[{"href":"https:\/\/dombert.de\/pl\/wp-json\/wp\/v2\/media?parent=11132"}],"wp:term":[{"taxonomy":"category","embeddable":true,"href":"https:\/\/dombert.de\/pl\/wp-json\/wp\/v2\/categories?post=11132"},{"taxonomy":"post_tag","embeddable":true,"href":"https:\/\/dombert.de\/pl\/wp-json\/wp\/v2\/tags?post=11132"},{"taxonomy":"secondary-autor","embeddable":true,"href":"https:\/\/dombert.de\/pl\/wp-json\/wp\/v2\/secondary-autor?post=11132"}],"curies":[{"name":"wp","href":"https:\/\/api.w.org\/{rel}","templated":true}]}}