{"id":11159,"date":"2025-08-21T16:55:23","date_gmt":"2025-08-21T14:55:23","guid":{"rendered":"https:\/\/dombert.de\/?p=11159"},"modified":"2025-08-21T16:57:41","modified_gmt":"2025-08-21T14:57:41","slug":"schweitzer-nie-naruszyl-wymogu-neutralnosci","status":"publish","type":"post","link":"https:\/\/dombert.de\/pl\/schweitzer-hat-nicht-gegen-neutralitaetsgebot-verstossen\/","title":{"rendered":"Schweitzer nie naruszy\u0142 wymogu neutralno\u015bci"},"content":{"rendered":"<div data-elementor-type=\"wp-post\" data-elementor-id=\"11159\" class=\"elementor elementor-11159\" data-elementor-post-type=\"post\">\n\t\t\t\t<div class=\"elementor-element elementor-element-335fbb01 e-con-full e-flex e-con e-parent\" data-id=\"335fbb01\" data-element_type=\"container\" data-e-type=\"container\" data-settings=\"{&quot;background_background&quot;:&quot;classic&quot;}\">\n\t\t<div class=\"elementor-element elementor-element-430f1d6c e-con-full e-flex e-con e-child\" data-id=\"430f1d6c\" data-element_type=\"container\" data-e-type=\"container\">\n\t\t\t\t<div class=\"elementor-element elementor-element-666beb4 elementor-widget-divider--view-line elementor-widget elementor-widget-divider\" data-id=\"666beb4\" data-element_type=\"widget\" data-e-type=\"widget\" data-widget_type=\"divider.default\">\n\t\t\t\t<div class=\"elementor-widget-container\">\n\t\t\t\t\t\t\t<div class=\"elementor-divider\">\n\t\t\t<span class=\"elementor-divider-separator\">\n\t\t\t\t\t\t<\/span>\n\t\t<\/div>\n\t\t\t\t\t\t<\/div>\n\t\t\t\t<\/div>\n\t\t\t\t<div class=\"elementor-element elementor-element-657784c8 elementor-widget__width-auto elementor-widget-mobile__width-initial elementor-widget elementor-widget-heading\" data-id=\"657784c8\" data-element_type=\"widget\" data-e-type=\"widget\" data-widget_type=\"heading.default\">\n\t\t\t\t<div class=\"elementor-widget-container\">\n\t\t\t\t\t<h2 class=\"elementor-heading-title elementor-size-default\">Schweitzer nie naruszy\u0142 wymogu neutralno\u015bci<\/h2>\t\t\t\t<\/div>\n\t\t\t\t<\/div>\n\t\t<div class=\"elementor-element elementor-element-ec030a e-con-full e-flex e-con e-child\" data-id=\"ec030a\" data-element_type=\"container\" data-e-type=\"container\">\n\t\t\t\t<div class=\"elementor-element elementor-element-22116681 elementor-widget__width-initial elementor-widget-divider--view-line elementor-widget elementor-widget-divider\" data-id=\"22116681\" data-element_type=\"widget\" data-e-type=\"widget\" data-widget_type=\"divider.default\">\n\t\t\t\t<div class=\"elementor-widget-container\">\n\t\t\t\t\t\t\t<div class=\"elementor-divider\">\n\t\t\t<span class=\"elementor-divider-separator\">\n\t\t\t\t\t\t<\/span>\n\t\t<\/div>\n\t\t\t\t\t\t<\/div>\n\t\t\t\t<\/div>\n\t\t\t\t<\/div>\n\t\t<div class=\"elementor-element elementor-element-2f0120ef e-con-full e-flex e-con e-child\" data-id=\"2f0120ef\" data-element_type=\"container\" data-e-type=\"container\">\n\t\t\t\t<div class=\"elementor-element elementor-element-70b51e09 elementor-widget__width-auto elementor-view-default elementor-widget elementor-widget-icon\" data-id=\"70b51e09\" data-element_type=\"widget\" data-e-type=\"widget\" data-widget_type=\"icon.default\">\n\t\t\t\t<div class=\"elementor-widget-container\">\n\t\t\t\t\t\t\t<div class=\"elementor-icon-wrapper\">\n\t\t\t<a class=\"elementor-icon elementor-animation-grow\" href=\"https:\/\/www.linkedin.com\/company\/dombert-rechtsanwaelte\/posts\/?feedView=all\" target=\"_blank\">\n\t\t\t<svg aria-hidden=\"true\" class=\"e-font-icon-svg e-fab-linkedin\" viewbox=\"0 0 448 512\" xmlns=\"http:\/\/www.w3.org\/2000\/svg\"><path d=\"M416 32H31.9C14.3 32 0 46.5 0 64.3v383.4C0 465.5 14.3 480 31.9 480H416c17.6 0 32-14.5 32-32.3V64.3c0-17.8-14.4-32.3-32-32.3zM135.4 416H69V202.2h66.5V416zm-33.2-243c-21.3 0-38.5-17.3-38.5-38.5S80.9 96 102.2 96c21.2 0 38.5 17.3 38.5 38.5 0 21.3-17.2 38.5-38.5 38.5zm282.1 243h-66.4V312c0-24.8-.5-56.7-34.5-56.7-34.6 0-39.9 27-39.9 54.9V416h-66.4V202.2h63.7v29.2h.9c8.9-16.8 30.6-34.5 62.9-34.5 67.2 0 79.7 44.3 79.7 101.9V416z\"><\/path><\/svg>\t\t\t<\/a>\n\t\t<\/div>\n\t\t\t\t\t\t<\/div>\n\t\t\t\t<\/div>\n\t\t\t\t<\/div>\n\t\t\t\t<\/div>\n\t\t\t\t<\/div>\n\t\t<div class=\"elementor-element elementor-element-5cffa7c8 e-con-full e-flex e-con e-parent\" data-id=\"5cffa7c8\" data-element_type=\"container\" data-e-type=\"container\" data-settings=\"{&quot;background_background&quot;:&quot;classic&quot;}\">\n\t\t<div class=\"elementor-element elementor-element-6af0e4fc e-con-full e-flex e-con e-child\" data-id=\"6af0e4fc\" data-element_type=\"container\" data-e-type=\"container\">\n\t\t<div class=\"elementor-element elementor-element-1c5a278 e-con-full e-flex e-con e-child\" data-id=\"1c5a278\" data-element_type=\"container\" data-e-type=\"container\">\n\t\t\t\t<div class=\"elementor-element elementor-element-3ed02bb2 elementor-widget__width-initial elementor-widget-divider--view-line elementor-widget elementor-widget-divider\" data-id=\"3ed02bb2\" data-element_type=\"widget\" data-e-type=\"widget\" data-widget_type=\"divider.default\">\n\t\t\t\t<div class=\"elementor-widget-container\">\n\t\t\t\t\t\t\t<div class=\"elementor-divider\">\n\t\t\t<span class=\"elementor-divider-separator\">\n\t\t\t\t\t\t<\/span>\n\t\t<\/div>\n\t\t\t\t\t\t<\/div>\n\t\t\t\t<\/div>\n\t\t\t\t<div class=\"elementor-element elementor-element-5889700e elementor-widget__width-auto elementor-widget-tablet__width-auto elementor-widget-mobile__width-auto elementor-widget elementor-widget-heading\" data-id=\"5889700e\" data-element_type=\"widget\" data-e-type=\"widget\" data-widget_type=\"heading.default\">\n\t\t\t\t<div class=\"elementor-widget-container\">\n\t\t\t\t\t<h3 class=\"elementor-heading-title elementor-size-default\"><span>Wiadomo\u015b\u0107<\/span><\/h3>\t\t\t\t<\/div>\n\t\t\t\t<\/div>\n\t\t\t\t<div class=\"elementor-element elementor-element-3e5cb3d9 elementor-widget__width-auto elementor-widget-tablet__width-auto elementor-widget-mobile__width-auto elementor-widget elementor-widget-heading\" data-id=\"3e5cb3d9\" data-element_type=\"widget\" data-e-type=\"widget\" data-widget_type=\"heading.default\">\n\t\t\t\t<div class=\"elementor-widget-container\">\n\t\t\t\t\t<h3 class=\"elementor-heading-title elementor-size-default\">|<\/h3>\t\t\t\t<\/div>\n\t\t\t\t<\/div>\n\t\t\t\t<div class=\"elementor-element elementor-element-110ab08b elementor-widget__width-auto elementor-widget-tablet__width-auto elementor-widget-mobile__width-auto elementor-widget elementor-widget-heading\" data-id=\"110ab08b\" data-element_type=\"widget\" data-e-type=\"widget\" data-widget_type=\"heading.default\">\n\t\t\t\t<div class=\"elementor-widget-container\">\n\t\t\t\t\t<h3 class=\"elementor-heading-title elementor-size-default\">21.08.2025<\/h3>\t\t\t\t<\/div>\n\t\t\t\t<\/div>\n\t\t\t\t<\/div>\n\t\t\t\t<div class=\"elementor-element elementor-element-54b127de elementor-widget__width-initial elementor-widget-tablet__width-initial elementor-widget-mobile__width-initial elementor-widget elementor-widget-text-editor\" data-id=\"54b127de\" data-element_type=\"widget\" data-e-type=\"widget\" data-widget_type=\"text-editor.default\">\n\t\t\t\t<div class=\"elementor-widget-container\">\n\t\t\t\t\t\t\t\t\t<p>Trybuna\u0142 Konstytucyjny Nadrenii-Palatynatu odrzuci\u0142 skarg\u0119 CDU Nadrenii-Palatynatu na naruszenie wymogu neutralno\u015bci (sygnatura sprawy: VGH O 20\/25 z 15 sierpnia 2025 r.). Powodem by\u0142o to, \u017ce przewodnicz\u0105cy SPD Alexander Schweitzer zorganizowa\u0142 wydarzenie prasowe z \u201einformacjami na temat nowego rz\u0105du federalnego\u201c, na kt\u00f3re zaprosi\u0142 dw\u00f3ch nowych ministr\u00f3w federalnych SPD z Nadrenii-Palatynatu, ale nie nowego federalnego ministra transportu Patricka Schniedera z CDU, kt\u00f3ry pochodzi z Nadrenii-Palatynatu. Partia uzna\u0142a to za naruszenie zasady demokracji i wymogu neutralno\u015bci i podj\u0119\u0142a kroki prawne - ale bez powodzenia.<\/p><p>\u00a0<\/p><p>Trybuna\u0142 Konstytucyjny orzek\u0142, \u017ce przynale\u017cno\u015b\u0107 partyjna nie by\u0142a g\u0142\u00f3wnym tematem spotkania, a posty w mediach spo\u0142eczno\u015bciowych opublikowane po konferencji prasowej nie dzia\u0142a\u0142y na korzy\u015b\u0107 lub przeciwko partii. Z drugiej strony, spo\u0142ecze\u0144stwo Nadrenii-Palatynatu by\u0142o zainteresowane tym, aby wiedzie\u0107, kt\u00f3rzy politycy z ich kraju zwi\u0105zkowego wejd\u0105 w sk\u0142ad rz\u0105du federalnego. Decyduj\u0105cym czynnikiem nie by\u0142a przynale\u017cno\u015b\u0107 partyjna, ale nominacja na konkretny urz\u0105d og\u0142oszona tego ranka. Nie by\u0142a to kwestia \u201ewp\u0142ywania na szanse w rywalizacji politycznej na korzy\u015b\u0107 lub na niekorzy\u015b\u0107 partii politycznej\u201c, zgodnie z komunikatem prasowym s\u0105du.<\/p><p><em>\u00a0<\/em><\/p><p>\u201eTo, czy urz\u0119dnik publiczny, taki jak premier, narusza wym\u00f3g neutralno\u015bci politycznej, zale\u017cy w du\u017cej mierze od kontekstu i tre\u015bci wydarze\u0144, takich jak wydarzenia prasowe. Je\u015bli nie ma rozpoznawalnego celu partyjno-politycznego, nie ma naruszenia\u201c, m\u00f3wi Tobias Schr\u00f6ter z Rechtsanwalt.<\/p>\t\t\t\t\t\t\t\t<\/div>\n\t\t\t\t<\/div>\n\t\t\t\t<\/div>\n\t\t\t\t<\/div>\n\t\t<div class=\"elementor-element elementor-element-15247768 e-con-full e-flex e-con e-parent\" data-id=\"15247768\" data-element_type=\"container\" data-e-type=\"container\" data-settings=\"{&quot;background_background&quot;:&quot;classic&quot;}\">\n\t\t<div class=\"elementor-element elementor-element-42ae8442 e-con-full e-flex e-con e-child\" data-id=\"42ae8442\" data-element_type=\"container\" data-e-type=\"container\">\n\t\t\t\t<div class=\"elementor-element elementor-element-6a2632a4 elementor-widget__width-initial elementor-widget elementor-widget-heading\" data-id=\"6a2632a4\" data-element_type=\"widget\" data-e-type=\"widget\" data-widget_type=\"heading.default\">\n\t\t\t\t<div class=\"elementor-widget-container\">\n\t\t\t\t\t<h2 class=\"elementor-heading-title elementor-size-default\"><b>DOMBERT<\/b> Prawnicy <\/h2>\t\t\t\t<\/div>\n\t\t\t\t<\/div>\n\t\t<div class=\"elementor-element elementor-element-43724df4 e-con-full e-flex e-con e-child\" data-id=\"43724df4\" data-element_type=\"container\" data-e-type=\"container\">\n\t\t\t\t<div class=\"elementor-element elementor-element-7d058eb4 elementor-widget__width-initial elementor-widget-divider--view-line elementor-widget elementor-widget-divider\" data-id=\"7d058eb4\" data-element_type=\"widget\" data-e-type=\"widget\" data-widget_type=\"divider.default\">\n\t\t\t\t<div class=\"elementor-widget-container\">\n\t\t\t\t\t\t\t<div class=\"elementor-divider\">\n\t\t\t<span class=\"elementor-divider-separator\">\n\t\t\t\t\t\t<\/span>\n\t\t<\/div>\n\t\t\t\t\t\t<\/div>\n\t\t\t\t<\/div>\n\t\t\t\t<div class=\"elementor-element elementor-element-46f2277a elementor-widget__width-auto elementor-widget-tablet_extra__width-initial elementor-widget-tablet__width-initial elementor-widget-mobile_extra__width-initial elementor-widget-mobile__width-initial elementor-widget elementor-widget-heading\" data-id=\"46f2277a\" data-element_type=\"widget\" data-e-type=\"widget\" data-widget_type=\"heading.default\">\n\t\t\t\t<div class=\"elementor-widget-container\">\n\t\t\t\t\t<h3 class=\"elementor-heading-title elementor-size-default\">Nasza praca obejmuje wszystkie kwestie prawne i konflikty, w kt\u00f3re zaanga\u017cowane s\u0105 pa\u0144stwo, gminy lub w\u0142adze.<\/h3>\t\t\t\t<\/div>\n\t\t\t\t<\/div>\n\t\t\t\t<\/div>\n\t\t<div class=\"elementor-element elementor-element-35120257 e-con-full e-flex e-con e-child\" data-id=\"35120257\" data-element_type=\"container\" data-e-type=\"container\">\n\t\t\t\t<div class=\"elementor-element elementor-element-5e60a3c4 elementor-widget elementor-widget-button\" data-id=\"5e60a3c4\" data-element_type=\"widget\" data-e-type=\"widget\" data-widget_type=\"button.default\">\n\t\t\t\t<div class=\"elementor-widget-container\">\n\t\t\t\t\t\t\t\t\t<div class=\"elementor-button-wrapper\">\n\t\t\t\t\t<a class=\"elementor-button elementor-button-link elementor-size-sm\" href=\"https:\/\/dombert.de\/pl\/kancelaria-prawna\/\">\n\t\t\t\t\t\t<span class=\"elementor-button-content-wrapper\">\n\t\t\t\t\t\t\t\t\t<span class=\"elementor-button-text\">Wi\u0119cej informacji o naszej kancelarii<\/span>\n\t\t\t\t\t<\/span>\n\t\t\t\t\t<\/a>\n\t\t\t\t<\/div>\n\t\t\t\t\t\t\t\t<\/div>\n\t\t\t\t<\/div>\n\t\t\t\t<div class=\"elementor-element elementor-element-aba21f5 elementor-widget elementor-widget-button\" data-id=\"aba21f5\" data-element_type=\"widget\" data-e-type=\"widget\" data-widget_type=\"button.default\">\n\t\t\t\t<div class=\"elementor-widget-container\">\n\t\t\t\t\t\t\t\t\t<div class=\"elementor-button-wrapper\">\n\t\t\t\t\t<a class=\"elementor-button elementor-button-link elementor-size-sm\" href=\"https:\/\/dombert.de\/pl\/#kompetenzen\">\n\t\t\t\t\t\t<span class=\"elementor-button-content-wrapper\">\n\t\t\t\t\t\t\t\t\t<span class=\"elementor-button-text\">Wi\u0119cej o naszej wiedzy specjalistycznej<\/span>\n\t\t\t\t\t<\/span>\n\t\t\t\t\t<\/a>\n\t\t\t\t<\/div>\n\t\t\t\t\t\t\t\t<\/div>\n\t\t\t\t<\/div>\n\t\t\t\t<\/div>\n\t\t\t\t<\/div>\n\t\t\t\t<\/div>\n\t\t\t\t<\/div>","protected":false},"excerpt":{"rendered":"<p>| Der Verfassungsgerichtshof des Landes Rheinland-Pfalz hat eine Klage der rheinland-pf\u00e4lzischen CDU wegen Verletzung des Neutralit\u00e4tsgebots zur\u00fcckgewiesen (Az.: VGH O 20\/25 vom 15.08.2025). Anlass war, dass der SPD-Ministerpr\u00e4sident Alexander Schweitzer einen Pressetermin mit \u201eInfos zur neuen Bundesregierung\u201c veranstaltet hatte, zu dem er zwar die zwei neuen Bundesministerinnen der SPD aus Rheinland-Pfalz einlud, nicht aber den [&hellip;]<\/p>\n","protected":false},"author":10,"featured_media":3883,"comment_status":"closed","ping_status":"closed","sticky":false,"template":"","format":"standard","meta":{"_acf_changed":false,"site-sidebar-layout":"default","site-content-layout":"","ast-site-content-layout":"default","site-content-style":"default","site-sidebar-style":"default","ast-global-header-display":"","ast-banner-title-visibility":"","ast-main-header-display":"","ast-hfb-above-header-display":"","ast-hfb-below-header-display":"","ast-hfb-mobile-header-display":"","site-post-title":"","ast-breadcrumbs-content":"","ast-featured-img":"disabled","footer-sml-layout":"","ast-disable-related-posts":"","theme-transparent-header-meta":"","adv-header-id-meta":"","stick-header-meta":"","header-above-stick-meta":"","header-main-stick-meta":"","header-below-stick-meta":"","astra-migrate-meta-layouts":"set","ast-page-background-enabled":"default","ast-page-background-meta":{"desktop":{"background-color":"","background-image":"","background-repeat":"repeat","background-position":"center center","background-size":"auto","background-attachment":"scroll","background-type":"","background-media":"","overlay-type":"","overlay-color":"","overlay-opacity":"","overlay-gradient":""},"tablet":{"background-color":"","background-image":"","background-repeat":"repeat","background-position":"center center","background-size":"auto","background-attachment":"scroll","background-type":"","background-media":"","overlay-type":"","overlay-color":"","overlay-opacity":"","overlay-gradient":""},"mobile":{"background-color":"","background-image":"","background-repeat":"repeat","background-position":"center center","background-size":"auto","background-attachment":"scroll","background-type":"","background-media":"","overlay-type":"","overlay-color":"","overlay-opacity":"","overlay-gradient":""}},"ast-content-background-meta":{"desktop":{"background-color":"var(--ast-global-color-5)","background-image":"","background-repeat":"repeat","background-position":"center center","background-size":"auto","background-attachment":"scroll","background-type":"","background-media":"","overlay-type":"","overlay-color":"","overlay-opacity":"","overlay-gradient":""},"tablet":{"background-color":"var(--ast-global-color-5)","background-image":"","background-repeat":"repeat","background-position":"center center","background-size":"auto","background-attachment":"scroll","background-type":"","background-media":"","overlay-type":"","overlay-color":"","overlay-opacity":"","overlay-gradient":""},"mobile":{"background-color":"var(--ast-global-color-5)","background-image":"","background-repeat":"repeat","background-position":"center center","background-size":"auto","background-attachment":"scroll","background-type":"","background-media":"","overlay-type":"","overlay-color":"","overlay-opacity":"","overlay-gradient":""}},"footnotes":""},"categories":[45],"tags":[],"secondary-autor":[],"class_list":["post-11159","post","type-post","status-publish","format-standard","has-post-thumbnail","hentry","category-meldung"],"acf":[],"yoast_head":"<!-- This site is optimized with the Yoast SEO plugin v27.4 - https:\/\/yoast.com\/product\/yoast-seo-wordpress\/ -->\n<title>Schweitzer hat nicht gegen Neutralit\u00e4tsgebot versto\u00dfen - DOMBERT Rechtsanw\u00e4lte<\/title>\n<meta name=\"robots\" content=\"index, follow, max-snippet:-1, max-image-preview:large, max-video-preview:-1\" \/>\n<link rel=\"canonical\" href=\"https:\/\/dombert.de\/pl\/schweitzer-nie-naruszyl-wymogu-neutralnosci\/\" \/>\n<meta property=\"og:locale\" content=\"pl_PL\" \/>\n<meta property=\"og:type\" content=\"article\" \/>\n<meta property=\"og:title\" content=\"Schweitzer hat nicht gegen Neutralit\u00e4tsgebot versto\u00dfen - DOMBERT Rechtsanw\u00e4lte\" \/>\n<meta property=\"og:description\" content=\"| Der Verfassungsgerichtshof des Landes Rheinland-Pfalz hat eine Klage der rheinland-pf\u00e4lzischen CDU wegen Verletzung des Neutralit\u00e4tsgebots zur\u00fcckgewiesen (Az.: VGH O 20\/25 vom 15.08.2025). Anlass war, dass der SPD-Ministerpr\u00e4sident Alexander Schweitzer einen Pressetermin mit \u201eInfos zur neuen Bundesregierung\u201c veranstaltet hatte, zu dem er zwar die zwei neuen Bundesministerinnen der SPD aus Rheinland-Pfalz einlud, nicht aber den [&hellip;]\" \/>\n<meta property=\"og:url\" content=\"https:\/\/dombert.de\/pl\/schweitzer-nie-naruszyl-wymogu-neutralnosci\/\" \/>\n<meta property=\"og:site_name\" content=\"DOMBERT Rechtsanw\u00e4lte\" \/>\n<meta property=\"article:published_time\" content=\"2025-08-21T14:55:23+00:00\" \/>\n<meta property=\"article:modified_time\" content=\"2025-08-21T14:57:41+00:00\" \/>\n<meta property=\"og:image\" content=\"https:\/\/dombert.de\/wp-content\/uploads\/2025\/02\/buergermeister-hoppegarten-verbot-dombert-rechtsanwaelte.jpg\" \/>\n\t<meta property=\"og:image:width\" content=\"650\" \/>\n\t<meta property=\"og:image:height\" content=\"450\" \/>\n\t<meta property=\"og:image:type\" content=\"image\/jpeg\" \/>\n<meta name=\"author\" content=\"Anke Stachow\" \/>\n<meta name=\"twitter:card\" content=\"summary_large_image\" \/>\n<meta name=\"twitter:label1\" content=\"Napisane przez\" \/>\n\t<meta name=\"twitter:data1\" content=\"Anke Stachow\" \/>\n\t<meta name=\"twitter:label2\" content=\"Szacowany czas czytania\" \/>\n\t<meta name=\"twitter:data2\" content=\"2 minuty\" \/>\n<script type=\"application\/ld+json\" class=\"yoast-schema-graph\">{\"@context\":\"https:\\\/\\\/schema.org\",\"@graph\":[{\"@type\":\"Article\",\"@id\":\"https:\\\/\\\/dombert.de\\\/schweitzer-hat-nicht-gegen-neutralitaetsgebot-verstossen\\\/#article\",\"isPartOf\":{\"@id\":\"https:\\\/\\\/dombert.de\\\/schweitzer-hat-nicht-gegen-neutralitaetsgebot-verstossen\\\/\"},\"author\":{\"name\":\"Anke Stachow\",\"@id\":\"https:\\\/\\\/dombert.de\\\/#\\\/schema\\\/person\\\/b3483fb131d1e3adbc63bcdd285523b3\"},\"headline\":\"Schweitzer hat nicht gegen Neutralit\u00e4tsgebot versto\u00dfen\",\"datePublished\":\"2025-08-21T14:55:23+00:00\",\"dateModified\":\"2025-08-21T14:57:41+00:00\",\"mainEntityOfPage\":{\"@id\":\"https:\\\/\\\/dombert.de\\\/schweitzer-hat-nicht-gegen-neutralitaetsgebot-verstossen\\\/\"},\"wordCount\":267,\"publisher\":{\"@id\":\"https:\\\/\\\/dombert.de\\\/#organization\"},\"image\":{\"@id\":\"https:\\\/\\\/dombert.de\\\/schweitzer-hat-nicht-gegen-neutralitaetsgebot-verstossen\\\/#primaryimage\"},\"thumbnailUrl\":\"https:\\\/\\\/dombert.de\\\/wp-content\\\/uploads\\\/2025\\\/02\\\/buergermeister-hoppegarten-verbot-dombert-rechtsanwaelte.jpg\",\"articleSection\":[\"Meldung\"],\"inLanguage\":\"pl-PL\"},{\"@type\":\"WebPage\",\"@id\":\"https:\\\/\\\/dombert.de\\\/schweitzer-hat-nicht-gegen-neutralitaetsgebot-verstossen\\\/\",\"url\":\"https:\\\/\\\/dombert.de\\\/schweitzer-hat-nicht-gegen-neutralitaetsgebot-verstossen\\\/\",\"name\":\"Schweitzer hat nicht gegen Neutralit\u00e4tsgebot versto\u00dfen - DOMBERT Rechtsanw\u00e4lte\",\"isPartOf\":{\"@id\":\"https:\\\/\\\/dombert.de\\\/#website\"},\"primaryImageOfPage\":{\"@id\":\"https:\\\/\\\/dombert.de\\\/schweitzer-hat-nicht-gegen-neutralitaetsgebot-verstossen\\\/#primaryimage\"},\"image\":{\"@id\":\"https:\\\/\\\/dombert.de\\\/schweitzer-hat-nicht-gegen-neutralitaetsgebot-verstossen\\\/#primaryimage\"},\"thumbnailUrl\":\"https:\\\/\\\/dombert.de\\\/wp-content\\\/uploads\\\/2025\\\/02\\\/buergermeister-hoppegarten-verbot-dombert-rechtsanwaelte.jpg\",\"datePublished\":\"2025-08-21T14:55:23+00:00\",\"dateModified\":\"2025-08-21T14:57:41+00:00\",\"breadcrumb\":{\"@id\":\"https:\\\/\\\/dombert.de\\\/schweitzer-hat-nicht-gegen-neutralitaetsgebot-verstossen\\\/#breadcrumb\"},\"inLanguage\":\"pl-PL\",\"potentialAction\":[{\"@type\":\"ReadAction\",\"target\":[\"https:\\\/\\\/dombert.de\\\/schweitzer-hat-nicht-gegen-neutralitaetsgebot-verstossen\\\/\"]}]},{\"@type\":\"ImageObject\",\"inLanguage\":\"pl-PL\",\"@id\":\"https:\\\/\\\/dombert.de\\\/schweitzer-hat-nicht-gegen-neutralitaetsgebot-verstossen\\\/#primaryimage\",\"url\":\"https:\\\/\\\/dombert.de\\\/wp-content\\\/uploads\\\/2025\\\/02\\\/buergermeister-hoppegarten-verbot-dombert-rechtsanwaelte.jpg\",\"contentUrl\":\"https:\\\/\\\/dombert.de\\\/wp-content\\\/uploads\\\/2025\\\/02\\\/buergermeister-hoppegarten-verbot-dombert-rechtsanwaelte.jpg\",\"width\":650,\"height\":450},{\"@type\":\"BreadcrumbList\",\"@id\":\"https:\\\/\\\/dombert.de\\\/schweitzer-hat-nicht-gegen-neutralitaetsgebot-verstossen\\\/#breadcrumb\",\"itemListElement\":[{\"@type\":\"ListItem\",\"position\":1,\"name\":\"Startseite\",\"item\":\"https:\\\/\\\/dombert.de\\\/\"},{\"@type\":\"ListItem\",\"position\":2,\"name\":\"Schweitzer hat nicht gegen Neutralit\u00e4tsgebot versto\u00dfen\"}]},{\"@type\":\"WebSite\",\"@id\":\"https:\\\/\\\/dombert.de\\\/#website\",\"url\":\"https:\\\/\\\/dombert.de\\\/\",\"name\":\"DOMBERT Rechtsanw\u00e4lte\",\"description\":\"Wir sind Ihr kompetenter Ansprechpartner f\u00fcr alle Fragen des \u00f6ffentlichen Rechts.\",\"publisher\":{\"@id\":\"https:\\\/\\\/dombert.de\\\/#organization\"},\"potentialAction\":[{\"@type\":\"SearchAction\",\"target\":{\"@type\":\"EntryPoint\",\"urlTemplate\":\"https:\\\/\\\/dombert.de\\\/?s={search_term_string}\"},\"query-input\":{\"@type\":\"PropertyValueSpecification\",\"valueRequired\":true,\"valueName\":\"search_term_string\"}}],\"inLanguage\":\"pl-PL\"},{\"@type\":\"Organization\",\"@id\":\"https:\\\/\\\/dombert.de\\\/#organization\",\"name\":\"DOMBERT Rechtsanw\u00e4lte\",\"url\":\"https:\\\/\\\/dombert.de\\\/\",\"logo\":{\"@type\":\"ImageObject\",\"inLanguage\":\"pl-PL\",\"@id\":\"https:\\\/\\\/dombert.de\\\/#\\\/schema\\\/logo\\\/image\\\/\",\"url\":\"https:\\\/\\\/dombert.de\\\/wp-content\\\/uploads\\\/2025\\\/02\\\/Dombert-Logo_negativ_rgb.png\",\"contentUrl\":\"https:\\\/\\\/dombert.de\\\/wp-content\\\/uploads\\\/2025\\\/02\\\/Dombert-Logo_negativ_rgb.png\",\"width\":459,\"height\":206,\"caption\":\"DOMBERT Rechtsanw\u00e4lte\"},\"image\":{\"@id\":\"https:\\\/\\\/dombert.de\\\/#\\\/schema\\\/logo\\\/image\\\/\"},\"sameAs\":[\"https:\\\/\\\/www.linkedin.com\\\/company\\\/dombert-rechtsanwaelte\\\/posts\\\/?feedView=all\"]},{\"@type\":\"Person\",\"@id\":\"https:\\\/\\\/dombert.de\\\/#\\\/schema\\\/person\\\/b3483fb131d1e3adbc63bcdd285523b3\",\"name\":\"Anke Stachow\",\"image\":{\"@type\":\"ImageObject\",\"inLanguage\":\"pl-PL\",\"@id\":\"https:\\\/\\\/secure.gravatar.com\\\/avatar\\\/17669adf5dee93cde3674a188dd87df2ffceacf49b65dc4663ba97d7d1c23120?s=96&d=mm&r=g\",\"url\":\"https:\\\/\\\/secure.gravatar.com\\\/avatar\\\/17669adf5dee93cde3674a188dd87df2ffceacf49b65dc4663ba97d7d1c23120?s=96&d=mm&r=g\",\"contentUrl\":\"https:\\\/\\\/secure.gravatar.com\\\/avatar\\\/17669adf5dee93cde3674a188dd87df2ffceacf49b65dc4663ba97d7d1c23120?s=96&d=mm&r=g\",\"caption\":\"Anke Stachow\"}}]}<\/script>\n<!-- \/ Yoast SEO plugin. -->","yoast_head_json":{"title":"Schweitzer nie naruszy\u0142 zasady neutralno\u015bci - DOMBERT Rechtsanw\u00e4lte","robots":{"index":"index","follow":"follow","max-snippet":"max-snippet:-1","max-image-preview":"max-image-preview:large","max-video-preview":"max-video-preview:-1"},"canonical":"https:\/\/dombert.de\/pl\/schweitzer-nie-naruszyl-wymogu-neutralnosci\/","og_locale":"pl_PL","og_type":"article","og_title":"Schweitzer hat nicht gegen Neutralit\u00e4tsgebot versto\u00dfen - DOMBERT Rechtsanw\u00e4lte","og_description":"| Der Verfassungsgerichtshof des Landes Rheinland-Pfalz hat eine Klage der rheinland-pf\u00e4lzischen CDU wegen Verletzung des Neutralit\u00e4tsgebots zur\u00fcckgewiesen (Az.: VGH O 20\/25 vom 15.08.2025). Anlass war, dass der SPD-Ministerpr\u00e4sident Alexander Schweitzer einen Pressetermin mit \u201eInfos zur neuen Bundesregierung\u201c veranstaltet hatte, zu dem er zwar die zwei neuen Bundesministerinnen der SPD aus Rheinland-Pfalz einlud, nicht aber den [&hellip;]","og_url":"https:\/\/dombert.de\/pl\/schweitzer-nie-naruszyl-wymogu-neutralnosci\/","og_site_name":"DOMBERT Rechtsanw\u00e4lte","article_published_time":"2025-08-21T14:55:23+00:00","article_modified_time":"2025-08-21T14:57:41+00:00","og_image":[{"width":650,"height":450,"url":"https:\/\/dombert.de\/wp-content\/uploads\/2025\/02\/buergermeister-hoppegarten-verbot-dombert-rechtsanwaelte.jpg","type":"image\/jpeg"}],"author":"Anke Stachow","twitter_card":"summary_large_image","twitter_misc":{"Napisane przez":"Anke Stachow","Szacowany czas czytania":"2 minuty"},"schema":{"@context":"https:\/\/schema.org","@graph":[{"@type":"Article","@id":"https:\/\/dombert.de\/schweitzer-hat-nicht-gegen-neutralitaetsgebot-verstossen\/#article","isPartOf":{"@id":"https:\/\/dombert.de\/schweitzer-hat-nicht-gegen-neutralitaetsgebot-verstossen\/"},"author":{"name":"Anke Stachow","@id":"https:\/\/dombert.de\/#\/schema\/person\/b3483fb131d1e3adbc63bcdd285523b3"},"headline":"Schweitzer hat nicht gegen Neutralit\u00e4tsgebot versto\u00dfen","datePublished":"2025-08-21T14:55:23+00:00","dateModified":"2025-08-21T14:57:41+00:00","mainEntityOfPage":{"@id":"https:\/\/dombert.de\/schweitzer-hat-nicht-gegen-neutralitaetsgebot-verstossen\/"},"wordCount":267,"publisher":{"@id":"https:\/\/dombert.de\/#organization"},"image":{"@id":"https:\/\/dombert.de\/schweitzer-hat-nicht-gegen-neutralitaetsgebot-verstossen\/#primaryimage"},"thumbnailUrl":"https:\/\/dombert.de\/wp-content\/uploads\/2025\/02\/buergermeister-hoppegarten-verbot-dombert-rechtsanwaelte.jpg","articleSection":["Meldung"],"inLanguage":"pl-PL"},{"@type":"WebPage","@id":"https:\/\/dombert.de\/schweitzer-hat-nicht-gegen-neutralitaetsgebot-verstossen\/","url":"https:\/\/dombert.de\/schweitzer-hat-nicht-gegen-neutralitaetsgebot-verstossen\/","name":"Schweitzer nie naruszy\u0142 zasady neutralno\u015bci - DOMBERT Rechtsanw\u00e4lte","isPartOf":{"@id":"https:\/\/dombert.de\/#website"},"primaryImageOfPage":{"@id":"https:\/\/dombert.de\/schweitzer-hat-nicht-gegen-neutralitaetsgebot-verstossen\/#primaryimage"},"image":{"@id":"https:\/\/dombert.de\/schweitzer-hat-nicht-gegen-neutralitaetsgebot-verstossen\/#primaryimage"},"thumbnailUrl":"https:\/\/dombert.de\/wp-content\/uploads\/2025\/02\/buergermeister-hoppegarten-verbot-dombert-rechtsanwaelte.jpg","datePublished":"2025-08-21T14:55:23+00:00","dateModified":"2025-08-21T14:57:41+00:00","breadcrumb":{"@id":"https:\/\/dombert.de\/schweitzer-hat-nicht-gegen-neutralitaetsgebot-verstossen\/#breadcrumb"},"inLanguage":"pl-PL","potentialAction":[{"@type":"ReadAction","target":["https:\/\/dombert.de\/schweitzer-hat-nicht-gegen-neutralitaetsgebot-verstossen\/"]}]},{"@type":"ImageObject","inLanguage":"pl-PL","@id":"https:\/\/dombert.de\/schweitzer-hat-nicht-gegen-neutralitaetsgebot-verstossen\/#primaryimage","url":"https:\/\/dombert.de\/wp-content\/uploads\/2025\/02\/buergermeister-hoppegarten-verbot-dombert-rechtsanwaelte.jpg","contentUrl":"https:\/\/dombert.de\/wp-content\/uploads\/2025\/02\/buergermeister-hoppegarten-verbot-dombert-rechtsanwaelte.jpg","width":650,"height":450},{"@type":"BreadcrumbList","@id":"https:\/\/dombert.de\/schweitzer-hat-nicht-gegen-neutralitaetsgebot-verstossen\/#breadcrumb","itemListElement":[{"@type":"ListItem","position":1,"name":"Startseite","item":"https:\/\/dombert.de\/"},{"@type":"ListItem","position":2,"name":"Schweitzer hat nicht gegen Neutralit\u00e4tsgebot versto\u00dfen"}]},{"@type":"WebSite","@id":"https:\/\/dombert.de\/#website","url":"https:\/\/dombert.de\/","name":"DOMBERT Rechtsanw\u00e4lte","description":"Jeste\u015bmy kompetentnym partnerem we wszystkich kwestiach zwi\u0105zanych z prawem publicznym.","publisher":{"@id":"https:\/\/dombert.de\/#organization"},"potentialAction":[{"@type":"SearchAction","target":{"@type":"EntryPoint","urlTemplate":"https:\/\/dombert.de\/?s={search_term_string}"},"query-input":{"@type":"PropertyValueSpecification","valueRequired":true,"valueName":"search_term_string"}}],"inLanguage":"pl-PL"},{"@type":"Organization","@id":"https:\/\/dombert.de\/#organization","name":"DOMBERT Rechtsanw\u00e4lte","url":"https:\/\/dombert.de\/","logo":{"@type":"ImageObject","inLanguage":"pl-PL","@id":"https:\/\/dombert.de\/#\/schema\/logo\/image\/","url":"https:\/\/dombert.de\/wp-content\/uploads\/2025\/02\/Dombert-Logo_negativ_rgb.png","contentUrl":"https:\/\/dombert.de\/wp-content\/uploads\/2025\/02\/Dombert-Logo_negativ_rgb.png","width":459,"height":206,"caption":"DOMBERT Rechtsanw\u00e4lte"},"image":{"@id":"https:\/\/dombert.de\/#\/schema\/logo\/image\/"},"sameAs":["https:\/\/www.linkedin.com\/company\/dombert-rechtsanwaelte\/posts\/?feedView=all"]},{"@type":"Person","@id":"https:\/\/dombert.de\/#\/schema\/person\/b3483fb131d1e3adbc63bcdd285523b3","name":"Anke Stachow","image":{"@type":"ImageObject","inLanguage":"pl-PL","@id":"https:\/\/secure.gravatar.com\/avatar\/17669adf5dee93cde3674a188dd87df2ffceacf49b65dc4663ba97d7d1c23120?s=96&d=mm&r=g","url":"https:\/\/secure.gravatar.com\/avatar\/17669adf5dee93cde3674a188dd87df2ffceacf49b65dc4663ba97d7d1c23120?s=96&d=mm&r=g","contentUrl":"https:\/\/secure.gravatar.com\/avatar\/17669adf5dee93cde3674a188dd87df2ffceacf49b65dc4663ba97d7d1c23120?s=96&d=mm&r=g","caption":"Anke Stachow"}}]}},"publishpress_future_workflow_manual_trigger":{"enabledWorkflows":[]},"_links":{"self":[{"href":"https:\/\/dombert.de\/pl\/wp-json\/wp\/v2\/posts\/11159","targetHints":{"allow":["GET"]}}],"collection":[{"href":"https:\/\/dombert.de\/pl\/wp-json\/wp\/v2\/posts"}],"about":[{"href":"https:\/\/dombert.de\/pl\/wp-json\/wp\/v2\/types\/post"}],"author":[{"embeddable":true,"href":"https:\/\/dombert.de\/pl\/wp-json\/wp\/v2\/users\/10"}],"replies":[{"embeddable":true,"href":"https:\/\/dombert.de\/pl\/wp-json\/wp\/v2\/comments?post=11159"}],"version-history":[{"count":7,"href":"https:\/\/dombert.de\/pl\/wp-json\/wp\/v2\/posts\/11159\/revisions"}],"predecessor-version":[{"id":11166,"href":"https:\/\/dombert.de\/pl\/wp-json\/wp\/v2\/posts\/11159\/revisions\/11166"}],"wp:featuredmedia":[{"embeddable":true,"href":"https:\/\/dombert.de\/pl\/wp-json\/wp\/v2\/media\/3883"}],"wp:attachment":[{"href":"https:\/\/dombert.de\/pl\/wp-json\/wp\/v2\/media?parent=11159"}],"wp:term":[{"taxonomy":"category","embeddable":true,"href":"https:\/\/dombert.de\/pl\/wp-json\/wp\/v2\/categories?post=11159"},{"taxonomy":"post_tag","embeddable":true,"href":"https:\/\/dombert.de\/pl\/wp-json\/wp\/v2\/tags?post=11159"},{"taxonomy":"secondary-autor","embeddable":true,"href":"https:\/\/dombert.de\/pl\/wp-json\/wp\/v2\/secondary-autor?post=11159"}],"curies":[{"name":"wp","href":"https:\/\/api.w.org\/{rel}","templated":true}]}}