{"id":11168,"date":"2025-08-22T10:38:58","date_gmt":"2025-08-22T08:38:58","guid":{"rendered":"https:\/\/dombert.de\/?p=11168"},"modified":"2025-08-22T10:39:45","modified_gmt":"2025-08-22T08:39:45","slug":"ovg-rozpatruje-skarge-kandydata-afd-paula","status":"publish","type":"post","link":"https:\/\/dombert.de\/pl\/ovg-prueft-beschwerde-von-afd-kandidat-paul\/","title":{"rendered":"OVG rozpatruje skarg\u0119 kandydata AfD Paula"},"content":{"rendered":"<div data-elementor-type=\"wp-post\" data-elementor-id=\"11168\" class=\"elementor elementor-11168\" data-elementor-post-type=\"post\">\n\t\t\t\t<div class=\"elementor-element elementor-element-2c192283 e-con-full e-flex e-con e-parent\" data-id=\"2c192283\" data-element_type=\"container\" data-e-type=\"container\" data-settings=\"{&quot;background_background&quot;:&quot;classic&quot;}\">\n\t\t<div class=\"elementor-element elementor-element-6fb01e50 e-con-full e-flex e-con e-child\" data-id=\"6fb01e50\" data-element_type=\"container\" data-e-type=\"container\">\n\t\t\t\t<div class=\"elementor-element elementor-element-7e9018e8 elementor-widget-divider--view-line elementor-widget elementor-widget-divider\" data-id=\"7e9018e8\" data-element_type=\"widget\" data-e-type=\"widget\" data-widget_type=\"divider.default\">\n\t\t\t\t<div class=\"elementor-widget-container\">\n\t\t\t\t\t\t\t<div class=\"elementor-divider\">\n\t\t\t<span class=\"elementor-divider-separator\">\n\t\t\t\t\t\t<\/span>\n\t\t<\/div>\n\t\t\t\t\t\t<\/div>\n\t\t\t\t<\/div>\n\t\t\t\t<div class=\"elementor-element elementor-element-4a5fe309 elementor-widget__width-auto elementor-widget-mobile__width-initial elementor-widget elementor-widget-heading\" data-id=\"4a5fe309\" data-element_type=\"widget\" data-e-type=\"widget\" data-widget_type=\"heading.default\">\n\t\t\t\t<div class=\"elementor-widget-container\">\n\t\t\t\t\t<h2 class=\"elementor-heading-title elementor-size-default\">OVG rozpatruje skarg\u0119 kandydata AfD Paula<\/h2>\t\t\t\t<\/div>\n\t\t\t\t<\/div>\n\t\t<div class=\"elementor-element elementor-element-46fa64ee e-con-full e-flex e-con e-child\" data-id=\"46fa64ee\" data-element_type=\"container\" data-e-type=\"container\">\n\t\t\t\t<div class=\"elementor-element elementor-element-38456a9 elementor-widget__width-initial elementor-widget-divider--view-line elementor-widget elementor-widget-divider\" data-id=\"38456a9\" data-element_type=\"widget\" data-e-type=\"widget\" data-widget_type=\"divider.default\">\n\t\t\t\t<div class=\"elementor-widget-container\">\n\t\t\t\t\t\t\t<div class=\"elementor-divider\">\n\t\t\t<span class=\"elementor-divider-separator\">\n\t\t\t\t\t\t<\/span>\n\t\t<\/div>\n\t\t\t\t\t\t<\/div>\n\t\t\t\t<\/div>\n\t\t\t\t<div class=\"elementor-element elementor-element-67070ba9 elementor-widget__width-auto elementor-widget-tablet__width-initial elementor-widget-tablet_extra__width-initial elementor-widget elementor-widget-heading\" data-id=\"67070ba9\" data-element_type=\"widget\" data-e-type=\"widget\" data-widget_type=\"heading.default\">\n\t\t\t\t<div class=\"elementor-widget-container\">\n\t\t\t\t\t<h3 class=\"elementor-heading-title elementor-size-default\"><span>Dr Dominik L\u00fcck<\/span><\/h3>\t\t\t\t<\/div>\n\t\t\t\t<\/div>\n\t\t\t\t<\/div>\n\t\t<div class=\"elementor-element elementor-element-7d183904 e-con-full e-flex e-con e-child\" data-id=\"7d183904\" data-element_type=\"container\" data-e-type=\"container\">\n\t\t\t\t<div class=\"elementor-element elementor-element-6baadcba elementor-widget__width-auto elementor-view-default elementor-widget elementor-widget-icon\" data-id=\"6baadcba\" data-element_type=\"widget\" data-e-type=\"widget\" data-widget_type=\"icon.default\">\n\t\t\t\t<div class=\"elementor-widget-container\">\n\t\t\t\t\t\t\t<div class=\"elementor-icon-wrapper\">\n\t\t\t<a class=\"elementor-icon elementor-animation-grow\" href=\"https:\/\/www.linkedin.com\/company\/dombert-rechtsanwaelte\/posts\/?feedView=all\" target=\"_blank\">\n\t\t\t<svg aria-hidden=\"true\" class=\"e-font-icon-svg e-fab-linkedin\" viewbox=\"0 0 448 512\" xmlns=\"http:\/\/www.w3.org\/2000\/svg\"><path d=\"M416 32H31.9C14.3 32 0 46.5 0 64.3v383.4C0 465.5 14.3 480 31.9 480H416c17.6 0 32-14.5 32-32.3V64.3c0-17.8-14.4-32.3-32-32.3zM135.4 416H69V202.2h66.5V416zm-33.2-243c-21.3 0-38.5-17.3-38.5-38.5S80.9 96 102.2 96c21.2 0 38.5 17.3 38.5 38.5 0 21.3-17.2 38.5-38.5 38.5zm282.1 243h-66.4V312c0-24.8-.5-56.7-34.5-56.7-34.6 0-39.9 27-39.9 54.9V416h-66.4V202.2h63.7v29.2h.9c8.9-16.8 30.6-34.5 62.9-34.5 67.2 0 79.7 44.3 79.7 101.9V416z\"><\/path><\/svg>\t\t\t<\/a>\n\t\t<\/div>\n\t\t\t\t\t\t<\/div>\n\t\t\t\t<\/div>\n\t\t\t\t<\/div>\n\t\t\t\t<\/div>\n\t\t\t\t<\/div>\n\t\t<div class=\"elementor-element elementor-element-5b41fda4 e-con-full e-flex e-con e-parent\" data-id=\"5b41fda4\" data-element_type=\"container\" data-e-type=\"container\" data-settings=\"{&quot;background_background&quot;:&quot;classic&quot;}\">\n\t\t<div class=\"elementor-element elementor-element-eb6d48c e-con-full e-flex e-con e-child\" data-id=\"eb6d48c\" data-element_type=\"container\" data-e-type=\"container\">\n\t\t<div class=\"elementor-element elementor-element-5f24ad51 e-con-full e-flex e-con e-child\" data-id=\"5f24ad51\" data-element_type=\"container\" data-e-type=\"container\">\n\t\t\t\t<div class=\"elementor-element elementor-element-b921400 elementor-widget__width-initial elementor-widget-divider--view-line elementor-widget elementor-widget-divider\" data-id=\"b921400\" data-element_type=\"widget\" data-e-type=\"widget\" data-widget_type=\"divider.default\">\n\t\t\t\t<div class=\"elementor-widget-container\">\n\t\t\t\t\t\t\t<div class=\"elementor-divider\">\n\t\t\t<span class=\"elementor-divider-separator\">\n\t\t\t\t\t\t<\/span>\n\t\t<\/div>\n\t\t\t\t\t\t<\/div>\n\t\t\t\t<\/div>\n\t\t\t\t<div class=\"elementor-element elementor-element-69ca372e elementor-widget__width-auto elementor-widget-tablet__width-auto elementor-widget-mobile__width-auto elementor-widget elementor-widget-heading\" data-id=\"69ca372e\" data-element_type=\"widget\" data-e-type=\"widget\" data-widget_type=\"heading.default\">\n\t\t\t\t<div class=\"elementor-widget-container\">\n\t\t\t\t\t<h3 class=\"elementor-heading-title elementor-size-default\"><span>Media<\/span><\/h3>\t\t\t\t<\/div>\n\t\t\t\t<\/div>\n\t\t\t\t<div class=\"elementor-element elementor-element-614def02 elementor-widget__width-auto elementor-widget-tablet__width-auto elementor-widget-mobile__width-auto elementor-widget elementor-widget-heading\" data-id=\"614def02\" data-element_type=\"widget\" data-e-type=\"widget\" data-widget_type=\"heading.default\">\n\t\t\t\t<div class=\"elementor-widget-container\">\n\t\t\t\t\t<h3 class=\"elementor-heading-title elementor-size-default\">|<\/h3>\t\t\t\t<\/div>\n\t\t\t\t<\/div>\n\t\t\t\t<div class=\"elementor-element elementor-element-668b80fc elementor-widget__width-auto elementor-widget-tablet__width-auto elementor-widget-mobile__width-auto elementor-widget elementor-widget-heading\" data-id=\"668b80fc\" data-element_type=\"widget\" data-e-type=\"widget\" data-widget_type=\"heading.default\">\n\t\t\t\t<div class=\"elementor-widget-container\">\n\t\t\t\t\t<h3 class=\"elementor-heading-title elementor-size-default\">22.08.2025<\/h3>\t\t\t\t<\/div>\n\t\t\t\t<\/div>\n\t\t\t\t<\/div>\n\t\t\t\t<div class=\"elementor-element elementor-element-6aeace55 elementor-widget__width-initial elementor-widget-tablet__width-initial elementor-widget-mobile__width-initial elementor-widget elementor-widget-text-editor\" data-id=\"6aeace55\" data-element_type=\"widget\" data-e-type=\"widget\" data-widget_type=\"text-editor.default\">\n\t\t\t\t<div class=\"elementor-widget-container\">\n\t\t\t\t\t\t\t\t\t<p>Polityk AfD Joachim Paul nie zosta\u0142 dopuszczony do wybor\u00f3w na burmistrza przez komisj\u0119 wyborcz\u0105 w Ludwigshafen z powodu w\u0105tpliwo\u015bci co do jego lojalno\u015bci wobec konstytucji. Jego pilne wnioski w s\u0105dzie nie przynios\u0142y rezultatu, a jego apelacja jest obecnie rozpatrywana przez Wy\u017cszy S\u0105d Administracyjny w Koblencji. Dr Dominik L\u00fcck z Rechtsanwalt podkre\u015bla, \u017ce skuteczne post\u0119powanie w trybie uproszczonym przed wyborami lokalnymi jest mo\u017cliwe tylko w rzadkich, wyj\u0105tkowych przypadkach, wi\u0119c szanse Paula na sukces s\u0105 prawdopodobnie niewielkie.<\/p><p>\u00a0<\/p><p><a href=\"https:\/\/www.lto.de\/recht\/hintergruende\/h\/paul-oberbuergermeister-wahl-ludwigshafen-afd-kandidat-beschwerde-ovg-eilverfahren-chancen\" target=\"_blank\" rel=\"noopener\"><strong><u>Kliknij tutaj, aby przeczyta\u0107 artyku\u0142<\/u><\/strong><\/a><\/p>\t\t\t\t\t\t\t\t<\/div>\n\t\t\t\t<\/div>\n\t\t\t\t<\/div>\n\t\t\t\t<\/div>\n\t\t<div class=\"elementor-element elementor-element-e4bbc7a e-con-full e-flex e-con e-parent\" data-id=\"e4bbc7a\" data-element_type=\"container\" data-e-type=\"container\" data-settings=\"{&quot;background_background&quot;:&quot;classic&quot;}\">\n\t\t<div class=\"elementor-element elementor-element-39028818 e-con-full e-flex e-con e-child\" data-id=\"39028818\" data-element_type=\"container\" data-e-type=\"container\">\n\t\t\t\t<div class=\"elementor-element elementor-element-485aa3c8 elementor-widget__width-initial elementor-widget elementor-widget-heading\" data-id=\"485aa3c8\" data-element_type=\"widget\" data-e-type=\"widget\" data-widget_type=\"heading.default\">\n\t\t\t\t<div class=\"elementor-widget-container\">\n\t\t\t\t\t<h2 class=\"elementor-heading-title elementor-size-default\"><b>DOMBERT<\/b> Prawnicy <\/h2>\t\t\t\t<\/div>\n\t\t\t\t<\/div>\n\t\t<div class=\"elementor-element elementor-element-3f246a3a e-con-full e-flex e-con e-child\" data-id=\"3f246a3a\" data-element_type=\"container\" data-e-type=\"container\">\n\t\t\t\t<div class=\"elementor-element elementor-element-578385e3 elementor-widget__width-initial elementor-widget-divider--view-line elementor-widget elementor-widget-divider\" data-id=\"578385e3\" data-element_type=\"widget\" data-e-type=\"widget\" data-widget_type=\"divider.default\">\n\t\t\t\t<div class=\"elementor-widget-container\">\n\t\t\t\t\t\t\t<div class=\"elementor-divider\">\n\t\t\t<span class=\"elementor-divider-separator\">\n\t\t\t\t\t\t<\/span>\n\t\t<\/div>\n\t\t\t\t\t\t<\/div>\n\t\t\t\t<\/div>\n\t\t\t\t<div class=\"elementor-element elementor-element-1c25d16c elementor-widget__width-auto elementor-widget-tablet_extra__width-initial elementor-widget-tablet__width-initial elementor-widget-mobile_extra__width-initial elementor-widget-mobile__width-initial elementor-widget elementor-widget-heading\" data-id=\"1c25d16c\" data-element_type=\"widget\" data-e-type=\"widget\" data-widget_type=\"heading.default\">\n\t\t\t\t<div class=\"elementor-widget-container\">\n\t\t\t\t\t<h3 class=\"elementor-heading-title elementor-size-default\">Nasza praca obejmuje wszystkie kwestie prawne i konflikty, w kt\u00f3re zaanga\u017cowane s\u0105 pa\u0144stwo, gminy lub w\u0142adze.<\/h3>\t\t\t\t<\/div>\n\t\t\t\t<\/div>\n\t\t\t\t<\/div>\n\t\t<div class=\"elementor-element elementor-element-20b11957 e-con-full e-flex e-con e-child\" data-id=\"20b11957\" data-element_type=\"container\" data-e-type=\"container\">\n\t\t\t\t<div class=\"elementor-element elementor-element-53cd88f1 elementor-widget elementor-widget-button\" data-id=\"53cd88f1\" data-element_type=\"widget\" data-e-type=\"widget\" data-widget_type=\"button.default\">\n\t\t\t\t<div class=\"elementor-widget-container\">\n\t\t\t\t\t\t\t\t\t<div class=\"elementor-button-wrapper\">\n\t\t\t\t\t<a class=\"elementor-button elementor-button-link elementor-size-sm\" href=\"https:\/\/dombert.de\/pl\/kancelaria-prawna\/\">\n\t\t\t\t\t\t<span class=\"elementor-button-content-wrapper\">\n\t\t\t\t\t\t\t\t\t<span class=\"elementor-button-text\">Wi\u0119cej informacji o naszej kancelarii<\/span>\n\t\t\t\t\t<\/span>\n\t\t\t\t\t<\/a>\n\t\t\t\t<\/div>\n\t\t\t\t\t\t\t\t<\/div>\n\t\t\t\t<\/div>\n\t\t\t\t<div class=\"elementor-element elementor-element-7701c01d elementor-widget elementor-widget-button\" data-id=\"7701c01d\" data-element_type=\"widget\" data-e-type=\"widget\" data-widget_type=\"button.default\">\n\t\t\t\t<div class=\"elementor-widget-container\">\n\t\t\t\t\t\t\t\t\t<div class=\"elementor-button-wrapper\">\n\t\t\t\t\t<a class=\"elementor-button elementor-button-link elementor-size-sm\" href=\"https:\/\/dombert.de\/pl\/#kompetenzen\">\n\t\t\t\t\t\t<span class=\"elementor-button-content-wrapper\">\n\t\t\t\t\t\t\t\t\t<span class=\"elementor-button-text\">Wi\u0119cej o naszej wiedzy specjalistycznej<\/span>\n\t\t\t\t\t<\/span>\n\t\t\t\t\t<\/a>\n\t\t\t\t<\/div>\n\t\t\t\t\t\t\t\t<\/div>\n\t\t\t\t<\/div>\n\t\t\t\t<\/div>\n\t\t\t\t<\/div>\n\t\t\t\t<\/div>\n\t\t\t\t<\/div>","protected":false},"excerpt":{"rendered":"<p>| Der AfD-Politiker Joachim Paul wurde vom Wahlausschuss in Ludwigshafen wegen Zweifeln an seiner Verfassungstreue nicht zur Oberb\u00fcrgermeisterwahl zugelassen. Seine Eilantr\u00e4ge vor Gericht blieben erfolglos, aktuell liegt seine Beschwerde beim OVG Koblenz. Rechtsanwalt Dr. Dominik L\u00fcck betont, dass erfolgreiche Eilverfahren vor Kommunalwahlen nur in seltenen Ausnahmef\u00e4llen m\u00f6glich sind \u2013 daher d\u00fcrfte Pauls Erfolgschance gering bleiben. [&hellip;]<\/p>\n","protected":false},"author":8,"featured_media":6557,"comment_status":"closed","ping_status":"closed","sticky":false,"template":"","format":"standard","meta":{"_acf_changed":false,"site-sidebar-layout":"default","site-content-layout":"","ast-site-content-layout":"default","site-content-style":"default","site-sidebar-style":"default","ast-global-header-display":"","ast-banner-title-visibility":"","ast-main-header-display":"","ast-hfb-above-header-display":"","ast-hfb-below-header-display":"","ast-hfb-mobile-header-display":"","site-post-title":"","ast-breadcrumbs-content":"","ast-featured-img":"disabled","footer-sml-layout":"","ast-disable-related-posts":"","theme-transparent-header-meta":"","adv-header-id-meta":"","stick-header-meta":"","header-above-stick-meta":"","header-main-stick-meta":"","header-below-stick-meta":"","astra-migrate-meta-layouts":"set","ast-page-background-enabled":"default","ast-page-background-meta":{"desktop":{"background-color":"","background-image":"","background-repeat":"repeat","background-position":"center center","background-size":"auto","background-attachment":"scroll","background-type":"","background-media":"","overlay-type":"","overlay-color":"","overlay-opacity":"","overlay-gradient":""},"tablet":{"background-color":"","background-image":"","background-repeat":"repeat","background-position":"center center","background-size":"auto","background-attachment":"scroll","background-type":"","background-media":"","overlay-type":"","overlay-color":"","overlay-opacity":"","overlay-gradient":""},"mobile":{"background-color":"","background-image":"","background-repeat":"repeat","background-position":"center center","background-size":"auto","background-attachment":"scroll","background-type":"","background-media":"","overlay-type":"","overlay-color":"","overlay-opacity":"","overlay-gradient":""}},"ast-content-background-meta":{"desktop":{"background-color":"var(--ast-global-color-5)","background-image":"","background-repeat":"repeat","background-position":"center center","background-size":"auto","background-attachment":"scroll","background-type":"","background-media":"","overlay-type":"","overlay-color":"","overlay-opacity":"","overlay-gradient":""},"tablet":{"background-color":"var(--ast-global-color-5)","background-image":"","background-repeat":"repeat","background-position":"center center","background-size":"auto","background-attachment":"scroll","background-type":"","background-media":"","overlay-type":"","overlay-color":"","overlay-opacity":"","overlay-gradient":""},"mobile":{"background-color":"var(--ast-global-color-5)","background-image":"","background-repeat":"repeat","background-position":"center center","background-size":"auto","background-attachment":"scroll","background-type":"","background-media":"","overlay-type":"","overlay-color":"","overlay-opacity":"","overlay-gradient":""}},"footnotes":""},"categories":[48],"tags":[],"secondary-autor":[106],"class_list":["post-11168","post","type-post","status-publish","format-standard","has-post-thumbnail","hentry","category-media","secondary-autor-dr-dominik-lueck"],"acf":[],"yoast_head":"<!-- This site is optimized with the Yoast SEO plugin v27.4 - https:\/\/yoast.com\/product\/yoast-seo-wordpress\/ -->\n<title>OVG pr\u00fcft Beschwerde von AfD-Kandidat Paul - DOMBERT Rechtsanw\u00e4lte<\/title>\n<meta name=\"robots\" content=\"index, follow, max-snippet:-1, max-image-preview:large, max-video-preview:-1\" \/>\n<link rel=\"canonical\" href=\"https:\/\/dombert.de\/pl\/ovg-rozpatruje-skarge-kandydata-afd-paula\/\" \/>\n<meta property=\"og:locale\" content=\"pl_PL\" \/>\n<meta property=\"og:type\" content=\"article\" \/>\n<meta property=\"og:title\" content=\"OVG pr\u00fcft Beschwerde von AfD-Kandidat Paul - DOMBERT Rechtsanw\u00e4lte\" \/>\n<meta property=\"og:description\" content=\"| Der AfD-Politiker Joachim Paul wurde vom Wahlausschuss in Ludwigshafen wegen Zweifeln an seiner Verfassungstreue nicht zur Oberb\u00fcrgermeisterwahl zugelassen. Seine Eilantr\u00e4ge vor Gericht blieben erfolglos, aktuell liegt seine Beschwerde beim OVG Koblenz. Rechtsanwalt Dr. Dominik L\u00fcck betont, dass erfolgreiche Eilverfahren vor Kommunalwahlen nur in seltenen Ausnahmef\u00e4llen m\u00f6glich sind \u2013 daher d\u00fcrfte Pauls Erfolgschance gering bleiben. [&hellip;]\" \/>\n<meta property=\"og:url\" content=\"https:\/\/dombert.de\/pl\/ovg-rozpatruje-skarge-kandydata-afd-paula\/\" \/>\n<meta property=\"og:site_name\" content=\"DOMBERT Rechtsanw\u00e4lte\" \/>\n<meta property=\"article:published_time\" content=\"2025-08-22T08:38:58+00:00\" \/>\n<meta property=\"article:modified_time\" content=\"2025-08-22T08:39:45+00:00\" \/>\n<meta property=\"og:image\" content=\"https:\/\/dombert.de\/wp-content\/uploads\/2025\/03\/dominik-lueck-referent-fachtagung-bankrecht-dombert.jpg\" \/>\n\t<meta property=\"og:image:width\" content=\"650\" \/>\n\t<meta property=\"og:image:height\" content=\"450\" \/>\n\t<meta property=\"og:image:type\" content=\"image\/jpeg\" \/>\n<meta name=\"author\" content=\"Christin Oldag\" \/>\n<meta name=\"twitter:card\" content=\"summary_large_image\" \/>\n<meta name=\"twitter:label1\" content=\"Napisane przez\" \/>\n\t<meta name=\"twitter:data1\" content=\"Christin Oldag\" \/>\n\t<meta name=\"twitter:label2\" content=\"Szacowany czas czytania\" \/>\n\t<meta name=\"twitter:data2\" content=\"1 minuta\" \/>\n<script type=\"application\/ld+json\" class=\"yoast-schema-graph\">{\"@context\":\"https:\\\/\\\/schema.org\",\"@graph\":[{\"@type\":\"Article\",\"@id\":\"https:\\\/\\\/dombert.de\\\/ovg-prueft-beschwerde-von-afd-kandidat-paul\\\/#article\",\"isPartOf\":{\"@id\":\"https:\\\/\\\/dombert.de\\\/ovg-prueft-beschwerde-von-afd-kandidat-paul\\\/\"},\"author\":{\"name\":\"Christin Oldag\",\"@id\":\"https:\\\/\\\/dombert.de\\\/#\\\/schema\\\/person\\\/40b5ecfa34d030412ecd758386909b2b\"},\"headline\":\"OVG pr\u00fcft Beschwerde von AfD-Kandidat Paul\",\"datePublished\":\"2025-08-22T08:38:58+00:00\",\"dateModified\":\"2025-08-22T08:39:45+00:00\",\"mainEntityOfPage\":{\"@id\":\"https:\\\/\\\/dombert.de\\\/ovg-prueft-beschwerde-von-afd-kandidat-paul\\\/\"},\"wordCount\":100,\"publisher\":{\"@id\":\"https:\\\/\\\/dombert.de\\\/#organization\"},\"image\":{\"@id\":\"https:\\\/\\\/dombert.de\\\/ovg-prueft-beschwerde-von-afd-kandidat-paul\\\/#primaryimage\"},\"thumbnailUrl\":\"https:\\\/\\\/dombert.de\\\/wp-content\\\/uploads\\\/2025\\\/03\\\/dominik-lueck-referent-fachtagung-bankrecht-dombert.jpg\",\"articleSection\":[\"Media\"],\"inLanguage\":\"pl-PL\"},{\"@type\":\"WebPage\",\"@id\":\"https:\\\/\\\/dombert.de\\\/ovg-prueft-beschwerde-von-afd-kandidat-paul\\\/\",\"url\":\"https:\\\/\\\/dombert.de\\\/ovg-prueft-beschwerde-von-afd-kandidat-paul\\\/\",\"name\":\"OVG pr\u00fcft Beschwerde von AfD-Kandidat Paul - DOMBERT Rechtsanw\u00e4lte\",\"isPartOf\":{\"@id\":\"https:\\\/\\\/dombert.de\\\/#website\"},\"primaryImageOfPage\":{\"@id\":\"https:\\\/\\\/dombert.de\\\/ovg-prueft-beschwerde-von-afd-kandidat-paul\\\/#primaryimage\"},\"image\":{\"@id\":\"https:\\\/\\\/dombert.de\\\/ovg-prueft-beschwerde-von-afd-kandidat-paul\\\/#primaryimage\"},\"thumbnailUrl\":\"https:\\\/\\\/dombert.de\\\/wp-content\\\/uploads\\\/2025\\\/03\\\/dominik-lueck-referent-fachtagung-bankrecht-dombert.jpg\",\"datePublished\":\"2025-08-22T08:38:58+00:00\",\"dateModified\":\"2025-08-22T08:39:45+00:00\",\"breadcrumb\":{\"@id\":\"https:\\\/\\\/dombert.de\\\/ovg-prueft-beschwerde-von-afd-kandidat-paul\\\/#breadcrumb\"},\"inLanguage\":\"pl-PL\",\"potentialAction\":[{\"@type\":\"ReadAction\",\"target\":[\"https:\\\/\\\/dombert.de\\\/ovg-prueft-beschwerde-von-afd-kandidat-paul\\\/\"]}]},{\"@type\":\"ImageObject\",\"inLanguage\":\"pl-PL\",\"@id\":\"https:\\\/\\\/dombert.de\\\/ovg-prueft-beschwerde-von-afd-kandidat-paul\\\/#primaryimage\",\"url\":\"https:\\\/\\\/dombert.de\\\/wp-content\\\/uploads\\\/2025\\\/03\\\/dominik-lueck-referent-fachtagung-bankrecht-dombert.jpg\",\"contentUrl\":\"https:\\\/\\\/dombert.de\\\/wp-content\\\/uploads\\\/2025\\\/03\\\/dominik-lueck-referent-fachtagung-bankrecht-dombert.jpg\",\"width\":650,\"height\":450,\"caption\":\"Fachanwalt f\u00fcr Verwaltungsrecht Dominik Lueck in der Kanzlei DOMBERT Rechtsanwaelte\"},{\"@type\":\"BreadcrumbList\",\"@id\":\"https:\\\/\\\/dombert.de\\\/ovg-prueft-beschwerde-von-afd-kandidat-paul\\\/#breadcrumb\",\"itemListElement\":[{\"@type\":\"ListItem\",\"position\":1,\"name\":\"Startseite\",\"item\":\"https:\\\/\\\/dombert.de\\\/\"},{\"@type\":\"ListItem\",\"position\":2,\"name\":\"OVG pr\u00fcft Beschwerde von AfD-Kandidat Paul\"}]},{\"@type\":\"WebSite\",\"@id\":\"https:\\\/\\\/dombert.de\\\/#website\",\"url\":\"https:\\\/\\\/dombert.de\\\/\",\"name\":\"DOMBERT Rechtsanw\u00e4lte\",\"description\":\"Wir sind Ihr kompetenter Ansprechpartner f\u00fcr alle Fragen des \u00f6ffentlichen Rechts.\",\"publisher\":{\"@id\":\"https:\\\/\\\/dombert.de\\\/#organization\"},\"potentialAction\":[{\"@type\":\"SearchAction\",\"target\":{\"@type\":\"EntryPoint\",\"urlTemplate\":\"https:\\\/\\\/dombert.de\\\/?s={search_term_string}\"},\"query-input\":{\"@type\":\"PropertyValueSpecification\",\"valueRequired\":true,\"valueName\":\"search_term_string\"}}],\"inLanguage\":\"pl-PL\"},{\"@type\":\"Organization\",\"@id\":\"https:\\\/\\\/dombert.de\\\/#organization\",\"name\":\"DOMBERT Rechtsanw\u00e4lte\",\"url\":\"https:\\\/\\\/dombert.de\\\/\",\"logo\":{\"@type\":\"ImageObject\",\"inLanguage\":\"pl-PL\",\"@id\":\"https:\\\/\\\/dombert.de\\\/#\\\/schema\\\/logo\\\/image\\\/\",\"url\":\"https:\\\/\\\/dombert.de\\\/wp-content\\\/uploads\\\/2025\\\/02\\\/Dombert-Logo_negativ_rgb.png\",\"contentUrl\":\"https:\\\/\\\/dombert.de\\\/wp-content\\\/uploads\\\/2025\\\/02\\\/Dombert-Logo_negativ_rgb.png\",\"width\":459,\"height\":206,\"caption\":\"DOMBERT Rechtsanw\u00e4lte\"},\"image\":{\"@id\":\"https:\\\/\\\/dombert.de\\\/#\\\/schema\\\/logo\\\/image\\\/\"},\"sameAs\":[\"https:\\\/\\\/www.linkedin.com\\\/company\\\/dombert-rechtsanwaelte\\\/posts\\\/?feedView=all\"]},{\"@type\":\"Person\",\"@id\":\"https:\\\/\\\/dombert.de\\\/#\\\/schema\\\/person\\\/40b5ecfa34d030412ecd758386909b2b\",\"name\":\"Christin Oldag\",\"image\":{\"@type\":\"ImageObject\",\"inLanguage\":\"pl-PL\",\"@id\":\"https:\\\/\\\/secure.gravatar.com\\\/avatar\\\/d440d12d29fc73e1e88a07da22628c8398386ef952cebddba89bcaa0c381cbd5?s=96&d=mm&r=g\",\"url\":\"https:\\\/\\\/secure.gravatar.com\\\/avatar\\\/d440d12d29fc73e1e88a07da22628c8398386ef952cebddba89bcaa0c381cbd5?s=96&d=mm&r=g\",\"contentUrl\":\"https:\\\/\\\/secure.gravatar.com\\\/avatar\\\/d440d12d29fc73e1e88a07da22628c8398386ef952cebddba89bcaa0c381cbd5?s=96&d=mm&r=g\",\"caption\":\"Christin Oldag\"}}]}<\/script>\n<!-- \/ Yoast SEO plugin. -->","yoast_head_json":{"title":"OVG rozpatruje skarg\u0119 kandydata AfD Paula - DOMBERT Rechtsanw\u00e4lte","robots":{"index":"index","follow":"follow","max-snippet":"max-snippet:-1","max-image-preview":"max-image-preview:large","max-video-preview":"max-video-preview:-1"},"canonical":"https:\/\/dombert.de\/pl\/ovg-rozpatruje-skarge-kandydata-afd-paula\/","og_locale":"pl_PL","og_type":"article","og_title":"OVG pr\u00fcft Beschwerde von AfD-Kandidat Paul - DOMBERT Rechtsanw\u00e4lte","og_description":"| Der AfD-Politiker Joachim Paul wurde vom Wahlausschuss in Ludwigshafen wegen Zweifeln an seiner Verfassungstreue nicht zur Oberb\u00fcrgermeisterwahl zugelassen. Seine Eilantr\u00e4ge vor Gericht blieben erfolglos, aktuell liegt seine Beschwerde beim OVG Koblenz. Rechtsanwalt Dr. Dominik L\u00fcck betont, dass erfolgreiche Eilverfahren vor Kommunalwahlen nur in seltenen Ausnahmef\u00e4llen m\u00f6glich sind \u2013 daher d\u00fcrfte Pauls Erfolgschance gering bleiben. [&hellip;]","og_url":"https:\/\/dombert.de\/pl\/ovg-rozpatruje-skarge-kandydata-afd-paula\/","og_site_name":"DOMBERT Rechtsanw\u00e4lte","article_published_time":"2025-08-22T08:38:58+00:00","article_modified_time":"2025-08-22T08:39:45+00:00","og_image":[{"width":650,"height":450,"url":"https:\/\/dombert.de\/wp-content\/uploads\/2025\/03\/dominik-lueck-referent-fachtagung-bankrecht-dombert.jpg","type":"image\/jpeg"}],"author":"Christin Oldag","twitter_card":"summary_large_image","twitter_misc":{"Napisane przez":"Christin Oldag","Szacowany czas czytania":"1 minuta"},"schema":{"@context":"https:\/\/schema.org","@graph":[{"@type":"Article","@id":"https:\/\/dombert.de\/ovg-prueft-beschwerde-von-afd-kandidat-paul\/#article","isPartOf":{"@id":"https:\/\/dombert.de\/ovg-prueft-beschwerde-von-afd-kandidat-paul\/"},"author":{"name":"Christin Oldag","@id":"https:\/\/dombert.de\/#\/schema\/person\/40b5ecfa34d030412ecd758386909b2b"},"headline":"OVG pr\u00fcft Beschwerde von AfD-Kandidat Paul","datePublished":"2025-08-22T08:38:58+00:00","dateModified":"2025-08-22T08:39:45+00:00","mainEntityOfPage":{"@id":"https:\/\/dombert.de\/ovg-prueft-beschwerde-von-afd-kandidat-paul\/"},"wordCount":100,"publisher":{"@id":"https:\/\/dombert.de\/#organization"},"image":{"@id":"https:\/\/dombert.de\/ovg-prueft-beschwerde-von-afd-kandidat-paul\/#primaryimage"},"thumbnailUrl":"https:\/\/dombert.de\/wp-content\/uploads\/2025\/03\/dominik-lueck-referent-fachtagung-bankrecht-dombert.jpg","articleSection":["Media"],"inLanguage":"pl-PL"},{"@type":"WebPage","@id":"https:\/\/dombert.de\/ovg-prueft-beschwerde-von-afd-kandidat-paul\/","url":"https:\/\/dombert.de\/ovg-prueft-beschwerde-von-afd-kandidat-paul\/","name":"OVG rozpatruje skarg\u0119 kandydata AfD Paula - DOMBERT Rechtsanw\u00e4lte","isPartOf":{"@id":"https:\/\/dombert.de\/#website"},"primaryImageOfPage":{"@id":"https:\/\/dombert.de\/ovg-prueft-beschwerde-von-afd-kandidat-paul\/#primaryimage"},"image":{"@id":"https:\/\/dombert.de\/ovg-prueft-beschwerde-von-afd-kandidat-paul\/#primaryimage"},"thumbnailUrl":"https:\/\/dombert.de\/wp-content\/uploads\/2025\/03\/dominik-lueck-referent-fachtagung-bankrecht-dombert.jpg","datePublished":"2025-08-22T08:38:58+00:00","dateModified":"2025-08-22T08:39:45+00:00","breadcrumb":{"@id":"https:\/\/dombert.de\/ovg-prueft-beschwerde-von-afd-kandidat-paul\/#breadcrumb"},"inLanguage":"pl-PL","potentialAction":[{"@type":"ReadAction","target":["https:\/\/dombert.de\/ovg-prueft-beschwerde-von-afd-kandidat-paul\/"]}]},{"@type":"ImageObject","inLanguage":"pl-PL","@id":"https:\/\/dombert.de\/ovg-prueft-beschwerde-von-afd-kandidat-paul\/#primaryimage","url":"https:\/\/dombert.de\/wp-content\/uploads\/2025\/03\/dominik-lueck-referent-fachtagung-bankrecht-dombert.jpg","contentUrl":"https:\/\/dombert.de\/wp-content\/uploads\/2025\/03\/dominik-lueck-referent-fachtagung-bankrecht-dombert.jpg","width":650,"height":450,"caption":"Fachanwalt f\u00fcr Verwaltungsrecht Dominik Lueck in der Kanzlei DOMBERT Rechtsanwaelte"},{"@type":"BreadcrumbList","@id":"https:\/\/dombert.de\/ovg-prueft-beschwerde-von-afd-kandidat-paul\/#breadcrumb","itemListElement":[{"@type":"ListItem","position":1,"name":"Startseite","item":"https:\/\/dombert.de\/"},{"@type":"ListItem","position":2,"name":"OVG pr\u00fcft Beschwerde von AfD-Kandidat Paul"}]},{"@type":"WebSite","@id":"https:\/\/dombert.de\/#website","url":"https:\/\/dombert.de\/","name":"DOMBERT Rechtsanw\u00e4lte","description":"Jeste\u015bmy kompetentnym partnerem we wszystkich kwestiach zwi\u0105zanych z prawem publicznym.","publisher":{"@id":"https:\/\/dombert.de\/#organization"},"potentialAction":[{"@type":"SearchAction","target":{"@type":"EntryPoint","urlTemplate":"https:\/\/dombert.de\/?s={search_term_string}"},"query-input":{"@type":"PropertyValueSpecification","valueRequired":true,"valueName":"search_term_string"}}],"inLanguage":"pl-PL"},{"@type":"Organization","@id":"https:\/\/dombert.de\/#organization","name":"DOMBERT Rechtsanw\u00e4lte","url":"https:\/\/dombert.de\/","logo":{"@type":"ImageObject","inLanguage":"pl-PL","@id":"https:\/\/dombert.de\/#\/schema\/logo\/image\/","url":"https:\/\/dombert.de\/wp-content\/uploads\/2025\/02\/Dombert-Logo_negativ_rgb.png","contentUrl":"https:\/\/dombert.de\/wp-content\/uploads\/2025\/02\/Dombert-Logo_negativ_rgb.png","width":459,"height":206,"caption":"DOMBERT Rechtsanw\u00e4lte"},"image":{"@id":"https:\/\/dombert.de\/#\/schema\/logo\/image\/"},"sameAs":["https:\/\/www.linkedin.com\/company\/dombert-rechtsanwaelte\/posts\/?feedView=all"]},{"@type":"Person","@id":"https:\/\/dombert.de\/#\/schema\/person\/40b5ecfa34d030412ecd758386909b2b","name":"Christin Oldag","image":{"@type":"ImageObject","inLanguage":"pl-PL","@id":"https:\/\/secure.gravatar.com\/avatar\/d440d12d29fc73e1e88a07da22628c8398386ef952cebddba89bcaa0c381cbd5?s=96&d=mm&r=g","url":"https:\/\/secure.gravatar.com\/avatar\/d440d12d29fc73e1e88a07da22628c8398386ef952cebddba89bcaa0c381cbd5?s=96&d=mm&r=g","contentUrl":"https:\/\/secure.gravatar.com\/avatar\/d440d12d29fc73e1e88a07da22628c8398386ef952cebddba89bcaa0c381cbd5?s=96&d=mm&r=g","caption":"Christin Oldag"}}]}},"publishpress_future_workflow_manual_trigger":{"enabledWorkflows":[]},"_links":{"self":[{"href":"https:\/\/dombert.de\/pl\/wp-json\/wp\/v2\/posts\/11168","targetHints":{"allow":["GET"]}}],"collection":[{"href":"https:\/\/dombert.de\/pl\/wp-json\/wp\/v2\/posts"}],"about":[{"href":"https:\/\/dombert.de\/pl\/wp-json\/wp\/v2\/types\/post"}],"author":[{"embeddable":true,"href":"https:\/\/dombert.de\/pl\/wp-json\/wp\/v2\/users\/8"}],"replies":[{"embeddable":true,"href":"https:\/\/dombert.de\/pl\/wp-json\/wp\/v2\/comments?post=11168"}],"version-history":[{"count":5,"href":"https:\/\/dombert.de\/pl\/wp-json\/wp\/v2\/posts\/11168\/revisions"}],"predecessor-version":[{"id":11173,"href":"https:\/\/dombert.de\/pl\/wp-json\/wp\/v2\/posts\/11168\/revisions\/11173"}],"wp:featuredmedia":[{"embeddable":true,"href":"https:\/\/dombert.de\/pl\/wp-json\/wp\/v2\/media\/6557"}],"wp:attachment":[{"href":"https:\/\/dombert.de\/pl\/wp-json\/wp\/v2\/media?parent=11168"}],"wp:term":[{"taxonomy":"category","embeddable":true,"href":"https:\/\/dombert.de\/pl\/wp-json\/wp\/v2\/categories?post=11168"},{"taxonomy":"post_tag","embeddable":true,"href":"https:\/\/dombert.de\/pl\/wp-json\/wp\/v2\/tags?post=11168"},{"taxonomy":"secondary-autor","embeddable":true,"href":"https:\/\/dombert.de\/pl\/wp-json\/wp\/v2\/secondary-autor?post=11168"}],"curies":[{"name":"wp","href":"https:\/\/api.w.org\/{rel}","templated":true}]}}