{"id":11496,"date":"2025-09-18T17:36:31","date_gmt":"2025-09-18T15:36:31","guid":{"rendered":"https:\/\/dombert.de\/?p=11496"},"modified":"2025-09-18T17:37:13","modified_gmt":"2025-09-18T15:37:13","slug":"berlin-chce-wzmocnic-wsparcie-jezykowe-w-osrodkach-opieki-dziennej","status":"publish","type":"post","link":"https:\/\/dombert.de\/pl\/berlin-will-sprachfoerderung-in-kitas-staerken\/","title":{"rendered":"Berlin chce wzmocni\u0107 wsparcie j\u0119zykowe w o\u015brodkach opieki dziennej"},"content":{"rendered":"<div data-elementor-type=\"wp-post\" data-elementor-id=\"11496\" class=\"elementor elementor-11496\" data-elementor-post-type=\"post\">\n\t\t\t\t<div class=\"elementor-element elementor-element-13349b7f e-con-full e-flex e-con e-parent\" data-id=\"13349b7f\" data-element_type=\"container\" data-e-type=\"container\" data-settings=\"{&quot;background_background&quot;:&quot;classic&quot;}\">\n\t\t<div class=\"elementor-element elementor-element-3447f716 e-con-full e-flex e-con e-child\" data-id=\"3447f716\" data-element_type=\"container\" data-e-type=\"container\">\n\t\t\t\t<div class=\"elementor-element elementor-element-37795327 elementor-widget-divider--view-line elementor-widget elementor-widget-divider\" data-id=\"37795327\" data-element_type=\"widget\" data-e-type=\"widget\" data-widget_type=\"divider.default\">\n\t\t\t\t<div class=\"elementor-widget-container\">\n\t\t\t\t\t\t\t<div class=\"elementor-divider\">\n\t\t\t<span class=\"elementor-divider-separator\">\n\t\t\t\t\t\t<\/span>\n\t\t<\/div>\n\t\t\t\t\t\t<\/div>\n\t\t\t\t<\/div>\n\t\t\t\t<div class=\"elementor-element elementor-element-60bb3a4e elementor-widget__width-auto elementor-widget-mobile__width-initial elementor-widget elementor-widget-heading\" data-id=\"60bb3a4e\" data-element_type=\"widget\" data-e-type=\"widget\" data-widget_type=\"heading.default\">\n\t\t\t\t<div class=\"elementor-widget-container\">\n\t\t\t\t\t<h2 class=\"elementor-heading-title elementor-size-default\">Berlin chce wzmocni\u0107 wsparcie j\u0119zykowe w o\u015brodkach opieki dziennej<\/h2>\t\t\t\t<\/div>\n\t\t\t\t<\/div>\n\t\t<div class=\"elementor-element elementor-element-46fda8fc e-con-full e-flex e-con e-child\" data-id=\"46fda8fc\" data-element_type=\"container\" data-e-type=\"container\">\n\t\t\t\t<div class=\"elementor-element elementor-element-48474207 elementor-widget__width-initial elementor-widget-divider--view-line elementor-widget elementor-widget-divider\" data-id=\"48474207\" data-element_type=\"widget\" data-e-type=\"widget\" data-widget_type=\"divider.default\">\n\t\t\t\t<div class=\"elementor-widget-container\">\n\t\t\t\t\t\t\t<div class=\"elementor-divider\">\n\t\t\t<span class=\"elementor-divider-separator\">\n\t\t\t\t\t\t<\/span>\n\t\t<\/div>\n\t\t\t\t\t\t<\/div>\n\t\t\t\t<\/div>\n\t\t\t\t<div class=\"elementor-element elementor-element-797f0371 elementor-widget__width-auto elementor-widget-tablet__width-initial elementor-widget-tablet_extra__width-initial elementor-widget elementor-widget-heading\" data-id=\"797f0371\" data-element_type=\"widget\" data-e-type=\"widget\" data-widget_type=\"heading.default\">\n\t\t\t\t<div class=\"elementor-widget-container\">\n\t\t\t\t\t<h3 class=\"elementor-heading-title elementor-size-default\"><span>Dr Beate Schulte zu Sodingen<\/span><\/h3>\t\t\t\t<\/div>\n\t\t\t\t<\/div>\n\t\t\t\t<\/div>\n\t\t<div class=\"elementor-element elementor-element-5f6ef4ac e-con-full e-flex e-con e-child\" data-id=\"5f6ef4ac\" data-element_type=\"container\" data-e-type=\"container\">\n\t\t\t\t<div class=\"elementor-element elementor-element-6c3d0481 elementor-widget__width-auto elementor-view-default elementor-widget elementor-widget-icon\" data-id=\"6c3d0481\" data-element_type=\"widget\" data-e-type=\"widget\" data-widget_type=\"icon.default\">\n\t\t\t\t<div class=\"elementor-widget-container\">\n\t\t\t\t\t\t\t<div class=\"elementor-icon-wrapper\">\n\t\t\t<a class=\"elementor-icon elementor-animation-grow\" href=\"https:\/\/www.linkedin.com\/company\/dombert-rechtsanwaelte\/posts\/?feedView=all\" target=\"_blank\">\n\t\t\t<svg aria-hidden=\"true\" class=\"e-font-icon-svg e-fab-linkedin\" viewbox=\"0 0 448 512\" xmlns=\"http:\/\/www.w3.org\/2000\/svg\"><path d=\"M416 32H31.9C14.3 32 0 46.5 0 64.3v383.4C0 465.5 14.3 480 31.9 480H416c17.6 0 32-14.5 32-32.3V64.3c0-17.8-14.4-32.3-32-32.3zM135.4 416H69V202.2h66.5V416zm-33.2-243c-21.3 0-38.5-17.3-38.5-38.5S80.9 96 102.2 96c21.2 0 38.5 17.3 38.5 38.5 0 21.3-17.2 38.5-38.5 38.5zm282.1 243h-66.4V312c0-24.8-.5-56.7-34.5-56.7-34.6 0-39.9 27-39.9 54.9V416h-66.4V202.2h63.7v29.2h.9c8.9-16.8 30.6-34.5 62.9-34.5 67.2 0 79.7 44.3 79.7 101.9V416z\"><\/path><\/svg>\t\t\t<\/a>\n\t\t<\/div>\n\t\t\t\t\t\t<\/div>\n\t\t\t\t<\/div>\n\t\t\t\t<\/div>\n\t\t\t\t<\/div>\n\t\t\t\t<\/div>\n\t\t<div class=\"elementor-element elementor-element-11e93d9a e-con-full e-flex e-con e-parent\" data-id=\"11e93d9a\" data-element_type=\"container\" data-e-type=\"container\" data-settings=\"{&quot;background_background&quot;:&quot;classic&quot;}\">\n\t\t<div class=\"elementor-element elementor-element-548f1a69 e-con-full e-flex e-con e-child\" data-id=\"548f1a69\" data-element_type=\"container\" data-e-type=\"container\">\n\t\t<div class=\"elementor-element elementor-element-1fb45548 e-con-full e-flex e-con e-child\" data-id=\"1fb45548\" data-element_type=\"container\" data-e-type=\"container\">\n\t\t\t\t<div class=\"elementor-element elementor-element-7f4caea0 elementor-widget__width-initial elementor-widget-divider--view-line elementor-widget elementor-widget-divider\" data-id=\"7f4caea0\" data-element_type=\"widget\" data-e-type=\"widget\" data-widget_type=\"divider.default\">\n\t\t\t\t<div class=\"elementor-widget-container\">\n\t\t\t\t\t\t\t<div class=\"elementor-divider\">\n\t\t\t<span class=\"elementor-divider-separator\">\n\t\t\t\t\t\t<\/span>\n\t\t<\/div>\n\t\t\t\t\t\t<\/div>\n\t\t\t\t<\/div>\n\t\t\t\t<div class=\"elementor-element elementor-element-57615050 elementor-widget__width-auto elementor-widget-tablet__width-auto elementor-widget-mobile__width-auto elementor-widget elementor-widget-heading\" data-id=\"57615050\" data-element_type=\"widget\" data-e-type=\"widget\" data-widget_type=\"heading.default\">\n\t\t\t\t<div class=\"elementor-widget-container\">\n\t\t\t\t\t<h3 class=\"elementor-heading-title elementor-size-default\"><span>Wiadomo\u015b\u0107<\/span><\/h3>\t\t\t\t<\/div>\n\t\t\t\t<\/div>\n\t\t\t\t<div class=\"elementor-element elementor-element-2a621a0f elementor-widget__width-auto elementor-widget-tablet__width-auto elementor-widget-mobile__width-auto elementor-widget elementor-widget-heading\" data-id=\"2a621a0f\" data-element_type=\"widget\" data-e-type=\"widget\" data-widget_type=\"heading.default\">\n\t\t\t\t<div class=\"elementor-widget-container\">\n\t\t\t\t\t<h3 class=\"elementor-heading-title elementor-size-default\">|<\/h3>\t\t\t\t<\/div>\n\t\t\t\t<\/div>\n\t\t\t\t<div class=\"elementor-element elementor-element-18a43d55 elementor-widget__width-auto elementor-widget-tablet__width-auto elementor-widget-mobile__width-auto elementor-widget elementor-widget-heading\" data-id=\"18a43d55\" data-element_type=\"widget\" data-e-type=\"widget\" data-widget_type=\"heading.default\">\n\t\t\t\t<div class=\"elementor-widget-container\">\n\t\t\t\t\t<h3 class=\"elementor-heading-title elementor-size-default\">18.09.2025<\/h3>\t\t\t\t<\/div>\n\t\t\t\t<\/div>\n\t\t\t\t<\/div>\n\t\t\t\t<div class=\"elementor-element elementor-element-587110fa elementor-widget__width-initial elementor-widget-tablet__width-initial elementor-widget-mobile__width-initial elementor-widget elementor-widget-text-editor\" data-id=\"587110fa\" data-element_type=\"widget\" data-e-type=\"widget\" data-widget_type=\"text-editor.default\">\n\t\t\t\t<div class=\"elementor-widget-container\">\n\t\t\t\t\t\t\t\t\t<p>Senat Berlina chce poprawi\u0107 wczesn\u0105 edukacj\u0119 dzieci i wsparcie j\u0119zykowe. W tym celu 16 wrze\u015bnia 2025 r. przyj\u0105\u0142 projekt nowelizacji ustawy o promocji opieki dziennej nad dzie\u0107mi i innych przepis\u00f3w. Ustawa ma wej\u015b\u0107 w \u017cycie na pocz\u0105tku 2026 roku. W przysz\u0142o\u015bci dla dzieci w wieku od trzech lat b\u0119dzie dost\u0119pny \u201ebon powitalny\u201c na maksymalnie siedem godzin opieki nad dzieckiem dziennie, dzi\u0119ki czemu rodzice b\u0119d\u0105 mogli umie\u015bci\u0107 swoje dziecko w \u017c\u0142obku bez konieczno\u015bci sk\u0142adania wniosku i pokonywania biurokratycznych przeszk\u00f3d. Ponadto, wsparcie j\u0119zykowe b\u0119dzie obowi\u0105zkowe we wszystkich o\u015brodkach opieki dziennej i \u017c\u0142obkach. Je\u015bli rodziny nie wywi\u0105\u017c\u0105 si\u0119 z tego obowi\u0105zku, zostan\u0105 na\u0142o\u017cone sankcje.<\/p><p>\u00a0<\/p><p>Kolejnym kluczowym elementem zmian s\u0105 wska\u017aniki zatrudnienia. W przypadku dzieci poni\u017cej trzeciego roku \u017cycia ma on by\u0107 stopniowo poprawiany, tak aby od sierpnia 2026 r. jeden specjalista opiekowa\u0142 si\u0119 jednym dzieckiem mniej ni\u017c dotychczas. \u201eDodatek partycypacyjny\u201c ma zast\u0105pi\u0107 dodatki kadrowe dla o\u015brodk\u00f3w, kt\u00f3re opiekuj\u0105 si\u0119 du\u017c\u0105 liczb\u0105 dzieci pochodzenia nieniemieckiego i\/lub z niepewnych \u015brodowisk (dodatek hotspot). Plac\u00f3wki maj\u0105 go otrzymywa\u0107, je\u015bli co najmniej 20% dzieci otrzymuje \u015bwiadczenia w ramach pakietu edukacyjnego i partycypacyjnego lub posiada voucher na wsparcie j\u0119zykowe. Krytycy twierdz\u0105, \u017ce znacznie zmniejszy to liczb\u0119 dzieci, kt\u00f3re otrzymaj\u0105 dofinansowanie. Dzieci, kt\u00f3rych rodzice pracuj\u0105 na niskop\u0142atnych stanowiskach lub w mini-zawodach, mia\u0142yby r\u00f3wnie\u017c znacznie mniejsze mo\u017cliwo\u015bci edukacyjne. Jednak o\u015brodki nie otrzymywa\u0142yby ju\u017c \u017cadnych dodatk\u00f3w na dzieci. O\u015brodki opieki dziennej o profilu dwuj\u0119zycznym lub mi\u0119dzynarodowym i wysokim odsetku dzieci pochodzenia nieniemieckiego r\u00f3wnie\u017c nie b\u0119d\u0105 ju\u017c korzysta\u0107 z zasi\u0142k\u00f3w, jak wcze\u015bniej, je\u015bli nie przekrocz\u0105 progu 20%.<\/p><p>\u00a0<\/p><p>\u00a0<\/p><p>\u00a0<\/p>\t\t\t\t\t\t\t\t<\/div>\n\t\t\t\t<\/div>\n\t\t\t\t<\/div>\n\t\t\t\t<\/div>\n\t\t<div class=\"elementor-element elementor-element-16a0bb41 e-con-full e-flex e-con e-parent\" data-id=\"16a0bb41\" data-element_type=\"container\" data-e-type=\"container\" data-settings=\"{&quot;background_background&quot;:&quot;classic&quot;}\">\n\t\t<div class=\"elementor-element elementor-element-1c45c04c e-con-full e-flex e-con e-child\" data-id=\"1c45c04c\" data-element_type=\"container\" data-e-type=\"container\">\n\t\t\t\t<div class=\"elementor-element elementor-element-3e431ef5 elementor-widget__width-initial elementor-widget elementor-widget-heading\" data-id=\"3e431ef5\" data-element_type=\"widget\" data-e-type=\"widget\" data-widget_type=\"heading.default\">\n\t\t\t\t<div class=\"elementor-widget-container\">\n\t\t\t\t\t<h2 class=\"elementor-heading-title elementor-size-default\"><b>DOMBERT<\/b> Prawnicy <\/h2>\t\t\t\t<\/div>\n\t\t\t\t<\/div>\n\t\t<div class=\"elementor-element elementor-element-651a81ed e-con-full e-flex e-con e-child\" data-id=\"651a81ed\" data-element_type=\"container\" data-e-type=\"container\">\n\t\t\t\t<div class=\"elementor-element elementor-element-5a4a3b6d elementor-widget__width-initial elementor-widget-divider--view-line elementor-widget elementor-widget-divider\" data-id=\"5a4a3b6d\" data-element_type=\"widget\" data-e-type=\"widget\" data-widget_type=\"divider.default\">\n\t\t\t\t<div class=\"elementor-widget-container\">\n\t\t\t\t\t\t\t<div class=\"elementor-divider\">\n\t\t\t<span class=\"elementor-divider-separator\">\n\t\t\t\t\t\t<\/span>\n\t\t<\/div>\n\t\t\t\t\t\t<\/div>\n\t\t\t\t<\/div>\n\t\t\t\t<div class=\"elementor-element elementor-element-2c5b3976 elementor-widget__width-auto elementor-widget-tablet_extra__width-initial elementor-widget-tablet__width-initial elementor-widget-mobile_extra__width-initial elementor-widget-mobile__width-initial elementor-widget elementor-widget-heading\" data-id=\"2c5b3976\" data-element_type=\"widget\" data-e-type=\"widget\" data-widget_type=\"heading.default\">\n\t\t\t\t<div class=\"elementor-widget-container\">\n\t\t\t\t\t<h3 class=\"elementor-heading-title elementor-size-default\">Nasza praca obejmuje wszystkie kwestie prawne i konflikty, w kt\u00f3re zaanga\u017cowane s\u0105 pa\u0144stwo, gminy lub w\u0142adze.<\/h3>\t\t\t\t<\/div>\n\t\t\t\t<\/div>\n\t\t\t\t<\/div>\n\t\t<div class=\"elementor-element elementor-element-237b17ba e-con-full e-flex e-con e-child\" data-id=\"237b17ba\" data-element_type=\"container\" data-e-type=\"container\">\n\t\t\t\t<div class=\"elementor-element elementor-element-1172736c elementor-widget elementor-widget-button\" data-id=\"1172736c\" data-element_type=\"widget\" data-e-type=\"widget\" data-widget_type=\"button.default\">\n\t\t\t\t<div class=\"elementor-widget-container\">\n\t\t\t\t\t\t\t\t\t<div class=\"elementor-button-wrapper\">\n\t\t\t\t\t<a class=\"elementor-button elementor-button-link elementor-size-sm\" href=\"https:\/\/dombert.de\/pl\/kancelaria-prawna\/\">\n\t\t\t\t\t\t<span class=\"elementor-button-content-wrapper\">\n\t\t\t\t\t\t\t\t\t<span class=\"elementor-button-text\">Wi\u0119cej informacji o naszej kancelarii<\/span>\n\t\t\t\t\t<\/span>\n\t\t\t\t\t<\/a>\n\t\t\t\t<\/div>\n\t\t\t\t\t\t\t\t<\/div>\n\t\t\t\t<\/div>\n\t\t\t\t<div class=\"elementor-element elementor-element-2026e949 elementor-widget elementor-widget-button\" data-id=\"2026e949\" data-element_type=\"widget\" data-e-type=\"widget\" data-widget_type=\"button.default\">\n\t\t\t\t<div class=\"elementor-widget-container\">\n\t\t\t\t\t\t\t\t\t<div class=\"elementor-button-wrapper\">\n\t\t\t\t\t<a class=\"elementor-button elementor-button-link elementor-size-sm\" href=\"https:\/\/dombert.de\/pl\/#kompetenzen\">\n\t\t\t\t\t\t<span class=\"elementor-button-content-wrapper\">\n\t\t\t\t\t\t\t\t\t<span class=\"elementor-button-text\">Wi\u0119cej o naszej wiedzy specjalistycznej<\/span>\n\t\t\t\t\t<\/span>\n\t\t\t\t\t<\/a>\n\t\t\t\t<\/div>\n\t\t\t\t\t\t\t\t<\/div>\n\t\t\t\t<\/div>\n\t\t\t\t<\/div>\n\t\t\t\t<\/div>\n\t\t\t\t<\/div>\n\t\t\t\t<\/div>","protected":false},"excerpt":{"rendered":"<p>| Der Berliner Senat will die fr\u00fchkindliche Bildung und Sprachf\u00f6rderung verbessern. Dazu hat er am 16.09.2025 den Entwurf zur \u00c4nderung des Kindertagesf\u00f6rderungsgesetzes und weiterer Vorschriften beschlossen. Das Gesetz soll Anfang 2026 in Kraft treten. F\u00fcr Kinder ab dem dritten Lebensjahr soll es k\u00fcnftig einen \u201eWillkommensgutschein\u201c f\u00fcr bis zu sieben Stunden Kinderbetreuung t\u00e4glich geben, damit die [&hellip;]<\/p>\n","protected":false},"author":10,"featured_media":4981,"comment_status":"closed","ping_status":"closed","sticky":false,"template":"","format":"standard","meta":{"_acf_changed":false,"site-sidebar-layout":"default","site-content-layout":"","ast-site-content-layout":"default","site-content-style":"default","site-sidebar-style":"default","ast-global-header-display":"","ast-banner-title-visibility":"","ast-main-header-display":"","ast-hfb-above-header-display":"","ast-hfb-below-header-display":"","ast-hfb-mobile-header-display":"","site-post-title":"","ast-breadcrumbs-content":"","ast-featured-img":"","footer-sml-layout":"","ast-disable-related-posts":"","theme-transparent-header-meta":"","adv-header-id-meta":"","stick-header-meta":"","header-above-stick-meta":"","header-main-stick-meta":"","header-below-stick-meta":"","astra-migrate-meta-layouts":"set","ast-page-background-enabled":"default","ast-page-background-meta":{"desktop":{"background-color":"","background-image":"","background-repeat":"repeat","background-position":"center center","background-size":"auto","background-attachment":"scroll","background-type":"","background-media":"","overlay-type":"","overlay-color":"","overlay-opacity":"","overlay-gradient":""},"tablet":{"background-color":"","background-image":"","background-repeat":"repeat","background-position":"center center","background-size":"auto","background-attachment":"scroll","background-type":"","background-media":"","overlay-type":"","overlay-color":"","overlay-opacity":"","overlay-gradient":""},"mobile":{"background-color":"","background-image":"","background-repeat":"repeat","background-position":"center center","background-size":"auto","background-attachment":"scroll","background-type":"","background-media":"","overlay-type":"","overlay-color":"","overlay-opacity":"","overlay-gradient":""}},"ast-content-background-meta":{"desktop":{"background-color":"var(--ast-global-color-5)","background-image":"","background-repeat":"repeat","background-position":"center center","background-size":"auto","background-attachment":"scroll","background-type":"","background-media":"","overlay-type":"","overlay-color":"","overlay-opacity":"","overlay-gradient":""},"tablet":{"background-color":"var(--ast-global-color-5)","background-image":"","background-repeat":"repeat","background-position":"center center","background-size":"auto","background-attachment":"scroll","background-type":"","background-media":"","overlay-type":"","overlay-color":"","overlay-opacity":"","overlay-gradient":""},"mobile":{"background-color":"var(--ast-global-color-5)","background-image":"","background-repeat":"repeat","background-position":"center center","background-size":"auto","background-attachment":"scroll","background-type":"","background-media":"","overlay-type":"","overlay-color":"","overlay-opacity":"","overlay-gradient":""}},"footnotes":""},"categories":[45],"tags":[],"secondary-autor":[102],"class_list":["post-11496","post","type-post","status-publish","format-standard","has-post-thumbnail","hentry","category-meldung","secondary-autor-dr-beate-schulte-zu-sodingen"],"acf":[],"yoast_head":"<!-- This site is optimized with the Yoast SEO plugin v27.4 - https:\/\/yoast.com\/product\/yoast-seo-wordpress\/ -->\n<title>Berlin will Sprachf\u00f6rderung in Kitas st\u00e4rken - DOMBERT Rechtsanw\u00e4lte<\/title>\n<meta name=\"robots\" content=\"index, follow, max-snippet:-1, max-image-preview:large, max-video-preview:-1\" \/>\n<link rel=\"canonical\" href=\"https:\/\/dombert.de\/pl\/berlin-chce-wzmocnic-wsparcie-jezykowe-w-osrodkach-opieki-dziennej\/\" \/>\n<meta property=\"og:locale\" content=\"pl_PL\" \/>\n<meta property=\"og:type\" content=\"article\" \/>\n<meta property=\"og:title\" content=\"Berlin will Sprachf\u00f6rderung in Kitas st\u00e4rken - DOMBERT Rechtsanw\u00e4lte\" \/>\n<meta property=\"og:description\" content=\"| Der Berliner Senat will die fr\u00fchkindliche Bildung und Sprachf\u00f6rderung verbessern. Dazu hat er am 16.09.2025 den Entwurf zur \u00c4nderung des Kindertagesf\u00f6rderungsgesetzes und weiterer Vorschriften beschlossen. Das Gesetz soll Anfang 2026 in Kraft treten. F\u00fcr Kinder ab dem dritten Lebensjahr soll es k\u00fcnftig einen \u201eWillkommensgutschein\u201c f\u00fcr bis zu sieben Stunden Kinderbetreuung t\u00e4glich geben, damit die [&hellip;]\" \/>\n<meta property=\"og:url\" content=\"https:\/\/dombert.de\/pl\/berlin-chce-wzmocnic-wsparcie-jezykowe-w-osrodkach-opieki-dziennej\/\" \/>\n<meta property=\"og:site_name\" content=\"DOMBERT Rechtsanw\u00e4lte\" \/>\n<meta property=\"article:published_time\" content=\"2025-09-18T15:36:31+00:00\" \/>\n<meta property=\"article:modified_time\" content=\"2025-09-18T15:37:13+00:00\" \/>\n<meta property=\"og:image\" content=\"https:\/\/dombert.de\/wp-content\/uploads\/2025\/02\/kinderbetreuung-rechte-fachkraeftemangel-eltern-dombert-rechtsanwaelte.jpg\" \/>\n\t<meta property=\"og:image:width\" content=\"380\" \/>\n\t<meta property=\"og:image:height\" content=\"265\" \/>\n\t<meta property=\"og:image:type\" content=\"image\/jpeg\" \/>\n<meta name=\"author\" content=\"Anke Stachow\" \/>\n<meta name=\"twitter:card\" content=\"summary_large_image\" \/>\n<meta name=\"twitter:label1\" content=\"Napisane przez\" \/>\n\t<meta name=\"twitter:data1\" content=\"Anke Stachow\" \/>\n\t<meta name=\"twitter:label2\" content=\"Szacowany czas czytania\" \/>\n\t<meta name=\"twitter:data2\" content=\"2 minuty\" \/>\n<script type=\"application\/ld+json\" class=\"yoast-schema-graph\">{\"@context\":\"https:\\\/\\\/schema.org\",\"@graph\":[{\"@type\":\"Article\",\"@id\":\"https:\\\/\\\/dombert.de\\\/berlin-will-sprachfoerderung-in-kitas-staerken\\\/#article\",\"isPartOf\":{\"@id\":\"https:\\\/\\\/dombert.de\\\/berlin-will-sprachfoerderung-in-kitas-staerken\\\/\"},\"author\":{\"name\":\"Anke Stachow\",\"@id\":\"https:\\\/\\\/dombert.de\\\/#\\\/schema\\\/person\\\/b3483fb131d1e3adbc63bcdd285523b3\"},\"headline\":\"Berlin will Sprachf\u00f6rderung in Kitas st\u00e4rken\",\"datePublished\":\"2025-09-18T15:36:31+00:00\",\"dateModified\":\"2025-09-18T15:37:13+00:00\",\"mainEntityOfPage\":{\"@id\":\"https:\\\/\\\/dombert.de\\\/berlin-will-sprachfoerderung-in-kitas-staerken\\\/\"},\"wordCount\":298,\"publisher\":{\"@id\":\"https:\\\/\\\/dombert.de\\\/#organization\"},\"image\":{\"@id\":\"https:\\\/\\\/dombert.de\\\/berlin-will-sprachfoerderung-in-kitas-staerken\\\/#primaryimage\"},\"thumbnailUrl\":\"https:\\\/\\\/dombert.de\\\/wp-content\\\/uploads\\\/2025\\\/02\\\/kinderbetreuung-rechte-fachkraeftemangel-eltern-dombert-rechtsanwaelte.jpg\",\"articleSection\":[\"Meldung\"],\"inLanguage\":\"pl-PL\"},{\"@type\":\"WebPage\",\"@id\":\"https:\\\/\\\/dombert.de\\\/berlin-will-sprachfoerderung-in-kitas-staerken\\\/\",\"url\":\"https:\\\/\\\/dombert.de\\\/berlin-will-sprachfoerderung-in-kitas-staerken\\\/\",\"name\":\"Berlin will Sprachf\u00f6rderung in Kitas st\u00e4rken - DOMBERT Rechtsanw\u00e4lte\",\"isPartOf\":{\"@id\":\"https:\\\/\\\/dombert.de\\\/#website\"},\"primaryImageOfPage\":{\"@id\":\"https:\\\/\\\/dombert.de\\\/berlin-will-sprachfoerderung-in-kitas-staerken\\\/#primaryimage\"},\"image\":{\"@id\":\"https:\\\/\\\/dombert.de\\\/berlin-will-sprachfoerderung-in-kitas-staerken\\\/#primaryimage\"},\"thumbnailUrl\":\"https:\\\/\\\/dombert.de\\\/wp-content\\\/uploads\\\/2025\\\/02\\\/kinderbetreuung-rechte-fachkraeftemangel-eltern-dombert-rechtsanwaelte.jpg\",\"datePublished\":\"2025-09-18T15:36:31+00:00\",\"dateModified\":\"2025-09-18T15:37:13+00:00\",\"breadcrumb\":{\"@id\":\"https:\\\/\\\/dombert.de\\\/berlin-will-sprachfoerderung-in-kitas-staerken\\\/#breadcrumb\"},\"inLanguage\":\"pl-PL\",\"potentialAction\":[{\"@type\":\"ReadAction\",\"target\":[\"https:\\\/\\\/dombert.de\\\/berlin-will-sprachfoerderung-in-kitas-staerken\\\/\"]}]},{\"@type\":\"ImageObject\",\"inLanguage\":\"pl-PL\",\"@id\":\"https:\\\/\\\/dombert.de\\\/berlin-will-sprachfoerderung-in-kitas-staerken\\\/#primaryimage\",\"url\":\"https:\\\/\\\/dombert.de\\\/wp-content\\\/uploads\\\/2025\\\/02\\\/kinderbetreuung-rechte-fachkraeftemangel-eltern-dombert-rechtsanwaelte.jpg\",\"contentUrl\":\"https:\\\/\\\/dombert.de\\\/wp-content\\\/uploads\\\/2025\\\/02\\\/kinderbetreuung-rechte-fachkraeftemangel-eltern-dombert-rechtsanwaelte.jpg\",\"width\":380,\"height\":265},{\"@type\":\"BreadcrumbList\",\"@id\":\"https:\\\/\\\/dombert.de\\\/berlin-will-sprachfoerderung-in-kitas-staerken\\\/#breadcrumb\",\"itemListElement\":[{\"@type\":\"ListItem\",\"position\":1,\"name\":\"Startseite\",\"item\":\"https:\\\/\\\/dombert.de\\\/\"},{\"@type\":\"ListItem\",\"position\":2,\"name\":\"Berlin will Sprachf\u00f6rderung in Kitas st\u00e4rken\"}]},{\"@type\":\"WebSite\",\"@id\":\"https:\\\/\\\/dombert.de\\\/#website\",\"url\":\"https:\\\/\\\/dombert.de\\\/\",\"name\":\"DOMBERT Rechtsanw\u00e4lte\",\"description\":\"Wir sind Ihr kompetenter Ansprechpartner f\u00fcr alle Fragen des \u00f6ffentlichen Rechts.\",\"publisher\":{\"@id\":\"https:\\\/\\\/dombert.de\\\/#organization\"},\"potentialAction\":[{\"@type\":\"SearchAction\",\"target\":{\"@type\":\"EntryPoint\",\"urlTemplate\":\"https:\\\/\\\/dombert.de\\\/?s={search_term_string}\"},\"query-input\":{\"@type\":\"PropertyValueSpecification\",\"valueRequired\":true,\"valueName\":\"search_term_string\"}}],\"inLanguage\":\"pl-PL\"},{\"@type\":\"Organization\",\"@id\":\"https:\\\/\\\/dombert.de\\\/#organization\",\"name\":\"DOMBERT Rechtsanw\u00e4lte\",\"url\":\"https:\\\/\\\/dombert.de\\\/\",\"logo\":{\"@type\":\"ImageObject\",\"inLanguage\":\"pl-PL\",\"@id\":\"https:\\\/\\\/dombert.de\\\/#\\\/schema\\\/logo\\\/image\\\/\",\"url\":\"https:\\\/\\\/dombert.de\\\/wp-content\\\/uploads\\\/2025\\\/02\\\/Dombert-Logo_negativ_rgb.png\",\"contentUrl\":\"https:\\\/\\\/dombert.de\\\/wp-content\\\/uploads\\\/2025\\\/02\\\/Dombert-Logo_negativ_rgb.png\",\"width\":459,\"height\":206,\"caption\":\"DOMBERT Rechtsanw\u00e4lte\"},\"image\":{\"@id\":\"https:\\\/\\\/dombert.de\\\/#\\\/schema\\\/logo\\\/image\\\/\"},\"sameAs\":[\"https:\\\/\\\/www.linkedin.com\\\/company\\\/dombert-rechtsanwaelte\\\/posts\\\/?feedView=all\"]},{\"@type\":\"Person\",\"@id\":\"https:\\\/\\\/dombert.de\\\/#\\\/schema\\\/person\\\/b3483fb131d1e3adbc63bcdd285523b3\",\"name\":\"Anke Stachow\",\"image\":{\"@type\":\"ImageObject\",\"inLanguage\":\"pl-PL\",\"@id\":\"https:\\\/\\\/secure.gravatar.com\\\/avatar\\\/17669adf5dee93cde3674a188dd87df2ffceacf49b65dc4663ba97d7d1c23120?s=96&d=mm&r=g\",\"url\":\"https:\\\/\\\/secure.gravatar.com\\\/avatar\\\/17669adf5dee93cde3674a188dd87df2ffceacf49b65dc4663ba97d7d1c23120?s=96&d=mm&r=g\",\"contentUrl\":\"https:\\\/\\\/secure.gravatar.com\\\/avatar\\\/17669adf5dee93cde3674a188dd87df2ffceacf49b65dc4663ba97d7d1c23120?s=96&d=mm&r=g\",\"caption\":\"Anke Stachow\"}}]}<\/script>\n<!-- \/ Yoast SEO plugin. -->","yoast_head_json":{"title":"Berlin chce wzmocni\u0107 wsparcie j\u0119zykowe w o\u015brodkach opieki dziennej - DOMBERT Rechtsanw\u00e4lte","robots":{"index":"index","follow":"follow","max-snippet":"max-snippet:-1","max-image-preview":"max-image-preview:large","max-video-preview":"max-video-preview:-1"},"canonical":"https:\/\/dombert.de\/pl\/berlin-chce-wzmocnic-wsparcie-jezykowe-w-osrodkach-opieki-dziennej\/","og_locale":"pl_PL","og_type":"article","og_title":"Berlin will Sprachf\u00f6rderung in Kitas st\u00e4rken - DOMBERT Rechtsanw\u00e4lte","og_description":"| Der Berliner Senat will die fr\u00fchkindliche Bildung und Sprachf\u00f6rderung verbessern. Dazu hat er am 16.09.2025 den Entwurf zur \u00c4nderung des Kindertagesf\u00f6rderungsgesetzes und weiterer Vorschriften beschlossen. Das Gesetz soll Anfang 2026 in Kraft treten. F\u00fcr Kinder ab dem dritten Lebensjahr soll es k\u00fcnftig einen \u201eWillkommensgutschein\u201c f\u00fcr bis zu sieben Stunden Kinderbetreuung t\u00e4glich geben, damit die [&hellip;]","og_url":"https:\/\/dombert.de\/pl\/berlin-chce-wzmocnic-wsparcie-jezykowe-w-osrodkach-opieki-dziennej\/","og_site_name":"DOMBERT Rechtsanw\u00e4lte","article_published_time":"2025-09-18T15:36:31+00:00","article_modified_time":"2025-09-18T15:37:13+00:00","og_image":[{"width":380,"height":265,"url":"https:\/\/dombert.de\/wp-content\/uploads\/2025\/02\/kinderbetreuung-rechte-fachkraeftemangel-eltern-dombert-rechtsanwaelte.jpg","type":"image\/jpeg"}],"author":"Anke Stachow","twitter_card":"summary_large_image","twitter_misc":{"Napisane przez":"Anke Stachow","Szacowany czas czytania":"2 minuty"},"schema":{"@context":"https:\/\/schema.org","@graph":[{"@type":"Article","@id":"https:\/\/dombert.de\/berlin-will-sprachfoerderung-in-kitas-staerken\/#article","isPartOf":{"@id":"https:\/\/dombert.de\/berlin-will-sprachfoerderung-in-kitas-staerken\/"},"author":{"name":"Anke Stachow","@id":"https:\/\/dombert.de\/#\/schema\/person\/b3483fb131d1e3adbc63bcdd285523b3"},"headline":"Berlin will Sprachf\u00f6rderung in Kitas st\u00e4rken","datePublished":"2025-09-18T15:36:31+00:00","dateModified":"2025-09-18T15:37:13+00:00","mainEntityOfPage":{"@id":"https:\/\/dombert.de\/berlin-will-sprachfoerderung-in-kitas-staerken\/"},"wordCount":298,"publisher":{"@id":"https:\/\/dombert.de\/#organization"},"image":{"@id":"https:\/\/dombert.de\/berlin-will-sprachfoerderung-in-kitas-staerken\/#primaryimage"},"thumbnailUrl":"https:\/\/dombert.de\/wp-content\/uploads\/2025\/02\/kinderbetreuung-rechte-fachkraeftemangel-eltern-dombert-rechtsanwaelte.jpg","articleSection":["Meldung"],"inLanguage":"pl-PL"},{"@type":"WebPage","@id":"https:\/\/dombert.de\/berlin-will-sprachfoerderung-in-kitas-staerken\/","url":"https:\/\/dombert.de\/berlin-will-sprachfoerderung-in-kitas-staerken\/","name":"Berlin chce wzmocni\u0107 wsparcie j\u0119zykowe w o\u015brodkach opieki dziennej - DOMBERT Rechtsanw\u00e4lte","isPartOf":{"@id":"https:\/\/dombert.de\/#website"},"primaryImageOfPage":{"@id":"https:\/\/dombert.de\/berlin-will-sprachfoerderung-in-kitas-staerken\/#primaryimage"},"image":{"@id":"https:\/\/dombert.de\/berlin-will-sprachfoerderung-in-kitas-staerken\/#primaryimage"},"thumbnailUrl":"https:\/\/dombert.de\/wp-content\/uploads\/2025\/02\/kinderbetreuung-rechte-fachkraeftemangel-eltern-dombert-rechtsanwaelte.jpg","datePublished":"2025-09-18T15:36:31+00:00","dateModified":"2025-09-18T15:37:13+00:00","breadcrumb":{"@id":"https:\/\/dombert.de\/berlin-will-sprachfoerderung-in-kitas-staerken\/#breadcrumb"},"inLanguage":"pl-PL","potentialAction":[{"@type":"ReadAction","target":["https:\/\/dombert.de\/berlin-will-sprachfoerderung-in-kitas-staerken\/"]}]},{"@type":"ImageObject","inLanguage":"pl-PL","@id":"https:\/\/dombert.de\/berlin-will-sprachfoerderung-in-kitas-staerken\/#primaryimage","url":"https:\/\/dombert.de\/wp-content\/uploads\/2025\/02\/kinderbetreuung-rechte-fachkraeftemangel-eltern-dombert-rechtsanwaelte.jpg","contentUrl":"https:\/\/dombert.de\/wp-content\/uploads\/2025\/02\/kinderbetreuung-rechte-fachkraeftemangel-eltern-dombert-rechtsanwaelte.jpg","width":380,"height":265},{"@type":"BreadcrumbList","@id":"https:\/\/dombert.de\/berlin-will-sprachfoerderung-in-kitas-staerken\/#breadcrumb","itemListElement":[{"@type":"ListItem","position":1,"name":"Startseite","item":"https:\/\/dombert.de\/"},{"@type":"ListItem","position":2,"name":"Berlin will Sprachf\u00f6rderung in Kitas st\u00e4rken"}]},{"@type":"WebSite","@id":"https:\/\/dombert.de\/#website","url":"https:\/\/dombert.de\/","name":"DOMBERT Rechtsanw\u00e4lte","description":"Jeste\u015bmy kompetentnym partnerem we wszystkich kwestiach zwi\u0105zanych z prawem publicznym.","publisher":{"@id":"https:\/\/dombert.de\/#organization"},"potentialAction":[{"@type":"SearchAction","target":{"@type":"EntryPoint","urlTemplate":"https:\/\/dombert.de\/?s={search_term_string}"},"query-input":{"@type":"PropertyValueSpecification","valueRequired":true,"valueName":"search_term_string"}}],"inLanguage":"pl-PL"},{"@type":"Organization","@id":"https:\/\/dombert.de\/#organization","name":"DOMBERT Rechtsanw\u00e4lte","url":"https:\/\/dombert.de\/","logo":{"@type":"ImageObject","inLanguage":"pl-PL","@id":"https:\/\/dombert.de\/#\/schema\/logo\/image\/","url":"https:\/\/dombert.de\/wp-content\/uploads\/2025\/02\/Dombert-Logo_negativ_rgb.png","contentUrl":"https:\/\/dombert.de\/wp-content\/uploads\/2025\/02\/Dombert-Logo_negativ_rgb.png","width":459,"height":206,"caption":"DOMBERT Rechtsanw\u00e4lte"},"image":{"@id":"https:\/\/dombert.de\/#\/schema\/logo\/image\/"},"sameAs":["https:\/\/www.linkedin.com\/company\/dombert-rechtsanwaelte\/posts\/?feedView=all"]},{"@type":"Person","@id":"https:\/\/dombert.de\/#\/schema\/person\/b3483fb131d1e3adbc63bcdd285523b3","name":"Anke Stachow","image":{"@type":"ImageObject","inLanguage":"pl-PL","@id":"https:\/\/secure.gravatar.com\/avatar\/17669adf5dee93cde3674a188dd87df2ffceacf49b65dc4663ba97d7d1c23120?s=96&d=mm&r=g","url":"https:\/\/secure.gravatar.com\/avatar\/17669adf5dee93cde3674a188dd87df2ffceacf49b65dc4663ba97d7d1c23120?s=96&d=mm&r=g","contentUrl":"https:\/\/secure.gravatar.com\/avatar\/17669adf5dee93cde3674a188dd87df2ffceacf49b65dc4663ba97d7d1c23120?s=96&d=mm&r=g","caption":"Anke Stachow"}}]}},"publishpress_future_workflow_manual_trigger":{"enabledWorkflows":[]},"_links":{"self":[{"href":"https:\/\/dombert.de\/pl\/wp-json\/wp\/v2\/posts\/11496","targetHints":{"allow":["GET"]}}],"collection":[{"href":"https:\/\/dombert.de\/pl\/wp-json\/wp\/v2\/posts"}],"about":[{"href":"https:\/\/dombert.de\/pl\/wp-json\/wp\/v2\/types\/post"}],"author":[{"embeddable":true,"href":"https:\/\/dombert.de\/pl\/wp-json\/wp\/v2\/users\/10"}],"replies":[{"embeddable":true,"href":"https:\/\/dombert.de\/pl\/wp-json\/wp\/v2\/comments?post=11496"}],"version-history":[{"count":7,"href":"https:\/\/dombert.de\/pl\/wp-json\/wp\/v2\/posts\/11496\/revisions"}],"predecessor-version":[{"id":11509,"href":"https:\/\/dombert.de\/pl\/wp-json\/wp\/v2\/posts\/11496\/revisions\/11509"}],"wp:featuredmedia":[{"embeddable":true,"href":"https:\/\/dombert.de\/pl\/wp-json\/wp\/v2\/media\/4981"}],"wp:attachment":[{"href":"https:\/\/dombert.de\/pl\/wp-json\/wp\/v2\/media?parent=11496"}],"wp:term":[{"taxonomy":"category","embeddable":true,"href":"https:\/\/dombert.de\/pl\/wp-json\/wp\/v2\/categories?post=11496"},{"taxonomy":"post_tag","embeddable":true,"href":"https:\/\/dombert.de\/pl\/wp-json\/wp\/v2\/tags?post=11496"},{"taxonomy":"secondary-autor","embeddable":true,"href":"https:\/\/dombert.de\/pl\/wp-json\/wp\/v2\/secondary-autor?post=11496"}],"curies":[{"name":"wp","href":"https:\/\/api.w.org\/{rel}","templated":true}]}}