{"id":4172,"date":"2024-11-19T07:25:36","date_gmt":"2024-11-19T06:25:36","guid":{"rendered":"https:\/\/dombert.de\/?p=4172"},"modified":"2025-03-23T20:28:41","modified_gmt":"2025-03-23T19:28:41","slug":"brandenburgia-nadal-odciaza-skladki-na-przedszkola","status":"publish","type":"post","link":"https:\/\/dombert.de\/pl\/brandenburg-entlastet-auch-weiterhin-bei-kita-beitraegen\/","title":{"rendered":"Brandenburgia nadal obni\u017ca op\u0142aty za przedszkola"},"content":{"rendered":"<div data-elementor-type=\"wp-post\" data-elementor-id=\"4172\" class=\"elementor elementor-4172\" data-elementor-post-type=\"post\">\n\t\t\t\t<div class=\"elementor-element elementor-element-df324fb e-con-full e-flex e-con e-parent\" data-id=\"df324fb\" data-element_type=\"container\" data-e-type=\"container\" data-settings=\"{&quot;background_background&quot;:&quot;classic&quot;}\">\n\t\t<div class=\"elementor-element elementor-element-b7f6689 e-con-full e-flex e-con e-child\" data-id=\"b7f6689\" data-element_type=\"container\" data-e-type=\"container\">\n\t\t\t\t<div class=\"elementor-element elementor-element-66b1421 elementor-widget-divider--view-line elementor-widget elementor-widget-divider\" data-id=\"66b1421\" data-element_type=\"widget\" data-e-type=\"widget\" data-widget_type=\"divider.default\">\n\t\t\t\t<div class=\"elementor-widget-container\">\n\t\t\t\t\t\t\t<div class=\"elementor-divider\">\n\t\t\t<span class=\"elementor-divider-separator\">\n\t\t\t\t\t\t<\/span>\n\t\t<\/div>\n\t\t\t\t\t\t<\/div>\n\t\t\t\t<\/div>\n\t\t\t\t<div class=\"elementor-element elementor-element-a47004e elementor-widget__width-auto elementor-widget-mobile__width-initial elementor-widget elementor-widget-heading\" data-id=\"a47004e\" data-element_type=\"widget\" data-e-type=\"widget\" data-widget_type=\"heading.default\">\n\t\t\t\t<div class=\"elementor-widget-container\">\n\t\t\t\t\t<h2 class=\"elementor-heading-title elementor-size-default\">Brandenburgia nadal obni\u017ca op\u0142aty za przedszkola<\/h2>\t\t\t\t<\/div>\n\t\t\t\t<\/div>\n\t\t<div class=\"elementor-element elementor-element-6090df4 e-con-full e-flex e-con e-child\" data-id=\"6090df4\" data-element_type=\"container\" data-e-type=\"container\">\n\t\t\t\t<div class=\"elementor-element elementor-element-147eada elementor-widget__width-initial elementor-widget-divider--view-line elementor-widget elementor-widget-divider\" data-id=\"147eada\" data-element_type=\"widget\" data-e-type=\"widget\" data-widget_type=\"divider.default\">\n\t\t\t\t<div class=\"elementor-widget-container\">\n\t\t\t\t\t\t\t<div class=\"elementor-divider\">\n\t\t\t<span class=\"elementor-divider-separator\">\n\t\t\t\t\t\t<\/span>\n\t\t<\/div>\n\t\t\t\t\t\t<\/div>\n\t\t\t\t<\/div>\n\t\t\t\t<div class=\"elementor-element elementor-element-5fb8545 elementor-widget__width-auto elementor-widget-tablet__width-initial elementor-widget-tablet_extra__width-initial elementor-widget elementor-widget-heading\" data-id=\"5fb8545\" data-element_type=\"widget\" data-e-type=\"widget\" data-widget_type=\"heading.default\">\n\t\t\t\t<div class=\"elementor-widget-container\">\n\t\t\t\t\t<h3 class=\"elementor-heading-title elementor-size-default\"><span>Dr Beate Schulte zu Sodingen<\/span> | <span>Franziska Wilke<\/span><\/h3>\t\t\t\t<\/div>\n\t\t\t\t<\/div>\n\t\t\t\t<\/div>\n\t\t<div class=\"elementor-element elementor-element-3e645ee e-con-full e-flex e-con e-child\" data-id=\"3e645ee\" data-element_type=\"container\" data-e-type=\"container\">\n\t\t\t\t<div class=\"elementor-element elementor-element-3850f8b elementor-widget__width-auto elementor-view-default elementor-widget elementor-widget-icon\" data-id=\"3850f8b\" data-element_type=\"widget\" data-e-type=\"widget\" data-widget_type=\"icon.default\">\n\t\t\t\t<div class=\"elementor-widget-container\">\n\t\t\t\t\t\t\t<div class=\"elementor-icon-wrapper\">\n\t\t\t<a class=\"elementor-icon elementor-animation-grow\" href=\"https:\/\/www.linkedin.com\/company\/dombert-rechtsanwaelte\/posts\/?feedView=all\" target=\"_blank\">\n\t\t\t<svg aria-hidden=\"true\" class=\"e-font-icon-svg e-fab-linkedin\" viewbox=\"0 0 448 512\" xmlns=\"http:\/\/www.w3.org\/2000\/svg\"><path d=\"M416 32H31.9C14.3 32 0 46.5 0 64.3v383.4C0 465.5 14.3 480 31.9 480H416c17.6 0 32-14.5 32-32.3V64.3c0-17.8-14.4-32.3-32-32.3zM135.4 416H69V202.2h66.5V416zm-33.2-243c-21.3 0-38.5-17.3-38.5-38.5S80.9 96 102.2 96c21.2 0 38.5 17.3 38.5 38.5 0 21.3-17.2 38.5-38.5 38.5zm282.1 243h-66.4V312c0-24.8-.5-56.7-34.5-56.7-34.6 0-39.9 27-39.9 54.9V416h-66.4V202.2h63.7v29.2h.9c8.9-16.8 30.6-34.5 62.9-34.5 67.2 0 79.7 44.3 79.7 101.9V416z\"><\/path><\/svg>\t\t\t<\/a>\n\t\t<\/div>\n\t\t\t\t\t\t<\/div>\n\t\t\t\t<\/div>\n\t\t\t\t<\/div>\n\t\t\t\t<\/div>\n\t\t\t\t<\/div>\n\t\t<div class=\"elementor-element elementor-element-553418de e-con-full e-flex e-con e-parent\" data-id=\"553418de\" data-element_type=\"container\" data-e-type=\"container\" data-settings=\"{&quot;background_background&quot;:&quot;classic&quot;}\">\n\t\t<div class=\"elementor-element elementor-element-38e9059e e-con-full e-flex e-con e-child\" data-id=\"38e9059e\" data-element_type=\"container\" data-e-type=\"container\">\n\t\t<div class=\"elementor-element elementor-element-5d10a56c e-con-full e-flex e-con e-child\" data-id=\"5d10a56c\" data-element_type=\"container\" data-e-type=\"container\">\n\t\t\t\t<div class=\"elementor-element elementor-element-ebf7008 elementor-widget__width-initial elementor-widget-divider--view-line elementor-widget elementor-widget-divider\" data-id=\"ebf7008\" data-element_type=\"widget\" data-e-type=\"widget\" data-widget_type=\"divider.default\">\n\t\t\t\t<div class=\"elementor-widget-container\">\n\t\t\t\t\t\t\t<div class=\"elementor-divider\">\n\t\t\t<span class=\"elementor-divider-separator\">\n\t\t\t\t\t\t<\/span>\n\t\t<\/div>\n\t\t\t\t\t\t<\/div>\n\t\t\t\t<\/div>\n\t\t\t\t<div class=\"elementor-element elementor-element-23342bdf elementor-widget__width-auto elementor-widget-tablet__width-auto elementor-widget-mobile__width-auto elementor-widget elementor-widget-heading\" data-id=\"23342bdf\" data-element_type=\"widget\" data-e-type=\"widget\" data-widget_type=\"heading.default\">\n\t\t\t\t<div class=\"elementor-widget-container\">\n\t\t\t\t\t<h3 class=\"elementor-heading-title elementor-size-default\"><span>Wiadomo\u015b\u0107<\/span><\/h3>\t\t\t\t<\/div>\n\t\t\t\t<\/div>\n\t\t\t\t<div class=\"elementor-element elementor-element-603bdef0 elementor-widget__width-auto elementor-widget-tablet__width-auto elementor-widget-mobile__width-auto elementor-widget elementor-widget-heading\" data-id=\"603bdef0\" data-element_type=\"widget\" data-e-type=\"widget\" data-widget_type=\"heading.default\">\n\t\t\t\t<div class=\"elementor-widget-container\">\n\t\t\t\t\t<h3 class=\"elementor-heading-title elementor-size-default\">|<\/h3>\t\t\t\t<\/div>\n\t\t\t\t<\/div>\n\t\t\t\t<div class=\"elementor-element elementor-element-42ec80de elementor-widget__width-auto elementor-widget-tablet__width-auto elementor-widget-mobile__width-auto elementor-widget elementor-widget-heading\" data-id=\"42ec80de\" data-element_type=\"widget\" data-e-type=\"widget\" data-widget_type=\"heading.default\">\n\t\t\t\t<div class=\"elementor-widget-container\">\n\t\t\t\t\t<h3 class=\"elementor-heading-title elementor-size-default\">19.11.2024<\/h3>\t\t\t\t<\/div>\n\t\t\t\t<\/div>\n\t\t\t\t<\/div>\n\t\t<div class=\"elementor-element elementor-element-5d41d5ee e-grid e-con-full e-con e-child\" data-id=\"5d41d5ee\" data-element_type=\"container\" data-e-type=\"container\">\n\t\t\t\t<div class=\"elementor-element elementor-element-e4458e8 elementor-widget__width-initial elementor-widget-tablet__width-initial elementor-widget-mobile__width-initial elementor-widget elementor-widget-text-editor\" data-id=\"e4458e8\" data-element_type=\"widget\" data-e-type=\"widget\" data-widget_type=\"text-editor.default\">\n\t\t\t\t<div class=\"elementor-widget-container\">\n\t\t\t\t\t\t\t\t\t<p>Rodzice o niskich i \u015brednich dochodach b\u0119d\u0105 nadal otrzymywa\u0107 ulgi w op\u0142atach za przedszkola w Brandenburgii. Pierwotna obni\u017cka do\u00a0<a href=\"https:\/\/dombert.de\/pl\/eltern-in-brandenburg-sollen-weniger-fuer-kinderbetreuung-zahlen\/\">Zwolnienie ze sk\u0142adek i ulga ograniczone do ko\u0144ca 2024 r.<\/a>\u00a0 ma by\u0107 teraz kontynuowany bezterminowo. Potencjalni partnerzy koalicyjni SPD i BSW zgodzili si\u0119 na to przed utworzeniem rz\u0105du stanowego. Przedstawili w tym celu projekt ustawy, kt\u00f3ra ma zosta\u0107 przyj\u0119ta przed ko\u0144cem roku. Oznacza to, \u017ce rodzice o dochodach od 20 000 do 35 000 euro b\u0119d\u0105 nadal zwolnieni z op\u0142at za przedszkole, a rodzice o dochodach do 55 000 euro b\u0119d\u0105 zwolnieni z op\u0142at (\u00a7\u00a7 50 do 64 KitaG). Zaoszcz\u0119dzi to dostawcom us\u0142ug opieki nad dzie\u0107mi konieczno\u015bci przegl\u0105du i dostosowania sk\u0142adek w wielu przypadkach.<\/p><p>\u00a0<\/p><p>Zwolnienie ze sk\u0142adek rodzic\u00f3w w przedszkolu pozostaje nienaruszone przez ten proces legislacyjny. Od 1 stycznia 2025 r. opiekunowie b\u0119d\u0105 otrzymywa\u0107 jednolit\u0105 zrycza\u0142towan\u0105 rekompensat\u0119 w wysoko\u015bci 125 euro za ka\u017cde dziecko w wieku od trzech lat do rozpocz\u0119cia nauki w szkole.<\/p><p>\u00a0<\/p><p>Osobami kontaktowymi w sprawach dotycz\u0105cych prawa \u017c\u0142obkowego i szkolnego w naszej praktyce s\u0105 prawnicy\u00a0<a href=\"https:\/\/dombert.de\/pl\/osoba\/dr-beate-schulte-zu-sodingen\/\">Dr Beate Schulte zu Sodingen<\/a>\u00a0i\u00a0<a href=\"https:\/\/dombert.de\/pl\/osoba\/franziska-wilke\/\">\u00a0Franziska Wilke<\/a>.<\/p>\t\t\t\t\t\t\t\t<\/div>\n\t\t\t\t<\/div>\n\t\t\t\t<div class=\"elementor-element elementor-element-1126466e elementor-widget__width-initial elementor-widget-tablet__width-inherit elementor-widget-mobile__width-inherit elementor-widget elementor-widget-image\" data-id=\"1126466e\" data-element_type=\"widget\" data-e-type=\"widget\" data-widget_type=\"image.default\">\n\t\t\t\t<div class=\"elementor-widget-container\">\n\t\t\t\t\t\t\t\t\t\t\t\t\t\t\t<img fetchpriority=\"high\" decoding=\"async\" width=\"650\" height=\"450\" src=\"https:\/\/dombert.de\/wp-content\/uploads\/2025\/02\/brandenburg-kita-beitraege-dombert-rechtsanwaelte.jpg\" class=\"attachment-full size-full wp-image-4173\" alt=\"\" srcset=\"https:\/\/dombert.de\/wp-content\/uploads\/2025\/02\/brandenburg-kita-beitraege-dombert-rechtsanwaelte.jpg 650w, https:\/\/dombert.de\/wp-content\/uploads\/2025\/02\/brandenburg-kita-beitraege-dombert-rechtsanwaelte-300x208.jpg 300w\" sizes=\"(max-width: 650px) 100vw, 650px\" \/>\t\t\t\t\t\t\t\t\t\t\t\t\t\t\t<\/div>\n\t\t\t\t<\/div>\n\t\t\t\t<\/div>\n\t\t\t\t<\/div>\n\t\t\t\t<\/div>\n\t\t<div class=\"elementor-element elementor-element-4b5cf366 e-con-full e-flex e-con e-parent\" data-id=\"4b5cf366\" data-element_type=\"container\" data-e-type=\"container\" data-settings=\"{&quot;background_background&quot;:&quot;classic&quot;}\">\n\t\t<div class=\"elementor-element elementor-element-e7f6d1d e-con-full e-flex e-con e-child\" data-id=\"e7f6d1d\" data-element_type=\"container\" data-e-type=\"container\">\n\t\t\t\t<div class=\"elementor-element elementor-element-17609c7 elementor-widget__width-initial elementor-widget elementor-widget-heading\" data-id=\"17609c7\" data-element_type=\"widget\" data-e-type=\"widget\" data-widget_type=\"heading.default\">\n\t\t\t\t<div class=\"elementor-widget-container\">\n\t\t\t\t\t<h2 class=\"elementor-heading-title elementor-size-default\"><b>DOMBERT<\/b> Prawnicy <\/h2>\t\t\t\t<\/div>\n\t\t\t\t<\/div>\n\t\t<div class=\"elementor-element elementor-element-21bacfe9 e-con-full e-flex e-con e-child\" data-id=\"21bacfe9\" data-element_type=\"container\" data-e-type=\"container\">\n\t\t\t\t<div class=\"elementor-element elementor-element-ec6f114 elementor-widget__width-initial elementor-widget-divider--view-line elementor-widget elementor-widget-divider\" data-id=\"ec6f114\" data-element_type=\"widget\" data-e-type=\"widget\" data-widget_type=\"divider.default\">\n\t\t\t\t<div class=\"elementor-widget-container\">\n\t\t\t\t\t\t\t<div class=\"elementor-divider\">\n\t\t\t<span class=\"elementor-divider-separator\">\n\t\t\t\t\t\t<\/span>\n\t\t<\/div>\n\t\t\t\t\t\t<\/div>\n\t\t\t\t<\/div>\n\t\t\t\t<div class=\"elementor-element elementor-element-5af19def elementor-widget__width-auto elementor-widget-tablet_extra__width-initial elementor-widget-tablet__width-initial elementor-widget-mobile_extra__width-initial elementor-widget-mobile__width-initial elementor-widget elementor-widget-heading\" data-id=\"5af19def\" data-element_type=\"widget\" data-e-type=\"widget\" data-widget_type=\"heading.default\">\n\t\t\t\t<div class=\"elementor-widget-container\">\n\t\t\t\t\t<h3 class=\"elementor-heading-title elementor-size-default\">Nasza praca obejmuje wszystkie kwestie prawne i konflikty, w kt\u00f3re zaanga\u017cowane s\u0105 pa\u0144stwo, gminy lub w\u0142adze.<\/h3>\t\t\t\t<\/div>\n\t\t\t\t<\/div>\n\t\t\t\t<\/div>\n\t\t<div class=\"elementor-element elementor-element-598d3264 e-con-full e-flex e-con e-child\" data-id=\"598d3264\" data-element_type=\"container\" data-e-type=\"container\">\n\t\t\t\t<div class=\"elementor-element elementor-element-390fc1fc elementor-widget elementor-widget-button\" data-id=\"390fc1fc\" data-element_type=\"widget\" data-e-type=\"widget\" data-widget_type=\"button.default\">\n\t\t\t\t<div class=\"elementor-widget-container\">\n\t\t\t\t\t\t\t\t\t<div class=\"elementor-button-wrapper\">\n\t\t\t\t\t<a class=\"elementor-button elementor-button-link elementor-size-sm\" href=\"https:\/\/dombert.de\/pl\/kancelaria-prawna\/\">\n\t\t\t\t\t\t<span class=\"elementor-button-content-wrapper\">\n\t\t\t\t\t\t\t\t\t<span class=\"elementor-button-text\">Wi\u0119cej informacji o naszej kancelarii<\/span>\n\t\t\t\t\t<\/span>\n\t\t\t\t\t<\/a>\n\t\t\t\t<\/div>\n\t\t\t\t\t\t\t\t<\/div>\n\t\t\t\t<\/div>\n\t\t\t\t<div class=\"elementor-element elementor-element-3cca9e00 elementor-widget elementor-widget-button\" data-id=\"3cca9e00\" data-element_type=\"widget\" data-e-type=\"widget\" data-widget_type=\"button.default\">\n\t\t\t\t<div class=\"elementor-widget-container\">\n\t\t\t\t\t\t\t\t\t<div class=\"elementor-button-wrapper\">\n\t\t\t\t\t<a class=\"elementor-button elementor-button-link elementor-size-sm\" href=\"https:\/\/dombert.de\/pl\/#kompetenzen\">\n\t\t\t\t\t\t<span class=\"elementor-button-content-wrapper\">\n\t\t\t\t\t\t\t\t\t<span class=\"elementor-button-text\">Wi\u0119cej o naszej wiedzy specjalistycznej<\/span>\n\t\t\t\t\t<\/span>\n\t\t\t\t\t<\/a>\n\t\t\t\t<\/div>\n\t\t\t\t\t\t\t\t<\/div>\n\t\t\t\t<\/div>\n\t\t\t\t<\/div>\n\t\t\t\t<\/div>\n\t\t\t\t<\/div>\n\t\t\t\t<\/div>","protected":false},"excerpt":{"rendered":"<p>| Eltern mit geringem und mittlerem Einkommen werden im Land Brandenburg auch weiterhin bei den Kita-Beitr\u00e4gen entlastet. Die urspr\u00fcnglich bis\u00a0Ende 2024 befristete Beitragsbefreiung und -entlastung\u00a0 soll nun unbefristet fortgesetzt werden. Darauf haben sich die potentiellen Koalitionspartner SPD und BSW noch vor Bildung einer Landesregierung geeinigt. Sie haben einen entsprechenden Gesetzentwurf vorgelegt, der noch in diesem [&hellip;]<\/p>\n","protected":false},"author":4,"featured_media":4173,"comment_status":"closed","ping_status":"closed","sticky":false,"template":"","format":"standard","meta":{"_acf_changed":false,"site-sidebar-layout":"default","site-content-layout":"","ast-site-content-layout":"default","site-content-style":"default","site-sidebar-style":"default","ast-global-header-display":"","ast-banner-title-visibility":"","ast-main-header-display":"","ast-hfb-above-header-display":"","ast-hfb-below-header-display":"","ast-hfb-mobile-header-display":"","site-post-title":"","ast-breadcrumbs-content":"","ast-featured-img":"disabled","footer-sml-layout":"","ast-disable-related-posts":"","theme-transparent-header-meta":"","adv-header-id-meta":"","stick-header-meta":"","header-above-stick-meta":"","header-main-stick-meta":"","header-below-stick-meta":"","astra-migrate-meta-layouts":"set","ast-page-background-enabled":"default","ast-page-background-meta":{"desktop":{"background-color":"","background-image":"","background-repeat":"repeat","background-position":"center center","background-size":"auto","background-attachment":"scroll","background-type":"","background-media":"","overlay-type":"","overlay-color":"","overlay-opacity":"","overlay-gradient":""},"tablet":{"background-color":"","background-image":"","background-repeat":"repeat","background-position":"center center","background-size":"auto","background-attachment":"scroll","background-type":"","background-media":"","overlay-type":"","overlay-color":"","overlay-opacity":"","overlay-gradient":""},"mobile":{"background-color":"","background-image":"","background-repeat":"repeat","background-position":"center center","background-size":"auto","background-attachment":"scroll","background-type":"","background-media":"","overlay-type":"","overlay-color":"","overlay-opacity":"","overlay-gradient":""}},"ast-content-background-meta":{"desktop":{"background-color":"var(--ast-global-color-5)","background-image":"","background-repeat":"repeat","background-position":"center center","background-size":"auto","background-attachment":"scroll","background-type":"","background-media":"","overlay-type":"","overlay-color":"","overlay-opacity":"","overlay-gradient":""},"tablet":{"background-color":"var(--ast-global-color-5)","background-image":"","background-repeat":"repeat","background-position":"center center","background-size":"auto","background-attachment":"scroll","background-type":"","background-media":"","overlay-type":"","overlay-color":"","overlay-opacity":"","overlay-gradient":""},"mobile":{"background-color":"var(--ast-global-color-5)","background-image":"","background-repeat":"repeat","background-position":"center center","background-size":"auto","background-attachment":"scroll","background-type":"","background-media":"","overlay-type":"","overlay-color":"","overlay-opacity":"","overlay-gradient":""}},"footnotes":""},"categories":[45],"tags":[],"secondary-autor":[102,88],"class_list":["post-4172","post","type-post","status-publish","format-standard","has-post-thumbnail","hentry","category-meldung","secondary-autor-dr-beate-schulte-zu-sodingen","secondary-autor-franziska-wilke"],"acf":[],"yoast_head":"<!-- This site is optimized with the Yoast SEO plugin v27.4 - https:\/\/yoast.com\/product\/yoast-seo-wordpress\/ -->\n<title>Brandenburg entlastet auch weiterhin bei Kita-Beitr\u00e4gen - DOMBERT Rechtsanw\u00e4lte<\/title>\n<meta name=\"robots\" content=\"index, follow, max-snippet:-1, max-image-preview:large, max-video-preview:-1\" \/>\n<link rel=\"canonical\" href=\"https:\/\/dombert.de\/pl\/brandenburgia-nadal-odciaza-skladki-na-przedszkola\/\" \/>\n<meta property=\"og:locale\" content=\"pl_PL\" \/>\n<meta property=\"og:type\" content=\"article\" \/>\n<meta property=\"og:title\" content=\"Brandenburg entlastet auch weiterhin bei Kita-Beitr\u00e4gen - DOMBERT Rechtsanw\u00e4lte\" \/>\n<meta property=\"og:description\" content=\"| Eltern mit geringem und mittlerem Einkommen werden im Land Brandenburg auch weiterhin bei den Kita-Beitr\u00e4gen entlastet. Die urspr\u00fcnglich bis\u00a0Ende 2024 befristete Beitragsbefreiung und -entlastung\u00a0 soll nun unbefristet fortgesetzt werden. Darauf haben sich die potentiellen Koalitionspartner SPD und BSW noch vor Bildung einer Landesregierung geeinigt. Sie haben einen entsprechenden Gesetzentwurf vorgelegt, der noch in diesem [&hellip;]\" \/>\n<meta property=\"og:url\" content=\"https:\/\/dombert.de\/pl\/brandenburgia-nadal-odciaza-skladki-na-przedszkola\/\" \/>\n<meta property=\"og:site_name\" content=\"DOMBERT Rechtsanw\u00e4lte\" \/>\n<meta property=\"article:published_time\" content=\"2024-11-19T06:25:36+00:00\" \/>\n<meta property=\"article:modified_time\" content=\"2025-03-23T19:28:41+00:00\" \/>\n<meta property=\"og:image\" content=\"https:\/\/dombert.de\/wp-content\/uploads\/2025\/02\/brandenburg-kita-beitraege-dombert-rechtsanwaelte.jpg\" \/>\n\t<meta property=\"og:image:width\" content=\"650\" \/>\n\t<meta property=\"og:image:height\" content=\"450\" \/>\n\t<meta property=\"og:image:type\" content=\"image\/jpeg\" \/>\n<meta name=\"author\" content=\"Jasmin M\u00fcller\" \/>\n<meta name=\"twitter:card\" content=\"summary_large_image\" \/>\n<meta name=\"twitter:label1\" content=\"Napisane przez\" \/>\n\t<meta name=\"twitter:data1\" content=\"Jasmin M\u00fcller\" \/>\n\t<meta name=\"twitter:label2\" content=\"Szacowany czas czytania\" \/>\n\t<meta name=\"twitter:data2\" content=\"1 minuta\" \/>\n<script type=\"application\/ld+json\" class=\"yoast-schema-graph\">{\"@context\":\"https:\\\/\\\/schema.org\",\"@graph\":[{\"@type\":\"Article\",\"@id\":\"https:\\\/\\\/dombert.de\\\/brandenburg-entlastet-auch-weiterhin-bei-kita-beitraegen\\\/#article\",\"isPartOf\":{\"@id\":\"https:\\\/\\\/dombert.de\\\/brandenburg-entlastet-auch-weiterhin-bei-kita-beitraegen\\\/\"},\"author\":{\"name\":\"Jasmin M\u00fcller\",\"@id\":\"https:\\\/\\\/dombert.de\\\/#\\\/schema\\\/person\\\/889b395e975ac4ad4573471bc53ce118\"},\"headline\":\"Brandenburg entlastet auch weiterhin bei Kita-Beitr\u00e4gen\",\"datePublished\":\"2024-11-19T06:25:36+00:00\",\"dateModified\":\"2025-03-23T19:28:41+00:00\",\"mainEntityOfPage\":{\"@id\":\"https:\\\/\\\/dombert.de\\\/brandenburg-entlastet-auch-weiterhin-bei-kita-beitraegen\\\/\"},\"wordCount\":197,\"publisher\":{\"@id\":\"https:\\\/\\\/dombert.de\\\/#organization\"},\"image\":{\"@id\":\"https:\\\/\\\/dombert.de\\\/brandenburg-entlastet-auch-weiterhin-bei-kita-beitraegen\\\/#primaryimage\"},\"thumbnailUrl\":\"https:\\\/\\\/dombert.de\\\/wp-content\\\/uploads\\\/2025\\\/02\\\/brandenburg-kita-beitraege-dombert-rechtsanwaelte.jpg\",\"articleSection\":[\"Meldung\"],\"inLanguage\":\"pl-PL\"},{\"@type\":\"WebPage\",\"@id\":\"https:\\\/\\\/dombert.de\\\/brandenburg-entlastet-auch-weiterhin-bei-kita-beitraegen\\\/\",\"url\":\"https:\\\/\\\/dombert.de\\\/brandenburg-entlastet-auch-weiterhin-bei-kita-beitraegen\\\/\",\"name\":\"Brandenburg entlastet auch weiterhin bei Kita-Beitr\u00e4gen - DOMBERT Rechtsanw\u00e4lte\",\"isPartOf\":{\"@id\":\"https:\\\/\\\/dombert.de\\\/#website\"},\"primaryImageOfPage\":{\"@id\":\"https:\\\/\\\/dombert.de\\\/brandenburg-entlastet-auch-weiterhin-bei-kita-beitraegen\\\/#primaryimage\"},\"image\":{\"@id\":\"https:\\\/\\\/dombert.de\\\/brandenburg-entlastet-auch-weiterhin-bei-kita-beitraegen\\\/#primaryimage\"},\"thumbnailUrl\":\"https:\\\/\\\/dombert.de\\\/wp-content\\\/uploads\\\/2025\\\/02\\\/brandenburg-kita-beitraege-dombert-rechtsanwaelte.jpg\",\"datePublished\":\"2024-11-19T06:25:36+00:00\",\"dateModified\":\"2025-03-23T19:28:41+00:00\",\"breadcrumb\":{\"@id\":\"https:\\\/\\\/dombert.de\\\/brandenburg-entlastet-auch-weiterhin-bei-kita-beitraegen\\\/#breadcrumb\"},\"inLanguage\":\"pl-PL\",\"potentialAction\":[{\"@type\":\"ReadAction\",\"target\":[\"https:\\\/\\\/dombert.de\\\/brandenburg-entlastet-auch-weiterhin-bei-kita-beitraegen\\\/\"]}]},{\"@type\":\"ImageObject\",\"inLanguage\":\"pl-PL\",\"@id\":\"https:\\\/\\\/dombert.de\\\/brandenburg-entlastet-auch-weiterhin-bei-kita-beitraegen\\\/#primaryimage\",\"url\":\"https:\\\/\\\/dombert.de\\\/wp-content\\\/uploads\\\/2025\\\/02\\\/brandenburg-kita-beitraege-dombert-rechtsanwaelte.jpg\",\"contentUrl\":\"https:\\\/\\\/dombert.de\\\/wp-content\\\/uploads\\\/2025\\\/02\\\/brandenburg-kita-beitraege-dombert-rechtsanwaelte.jpg\",\"width\":650,\"height\":450},{\"@type\":\"BreadcrumbList\",\"@id\":\"https:\\\/\\\/dombert.de\\\/brandenburg-entlastet-auch-weiterhin-bei-kita-beitraegen\\\/#breadcrumb\",\"itemListElement\":[{\"@type\":\"ListItem\",\"position\":1,\"name\":\"Startseite\",\"item\":\"https:\\\/\\\/dombert.de\\\/\"},{\"@type\":\"ListItem\",\"position\":2,\"name\":\"Brandenburg entlastet auch weiterhin bei Kita-Beitr\u00e4gen\"}]},{\"@type\":\"WebSite\",\"@id\":\"https:\\\/\\\/dombert.de\\\/#website\",\"url\":\"https:\\\/\\\/dombert.de\\\/\",\"name\":\"DOMBERT Rechtsanw\u00e4lte\",\"description\":\"Wir sind Ihr kompetenter Ansprechpartner f\u00fcr alle Fragen des \u00f6ffentlichen Rechts.\",\"publisher\":{\"@id\":\"https:\\\/\\\/dombert.de\\\/#organization\"},\"potentialAction\":[{\"@type\":\"SearchAction\",\"target\":{\"@type\":\"EntryPoint\",\"urlTemplate\":\"https:\\\/\\\/dombert.de\\\/?s={search_term_string}\"},\"query-input\":{\"@type\":\"PropertyValueSpecification\",\"valueRequired\":true,\"valueName\":\"search_term_string\"}}],\"inLanguage\":\"pl-PL\"},{\"@type\":\"Organization\",\"@id\":\"https:\\\/\\\/dombert.de\\\/#organization\",\"name\":\"DOMBERT Rechtsanw\u00e4lte\",\"url\":\"https:\\\/\\\/dombert.de\\\/\",\"logo\":{\"@type\":\"ImageObject\",\"inLanguage\":\"pl-PL\",\"@id\":\"https:\\\/\\\/dombert.de\\\/#\\\/schema\\\/logo\\\/image\\\/\",\"url\":\"https:\\\/\\\/dombert.de\\\/wp-content\\\/uploads\\\/2025\\\/02\\\/Dombert-Logo_negativ_rgb.png\",\"contentUrl\":\"https:\\\/\\\/dombert.de\\\/wp-content\\\/uploads\\\/2025\\\/02\\\/Dombert-Logo_negativ_rgb.png\",\"width\":459,\"height\":206,\"caption\":\"DOMBERT Rechtsanw\u00e4lte\"},\"image\":{\"@id\":\"https:\\\/\\\/dombert.de\\\/#\\\/schema\\\/logo\\\/image\\\/\"},\"sameAs\":[\"https:\\\/\\\/www.linkedin.com\\\/company\\\/dombert-rechtsanwaelte\\\/posts\\\/?feedView=all\"]},{\"@type\":\"Person\",\"@id\":\"https:\\\/\\\/dombert.de\\\/#\\\/schema\\\/person\\\/889b395e975ac4ad4573471bc53ce118\",\"name\":\"Jasmin M\u00fcller\",\"image\":{\"@type\":\"ImageObject\",\"inLanguage\":\"pl-PL\",\"@id\":\"https:\\\/\\\/secure.gravatar.com\\\/avatar\\\/6510b249f8f34fc72b4e3f8e860f265c4a036568e066df76f7f29055d74f1a1a?s=96&d=mm&r=g\",\"url\":\"https:\\\/\\\/secure.gravatar.com\\\/avatar\\\/6510b249f8f34fc72b4e3f8e860f265c4a036568e066df76f7f29055d74f1a1a?s=96&d=mm&r=g\",\"contentUrl\":\"https:\\\/\\\/secure.gravatar.com\\\/avatar\\\/6510b249f8f34fc72b4e3f8e860f265c4a036568e066df76f7f29055d74f1a1a?s=96&d=mm&r=g\",\"caption\":\"Jasmin M\u00fcller\"}}]}<\/script>\n<!-- \/ Yoast SEO plugin. -->","yoast_head_json":{"title":"Brandenburgia nadal obni\u017ca op\u0142aty za przedszkola - DOMBERT Rechtsanw\u00e4lte","robots":{"index":"index","follow":"follow","max-snippet":"max-snippet:-1","max-image-preview":"max-image-preview:large","max-video-preview":"max-video-preview:-1"},"canonical":"https:\/\/dombert.de\/pl\/brandenburgia-nadal-odciaza-skladki-na-przedszkola\/","og_locale":"pl_PL","og_type":"article","og_title":"Brandenburg entlastet auch weiterhin bei Kita-Beitr\u00e4gen - DOMBERT Rechtsanw\u00e4lte","og_description":"| Eltern mit geringem und mittlerem Einkommen werden im Land Brandenburg auch weiterhin bei den Kita-Beitr\u00e4gen entlastet. Die urspr\u00fcnglich bis\u00a0Ende 2024 befristete Beitragsbefreiung und -entlastung\u00a0 soll nun unbefristet fortgesetzt werden. Darauf haben sich die potentiellen Koalitionspartner SPD und BSW noch vor Bildung einer Landesregierung geeinigt. Sie haben einen entsprechenden Gesetzentwurf vorgelegt, der noch in diesem [&hellip;]","og_url":"https:\/\/dombert.de\/pl\/brandenburgia-nadal-odciaza-skladki-na-przedszkola\/","og_site_name":"DOMBERT Rechtsanw\u00e4lte","article_published_time":"2024-11-19T06:25:36+00:00","article_modified_time":"2025-03-23T19:28:41+00:00","og_image":[{"width":650,"height":450,"url":"https:\/\/dombert.de\/wp-content\/uploads\/2025\/02\/brandenburg-kita-beitraege-dombert-rechtsanwaelte.jpg","type":"image\/jpeg"}],"author":"Jasmin M\u00fcller","twitter_card":"summary_large_image","twitter_misc":{"Napisane przez":"Jasmin M\u00fcller","Szacowany czas czytania":"1 minuta"},"schema":{"@context":"https:\/\/schema.org","@graph":[{"@type":"Article","@id":"https:\/\/dombert.de\/brandenburg-entlastet-auch-weiterhin-bei-kita-beitraegen\/#article","isPartOf":{"@id":"https:\/\/dombert.de\/brandenburg-entlastet-auch-weiterhin-bei-kita-beitraegen\/"},"author":{"name":"Jasmin M\u00fcller","@id":"https:\/\/dombert.de\/#\/schema\/person\/889b395e975ac4ad4573471bc53ce118"},"headline":"Brandenburg entlastet auch weiterhin bei Kita-Beitr\u00e4gen","datePublished":"2024-11-19T06:25:36+00:00","dateModified":"2025-03-23T19:28:41+00:00","mainEntityOfPage":{"@id":"https:\/\/dombert.de\/brandenburg-entlastet-auch-weiterhin-bei-kita-beitraegen\/"},"wordCount":197,"publisher":{"@id":"https:\/\/dombert.de\/#organization"},"image":{"@id":"https:\/\/dombert.de\/brandenburg-entlastet-auch-weiterhin-bei-kita-beitraegen\/#primaryimage"},"thumbnailUrl":"https:\/\/dombert.de\/wp-content\/uploads\/2025\/02\/brandenburg-kita-beitraege-dombert-rechtsanwaelte.jpg","articleSection":["Meldung"],"inLanguage":"pl-PL"},{"@type":"WebPage","@id":"https:\/\/dombert.de\/brandenburg-entlastet-auch-weiterhin-bei-kita-beitraegen\/","url":"https:\/\/dombert.de\/brandenburg-entlastet-auch-weiterhin-bei-kita-beitraegen\/","name":"Brandenburgia nadal obni\u017ca op\u0142aty za przedszkola - DOMBERT Rechtsanw\u00e4lte","isPartOf":{"@id":"https:\/\/dombert.de\/#website"},"primaryImageOfPage":{"@id":"https:\/\/dombert.de\/brandenburg-entlastet-auch-weiterhin-bei-kita-beitraegen\/#primaryimage"},"image":{"@id":"https:\/\/dombert.de\/brandenburg-entlastet-auch-weiterhin-bei-kita-beitraegen\/#primaryimage"},"thumbnailUrl":"https:\/\/dombert.de\/wp-content\/uploads\/2025\/02\/brandenburg-kita-beitraege-dombert-rechtsanwaelte.jpg","datePublished":"2024-11-19T06:25:36+00:00","dateModified":"2025-03-23T19:28:41+00:00","breadcrumb":{"@id":"https:\/\/dombert.de\/brandenburg-entlastet-auch-weiterhin-bei-kita-beitraegen\/#breadcrumb"},"inLanguage":"pl-PL","potentialAction":[{"@type":"ReadAction","target":["https:\/\/dombert.de\/brandenburg-entlastet-auch-weiterhin-bei-kita-beitraegen\/"]}]},{"@type":"ImageObject","inLanguage":"pl-PL","@id":"https:\/\/dombert.de\/brandenburg-entlastet-auch-weiterhin-bei-kita-beitraegen\/#primaryimage","url":"https:\/\/dombert.de\/wp-content\/uploads\/2025\/02\/brandenburg-kita-beitraege-dombert-rechtsanwaelte.jpg","contentUrl":"https:\/\/dombert.de\/wp-content\/uploads\/2025\/02\/brandenburg-kita-beitraege-dombert-rechtsanwaelte.jpg","width":650,"height":450},{"@type":"BreadcrumbList","@id":"https:\/\/dombert.de\/brandenburg-entlastet-auch-weiterhin-bei-kita-beitraegen\/#breadcrumb","itemListElement":[{"@type":"ListItem","position":1,"name":"Startseite","item":"https:\/\/dombert.de\/"},{"@type":"ListItem","position":2,"name":"Brandenburg entlastet auch weiterhin bei Kita-Beitr\u00e4gen"}]},{"@type":"WebSite","@id":"https:\/\/dombert.de\/#website","url":"https:\/\/dombert.de\/","name":"DOMBERT Rechtsanw\u00e4lte","description":"Jeste\u015bmy kompetentnym partnerem we wszystkich kwestiach zwi\u0105zanych z prawem publicznym.","publisher":{"@id":"https:\/\/dombert.de\/#organization"},"potentialAction":[{"@type":"SearchAction","target":{"@type":"EntryPoint","urlTemplate":"https:\/\/dombert.de\/?s={search_term_string}"},"query-input":{"@type":"PropertyValueSpecification","valueRequired":true,"valueName":"search_term_string"}}],"inLanguage":"pl-PL"},{"@type":"Organization","@id":"https:\/\/dombert.de\/#organization","name":"DOMBERT Rechtsanw\u00e4lte","url":"https:\/\/dombert.de\/","logo":{"@type":"ImageObject","inLanguage":"pl-PL","@id":"https:\/\/dombert.de\/#\/schema\/logo\/image\/","url":"https:\/\/dombert.de\/wp-content\/uploads\/2025\/02\/Dombert-Logo_negativ_rgb.png","contentUrl":"https:\/\/dombert.de\/wp-content\/uploads\/2025\/02\/Dombert-Logo_negativ_rgb.png","width":459,"height":206,"caption":"DOMBERT Rechtsanw\u00e4lte"},"image":{"@id":"https:\/\/dombert.de\/#\/schema\/logo\/image\/"},"sameAs":["https:\/\/www.linkedin.com\/company\/dombert-rechtsanwaelte\/posts\/?feedView=all"]},{"@type":"Person","@id":"https:\/\/dombert.de\/#\/schema\/person\/889b395e975ac4ad4573471bc53ce118","name":"Jasmin M\u00fcller","image":{"@type":"ImageObject","inLanguage":"pl-PL","@id":"https:\/\/secure.gravatar.com\/avatar\/6510b249f8f34fc72b4e3f8e860f265c4a036568e066df76f7f29055d74f1a1a?s=96&d=mm&r=g","url":"https:\/\/secure.gravatar.com\/avatar\/6510b249f8f34fc72b4e3f8e860f265c4a036568e066df76f7f29055d74f1a1a?s=96&d=mm&r=g","contentUrl":"https:\/\/secure.gravatar.com\/avatar\/6510b249f8f34fc72b4e3f8e860f265c4a036568e066df76f7f29055d74f1a1a?s=96&d=mm&r=g","caption":"Jasmin M\u00fcller"}}]}},"publishpress_future_workflow_manual_trigger":{"enabledWorkflows":[]},"_links":{"self":[{"href":"https:\/\/dombert.de\/pl\/wp-json\/wp\/v2\/posts\/4172","targetHints":{"allow":["GET"]}}],"collection":[{"href":"https:\/\/dombert.de\/pl\/wp-json\/wp\/v2\/posts"}],"about":[{"href":"https:\/\/dombert.de\/pl\/wp-json\/wp\/v2\/types\/post"}],"author":[{"embeddable":true,"href":"https:\/\/dombert.de\/pl\/wp-json\/wp\/v2\/users\/4"}],"replies":[{"embeddable":true,"href":"https:\/\/dombert.de\/pl\/wp-json\/wp\/v2\/comments?post=4172"}],"version-history":[{"count":10,"href":"https:\/\/dombert.de\/pl\/wp-json\/wp\/v2\/posts\/4172\/revisions"}],"predecessor-version":[{"id":7601,"href":"https:\/\/dombert.de\/pl\/wp-json\/wp\/v2\/posts\/4172\/revisions\/7601"}],"wp:featuredmedia":[{"embeddable":true,"href":"https:\/\/dombert.de\/pl\/wp-json\/wp\/v2\/media\/4173"}],"wp:attachment":[{"href":"https:\/\/dombert.de\/pl\/wp-json\/wp\/v2\/media?parent=4172"}],"wp:term":[{"taxonomy":"category","embeddable":true,"href":"https:\/\/dombert.de\/pl\/wp-json\/wp\/v2\/categories?post=4172"},{"taxonomy":"post_tag","embeddable":true,"href":"https:\/\/dombert.de\/pl\/wp-json\/wp\/v2\/tags?post=4172"},{"taxonomy":"secondary-autor","embeddable":true,"href":"https:\/\/dombert.de\/pl\/wp-json\/wp\/v2\/secondary-autor?post=4172"}],"curies":[{"name":"wp","href":"https:\/\/api.w.org\/{rel}","templated":true}]}}