{"id":4359,"date":"2024-08-28T10:00:00","date_gmt":"2024-08-28T08:00:00","guid":{"rendered":"https:\/\/dombert.de\/?p=4359"},"modified":"2025-03-23T20:39:29","modified_gmt":"2025-03-23T19:39:29","slug":"federalna-agencja-sieciowa-przedluza-umowe-z-dombert-rechtsanwaelte","status":"publish","type":"post","link":"https:\/\/dombert.de\/pl\/bundesnetzagentur-verlaengert-auftrag-fuer-dombert-rechtsanwaelte\/","title":{"rendered":"Federalna Agencja Sieci przed\u0142u\u017ca kontrakt na DOMBERT Rechtsanw\u00e4lte"},"content":{"rendered":"<div data-elementor-type=\"wp-post\" data-elementor-id=\"4359\" class=\"elementor elementor-4359\" data-elementor-post-type=\"post\">\n\t\t\t\t<div class=\"elementor-element elementor-element-465e467 e-con-full e-flex e-con e-parent\" data-id=\"465e467\" data-element_type=\"container\" data-e-type=\"container\" data-settings=\"{&quot;background_background&quot;:&quot;classic&quot;}\">\n\t\t<div class=\"elementor-element elementor-element-6813846 e-con-full e-flex e-con e-child\" data-id=\"6813846\" data-element_type=\"container\" data-e-type=\"container\">\n\t\t\t\t<div class=\"elementor-element elementor-element-a6e3611 elementor-widget-divider--view-line elementor-widget elementor-widget-divider\" data-id=\"a6e3611\" data-element_type=\"widget\" data-e-type=\"widget\" data-widget_type=\"divider.default\">\n\t\t\t\t<div class=\"elementor-widget-container\">\n\t\t\t\t\t\t\t<div class=\"elementor-divider\">\n\t\t\t<span class=\"elementor-divider-separator\">\n\t\t\t\t\t\t<\/span>\n\t\t<\/div>\n\t\t\t\t\t\t<\/div>\n\t\t\t\t<\/div>\n\t\t\t\t<div class=\"elementor-element elementor-element-51f7153 elementor-widget__width-auto elementor-widget-mobile__width-initial elementor-widget elementor-widget-heading\" data-id=\"51f7153\" data-element_type=\"widget\" data-e-type=\"widget\" data-widget_type=\"heading.default\">\n\t\t\t\t<div class=\"elementor-widget-container\">\n\t\t\t\t\t<h2 class=\"elementor-heading-title elementor-size-default\">Federalna Agencja Sieci przed\u0142u\u017ca kontrakt na DOMBERT Rechtsanw\u00e4lte<\/h2>\t\t\t\t<\/div>\n\t\t\t\t<\/div>\n\t\t<div class=\"elementor-element elementor-element-c88f627 e-con-full e-flex e-con e-child\" data-id=\"c88f627\" data-element_type=\"container\" data-e-type=\"container\">\n\t\t\t\t<div class=\"elementor-element elementor-element-d6405e9 elementor-widget__width-initial elementor-widget-divider--view-line elementor-widget elementor-widget-divider\" data-id=\"d6405e9\" data-element_type=\"widget\" data-e-type=\"widget\" data-widget_type=\"divider.default\">\n\t\t\t\t<div class=\"elementor-widget-container\">\n\t\t\t\t\t\t\t<div class=\"elementor-divider\">\n\t\t\t<span class=\"elementor-divider-separator\">\n\t\t\t\t\t\t<\/span>\n\t\t<\/div>\n\t\t\t\t\t\t<\/div>\n\t\t\t\t<\/div>\n\t\t\t\t<div class=\"elementor-element elementor-element-08c0dc2 elementor-widget__width-auto elementor-widget-tablet__width-initial elementor-widget-tablet_extra__width-initial elementor-widget elementor-widget-heading\" data-id=\"08c0dc2\" data-element_type=\"widget\" data-e-type=\"widget\" data-widget_type=\"heading.default\">\n\t\t\t\t<div class=\"elementor-widget-container\">\n\t\t\t\t\t<h3 class=\"elementor-heading-title elementor-size-default\"><span>Izabela Bochno<\/span> | <span>Janko Ge\u00dfner<\/span> | <span>Prof. Dr. Jan Thiele<\/span><\/h3>\t\t\t\t<\/div>\n\t\t\t\t<\/div>\n\t\t\t\t<\/div>\n\t\t<div class=\"elementor-element elementor-element-867d00b e-con-full e-flex e-con e-child\" data-id=\"867d00b\" data-element_type=\"container\" data-e-type=\"container\">\n\t\t\t\t<div class=\"elementor-element elementor-element-4d6ec18 elementor-widget__width-auto elementor-view-default elementor-widget elementor-widget-icon\" data-id=\"4d6ec18\" data-element_type=\"widget\" data-e-type=\"widget\" data-widget_type=\"icon.default\">\n\t\t\t\t<div class=\"elementor-widget-container\">\n\t\t\t\t\t\t\t<div class=\"elementor-icon-wrapper\">\n\t\t\t<a class=\"elementor-icon elementor-animation-grow\" href=\"https:\/\/www.linkedin.com\/company\/dombert-rechtsanwaelte\/posts\/?feedView=all\" target=\"_blank\">\n\t\t\t<svg aria-hidden=\"true\" class=\"e-font-icon-svg e-fab-linkedin\" viewbox=\"0 0 448 512\" xmlns=\"http:\/\/www.w3.org\/2000\/svg\"><path d=\"M416 32H31.9C14.3 32 0 46.5 0 64.3v383.4C0 465.5 14.3 480 31.9 480H416c17.6 0 32-14.5 32-32.3V64.3c0-17.8-14.4-32.3-32-32.3zM135.4 416H69V202.2h66.5V416zm-33.2-243c-21.3 0-38.5-17.3-38.5-38.5S80.9 96 102.2 96c21.2 0 38.5 17.3 38.5 38.5 0 21.3-17.2 38.5-38.5 38.5zm282.1 243h-66.4V312c0-24.8-.5-56.7-34.5-56.7-34.6 0-39.9 27-39.9 54.9V416h-66.4V202.2h63.7v29.2h.9c8.9-16.8 30.6-34.5 62.9-34.5 67.2 0 79.7 44.3 79.7 101.9V416z\"><\/path><\/svg>\t\t\t<\/a>\n\t\t<\/div>\n\t\t\t\t\t\t<\/div>\n\t\t\t\t<\/div>\n\t\t\t\t<\/div>\n\t\t\t\t<\/div>\n\t\t\t\t<\/div>\n\t\t<div class=\"elementor-element elementor-element-31d7fc76 e-con-full e-flex e-con e-parent\" data-id=\"31d7fc76\" data-element_type=\"container\" data-e-type=\"container\" data-settings=\"{&quot;background_background&quot;:&quot;classic&quot;}\">\n\t\t<div class=\"elementor-element elementor-element-77380b42 e-con-full e-flex e-con e-child\" data-id=\"77380b42\" data-element_type=\"container\" data-e-type=\"container\">\n\t\t<div class=\"elementor-element elementor-element-5a336e61 e-con-full e-flex e-con e-child\" data-id=\"5a336e61\" data-element_type=\"container\" data-e-type=\"container\">\n\t\t\t\t<div class=\"elementor-element elementor-element-26727a7f elementor-widget__width-initial elementor-widget-divider--view-line elementor-widget elementor-widget-divider\" data-id=\"26727a7f\" data-element_type=\"widget\" data-e-type=\"widget\" data-widget_type=\"divider.default\">\n\t\t\t\t<div class=\"elementor-widget-container\">\n\t\t\t\t\t\t\t<div class=\"elementor-divider\">\n\t\t\t<span class=\"elementor-divider-separator\">\n\t\t\t\t\t\t<\/span>\n\t\t<\/div>\n\t\t\t\t\t\t<\/div>\n\t\t\t\t<\/div>\n\t\t\t\t<div class=\"elementor-element elementor-element-5147c077 elementor-widget__width-auto elementor-widget-tablet__width-auto elementor-widget-mobile__width-auto elementor-widget elementor-widget-heading\" data-id=\"5147c077\" data-element_type=\"widget\" data-e-type=\"widget\" data-widget_type=\"heading.default\">\n\t\t\t\t<div class=\"elementor-widget-container\">\n\t\t\t\t\t<h3 class=\"elementor-heading-title elementor-size-default\"><span>Wiadomo\u015b\u0107<\/span><\/h3>\t\t\t\t<\/div>\n\t\t\t\t<\/div>\n\t\t\t\t<div class=\"elementor-element elementor-element-5be9f98f elementor-widget__width-auto elementor-widget-tablet__width-auto elementor-widget-mobile__width-auto elementor-widget elementor-widget-heading\" data-id=\"5be9f98f\" data-element_type=\"widget\" data-e-type=\"widget\" data-widget_type=\"heading.default\">\n\t\t\t\t<div class=\"elementor-widget-container\">\n\t\t\t\t\t<h3 class=\"elementor-heading-title elementor-size-default\">|<\/h3>\t\t\t\t<\/div>\n\t\t\t\t<\/div>\n\t\t\t\t<div class=\"elementor-element elementor-element-2ad6f1d2 elementor-widget__width-auto elementor-widget-tablet__width-auto elementor-widget-mobile__width-auto elementor-widget elementor-widget-heading\" data-id=\"2ad6f1d2\" data-element_type=\"widget\" data-e-type=\"widget\" data-widget_type=\"heading.default\">\n\t\t\t\t<div class=\"elementor-widget-container\">\n\t\t\t\t\t<h3 class=\"elementor-heading-title elementor-size-default\">28.08.2024<\/h3>\t\t\t\t<\/div>\n\t\t\t\t<\/div>\n\t\t\t\t<\/div>\n\t\t\t\t<div class=\"elementor-element elementor-element-5cbb2631 elementor-widget__width-initial elementor-widget-tablet__width-initial elementor-widget-mobile__width-initial elementor-widget elementor-widget-text-editor\" data-id=\"5cbb2631\" data-element_type=\"widget\" data-e-type=\"widget\" data-widget_type=\"text-editor.default\">\n\t\t\t\t<div class=\"elementor-widget-container\">\n\t\t\t\t\t\t\t\t\t<p>DOMBERT Rechtsanw\u00e4lte b\u0119dzie nadal doradza\u0107 Federalnej Agencji Sieci w zakresie procedur planowania rozbudowy sieci elektroenergetycznej w Niemczech przez kolejne dwa i p\u00f3\u0142 roku. Od 2023 r. zesp\u00f3\u0142 kierowany przez partner\u00f3w dr Jana Thiele i Janko Ge\u00dfnera, wraz z berli\u0144sk\u0105 kancelari\u0105 prawn\u0105 Weiss &amp; M\u00fcller oraz biurami \u015brodowiskowymi Afry i Arbeitsgruppe f\u00fcr Tier\u00f6kologie und Planung, wspiera Federaln\u0105 Agencj\u0119 Sieci w projektach operator\u00f3w sieci elektroenergetycznych Tennet i Transnet BW. \u201eDecyzja o przed\u0142u\u017ceniu naszej umowy jest z pewno\u015bci\u0105 r\u00f3wnie\u017c wyrazem naszej udanej wsp\u00f3\u0142pracy\u201c, m\u00f3wi Thiele. Do tej pory zesp\u00f3\u0142 projektowy zapewni\u0142 wsparcie w procedurach planowania 221 kilometr\u00f3w linii przesy\u0142owych wysokiego napi\u0119cia pr\u0105du sta\u0142ego tylko dla wa\u017cnego projektu SuedLink, kt\u00f3ry b\u0119dzie transportowa\u0142 energi\u0119 elektryczn\u0105 wytwarzan\u0105 z energii wiatrowej w Szlezwiku-Holsztynie na odleg\u0142o\u015b\u0107 ponad 700 kilometr\u00f3w do Bawarii. Obejmuje to r\u00f3wnie\u017c obszerne cz\u0119\u015bci decyzji o zatwierdzeniu planu dla przeprawy przez \u0141ab\u0119. Ponadto byli oni zaanga\u017cowani w wyb\u00f3r przybli\u017conej trasy dla 152 kilometr\u00f3w linii Fulda-Main oraz trzech decyzji o zatwierdzeniu budowy 149-kilometrowej linii napowietrznej, kt\u00f3ra biegnie z Grafenrheinfeld we Frankonii do Gro\u00dfgartach w pobli\u017cu Heilbronn w Badenii-Wirtembergii. W ci\u0105gu ostatniego p\u00f3\u0142tora roku oba zespo\u0142y wnios\u0142y znacz\u0105cy wk\u0142ad jako asystenci administracyjni zgodnie z ustaw\u0105 o przyspieszeniu rozbudowy sieci (\u00a729 NABEG) w zapewnienie, \u017ce budowa \u0142\u0105cznie 522-kilometrowych odcink\u00f3w r\u00f3\u017cnych linii energetycznych mo\u017ce rozpocz\u0105\u0107 si\u0119 w dw\u00f3ch sekcjach nawet wcze\u015bniej ni\u017c pierwotnie planowano.<\/p><p>\u00a0<\/p><p>Zesp\u00f3\u0142 pod przewodnictwem Rechtsanwalt <a href=\"https:\/\/dombert.de\/pl\/osoba\/prof-dr-jan-thiele\/\">Dr Jan Thiele<\/a> i Rechtsanwalt <a href=\"https:\/\/dombert.de\/pl\/osoba\/janko-gessner\/\">Janko Ge\u00dfner<\/a> nale\u017c\u0105 do adwokata <a href=\"https:\/\/dombert.de\/pl\/osoba\/natalie-carstens\/\">Natalie Carstens<\/a>, adwokat <a href=\"https:\/\/dombert.de\/pl\/osoba\/izabela-bochno\/\">Izabela Bochno<\/a>, adwokat <a href=\"https:\/\/dombert.de\/pl\/osoba\/judith-affeldt\/\">Judith Affeldt<\/a> i prawniczka Tatjana Schmidt.<\/p>\t\t\t\t\t\t\t\t<\/div>\n\t\t\t\t<\/div>\n\t\t\t\t<\/div>\n\t\t\t\t<\/div>\n\t\t<div class=\"elementor-element elementor-element-225f92ae e-con-full e-flex e-con e-parent\" data-id=\"225f92ae\" data-element_type=\"container\" data-e-type=\"container\" data-settings=\"{&quot;background_background&quot;:&quot;classic&quot;}\">\n\t\t<div class=\"elementor-element elementor-element-17b96cd0 e-con-full e-flex e-con e-child\" data-id=\"17b96cd0\" data-element_type=\"container\" data-e-type=\"container\">\n\t\t\t\t<div class=\"elementor-element elementor-element-1127bf03 elementor-widget__width-initial elementor-widget elementor-widget-heading\" data-id=\"1127bf03\" data-element_type=\"widget\" data-e-type=\"widget\" data-widget_type=\"heading.default\">\n\t\t\t\t<div class=\"elementor-widget-container\">\n\t\t\t\t\t<h2 class=\"elementor-heading-title elementor-size-default\"><b>DOMBERT<\/b> Prawnicy <\/h2>\t\t\t\t<\/div>\n\t\t\t\t<\/div>\n\t\t<div class=\"elementor-element elementor-element-b751808 e-con-full e-flex e-con e-child\" data-id=\"b751808\" data-element_type=\"container\" data-e-type=\"container\">\n\t\t\t\t<div class=\"elementor-element elementor-element-14e86b0 elementor-widget__width-initial elementor-widget-divider--view-line elementor-widget elementor-widget-divider\" data-id=\"14e86b0\" data-element_type=\"widget\" data-e-type=\"widget\" data-widget_type=\"divider.default\">\n\t\t\t\t<div class=\"elementor-widget-container\">\n\t\t\t\t\t\t\t<div class=\"elementor-divider\">\n\t\t\t<span class=\"elementor-divider-separator\">\n\t\t\t\t\t\t<\/span>\n\t\t<\/div>\n\t\t\t\t\t\t<\/div>\n\t\t\t\t<\/div>\n\t\t\t\t<div class=\"elementor-element elementor-element-63cd9c68 elementor-widget__width-auto elementor-widget-tablet_extra__width-initial elementor-widget-tablet__width-initial elementor-widget-mobile_extra__width-initial elementor-widget-mobile__width-initial elementor-widget elementor-widget-heading\" data-id=\"63cd9c68\" data-element_type=\"widget\" data-e-type=\"widget\" data-widget_type=\"heading.default\">\n\t\t\t\t<div class=\"elementor-widget-container\">\n\t\t\t\t\t<h3 class=\"elementor-heading-title elementor-size-default\">Nasza praca obejmuje wszystkie kwestie prawne i konflikty, w kt\u00f3re zaanga\u017cowane s\u0105 pa\u0144stwo, gminy lub w\u0142adze.<\/h3>\t\t\t\t<\/div>\n\t\t\t\t<\/div>\n\t\t\t\t<\/div>\n\t\t<div class=\"elementor-element elementor-element-7b5366bb e-con-full e-flex e-con e-child\" data-id=\"7b5366bb\" data-element_type=\"container\" data-e-type=\"container\">\n\t\t\t\t<div class=\"elementor-element elementor-element-5dfed384 elementor-widget elementor-widget-button\" data-id=\"5dfed384\" data-element_type=\"widget\" data-e-type=\"widget\" data-widget_type=\"button.default\">\n\t\t\t\t<div class=\"elementor-widget-container\">\n\t\t\t\t\t\t\t\t\t<div class=\"elementor-button-wrapper\">\n\t\t\t\t\t<a class=\"elementor-button elementor-button-link elementor-size-sm\" href=\"https:\/\/dombert.de\/pl\/kancelaria-prawna\/\">\n\t\t\t\t\t\t<span class=\"elementor-button-content-wrapper\">\n\t\t\t\t\t\t\t\t\t<span class=\"elementor-button-text\">Wi\u0119cej informacji o naszej kancelarii<\/span>\n\t\t\t\t\t<\/span>\n\t\t\t\t\t<\/a>\n\t\t\t\t<\/div>\n\t\t\t\t\t\t\t\t<\/div>\n\t\t\t\t<\/div>\n\t\t\t\t<div class=\"elementor-element elementor-element-7b7906a1 elementor-widget elementor-widget-button\" data-id=\"7b7906a1\" data-element_type=\"widget\" data-e-type=\"widget\" data-widget_type=\"button.default\">\n\t\t\t\t<div class=\"elementor-widget-container\">\n\t\t\t\t\t\t\t\t\t<div class=\"elementor-button-wrapper\">\n\t\t\t\t\t<a class=\"elementor-button elementor-button-link elementor-size-sm\" href=\"https:\/\/dombert.de\/pl\/#kompetenzen\">\n\t\t\t\t\t\t<span class=\"elementor-button-content-wrapper\">\n\t\t\t\t\t\t\t\t\t<span class=\"elementor-button-text\">Wi\u0119cej o naszej wiedzy specjalistycznej<\/span>\n\t\t\t\t\t<\/span>\n\t\t\t\t\t<\/a>\n\t\t\t\t<\/div>\n\t\t\t\t\t\t\t\t<\/div>\n\t\t\t\t<\/div>\n\t\t\t\t<\/div>\n\t\t\t\t<\/div>\n\t\t\t\t<\/div>\n\t\t\t\t<\/div>","protected":false},"excerpt":{"rendered":"<p>| DOMBERT Rechtsanw\u00e4lte wird die Bundesnetzagentur weitere zweieinhalb Jahre bei den Planungsverfahren f\u00fcr den Stromnetzausbau in Deutschland beraten. Seit 2023 unterst\u00fctzt das Team um die Partner Dr. Jan Thiele und Janko Ge\u00dfner zusammen mit der Berliner Kanzlei Weiss &amp; M\u00fcller sowie den Umweltb\u00fcros Afry und Arbeitsgruppe f\u00fcr Tier\u00f6kologie und Planung die Bundesnetzagentur bei den Vorhaben [&hellip;]<\/p>\n","protected":false},"author":3,"featured_media":2114,"comment_status":"closed","ping_status":"closed","sticky":false,"template":"","format":"standard","meta":{"_acf_changed":false,"site-sidebar-layout":"default","site-content-layout":"","ast-site-content-layout":"default","site-content-style":"default","site-sidebar-style":"default","ast-global-header-display":"","ast-banner-title-visibility":"","ast-main-header-display":"","ast-hfb-above-header-display":"","ast-hfb-below-header-display":"","ast-hfb-mobile-header-display":"","site-post-title":"","ast-breadcrumbs-content":"","ast-featured-img":"disabled","footer-sml-layout":"","ast-disable-related-posts":"","theme-transparent-header-meta":"","adv-header-id-meta":"","stick-header-meta":"","header-above-stick-meta":"","header-main-stick-meta":"","header-below-stick-meta":"","astra-migrate-meta-layouts":"set","ast-page-background-enabled":"default","ast-page-background-meta":{"desktop":{"background-color":"","background-image":"","background-repeat":"repeat","background-position":"center center","background-size":"auto","background-attachment":"scroll","background-type":"","background-media":"","overlay-type":"","overlay-color":"","overlay-opacity":"","overlay-gradient":""},"tablet":{"background-color":"","background-image":"","background-repeat":"repeat","background-position":"center center","background-size":"auto","background-attachment":"scroll","background-type":"","background-media":"","overlay-type":"","overlay-color":"","overlay-opacity":"","overlay-gradient":""},"mobile":{"background-color":"","background-image":"","background-repeat":"repeat","background-position":"center center","background-size":"auto","background-attachment":"scroll","background-type":"","background-media":"","overlay-type":"","overlay-color":"","overlay-opacity":"","overlay-gradient":""}},"ast-content-background-meta":{"desktop":{"background-color":"var(--ast-global-color-5)","background-image":"","background-repeat":"repeat","background-position":"center center","background-size":"auto","background-attachment":"scroll","background-type":"","background-media":"","overlay-type":"","overlay-color":"","overlay-opacity":"","overlay-gradient":""},"tablet":{"background-color":"var(--ast-global-color-5)","background-image":"","background-repeat":"repeat","background-position":"center center","background-size":"auto","background-attachment":"scroll","background-type":"","background-media":"","overlay-type":"","overlay-color":"","overlay-opacity":"","overlay-gradient":""},"mobile":{"background-color":"var(--ast-global-color-5)","background-image":"","background-repeat":"repeat","background-position":"center center","background-size":"auto","background-attachment":"scroll","background-type":"","background-media":"","overlay-type":"","overlay-color":"","overlay-opacity":"","overlay-gradient":""}},"footnotes":""},"categories":[45],"tags":[],"secondary-autor":[103,99,84],"class_list":["post-4359","post","type-post","status-publish","format-standard","has-post-thumbnail","hentry","category-meldung","secondary-autor-izabela-bochno","secondary-autor-janko-gessner","secondary-autor-prof-dr-jan-thiele"],"acf":[],"yoast_head":"<!-- This site is optimized with the Yoast SEO plugin v27.4 - https:\/\/yoast.com\/product\/yoast-seo-wordpress\/ -->\n<title>Bundesnetzagentur verl\u00e4ngert Auftrag f\u00fcr DOMBERT Rechtsanw\u00e4lte - DOMBERT Rechtsanw\u00e4lte<\/title>\n<meta name=\"robots\" content=\"index, follow, max-snippet:-1, max-image-preview:large, max-video-preview:-1\" \/>\n<link rel=\"canonical\" href=\"https:\/\/dombert.de\/pl\/federalna-agencja-sieciowa-przedluza-umowe-z-dombert-rechtsanwaelte\/\" \/>\n<meta property=\"og:locale\" content=\"pl_PL\" \/>\n<meta property=\"og:type\" content=\"article\" \/>\n<meta property=\"og:title\" content=\"Bundesnetzagentur verl\u00e4ngert Auftrag f\u00fcr DOMBERT Rechtsanw\u00e4lte - DOMBERT Rechtsanw\u00e4lte\" \/>\n<meta property=\"og:description\" content=\"| DOMBERT Rechtsanw\u00e4lte wird die Bundesnetzagentur weitere zweieinhalb Jahre bei den Planungsverfahren f\u00fcr den Stromnetzausbau in Deutschland beraten. Seit 2023 unterst\u00fctzt das Team um die Partner Dr. Jan Thiele und Janko Ge\u00dfner zusammen mit der Berliner Kanzlei Weiss &amp; M\u00fcller sowie den Umweltb\u00fcros Afry und Arbeitsgruppe f\u00fcr Tier\u00f6kologie und Planung die Bundesnetzagentur bei den Vorhaben [&hellip;]\" \/>\n<meta property=\"og:url\" content=\"https:\/\/dombert.de\/pl\/federalna-agencja-sieciowa-przedluza-umowe-z-dombert-rechtsanwaelte\/\" \/>\n<meta property=\"og:site_name\" content=\"DOMBERT Rechtsanw\u00e4lte\" \/>\n<meta property=\"article:published_time\" content=\"2024-08-28T08:00:00+00:00\" \/>\n<meta property=\"article:modified_time\" content=\"2025-03-23T19:39:29+00:00\" \/>\n<meta property=\"og:image\" content=\"https:\/\/dombert.de\/wp-content\/uploads\/2025\/01\/oeffentliches-recht-neuigkeit-dombert-rechtsanwaelte.jpg\" \/>\n\t<meta property=\"og:image:width\" content=\"380\" \/>\n\t<meta property=\"og:image:height\" content=\"265\" \/>\n\t<meta property=\"og:image:type\" content=\"image\/jpeg\" \/>\n<meta name=\"author\" content=\"Admin\" \/>\n<meta name=\"twitter:card\" content=\"summary_large_image\" \/>\n<meta name=\"twitter:label1\" content=\"Napisane przez\" \/>\n\t<meta name=\"twitter:data1\" content=\"Admin\" \/>\n\t<meta name=\"twitter:label2\" content=\"Szacowany czas czytania\" \/>\n\t<meta name=\"twitter:data2\" content=\"1 minuta\" \/>\n<script type=\"application\/ld+json\" class=\"yoast-schema-graph\">{\"@context\":\"https:\\\/\\\/schema.org\",\"@graph\":[{\"@type\":\"Article\",\"@id\":\"https:\\\/\\\/dombert.de\\\/bundesnetzagentur-verlaengert-auftrag-fuer-dombert-rechtsanwaelte\\\/#article\",\"isPartOf\":{\"@id\":\"https:\\\/\\\/dombert.de\\\/bundesnetzagentur-verlaengert-auftrag-fuer-dombert-rechtsanwaelte\\\/\"},\"author\":{\"name\":\"Admin\",\"@id\":\"https:\\\/\\\/dombert.de\\\/#\\\/schema\\\/person\\\/cab100e6259958a255ba5963a0511ae1\"},\"headline\":\"Bundesnetzagentur verl\u00e4ngert Auftrag f\u00fcr DOMBERT Rechtsanw\u00e4lte\",\"datePublished\":\"2024-08-28T08:00:00+00:00\",\"dateModified\":\"2025-03-23T19:39:29+00:00\",\"mainEntityOfPage\":{\"@id\":\"https:\\\/\\\/dombert.de\\\/bundesnetzagentur-verlaengert-auftrag-fuer-dombert-rechtsanwaelte\\\/\"},\"wordCount\":301,\"publisher\":{\"@id\":\"https:\\\/\\\/dombert.de\\\/#organization\"},\"image\":{\"@id\":\"https:\\\/\\\/dombert.de\\\/bundesnetzagentur-verlaengert-auftrag-fuer-dombert-rechtsanwaelte\\\/#primaryimage\"},\"thumbnailUrl\":\"https:\\\/\\\/dombert.de\\\/wp-content\\\/uploads\\\/2025\\\/01\\\/oeffentliches-recht-neuigkeit-dombert-rechtsanwaelte.jpg\",\"articleSection\":[\"Meldung\"],\"inLanguage\":\"pl-PL\"},{\"@type\":\"WebPage\",\"@id\":\"https:\\\/\\\/dombert.de\\\/bundesnetzagentur-verlaengert-auftrag-fuer-dombert-rechtsanwaelte\\\/\",\"url\":\"https:\\\/\\\/dombert.de\\\/bundesnetzagentur-verlaengert-auftrag-fuer-dombert-rechtsanwaelte\\\/\",\"name\":\"Bundesnetzagentur verl\u00e4ngert Auftrag f\u00fcr DOMBERT Rechtsanw\u00e4lte - DOMBERT Rechtsanw\u00e4lte\",\"isPartOf\":{\"@id\":\"https:\\\/\\\/dombert.de\\\/#website\"},\"primaryImageOfPage\":{\"@id\":\"https:\\\/\\\/dombert.de\\\/bundesnetzagentur-verlaengert-auftrag-fuer-dombert-rechtsanwaelte\\\/#primaryimage\"},\"image\":{\"@id\":\"https:\\\/\\\/dombert.de\\\/bundesnetzagentur-verlaengert-auftrag-fuer-dombert-rechtsanwaelte\\\/#primaryimage\"},\"thumbnailUrl\":\"https:\\\/\\\/dombert.de\\\/wp-content\\\/uploads\\\/2025\\\/01\\\/oeffentliches-recht-neuigkeit-dombert-rechtsanwaelte.jpg\",\"datePublished\":\"2024-08-28T08:00:00+00:00\",\"dateModified\":\"2025-03-23T19:39:29+00:00\",\"breadcrumb\":{\"@id\":\"https:\\\/\\\/dombert.de\\\/bundesnetzagentur-verlaengert-auftrag-fuer-dombert-rechtsanwaelte\\\/#breadcrumb\"},\"inLanguage\":\"pl-PL\",\"potentialAction\":[{\"@type\":\"ReadAction\",\"target\":[\"https:\\\/\\\/dombert.de\\\/bundesnetzagentur-verlaengert-auftrag-fuer-dombert-rechtsanwaelte\\\/\"]}]},{\"@type\":\"ImageObject\",\"inLanguage\":\"pl-PL\",\"@id\":\"https:\\\/\\\/dombert.de\\\/bundesnetzagentur-verlaengert-auftrag-fuer-dombert-rechtsanwaelte\\\/#primaryimage\",\"url\":\"https:\\\/\\\/dombert.de\\\/wp-content\\\/uploads\\\/2025\\\/01\\\/oeffentliches-recht-neuigkeit-dombert-rechtsanwaelte.jpg\",\"contentUrl\":\"https:\\\/\\\/dombert.de\\\/wp-content\\\/uploads\\\/2025\\\/01\\\/oeffentliches-recht-neuigkeit-dombert-rechtsanwaelte.jpg\",\"width\":380,\"height\":265},{\"@type\":\"BreadcrumbList\",\"@id\":\"https:\\\/\\\/dombert.de\\\/bundesnetzagentur-verlaengert-auftrag-fuer-dombert-rechtsanwaelte\\\/#breadcrumb\",\"itemListElement\":[{\"@type\":\"ListItem\",\"position\":1,\"name\":\"Startseite\",\"item\":\"https:\\\/\\\/dombert.de\\\/\"},{\"@type\":\"ListItem\",\"position\":2,\"name\":\"Bundesnetzagentur verl\u00e4ngert Auftrag f\u00fcr DOMBERT Rechtsanw\u00e4lte\"}]},{\"@type\":\"WebSite\",\"@id\":\"https:\\\/\\\/dombert.de\\\/#website\",\"url\":\"https:\\\/\\\/dombert.de\\\/\",\"name\":\"DOMBERT Rechtsanw\u00e4lte\",\"description\":\"Wir sind Ihr kompetenter Ansprechpartner f\u00fcr alle Fragen des \u00f6ffentlichen Rechts.\",\"publisher\":{\"@id\":\"https:\\\/\\\/dombert.de\\\/#organization\"},\"potentialAction\":[{\"@type\":\"SearchAction\",\"target\":{\"@type\":\"EntryPoint\",\"urlTemplate\":\"https:\\\/\\\/dombert.de\\\/?s={search_term_string}\"},\"query-input\":{\"@type\":\"PropertyValueSpecification\",\"valueRequired\":true,\"valueName\":\"search_term_string\"}}],\"inLanguage\":\"pl-PL\"},{\"@type\":\"Organization\",\"@id\":\"https:\\\/\\\/dombert.de\\\/#organization\",\"name\":\"DOMBERT Rechtsanw\u00e4lte\",\"url\":\"https:\\\/\\\/dombert.de\\\/\",\"logo\":{\"@type\":\"ImageObject\",\"inLanguage\":\"pl-PL\",\"@id\":\"https:\\\/\\\/dombert.de\\\/#\\\/schema\\\/logo\\\/image\\\/\",\"url\":\"https:\\\/\\\/dombert.de\\\/wp-content\\\/uploads\\\/2025\\\/02\\\/Dombert-Logo_negativ_rgb.png\",\"contentUrl\":\"https:\\\/\\\/dombert.de\\\/wp-content\\\/uploads\\\/2025\\\/02\\\/Dombert-Logo_negativ_rgb.png\",\"width\":459,\"height\":206,\"caption\":\"DOMBERT Rechtsanw\u00e4lte\"},\"image\":{\"@id\":\"https:\\\/\\\/dombert.de\\\/#\\\/schema\\\/logo\\\/image\\\/\"},\"sameAs\":[\"https:\\\/\\\/www.linkedin.com\\\/company\\\/dombert-rechtsanwaelte\\\/posts\\\/?feedView=all\"]},{\"@type\":\"Person\",\"@id\":\"https:\\\/\\\/dombert.de\\\/#\\\/schema\\\/person\\\/cab100e6259958a255ba5963a0511ae1\",\"name\":\"Admin\",\"image\":{\"@type\":\"ImageObject\",\"inLanguage\":\"pl-PL\",\"@id\":\"https:\\\/\\\/secure.gravatar.com\\\/avatar\\\/39e40254bfea26d3a2709e0f441e4bc39c1685d2b9c174550fafa42a6f4483e7?s=96&d=mm&r=g\",\"url\":\"https:\\\/\\\/secure.gravatar.com\\\/avatar\\\/39e40254bfea26d3a2709e0f441e4bc39c1685d2b9c174550fafa42a6f4483e7?s=96&d=mm&r=g\",\"contentUrl\":\"https:\\\/\\\/secure.gravatar.com\\\/avatar\\\/39e40254bfea26d3a2709e0f441e4bc39c1685d2b9c174550fafa42a6f4483e7?s=96&d=mm&r=g\",\"caption\":\"Admin\"},\"sameAs\":[\"https:\\\/\\\/dombert.de\"]}]}<\/script>\n<!-- \/ Yoast SEO plugin. -->","yoast_head_json":{"title":"Federalna Agencja Sieci przed\u0142u\u017ca umow\u0119 z DOMBERT Rechtsanw\u00e4lte - DOMBERT Rechtsanw\u00e4lte","robots":{"index":"index","follow":"follow","max-snippet":"max-snippet:-1","max-image-preview":"max-image-preview:large","max-video-preview":"max-video-preview:-1"},"canonical":"https:\/\/dombert.de\/pl\/federalna-agencja-sieciowa-przedluza-umowe-z-dombert-rechtsanwaelte\/","og_locale":"pl_PL","og_type":"article","og_title":"Bundesnetzagentur verl\u00e4ngert Auftrag f\u00fcr DOMBERT Rechtsanw\u00e4lte - DOMBERT Rechtsanw\u00e4lte","og_description":"| DOMBERT Rechtsanw\u00e4lte wird die Bundesnetzagentur weitere zweieinhalb Jahre bei den Planungsverfahren f\u00fcr den Stromnetzausbau in Deutschland beraten. Seit 2023 unterst\u00fctzt das Team um die Partner Dr. Jan Thiele und Janko Ge\u00dfner zusammen mit der Berliner Kanzlei Weiss &amp; M\u00fcller sowie den Umweltb\u00fcros Afry und Arbeitsgruppe f\u00fcr Tier\u00f6kologie und Planung die Bundesnetzagentur bei den Vorhaben [&hellip;]","og_url":"https:\/\/dombert.de\/pl\/federalna-agencja-sieciowa-przedluza-umowe-z-dombert-rechtsanwaelte\/","og_site_name":"DOMBERT Rechtsanw\u00e4lte","article_published_time":"2024-08-28T08:00:00+00:00","article_modified_time":"2025-03-23T19:39:29+00:00","og_image":[{"width":380,"height":265,"url":"https:\/\/dombert.de\/wp-content\/uploads\/2025\/01\/oeffentliches-recht-neuigkeit-dombert-rechtsanwaelte.jpg","type":"image\/jpeg"}],"author":"Admin","twitter_card":"summary_large_image","twitter_misc":{"Napisane przez":"Admin","Szacowany czas czytania":"1 minuta"},"schema":{"@context":"https:\/\/schema.org","@graph":[{"@type":"Article","@id":"https:\/\/dombert.de\/bundesnetzagentur-verlaengert-auftrag-fuer-dombert-rechtsanwaelte\/#article","isPartOf":{"@id":"https:\/\/dombert.de\/bundesnetzagentur-verlaengert-auftrag-fuer-dombert-rechtsanwaelte\/"},"author":{"name":"Admin","@id":"https:\/\/dombert.de\/#\/schema\/person\/cab100e6259958a255ba5963a0511ae1"},"headline":"Bundesnetzagentur verl\u00e4ngert Auftrag f\u00fcr DOMBERT Rechtsanw\u00e4lte","datePublished":"2024-08-28T08:00:00+00:00","dateModified":"2025-03-23T19:39:29+00:00","mainEntityOfPage":{"@id":"https:\/\/dombert.de\/bundesnetzagentur-verlaengert-auftrag-fuer-dombert-rechtsanwaelte\/"},"wordCount":301,"publisher":{"@id":"https:\/\/dombert.de\/#organization"},"image":{"@id":"https:\/\/dombert.de\/bundesnetzagentur-verlaengert-auftrag-fuer-dombert-rechtsanwaelte\/#primaryimage"},"thumbnailUrl":"https:\/\/dombert.de\/wp-content\/uploads\/2025\/01\/oeffentliches-recht-neuigkeit-dombert-rechtsanwaelte.jpg","articleSection":["Meldung"],"inLanguage":"pl-PL"},{"@type":"WebPage","@id":"https:\/\/dombert.de\/bundesnetzagentur-verlaengert-auftrag-fuer-dombert-rechtsanwaelte\/","url":"https:\/\/dombert.de\/bundesnetzagentur-verlaengert-auftrag-fuer-dombert-rechtsanwaelte\/","name":"Federalna Agencja Sieci przed\u0142u\u017ca umow\u0119 z DOMBERT Rechtsanw\u00e4lte - DOMBERT Rechtsanw\u00e4lte","isPartOf":{"@id":"https:\/\/dombert.de\/#website"},"primaryImageOfPage":{"@id":"https:\/\/dombert.de\/bundesnetzagentur-verlaengert-auftrag-fuer-dombert-rechtsanwaelte\/#primaryimage"},"image":{"@id":"https:\/\/dombert.de\/bundesnetzagentur-verlaengert-auftrag-fuer-dombert-rechtsanwaelte\/#primaryimage"},"thumbnailUrl":"https:\/\/dombert.de\/wp-content\/uploads\/2025\/01\/oeffentliches-recht-neuigkeit-dombert-rechtsanwaelte.jpg","datePublished":"2024-08-28T08:00:00+00:00","dateModified":"2025-03-23T19:39:29+00:00","breadcrumb":{"@id":"https:\/\/dombert.de\/bundesnetzagentur-verlaengert-auftrag-fuer-dombert-rechtsanwaelte\/#breadcrumb"},"inLanguage":"pl-PL","potentialAction":[{"@type":"ReadAction","target":["https:\/\/dombert.de\/bundesnetzagentur-verlaengert-auftrag-fuer-dombert-rechtsanwaelte\/"]}]},{"@type":"ImageObject","inLanguage":"pl-PL","@id":"https:\/\/dombert.de\/bundesnetzagentur-verlaengert-auftrag-fuer-dombert-rechtsanwaelte\/#primaryimage","url":"https:\/\/dombert.de\/wp-content\/uploads\/2025\/01\/oeffentliches-recht-neuigkeit-dombert-rechtsanwaelte.jpg","contentUrl":"https:\/\/dombert.de\/wp-content\/uploads\/2025\/01\/oeffentliches-recht-neuigkeit-dombert-rechtsanwaelte.jpg","width":380,"height":265},{"@type":"BreadcrumbList","@id":"https:\/\/dombert.de\/bundesnetzagentur-verlaengert-auftrag-fuer-dombert-rechtsanwaelte\/#breadcrumb","itemListElement":[{"@type":"ListItem","position":1,"name":"Startseite","item":"https:\/\/dombert.de\/"},{"@type":"ListItem","position":2,"name":"Bundesnetzagentur verl\u00e4ngert Auftrag f\u00fcr DOMBERT Rechtsanw\u00e4lte"}]},{"@type":"WebSite","@id":"https:\/\/dombert.de\/#website","url":"https:\/\/dombert.de\/","name":"DOMBERT Rechtsanw\u00e4lte","description":"Jeste\u015bmy kompetentnym partnerem we wszystkich kwestiach zwi\u0105zanych z prawem publicznym.","publisher":{"@id":"https:\/\/dombert.de\/#organization"},"potentialAction":[{"@type":"SearchAction","target":{"@type":"EntryPoint","urlTemplate":"https:\/\/dombert.de\/?s={search_term_string}"},"query-input":{"@type":"PropertyValueSpecification","valueRequired":true,"valueName":"search_term_string"}}],"inLanguage":"pl-PL"},{"@type":"Organization","@id":"https:\/\/dombert.de\/#organization","name":"DOMBERT Rechtsanw\u00e4lte","url":"https:\/\/dombert.de\/","logo":{"@type":"ImageObject","inLanguage":"pl-PL","@id":"https:\/\/dombert.de\/#\/schema\/logo\/image\/","url":"https:\/\/dombert.de\/wp-content\/uploads\/2025\/02\/Dombert-Logo_negativ_rgb.png","contentUrl":"https:\/\/dombert.de\/wp-content\/uploads\/2025\/02\/Dombert-Logo_negativ_rgb.png","width":459,"height":206,"caption":"DOMBERT Rechtsanw\u00e4lte"},"image":{"@id":"https:\/\/dombert.de\/#\/schema\/logo\/image\/"},"sameAs":["https:\/\/www.linkedin.com\/company\/dombert-rechtsanwaelte\/posts\/?feedView=all"]},{"@type":"Person","@id":"https:\/\/dombert.de\/#\/schema\/person\/cab100e6259958a255ba5963a0511ae1","name":"Administrator","image":{"@type":"ImageObject","inLanguage":"pl-PL","@id":"https:\/\/secure.gravatar.com\/avatar\/39e40254bfea26d3a2709e0f441e4bc39c1685d2b9c174550fafa42a6f4483e7?s=96&d=mm&r=g","url":"https:\/\/secure.gravatar.com\/avatar\/39e40254bfea26d3a2709e0f441e4bc39c1685d2b9c174550fafa42a6f4483e7?s=96&d=mm&r=g","contentUrl":"https:\/\/secure.gravatar.com\/avatar\/39e40254bfea26d3a2709e0f441e4bc39c1685d2b9c174550fafa42a6f4483e7?s=96&d=mm&r=g","caption":"Admin"},"sameAs":["https:\/\/dombert.de"]}]}},"publishpress_future_workflow_manual_trigger":{"enabledWorkflows":[]},"_links":{"self":[{"href":"https:\/\/dombert.de\/pl\/wp-json\/wp\/v2\/posts\/4359","targetHints":{"allow":["GET"]}}],"collection":[{"href":"https:\/\/dombert.de\/pl\/wp-json\/wp\/v2\/posts"}],"about":[{"href":"https:\/\/dombert.de\/pl\/wp-json\/wp\/v2\/types\/post"}],"author":[{"embeddable":true,"href":"https:\/\/dombert.de\/pl\/wp-json\/wp\/v2\/users\/3"}],"replies":[{"embeddable":true,"href":"https:\/\/dombert.de\/pl\/wp-json\/wp\/v2\/comments?post=4359"}],"version-history":[{"count":7,"href":"https:\/\/dombert.de\/pl\/wp-json\/wp\/v2\/posts\/4359\/revisions"}],"predecessor-version":[{"id":7649,"href":"https:\/\/dombert.de\/pl\/wp-json\/wp\/v2\/posts\/4359\/revisions\/7649"}],"wp:featuredmedia":[{"embeddable":true,"href":"https:\/\/dombert.de\/pl\/wp-json\/wp\/v2\/media\/2114"}],"wp:attachment":[{"href":"https:\/\/dombert.de\/pl\/wp-json\/wp\/v2\/media?parent=4359"}],"wp:term":[{"taxonomy":"category","embeddable":true,"href":"https:\/\/dombert.de\/pl\/wp-json\/wp\/v2\/categories?post=4359"},{"taxonomy":"post_tag","embeddable":true,"href":"https:\/\/dombert.de\/pl\/wp-json\/wp\/v2\/tags?post=4359"},{"taxonomy":"secondary-autor","embeddable":true,"href":"https:\/\/dombert.de\/pl\/wp-json\/wp\/v2\/secondary-autor?post=4359"}],"curies":[{"name":"wp","href":"https:\/\/api.w.org\/{rel}","templated":true}]}}