{"id":4426,"date":"2024-08-19T10:00:00","date_gmt":"2024-08-19T08:00:00","guid":{"rendered":"https:\/\/dombert.de\/?p=4426"},"modified":"2025-03-23T20:41:15","modified_gmt":"2025-03-23T19:41:15","slug":"rzad-federalny-chce-wesprzec-opieke-nad-dziecmi-kwota-czterech-miliardow-euro","status":"publish","type":"post","link":"https:\/\/dombert.de\/pl\/bund-will-kinderbetreuung-mit-vier-milliarden-euro-unterstuetzen\/","title":{"rendered":"Rz\u0105d federalny chce wesprze\u0107 opiek\u0119 nad dzie\u0107mi kwot\u0105 czterech miliard\u00f3w euro"},"content":{"rendered":"<div data-elementor-type=\"wp-post\" data-elementor-id=\"4426\" class=\"elementor elementor-4426\" data-elementor-post-type=\"post\">\n\t\t\t\t<div class=\"elementor-element elementor-element-d23060c e-con-full e-flex e-con e-parent\" data-id=\"d23060c\" data-element_type=\"container\" data-e-type=\"container\" data-settings=\"{&quot;background_background&quot;:&quot;classic&quot;}\">\n\t\t<div class=\"elementor-element elementor-element-a9bdc5a e-con-full e-flex e-con e-child\" data-id=\"a9bdc5a\" data-element_type=\"container\" data-e-type=\"container\">\n\t\t\t\t<div class=\"elementor-element elementor-element-7db5200 elementor-widget-divider--view-line elementor-widget elementor-widget-divider\" data-id=\"7db5200\" data-element_type=\"widget\" data-e-type=\"widget\" data-widget_type=\"divider.default\">\n\t\t\t\t<div class=\"elementor-widget-container\">\n\t\t\t\t\t\t\t<div class=\"elementor-divider\">\n\t\t\t<span class=\"elementor-divider-separator\">\n\t\t\t\t\t\t<\/span>\n\t\t<\/div>\n\t\t\t\t\t\t<\/div>\n\t\t\t\t<\/div>\n\t\t\t\t<div class=\"elementor-element elementor-element-af9fe0f elementor-widget__width-auto elementor-widget-mobile__width-initial elementor-widget elementor-widget-heading\" data-id=\"af9fe0f\" data-element_type=\"widget\" data-e-type=\"widget\" data-widget_type=\"heading.default\">\n\t\t\t\t<div class=\"elementor-widget-container\">\n\t\t\t\t\t<h2 class=\"elementor-heading-title elementor-size-default\">Rz\u0105d federalny chce wesprze\u0107 opiek\u0119 nad dzie\u0107mi kwot\u0105 czterech miliard\u00f3w euro<\/h2>\t\t\t\t<\/div>\n\t\t\t\t<\/div>\n\t\t<div class=\"elementor-element elementor-element-64a9f36 e-con-full e-flex e-con e-child\" data-id=\"64a9f36\" data-element_type=\"container\" data-e-type=\"container\">\n\t\t\t\t<div class=\"elementor-element elementor-element-064b7b9 elementor-widget__width-initial elementor-widget-divider--view-line elementor-widget elementor-widget-divider\" data-id=\"064b7b9\" data-element_type=\"widget\" data-e-type=\"widget\" data-widget_type=\"divider.default\">\n\t\t\t\t<div class=\"elementor-widget-container\">\n\t\t\t\t\t\t\t<div class=\"elementor-divider\">\n\t\t\t<span class=\"elementor-divider-separator\">\n\t\t\t\t\t\t<\/span>\n\t\t<\/div>\n\t\t\t\t\t\t<\/div>\n\t\t\t\t<\/div>\n\t\t\t\t<div class=\"elementor-element elementor-element-6b96a01 elementor-widget__width-auto elementor-widget-tablet__width-initial elementor-widget-tablet_extra__width-initial elementor-widget elementor-widget-heading\" data-id=\"6b96a01\" data-element_type=\"widget\" data-e-type=\"widget\" data-widget_type=\"heading.default\">\n\t\t\t\t<div class=\"elementor-widget-container\">\n\t\t\t\t\t<h3 class=\"elementor-heading-title elementor-size-default\"><span>Charlotte Blech, LL.M. (UCLA)<\/span> | <span>Dr Beate Schulte zu Sodingen<\/span> | <span>Franziska Wilke<\/span><\/h3>\t\t\t\t<\/div>\n\t\t\t\t<\/div>\n\t\t\t\t<\/div>\n\t\t<div class=\"elementor-element elementor-element-5958f26 e-con-full e-flex e-con e-child\" data-id=\"5958f26\" data-element_type=\"container\" data-e-type=\"container\">\n\t\t\t\t<div class=\"elementor-element elementor-element-8348516 elementor-widget__width-auto elementor-view-default elementor-widget elementor-widget-icon\" data-id=\"8348516\" data-element_type=\"widget\" data-e-type=\"widget\" data-widget_type=\"icon.default\">\n\t\t\t\t<div class=\"elementor-widget-container\">\n\t\t\t\t\t\t\t<div class=\"elementor-icon-wrapper\">\n\t\t\t<a class=\"elementor-icon elementor-animation-grow\" href=\"https:\/\/www.linkedin.com\/company\/dombert-rechtsanwaelte\/posts\/?feedView=all\" target=\"_blank\">\n\t\t\t<svg aria-hidden=\"true\" class=\"e-font-icon-svg e-fab-linkedin\" viewbox=\"0 0 448 512\" xmlns=\"http:\/\/www.w3.org\/2000\/svg\"><path d=\"M416 32H31.9C14.3 32 0 46.5 0 64.3v383.4C0 465.5 14.3 480 31.9 480H416c17.6 0 32-14.5 32-32.3V64.3c0-17.8-14.4-32.3-32-32.3zM135.4 416H69V202.2h66.5V416zm-33.2-243c-21.3 0-38.5-17.3-38.5-38.5S80.9 96 102.2 96c21.2 0 38.5 17.3 38.5 38.5 0 21.3-17.2 38.5-38.5 38.5zm282.1 243h-66.4V312c0-24.8-.5-56.7-34.5-56.7-34.6 0-39.9 27-39.9 54.9V416h-66.4V202.2h63.7v29.2h.9c8.9-16.8 30.6-34.5 62.9-34.5 67.2 0 79.7 44.3 79.7 101.9V416z\"><\/path><\/svg>\t\t\t<\/a>\n\t\t<\/div>\n\t\t\t\t\t\t<\/div>\n\t\t\t\t<\/div>\n\t\t\t\t<\/div>\n\t\t\t\t<\/div>\n\t\t\t\t<\/div>\n\t\t<div class=\"elementor-element elementor-element-48778833 e-con-full e-flex e-con e-parent\" data-id=\"48778833\" data-element_type=\"container\" data-e-type=\"container\" data-settings=\"{&quot;background_background&quot;:&quot;classic&quot;}\">\n\t\t<div class=\"elementor-element elementor-element-57af0aaa e-con-full e-flex e-con e-child\" data-id=\"57af0aaa\" data-element_type=\"container\" data-e-type=\"container\">\n\t\t<div class=\"elementor-element elementor-element-26ba19b2 e-con-full e-flex e-con e-child\" data-id=\"26ba19b2\" data-element_type=\"container\" data-e-type=\"container\">\n\t\t\t\t<div class=\"elementor-element elementor-element-1d7fa765 elementor-widget__width-initial elementor-widget-divider--view-line elementor-widget elementor-widget-divider\" data-id=\"1d7fa765\" data-element_type=\"widget\" data-e-type=\"widget\" data-widget_type=\"divider.default\">\n\t\t\t\t<div class=\"elementor-widget-container\">\n\t\t\t\t\t\t\t<div class=\"elementor-divider\">\n\t\t\t<span class=\"elementor-divider-separator\">\n\t\t\t\t\t\t<\/span>\n\t\t<\/div>\n\t\t\t\t\t\t<\/div>\n\t\t\t\t<\/div>\n\t\t\t\t<div class=\"elementor-element elementor-element-3d96aa07 elementor-widget__width-auto elementor-widget-tablet__width-auto elementor-widget-mobile__width-auto elementor-widget elementor-widget-heading\" data-id=\"3d96aa07\" data-element_type=\"widget\" data-e-type=\"widget\" data-widget_type=\"heading.default\">\n\t\t\t\t<div class=\"elementor-widget-container\">\n\t\t\t\t\t<h3 class=\"elementor-heading-title elementor-size-default\"><span>Wiadomo\u015b\u0107<\/span><\/h3>\t\t\t\t<\/div>\n\t\t\t\t<\/div>\n\t\t\t\t<div class=\"elementor-element elementor-element-650aa86f elementor-widget__width-auto elementor-widget-tablet__width-auto elementor-widget-mobile__width-auto elementor-widget elementor-widget-heading\" data-id=\"650aa86f\" data-element_type=\"widget\" data-e-type=\"widget\" data-widget_type=\"heading.default\">\n\t\t\t\t<div class=\"elementor-widget-container\">\n\t\t\t\t\t<h3 class=\"elementor-heading-title elementor-size-default\">|<\/h3>\t\t\t\t<\/div>\n\t\t\t\t<\/div>\n\t\t\t\t<div class=\"elementor-element elementor-element-2e61df03 elementor-widget__width-auto elementor-widget-tablet__width-auto elementor-widget-mobile__width-auto elementor-widget elementor-widget-heading\" data-id=\"2e61df03\" data-element_type=\"widget\" data-e-type=\"widget\" data-widget_type=\"heading.default\">\n\t\t\t\t<div class=\"elementor-widget-container\">\n\t\t\t\t\t<h3 class=\"elementor-heading-title elementor-size-default\">19.08.2024<\/h3>\t\t\t\t<\/div>\n\t\t\t\t<\/div>\n\t\t\t\t<\/div>\n\t\t\t\t<div class=\"elementor-element elementor-element-14ecacf7 elementor-widget__width-initial elementor-widget-tablet__width-initial elementor-widget-mobile__width-initial elementor-widget elementor-widget-text-editor\" data-id=\"14ecacf7\" data-element_type=\"widget\" data-e-type=\"widget\" data-widget_type=\"text-editor.default\">\n\t\t\t\t<div class=\"elementor-widget-container\">\n\t\t\t\t\t\t\t\t\t<p>Niemiecki rz\u0105d wesprze opiek\u0119 nad dzie\u0107mi w Niemczech kwot\u0105 czterech miliard\u00f3w euro w latach 2025 i 2026. Decyzja ta zosta\u0142a podj\u0119ta przez rz\u0105d wraz z trzeci\u0105 ustaw\u0105 o jako\u015bci opieki nad dzie\u0107mi, kt\u00f3ra ma wej\u015b\u0107 w \u017cycie 1 stycznia 2025 roku. Ustawa okre\u015bla siedem obszar\u00f3w dzia\u0142ania, na kt\u00f3re maj\u0105 zosta\u0107 przeznaczone pieni\u0105dze. Obejmuj\u0105 one rekrutacj\u0119 wyspecjalizowanego personelu, zapewnienie opieki opartej na potrzebach, dobry stosunek opieki nad dzie\u0107mi oraz promowanie rozwoju j\u0119zykowego i zdrowia. Pieni\u0105dze nie mog\u0105 by\u0107 jednak wykorzystywane do dalszego obni\u017cania sk\u0142adek rodzicielskich. Nie nale\u017cy ich r\u00f3wnie\u017c wykorzystywa\u0107 do poprawy projektu lokalu. Zgodnie z poprzednimi przepisami by\u0142y to dwa obszary, w kt\u00f3re nadal mo\u017cna by\u0142o inwestowa\u0107 fundusze federalne. Nowe prawo przewiduje jednak okres przej\u015bciowy do ko\u0144ca 2025 r., aby o\u015brodki opieki nad dzie\u0107mi mog\u0142y si\u0119 dostosowa\u0107.<\/p><p>\u00a0<\/p><p>W przeciwie\u0144stwie do umowy koalicyjnej, ustawa nie zawiera \u017cadnych og\u00f3lnokrajowych standard\u00f3w opieki nad dzie\u0107mi w Niemczech. Celem jest jednak zharmonizowanie jako\u015bci o\u015brodk\u00f3w opieki dziennej, a tym samym zapewnienie r\u00f3wnych szans wszystkim dzieciom.<\/p><p>\u00a0<\/p><p>Osobami kontaktowymi w sprawach dotycz\u0105cych prawa \u017c\u0142obkowego i szkolnego w naszej praktyce s\u0105 prawnicy\u00a0<a href=\"https:\/\/dombert.de\/pl\/osoba\/dr-beate-schulte-zu-sodingen\/\">Dr Beate Schulte zu Sodingen<\/a>,<a href=\"https:\/\/dombert.de\/pl\/osoba\/franziska-wilke\/\">\u00a0Franziska Wilke<\/a>\u00a0i\u00a0<a href=\"https:\/\/dombert.de\/pl\/osoba\/charlotte-blech-ll-m-ucla\/\">Charlotte Blech<\/a>.<\/p>\t\t\t\t\t\t\t\t<\/div>\n\t\t\t\t<\/div>\n\t\t\t\t<\/div>\n\t\t\t\t<\/div>\n\t\t<div class=\"elementor-element elementor-element-44e2973c e-con-full e-flex e-con e-parent\" data-id=\"44e2973c\" data-element_type=\"container\" data-e-type=\"container\" data-settings=\"{&quot;background_background&quot;:&quot;classic&quot;}\">\n\t\t<div class=\"elementor-element elementor-element-5f6546d0 e-con-full e-flex e-con e-child\" data-id=\"5f6546d0\" data-element_type=\"container\" data-e-type=\"container\">\n\t\t\t\t<div class=\"elementor-element elementor-element-3d7a69bb elementor-widget__width-initial elementor-widget elementor-widget-heading\" data-id=\"3d7a69bb\" data-element_type=\"widget\" data-e-type=\"widget\" data-widget_type=\"heading.default\">\n\t\t\t\t<div class=\"elementor-widget-container\">\n\t\t\t\t\t<h2 class=\"elementor-heading-title elementor-size-default\"><b>DOMBERT<\/b> Prawnicy <\/h2>\t\t\t\t<\/div>\n\t\t\t\t<\/div>\n\t\t<div class=\"elementor-element elementor-element-1ebf9da1 e-con-full e-flex e-con e-child\" data-id=\"1ebf9da1\" data-element_type=\"container\" data-e-type=\"container\">\n\t\t\t\t<div class=\"elementor-element elementor-element-b99137e elementor-widget__width-initial elementor-widget-divider--view-line elementor-widget elementor-widget-divider\" data-id=\"b99137e\" data-element_type=\"widget\" data-e-type=\"widget\" data-widget_type=\"divider.default\">\n\t\t\t\t<div class=\"elementor-widget-container\">\n\t\t\t\t\t\t\t<div class=\"elementor-divider\">\n\t\t\t<span class=\"elementor-divider-separator\">\n\t\t\t\t\t\t<\/span>\n\t\t<\/div>\n\t\t\t\t\t\t<\/div>\n\t\t\t\t<\/div>\n\t\t\t\t<div class=\"elementor-element elementor-element-5ece9c74 elementor-widget__width-auto elementor-widget-tablet_extra__width-initial elementor-widget-tablet__width-initial elementor-widget-mobile_extra__width-initial elementor-widget-mobile__width-initial elementor-widget elementor-widget-heading\" data-id=\"5ece9c74\" data-element_type=\"widget\" data-e-type=\"widget\" data-widget_type=\"heading.default\">\n\t\t\t\t<div class=\"elementor-widget-container\">\n\t\t\t\t\t<h3 class=\"elementor-heading-title elementor-size-default\">Nasza praca obejmuje wszystkie kwestie prawne i konflikty, w kt\u00f3re zaanga\u017cowane s\u0105 pa\u0144stwo, gminy lub w\u0142adze.<\/h3>\t\t\t\t<\/div>\n\t\t\t\t<\/div>\n\t\t\t\t<\/div>\n\t\t<div class=\"elementor-element elementor-element-296d94f2 e-con-full e-flex e-con e-child\" data-id=\"296d94f2\" data-element_type=\"container\" data-e-type=\"container\">\n\t\t\t\t<div class=\"elementor-element elementor-element-7a8d12f1 elementor-widget elementor-widget-button\" data-id=\"7a8d12f1\" data-element_type=\"widget\" data-e-type=\"widget\" data-widget_type=\"button.default\">\n\t\t\t\t<div class=\"elementor-widget-container\">\n\t\t\t\t\t\t\t\t\t<div class=\"elementor-button-wrapper\">\n\t\t\t\t\t<a class=\"elementor-button elementor-button-link elementor-size-sm\" href=\"https:\/\/dombert.de\/pl\/kancelaria-prawna\/\">\n\t\t\t\t\t\t<span class=\"elementor-button-content-wrapper\">\n\t\t\t\t\t\t\t\t\t<span class=\"elementor-button-text\">Wi\u0119cej informacji o naszej kancelarii<\/span>\n\t\t\t\t\t<\/span>\n\t\t\t\t\t<\/a>\n\t\t\t\t<\/div>\n\t\t\t\t\t\t\t\t<\/div>\n\t\t\t\t<\/div>\n\t\t\t\t<div class=\"elementor-element elementor-element-3a3f0344 elementor-widget elementor-widget-button\" data-id=\"3a3f0344\" data-element_type=\"widget\" data-e-type=\"widget\" data-widget_type=\"button.default\">\n\t\t\t\t<div class=\"elementor-widget-container\">\n\t\t\t\t\t\t\t\t\t<div class=\"elementor-button-wrapper\">\n\t\t\t\t\t<a class=\"elementor-button elementor-button-link elementor-size-sm\" href=\"https:\/\/dombert.de\/pl\/#kompetenzen\">\n\t\t\t\t\t\t<span class=\"elementor-button-content-wrapper\">\n\t\t\t\t\t\t\t\t\t<span class=\"elementor-button-text\">Wi\u0119cej o naszej wiedzy specjalistycznej<\/span>\n\t\t\t\t\t<\/span>\n\t\t\t\t\t<\/a>\n\t\t\t\t<\/div>\n\t\t\t\t\t\t\t\t<\/div>\n\t\t\t\t<\/div>\n\t\t\t\t<\/div>\n\t\t\t\t<\/div>\n\t\t\t\t<\/div>\n\t\t\t\t<\/div>","protected":false},"excerpt":{"rendered":"<p>| F\u00fcr die Jahre 2025 und 2026 wird die Bundesregierung die Kinderbetreuung in Deutschland mit vier Milliarden Euro unterst\u00fctzen. Das hat das Kabinett mit dem dritten Kita-Qualit\u00e4tsgesetz beschlossen, das am 1. Januar 2025 in Kraft treten soll. Das Gesetz definiert sieben Handlungsfelder, in die das Geld flie\u00dfen soll. Dazu geh\u00f6rt die Gewinnung von Fachkr\u00e4ften, ein [&hellip;]<\/p>\n","protected":false},"author":3,"featured_media":2114,"comment_status":"closed","ping_status":"closed","sticky":false,"template":"","format":"standard","meta":{"_acf_changed":false,"site-sidebar-layout":"default","site-content-layout":"","ast-site-content-layout":"default","site-content-style":"default","site-sidebar-style":"default","ast-global-header-display":"","ast-banner-title-visibility":"","ast-main-header-display":"","ast-hfb-above-header-display":"","ast-hfb-below-header-display":"","ast-hfb-mobile-header-display":"","site-post-title":"","ast-breadcrumbs-content":"","ast-featured-img":"disabled","footer-sml-layout":"","ast-disable-related-posts":"","theme-transparent-header-meta":"","adv-header-id-meta":"","stick-header-meta":"","header-above-stick-meta":"","header-main-stick-meta":"","header-below-stick-meta":"","astra-migrate-meta-layouts":"set","ast-page-background-enabled":"default","ast-page-background-meta":{"desktop":{"background-color":"","background-image":"","background-repeat":"repeat","background-position":"center center","background-size":"auto","background-attachment":"scroll","background-type":"","background-media":"","overlay-type":"","overlay-color":"","overlay-opacity":"","overlay-gradient":""},"tablet":{"background-color":"","background-image":"","background-repeat":"repeat","background-position":"center center","background-size":"auto","background-attachment":"scroll","background-type":"","background-media":"","overlay-type":"","overlay-color":"","overlay-opacity":"","overlay-gradient":""},"mobile":{"background-color":"","background-image":"","background-repeat":"repeat","background-position":"center center","background-size":"auto","background-attachment":"scroll","background-type":"","background-media":"","overlay-type":"","overlay-color":"","overlay-opacity":"","overlay-gradient":""}},"ast-content-background-meta":{"desktop":{"background-color":"var(--ast-global-color-5)","background-image":"","background-repeat":"repeat","background-position":"center center","background-size":"auto","background-attachment":"scroll","background-type":"","background-media":"","overlay-type":"","overlay-color":"","overlay-opacity":"","overlay-gradient":""},"tablet":{"background-color":"var(--ast-global-color-5)","background-image":"","background-repeat":"repeat","background-position":"center center","background-size":"auto","background-attachment":"scroll","background-type":"","background-media":"","overlay-type":"","overlay-color":"","overlay-opacity":"","overlay-gradient":""},"mobile":{"background-color":"var(--ast-global-color-5)","background-image":"","background-repeat":"repeat","background-position":"center center","background-size":"auto","background-attachment":"scroll","background-type":"","background-media":"","overlay-type":"","overlay-color":"","overlay-opacity":"","overlay-gradient":""}},"footnotes":""},"categories":[45],"tags":[],"secondary-autor":[115,102,88],"class_list":["post-4426","post","type-post","status-publish","format-standard","has-post-thumbnail","hentry","category-meldung","secondary-autor-charlotte-blech-ll-m-ucla","secondary-autor-dr-beate-schulte-zu-sodingen","secondary-autor-franziska-wilke"],"acf":[],"yoast_head":"<!-- This site is optimized with the Yoast SEO plugin v27.4 - https:\/\/yoast.com\/product\/yoast-seo-wordpress\/ -->\n<title>Bund will Kinderbetreuung mit vier Milliarden Euro unterst\u00fctzen - DOMBERT Rechtsanw\u00e4lte<\/title>\n<meta name=\"robots\" content=\"index, follow, max-snippet:-1, max-image-preview:large, max-video-preview:-1\" \/>\n<link rel=\"canonical\" href=\"https:\/\/dombert.de\/pl\/rzad-federalny-chce-wesprzec-opieke-nad-dziecmi-kwota-czterech-miliardow-euro\/\" \/>\n<meta property=\"og:locale\" content=\"pl_PL\" \/>\n<meta property=\"og:type\" content=\"article\" \/>\n<meta property=\"og:title\" content=\"Bund will Kinderbetreuung mit vier Milliarden Euro unterst\u00fctzen - DOMBERT Rechtsanw\u00e4lte\" \/>\n<meta property=\"og:description\" content=\"| F\u00fcr die Jahre 2025 und 2026 wird die Bundesregierung die Kinderbetreuung in Deutschland mit vier Milliarden Euro unterst\u00fctzen. Das hat das Kabinett mit dem dritten Kita-Qualit\u00e4tsgesetz beschlossen, das am 1. Januar 2025 in Kraft treten soll. Das Gesetz definiert sieben Handlungsfelder, in die das Geld flie\u00dfen soll. Dazu geh\u00f6rt die Gewinnung von Fachkr\u00e4ften, ein [&hellip;]\" \/>\n<meta property=\"og:url\" content=\"https:\/\/dombert.de\/pl\/rzad-federalny-chce-wesprzec-opieke-nad-dziecmi-kwota-czterech-miliardow-euro\/\" \/>\n<meta property=\"og:site_name\" content=\"DOMBERT Rechtsanw\u00e4lte\" \/>\n<meta property=\"article:published_time\" content=\"2024-08-19T08:00:00+00:00\" \/>\n<meta property=\"article:modified_time\" content=\"2025-03-23T19:41:15+00:00\" \/>\n<meta property=\"og:image\" content=\"https:\/\/dombert.de\/wp-content\/uploads\/2025\/01\/oeffentliches-recht-neuigkeit-dombert-rechtsanwaelte.jpg\" \/>\n\t<meta property=\"og:image:width\" content=\"380\" \/>\n\t<meta property=\"og:image:height\" content=\"265\" \/>\n\t<meta property=\"og:image:type\" content=\"image\/jpeg\" \/>\n<meta name=\"author\" content=\"Admin\" \/>\n<meta name=\"twitter:card\" content=\"summary_large_image\" \/>\n<meta name=\"twitter:label1\" content=\"Napisane przez\" \/>\n\t<meta name=\"twitter:data1\" content=\"Admin\" \/>\n\t<meta name=\"twitter:label2\" content=\"Szacowany czas czytania\" \/>\n\t<meta name=\"twitter:data2\" content=\"1 minuta\" \/>\n<script type=\"application\/ld+json\" class=\"yoast-schema-graph\">{\"@context\":\"https:\\\/\\\/schema.org\",\"@graph\":[{\"@type\":\"Article\",\"@id\":\"https:\\\/\\\/dombert.de\\\/bund-will-kinderbetreuung-mit-vier-milliarden-euro-unterstuetzen\\\/#article\",\"isPartOf\":{\"@id\":\"https:\\\/\\\/dombert.de\\\/bund-will-kinderbetreuung-mit-vier-milliarden-euro-unterstuetzen\\\/\"},\"author\":{\"name\":\"Admin\",\"@id\":\"https:\\\/\\\/dombert.de\\\/#\\\/schema\\\/person\\\/cab100e6259958a255ba5963a0511ae1\"},\"headline\":\"Bund will Kinderbetreuung mit vier Milliarden Euro unterst\u00fctzen\",\"datePublished\":\"2024-08-19T08:00:00+00:00\",\"dateModified\":\"2025-03-23T19:41:15+00:00\",\"mainEntityOfPage\":{\"@id\":\"https:\\\/\\\/dombert.de\\\/bund-will-kinderbetreuung-mit-vier-milliarden-euro-unterstuetzen\\\/\"},\"wordCount\":236,\"publisher\":{\"@id\":\"https:\\\/\\\/dombert.de\\\/#organization\"},\"image\":{\"@id\":\"https:\\\/\\\/dombert.de\\\/bund-will-kinderbetreuung-mit-vier-milliarden-euro-unterstuetzen\\\/#primaryimage\"},\"thumbnailUrl\":\"https:\\\/\\\/dombert.de\\\/wp-content\\\/uploads\\\/2025\\\/01\\\/oeffentliches-recht-neuigkeit-dombert-rechtsanwaelte.jpg\",\"articleSection\":[\"Meldung\"],\"inLanguage\":\"pl-PL\"},{\"@type\":\"WebPage\",\"@id\":\"https:\\\/\\\/dombert.de\\\/bund-will-kinderbetreuung-mit-vier-milliarden-euro-unterstuetzen\\\/\",\"url\":\"https:\\\/\\\/dombert.de\\\/bund-will-kinderbetreuung-mit-vier-milliarden-euro-unterstuetzen\\\/\",\"name\":\"Bund will Kinderbetreuung mit vier Milliarden Euro unterst\u00fctzen - DOMBERT Rechtsanw\u00e4lte\",\"isPartOf\":{\"@id\":\"https:\\\/\\\/dombert.de\\\/#website\"},\"primaryImageOfPage\":{\"@id\":\"https:\\\/\\\/dombert.de\\\/bund-will-kinderbetreuung-mit-vier-milliarden-euro-unterstuetzen\\\/#primaryimage\"},\"image\":{\"@id\":\"https:\\\/\\\/dombert.de\\\/bund-will-kinderbetreuung-mit-vier-milliarden-euro-unterstuetzen\\\/#primaryimage\"},\"thumbnailUrl\":\"https:\\\/\\\/dombert.de\\\/wp-content\\\/uploads\\\/2025\\\/01\\\/oeffentliches-recht-neuigkeit-dombert-rechtsanwaelte.jpg\",\"datePublished\":\"2024-08-19T08:00:00+00:00\",\"dateModified\":\"2025-03-23T19:41:15+00:00\",\"breadcrumb\":{\"@id\":\"https:\\\/\\\/dombert.de\\\/bund-will-kinderbetreuung-mit-vier-milliarden-euro-unterstuetzen\\\/#breadcrumb\"},\"inLanguage\":\"pl-PL\",\"potentialAction\":[{\"@type\":\"ReadAction\",\"target\":[\"https:\\\/\\\/dombert.de\\\/bund-will-kinderbetreuung-mit-vier-milliarden-euro-unterstuetzen\\\/\"]}]},{\"@type\":\"ImageObject\",\"inLanguage\":\"pl-PL\",\"@id\":\"https:\\\/\\\/dombert.de\\\/bund-will-kinderbetreuung-mit-vier-milliarden-euro-unterstuetzen\\\/#primaryimage\",\"url\":\"https:\\\/\\\/dombert.de\\\/wp-content\\\/uploads\\\/2025\\\/01\\\/oeffentliches-recht-neuigkeit-dombert-rechtsanwaelte.jpg\",\"contentUrl\":\"https:\\\/\\\/dombert.de\\\/wp-content\\\/uploads\\\/2025\\\/01\\\/oeffentliches-recht-neuigkeit-dombert-rechtsanwaelte.jpg\",\"width\":380,\"height\":265},{\"@type\":\"BreadcrumbList\",\"@id\":\"https:\\\/\\\/dombert.de\\\/bund-will-kinderbetreuung-mit-vier-milliarden-euro-unterstuetzen\\\/#breadcrumb\",\"itemListElement\":[{\"@type\":\"ListItem\",\"position\":1,\"name\":\"Startseite\",\"item\":\"https:\\\/\\\/dombert.de\\\/\"},{\"@type\":\"ListItem\",\"position\":2,\"name\":\"Bund will Kinderbetreuung mit vier Milliarden Euro unterst\u00fctzen\"}]},{\"@type\":\"WebSite\",\"@id\":\"https:\\\/\\\/dombert.de\\\/#website\",\"url\":\"https:\\\/\\\/dombert.de\\\/\",\"name\":\"DOMBERT Rechtsanw\u00e4lte\",\"description\":\"Wir sind Ihr kompetenter Ansprechpartner f\u00fcr alle Fragen des \u00f6ffentlichen Rechts.\",\"publisher\":{\"@id\":\"https:\\\/\\\/dombert.de\\\/#organization\"},\"potentialAction\":[{\"@type\":\"SearchAction\",\"target\":{\"@type\":\"EntryPoint\",\"urlTemplate\":\"https:\\\/\\\/dombert.de\\\/?s={search_term_string}\"},\"query-input\":{\"@type\":\"PropertyValueSpecification\",\"valueRequired\":true,\"valueName\":\"search_term_string\"}}],\"inLanguage\":\"pl-PL\"},{\"@type\":\"Organization\",\"@id\":\"https:\\\/\\\/dombert.de\\\/#organization\",\"name\":\"DOMBERT Rechtsanw\u00e4lte\",\"url\":\"https:\\\/\\\/dombert.de\\\/\",\"logo\":{\"@type\":\"ImageObject\",\"inLanguage\":\"pl-PL\",\"@id\":\"https:\\\/\\\/dombert.de\\\/#\\\/schema\\\/logo\\\/image\\\/\",\"url\":\"https:\\\/\\\/dombert.de\\\/wp-content\\\/uploads\\\/2025\\\/02\\\/Dombert-Logo_negativ_rgb.png\",\"contentUrl\":\"https:\\\/\\\/dombert.de\\\/wp-content\\\/uploads\\\/2025\\\/02\\\/Dombert-Logo_negativ_rgb.png\",\"width\":459,\"height\":206,\"caption\":\"DOMBERT Rechtsanw\u00e4lte\"},\"image\":{\"@id\":\"https:\\\/\\\/dombert.de\\\/#\\\/schema\\\/logo\\\/image\\\/\"},\"sameAs\":[\"https:\\\/\\\/www.linkedin.com\\\/company\\\/dombert-rechtsanwaelte\\\/posts\\\/?feedView=all\"]},{\"@type\":\"Person\",\"@id\":\"https:\\\/\\\/dombert.de\\\/#\\\/schema\\\/person\\\/cab100e6259958a255ba5963a0511ae1\",\"name\":\"Admin\",\"image\":{\"@type\":\"ImageObject\",\"inLanguage\":\"pl-PL\",\"@id\":\"https:\\\/\\\/secure.gravatar.com\\\/avatar\\\/39e40254bfea26d3a2709e0f441e4bc39c1685d2b9c174550fafa42a6f4483e7?s=96&d=mm&r=g\",\"url\":\"https:\\\/\\\/secure.gravatar.com\\\/avatar\\\/39e40254bfea26d3a2709e0f441e4bc39c1685d2b9c174550fafa42a6f4483e7?s=96&d=mm&r=g\",\"contentUrl\":\"https:\\\/\\\/secure.gravatar.com\\\/avatar\\\/39e40254bfea26d3a2709e0f441e4bc39c1685d2b9c174550fafa42a6f4483e7?s=96&d=mm&r=g\",\"caption\":\"Admin\"},\"sameAs\":[\"https:\\\/\\\/dombert.de\"]}]}<\/script>\n<!-- \/ Yoast SEO plugin. -->","yoast_head_json":{"title":"Rz\u0105d federalny chce wesprze\u0107 opiek\u0119 nad dzie\u0107mi kwot\u0105 czterech miliard\u00f3w euro - DOMBERT Rechtsanw\u00e4lte","robots":{"index":"index","follow":"follow","max-snippet":"max-snippet:-1","max-image-preview":"max-image-preview:large","max-video-preview":"max-video-preview:-1"},"canonical":"https:\/\/dombert.de\/pl\/rzad-federalny-chce-wesprzec-opieke-nad-dziecmi-kwota-czterech-miliardow-euro\/","og_locale":"pl_PL","og_type":"article","og_title":"Bund will Kinderbetreuung mit vier Milliarden Euro unterst\u00fctzen - DOMBERT Rechtsanw\u00e4lte","og_description":"| F\u00fcr die Jahre 2025 und 2026 wird die Bundesregierung die Kinderbetreuung in Deutschland mit vier Milliarden Euro unterst\u00fctzen. Das hat das Kabinett mit dem dritten Kita-Qualit\u00e4tsgesetz beschlossen, das am 1. Januar 2025 in Kraft treten soll. Das Gesetz definiert sieben Handlungsfelder, in die das Geld flie\u00dfen soll. Dazu geh\u00f6rt die Gewinnung von Fachkr\u00e4ften, ein [&hellip;]","og_url":"https:\/\/dombert.de\/pl\/rzad-federalny-chce-wesprzec-opieke-nad-dziecmi-kwota-czterech-miliardow-euro\/","og_site_name":"DOMBERT Rechtsanw\u00e4lte","article_published_time":"2024-08-19T08:00:00+00:00","article_modified_time":"2025-03-23T19:41:15+00:00","og_image":[{"width":380,"height":265,"url":"https:\/\/dombert.de\/wp-content\/uploads\/2025\/01\/oeffentliches-recht-neuigkeit-dombert-rechtsanwaelte.jpg","type":"image\/jpeg"}],"author":"Admin","twitter_card":"summary_large_image","twitter_misc":{"Napisane przez":"Admin","Szacowany czas czytania":"1 minuta"},"schema":{"@context":"https:\/\/schema.org","@graph":[{"@type":"Article","@id":"https:\/\/dombert.de\/bund-will-kinderbetreuung-mit-vier-milliarden-euro-unterstuetzen\/#article","isPartOf":{"@id":"https:\/\/dombert.de\/bund-will-kinderbetreuung-mit-vier-milliarden-euro-unterstuetzen\/"},"author":{"name":"Admin","@id":"https:\/\/dombert.de\/#\/schema\/person\/cab100e6259958a255ba5963a0511ae1"},"headline":"Bund will Kinderbetreuung mit vier Milliarden Euro unterst\u00fctzen","datePublished":"2024-08-19T08:00:00+00:00","dateModified":"2025-03-23T19:41:15+00:00","mainEntityOfPage":{"@id":"https:\/\/dombert.de\/bund-will-kinderbetreuung-mit-vier-milliarden-euro-unterstuetzen\/"},"wordCount":236,"publisher":{"@id":"https:\/\/dombert.de\/#organization"},"image":{"@id":"https:\/\/dombert.de\/bund-will-kinderbetreuung-mit-vier-milliarden-euro-unterstuetzen\/#primaryimage"},"thumbnailUrl":"https:\/\/dombert.de\/wp-content\/uploads\/2025\/01\/oeffentliches-recht-neuigkeit-dombert-rechtsanwaelte.jpg","articleSection":["Meldung"],"inLanguage":"pl-PL"},{"@type":"WebPage","@id":"https:\/\/dombert.de\/bund-will-kinderbetreuung-mit-vier-milliarden-euro-unterstuetzen\/","url":"https:\/\/dombert.de\/bund-will-kinderbetreuung-mit-vier-milliarden-euro-unterstuetzen\/","name":"Rz\u0105d federalny chce wesprze\u0107 opiek\u0119 nad dzie\u0107mi kwot\u0105 czterech miliard\u00f3w euro - DOMBERT Rechtsanw\u00e4lte","isPartOf":{"@id":"https:\/\/dombert.de\/#website"},"primaryImageOfPage":{"@id":"https:\/\/dombert.de\/bund-will-kinderbetreuung-mit-vier-milliarden-euro-unterstuetzen\/#primaryimage"},"image":{"@id":"https:\/\/dombert.de\/bund-will-kinderbetreuung-mit-vier-milliarden-euro-unterstuetzen\/#primaryimage"},"thumbnailUrl":"https:\/\/dombert.de\/wp-content\/uploads\/2025\/01\/oeffentliches-recht-neuigkeit-dombert-rechtsanwaelte.jpg","datePublished":"2024-08-19T08:00:00+00:00","dateModified":"2025-03-23T19:41:15+00:00","breadcrumb":{"@id":"https:\/\/dombert.de\/bund-will-kinderbetreuung-mit-vier-milliarden-euro-unterstuetzen\/#breadcrumb"},"inLanguage":"pl-PL","potentialAction":[{"@type":"ReadAction","target":["https:\/\/dombert.de\/bund-will-kinderbetreuung-mit-vier-milliarden-euro-unterstuetzen\/"]}]},{"@type":"ImageObject","inLanguage":"pl-PL","@id":"https:\/\/dombert.de\/bund-will-kinderbetreuung-mit-vier-milliarden-euro-unterstuetzen\/#primaryimage","url":"https:\/\/dombert.de\/wp-content\/uploads\/2025\/01\/oeffentliches-recht-neuigkeit-dombert-rechtsanwaelte.jpg","contentUrl":"https:\/\/dombert.de\/wp-content\/uploads\/2025\/01\/oeffentliches-recht-neuigkeit-dombert-rechtsanwaelte.jpg","width":380,"height":265},{"@type":"BreadcrumbList","@id":"https:\/\/dombert.de\/bund-will-kinderbetreuung-mit-vier-milliarden-euro-unterstuetzen\/#breadcrumb","itemListElement":[{"@type":"ListItem","position":1,"name":"Startseite","item":"https:\/\/dombert.de\/"},{"@type":"ListItem","position":2,"name":"Bund will Kinderbetreuung mit vier Milliarden Euro unterst\u00fctzen"}]},{"@type":"WebSite","@id":"https:\/\/dombert.de\/#website","url":"https:\/\/dombert.de\/","name":"DOMBERT Rechtsanw\u00e4lte","description":"Jeste\u015bmy kompetentnym partnerem we wszystkich kwestiach zwi\u0105zanych z prawem publicznym.","publisher":{"@id":"https:\/\/dombert.de\/#organization"},"potentialAction":[{"@type":"SearchAction","target":{"@type":"EntryPoint","urlTemplate":"https:\/\/dombert.de\/?s={search_term_string}"},"query-input":{"@type":"PropertyValueSpecification","valueRequired":true,"valueName":"search_term_string"}}],"inLanguage":"pl-PL"},{"@type":"Organization","@id":"https:\/\/dombert.de\/#organization","name":"DOMBERT Rechtsanw\u00e4lte","url":"https:\/\/dombert.de\/","logo":{"@type":"ImageObject","inLanguage":"pl-PL","@id":"https:\/\/dombert.de\/#\/schema\/logo\/image\/","url":"https:\/\/dombert.de\/wp-content\/uploads\/2025\/02\/Dombert-Logo_negativ_rgb.png","contentUrl":"https:\/\/dombert.de\/wp-content\/uploads\/2025\/02\/Dombert-Logo_negativ_rgb.png","width":459,"height":206,"caption":"DOMBERT Rechtsanw\u00e4lte"},"image":{"@id":"https:\/\/dombert.de\/#\/schema\/logo\/image\/"},"sameAs":["https:\/\/www.linkedin.com\/company\/dombert-rechtsanwaelte\/posts\/?feedView=all"]},{"@type":"Person","@id":"https:\/\/dombert.de\/#\/schema\/person\/cab100e6259958a255ba5963a0511ae1","name":"Administrator","image":{"@type":"ImageObject","inLanguage":"pl-PL","@id":"https:\/\/secure.gravatar.com\/avatar\/39e40254bfea26d3a2709e0f441e4bc39c1685d2b9c174550fafa42a6f4483e7?s=96&d=mm&r=g","url":"https:\/\/secure.gravatar.com\/avatar\/39e40254bfea26d3a2709e0f441e4bc39c1685d2b9c174550fafa42a6f4483e7?s=96&d=mm&r=g","contentUrl":"https:\/\/secure.gravatar.com\/avatar\/39e40254bfea26d3a2709e0f441e4bc39c1685d2b9c174550fafa42a6f4483e7?s=96&d=mm&r=g","caption":"Admin"},"sameAs":["https:\/\/dombert.de"]}]}},"publishpress_future_workflow_manual_trigger":{"enabledWorkflows":[]},"_links":{"self":[{"href":"https:\/\/dombert.de\/pl\/wp-json\/wp\/v2\/posts\/4426","targetHints":{"allow":["GET"]}}],"collection":[{"href":"https:\/\/dombert.de\/pl\/wp-json\/wp\/v2\/posts"}],"about":[{"href":"https:\/\/dombert.de\/pl\/wp-json\/wp\/v2\/types\/post"}],"author":[{"embeddable":true,"href":"https:\/\/dombert.de\/pl\/wp-json\/wp\/v2\/users\/3"}],"replies":[{"embeddable":true,"href":"https:\/\/dombert.de\/pl\/wp-json\/wp\/v2\/comments?post=4426"}],"version-history":[{"count":7,"href":"https:\/\/dombert.de\/pl\/wp-json\/wp\/v2\/posts\/4426\/revisions"}],"predecessor-version":[{"id":7655,"href":"https:\/\/dombert.de\/pl\/wp-json\/wp\/v2\/posts\/4426\/revisions\/7655"}],"wp:featuredmedia":[{"embeddable":true,"href":"https:\/\/dombert.de\/pl\/wp-json\/wp\/v2\/media\/2114"}],"wp:attachment":[{"href":"https:\/\/dombert.de\/pl\/wp-json\/wp\/v2\/media?parent=4426"}],"wp:term":[{"taxonomy":"category","embeddable":true,"href":"https:\/\/dombert.de\/pl\/wp-json\/wp\/v2\/categories?post=4426"},{"taxonomy":"post_tag","embeddable":true,"href":"https:\/\/dombert.de\/pl\/wp-json\/wp\/v2\/tags?post=4426"},{"taxonomy":"secondary-autor","embeddable":true,"href":"https:\/\/dombert.de\/pl\/wp-json\/wp\/v2\/secondary-autor?post=4426"}],"curies":[{"name":"wp","href":"https:\/\/api.w.org\/{rel}","templated":true}]}}