{"id":4497,"date":"2024-03-14T11:12:00","date_gmt":"2024-03-14T10:12:00","guid":{"rendered":"https:\/\/dombert.de\/?p=4497"},"modified":"2025-03-23T21:00:17","modified_gmt":"2025-03-23T20:00:17","slug":"zmiana-kierownictwa-w-dombert-rechtsanwaelte","status":"publish","type":"post","link":"https:\/\/dombert.de\/pl\/stabwechsel-in-der-geschaeftsfuehrung-bei-dombert-rechtsanwaelte\/","title":{"rendered":"Zmiana kierownictwa w DOMBERT Rechtsanw\u00e4lte"},"content":{"rendered":"<div data-elementor-type=\"wp-post\" data-elementor-id=\"4497\" class=\"elementor elementor-4497\" data-elementor-post-type=\"post\">\n\t\t\t\t<div class=\"elementor-element elementor-element-12935a9 e-con-full e-flex e-con e-parent\" data-id=\"12935a9\" data-element_type=\"container\" data-e-type=\"container\" data-settings=\"{&quot;background_background&quot;:&quot;classic&quot;}\">\n\t\t<div class=\"elementor-element elementor-element-76e4a18 e-con-full e-flex e-con e-child\" data-id=\"76e4a18\" data-element_type=\"container\" data-e-type=\"container\">\n\t\t\t\t<div class=\"elementor-element elementor-element-5aac9e7 elementor-widget-divider--view-line elementor-widget elementor-widget-divider\" data-id=\"5aac9e7\" data-element_type=\"widget\" data-e-type=\"widget\" data-widget_type=\"divider.default\">\n\t\t\t\t<div class=\"elementor-widget-container\">\n\t\t\t\t\t\t\t<div class=\"elementor-divider\">\n\t\t\t<span class=\"elementor-divider-separator\">\n\t\t\t\t\t\t<\/span>\n\t\t<\/div>\n\t\t\t\t\t\t<\/div>\n\t\t\t\t<\/div>\n\t\t\t\t<div class=\"elementor-element elementor-element-6c513a8 elementor-widget__width-auto elementor-widget-mobile__width-initial elementor-widget elementor-widget-heading\" data-id=\"6c513a8\" data-element_type=\"widget\" data-e-type=\"widget\" data-widget_type=\"heading.default\">\n\t\t\t\t<div class=\"elementor-widget-container\">\n\t\t\t\t\t<h2 class=\"elementor-heading-title elementor-size-default\">Zmiana kierownictwa w DOMBERT Rechtsanw\u00e4lte<\/h2>\t\t\t\t<\/div>\n\t\t\t\t<\/div>\n\t\t<div class=\"elementor-element elementor-element-58f67ad e-con-full e-flex e-con e-child\" data-id=\"58f67ad\" data-element_type=\"container\" data-e-type=\"container\">\n\t\t\t\t<div class=\"elementor-element elementor-element-a445452 elementor-widget__width-initial elementor-widget-divider--view-line elementor-widget elementor-widget-divider\" data-id=\"a445452\" data-element_type=\"widget\" data-e-type=\"widget\" data-widget_type=\"divider.default\">\n\t\t\t\t<div class=\"elementor-widget-container\">\n\t\t\t\t\t\t\t<div class=\"elementor-divider\">\n\t\t\t<span class=\"elementor-divider-separator\">\n\t\t\t\t\t\t<\/span>\n\t\t<\/div>\n\t\t\t\t\t\t<\/div>\n\t\t\t\t<\/div>\n\t\t\t\t<div class=\"elementor-element elementor-element-fa4e900 elementor-widget__width-auto elementor-widget-tablet__width-initial elementor-widget-tablet_extra__width-initial elementor-widget elementor-widget-heading\" data-id=\"fa4e900\" data-element_type=\"widget\" data-e-type=\"widget\" data-widget_type=\"heading.default\">\n\t\t\t\t<div class=\"elementor-widget-container\">\n\t\t\t\t\t<h3 class=\"elementor-heading-title elementor-size-default\"><span>Dr Dominik L\u00fcck<\/span> | <span>Dr Maximilian Dombert<\/span><\/h3>\t\t\t\t<\/div>\n\t\t\t\t<\/div>\n\t\t\t\t<\/div>\n\t\t<div class=\"elementor-element elementor-element-e32ee37 e-con-full e-flex e-con e-child\" data-id=\"e32ee37\" data-element_type=\"container\" data-e-type=\"container\">\n\t\t\t\t<div class=\"elementor-element elementor-element-4f1d94a elementor-widget__width-auto elementor-view-default elementor-widget elementor-widget-icon\" data-id=\"4f1d94a\" data-element_type=\"widget\" data-e-type=\"widget\" data-widget_type=\"icon.default\">\n\t\t\t\t<div class=\"elementor-widget-container\">\n\t\t\t\t\t\t\t<div class=\"elementor-icon-wrapper\">\n\t\t\t<a class=\"elementor-icon elementor-animation-grow\" href=\"https:\/\/www.linkedin.com\/company\/dombert-rechtsanwaelte\/posts\/?feedView=all\" target=\"_blank\">\n\t\t\t<svg aria-hidden=\"true\" class=\"e-font-icon-svg e-fab-linkedin\" viewbox=\"0 0 448 512\" xmlns=\"http:\/\/www.w3.org\/2000\/svg\"><path d=\"M416 32H31.9C14.3 32 0 46.5 0 64.3v383.4C0 465.5 14.3 480 31.9 480H416c17.6 0 32-14.5 32-32.3V64.3c0-17.8-14.4-32.3-32-32.3zM135.4 416H69V202.2h66.5V416zm-33.2-243c-21.3 0-38.5-17.3-38.5-38.5S80.9 96 102.2 96c21.2 0 38.5 17.3 38.5 38.5 0 21.3-17.2 38.5-38.5 38.5zm282.1 243h-66.4V312c0-24.8-.5-56.7-34.5-56.7-34.6 0-39.9 27-39.9 54.9V416h-66.4V202.2h63.7v29.2h.9c8.9-16.8 30.6-34.5 62.9-34.5 67.2 0 79.7 44.3 79.7 101.9V416z\"><\/path><\/svg>\t\t\t<\/a>\n\t\t<\/div>\n\t\t\t\t\t\t<\/div>\n\t\t\t\t<\/div>\n\t\t\t\t<\/div>\n\t\t\t\t<\/div>\n\t\t\t\t<\/div>\n\t\t<div class=\"elementor-element elementor-element-22998de8 e-con-full e-flex e-con e-parent\" data-id=\"22998de8\" data-element_type=\"container\" data-e-type=\"container\" data-settings=\"{&quot;background_background&quot;:&quot;classic&quot;}\">\n\t\t<div class=\"elementor-element elementor-element-45d62278 e-con-full e-flex e-con e-child\" data-id=\"45d62278\" data-element_type=\"container\" data-e-type=\"container\">\n\t\t<div class=\"elementor-element elementor-element-5957747c e-con-full e-flex e-con e-child\" data-id=\"5957747c\" data-element_type=\"container\" data-e-type=\"container\">\n\t\t\t\t<div class=\"elementor-element elementor-element-ba14b8e elementor-widget__width-initial elementor-widget-divider--view-line elementor-widget elementor-widget-divider\" data-id=\"ba14b8e\" data-element_type=\"widget\" data-e-type=\"widget\" data-widget_type=\"divider.default\">\n\t\t\t\t<div class=\"elementor-widget-container\">\n\t\t\t\t\t\t\t<div class=\"elementor-divider\">\n\t\t\t<span class=\"elementor-divider-separator\">\n\t\t\t\t\t\t<\/span>\n\t\t<\/div>\n\t\t\t\t\t\t<\/div>\n\t\t\t\t<\/div>\n\t\t\t\t<div class=\"elementor-element elementor-element-773d1d37 elementor-widget__width-auto elementor-widget-tablet__width-auto elementor-widget-mobile__width-auto elementor-widget elementor-widget-heading\" data-id=\"773d1d37\" data-element_type=\"widget\" data-e-type=\"widget\" data-widget_type=\"heading.default\">\n\t\t\t\t<div class=\"elementor-widget-container\">\n\t\t\t\t\t<h3 class=\"elementor-heading-title elementor-size-default\"><span>Wiadomo\u015b\u0107<\/span><\/h3>\t\t\t\t<\/div>\n\t\t\t\t<\/div>\n\t\t\t\t<div class=\"elementor-element elementor-element-4be482ec elementor-widget__width-auto elementor-widget-tablet__width-auto elementor-widget-mobile__width-auto elementor-widget elementor-widget-heading\" data-id=\"4be482ec\" data-element_type=\"widget\" data-e-type=\"widget\" data-widget_type=\"heading.default\">\n\t\t\t\t<div class=\"elementor-widget-container\">\n\t\t\t\t\t<h3 class=\"elementor-heading-title elementor-size-default\">|<\/h3>\t\t\t\t<\/div>\n\t\t\t\t<\/div>\n\t\t\t\t<div class=\"elementor-element elementor-element-4f69f1b5 elementor-widget__width-auto elementor-widget-tablet__width-auto elementor-widget-mobile__width-auto elementor-widget elementor-widget-heading\" data-id=\"4f69f1b5\" data-element_type=\"widget\" data-e-type=\"widget\" data-widget_type=\"heading.default\">\n\t\t\t\t<div class=\"elementor-widget-container\">\n\t\t\t\t\t<h3 class=\"elementor-heading-title elementor-size-default\">14.03.2024<\/h3>\t\t\t\t<\/div>\n\t\t\t\t<\/div>\n\t\t\t\t<\/div>\n\t\t\t\t<div class=\"elementor-element elementor-element-71993078 elementor-widget__width-initial elementor-widget-tablet__width-initial elementor-widget-mobile__width-initial elementor-widget elementor-widget-text-editor\" data-id=\"71993078\" data-element_type=\"widget\" data-e-type=\"widget\" data-widget_type=\"text-editor.default\">\n\t\t\t\t<div class=\"elementor-widget-container\">\n\t\t\t\t\t\t\t\t\t<p>Zbli\u017ca si\u0119 zmiana pokoleniowa w zarz\u0105dzaniu DOMBERT Rechtsanw\u00e4lte: W dniu 1 kwietnia 2024 r. nowy\u00a0<a href=\"https:\/\/dombert.de\/pl\/osoba\/dr-dominik-lueck\/\">Dr Dominik L\u00fcck<\/a>\u00a0i\u00a0<a href=\"https:\/\/dombert.de\/pl\/osoba\/dr-maximilian-dombert\/\">Dr Maximilian Dombert<\/a>\u00a0kierownictwo kancelarii. Zast\u0105pili oni partner\u00f3w-za\u0142o\u017cycieli Janko Ge\u00dfnera i prof. dr Klausa Herrmanna oraz dr Jana Thiele. Jednocze\u015bnie zmiana kierownictwa wi\u0105\u017ce si\u0119 z centralizacj\u0105 zarz\u0105dzania w celu usprawnienia i przyspieszenia proces\u00f3w decyzyjnych: zamiast dzieli\u0107 firm\u0119 na r\u00f3\u017cne obszary odpowiedzialno\u015bci, obaj wsp\u00f3lnie po\u015bwi\u0119c\u0105 si\u0119 bie\u017c\u0105cym zadaniom zarz\u0105dczym. Obejmuje to zr\u00f3wnowa\u017cenie szybkiego rozwoju kancelarii. W szczeg\u00f3lno\u015bci w ubieg\u0142ym roku zatrudniono wi\u0119cej nowych prawnik\u00f3w. Obecnie w dw\u00f3ch biurach Potsdam i D\u00fcsseldorf pracuje 32 prawnik\u00f3w, a tendencja ta wci\u0105\u017c ro\u015bnie. Integracja m\u0142odych koleg\u00f3w ma by\u0107 dalej promowana. Przewodnik po karierze, kt\u00f3ry istnieje od 2017 roku, b\u0119dzie odgrywa\u0142 w tym wa\u017cn\u0105 rol\u0119, poniewa\u017c m\u0142odzi prawnicy mog\u0105 przyczyni\u0107 si\u0119 do jego rewizji i wnie\u015b\u0107 w\u0142asne pomys\u0142y. Cyfryzacja proces\u00f3w kancelarii b\u0119dzie r\u00f3wnie\u017c systematycznie kontynuowana. Decyduj\u0105ce fundamenty zosta\u0142y ju\u017c po\u0142o\u017cone wraz z wprowadzeniem nowego oprogramowania kancelarii i najnowocze\u015bniejszego sprz\u0119tu.<\/p>\t\t\t\t\t\t\t\t<\/div>\n\t\t\t\t<\/div>\n\t\t\t\t<\/div>\n\t\t\t\t<\/div>\n\t\t<div class=\"elementor-element elementor-element-59a61e57 e-con-full e-flex e-con e-parent\" data-id=\"59a61e57\" data-element_type=\"container\" data-e-type=\"container\" data-settings=\"{&quot;background_background&quot;:&quot;classic&quot;}\">\n\t\t<div class=\"elementor-element elementor-element-3b5f33de e-con-full e-flex e-con e-child\" data-id=\"3b5f33de\" data-element_type=\"container\" data-e-type=\"container\">\n\t\t\t\t<div class=\"elementor-element elementor-element-6c51d5eb elementor-widget__width-initial elementor-widget elementor-widget-heading\" data-id=\"6c51d5eb\" data-element_type=\"widget\" data-e-type=\"widget\" data-widget_type=\"heading.default\">\n\t\t\t\t<div class=\"elementor-widget-container\">\n\t\t\t\t\t<h2 class=\"elementor-heading-title elementor-size-default\"><b>DOMBERT<\/b> Prawnicy <\/h2>\t\t\t\t<\/div>\n\t\t\t\t<\/div>\n\t\t<div class=\"elementor-element elementor-element-7f2720f0 e-con-full e-flex e-con e-child\" data-id=\"7f2720f0\" data-element_type=\"container\" data-e-type=\"container\">\n\t\t\t\t<div class=\"elementor-element elementor-element-320a7872 elementor-widget__width-initial elementor-widget-divider--view-line elementor-widget elementor-widget-divider\" data-id=\"320a7872\" data-element_type=\"widget\" data-e-type=\"widget\" data-widget_type=\"divider.default\">\n\t\t\t\t<div class=\"elementor-widget-container\">\n\t\t\t\t\t\t\t<div class=\"elementor-divider\">\n\t\t\t<span class=\"elementor-divider-separator\">\n\t\t\t\t\t\t<\/span>\n\t\t<\/div>\n\t\t\t\t\t\t<\/div>\n\t\t\t\t<\/div>\n\t\t\t\t<div class=\"elementor-element elementor-element-9adf21d elementor-widget__width-auto elementor-widget-tablet_extra__width-initial elementor-widget-tablet__width-initial elementor-widget-mobile_extra__width-initial elementor-widget-mobile__width-initial elementor-widget elementor-widget-heading\" data-id=\"9adf21d\" data-element_type=\"widget\" data-e-type=\"widget\" data-widget_type=\"heading.default\">\n\t\t\t\t<div class=\"elementor-widget-container\">\n\t\t\t\t\t<h3 class=\"elementor-heading-title elementor-size-default\">Nasza praca obejmuje wszystkie kwestie prawne i konflikty, w kt\u00f3re zaanga\u017cowane s\u0105 pa\u0144stwo, gminy lub w\u0142adze.<\/h3>\t\t\t\t<\/div>\n\t\t\t\t<\/div>\n\t\t\t\t<\/div>\n\t\t<div class=\"elementor-element elementor-element-5f2027ac e-con-full e-flex e-con e-child\" data-id=\"5f2027ac\" data-element_type=\"container\" data-e-type=\"container\">\n\t\t\t\t<div class=\"elementor-element elementor-element-6b38dabd elementor-widget elementor-widget-button\" data-id=\"6b38dabd\" data-element_type=\"widget\" data-e-type=\"widget\" data-widget_type=\"button.default\">\n\t\t\t\t<div class=\"elementor-widget-container\">\n\t\t\t\t\t\t\t\t\t<div class=\"elementor-button-wrapper\">\n\t\t\t\t\t<a class=\"elementor-button elementor-button-link elementor-size-sm\" href=\"https:\/\/dombert.de\/pl\/kancelaria-prawna\/\">\n\t\t\t\t\t\t<span class=\"elementor-button-content-wrapper\">\n\t\t\t\t\t\t\t\t\t<span class=\"elementor-button-text\">Wi\u0119cej informacji o naszej kancelarii<\/span>\n\t\t\t\t\t<\/span>\n\t\t\t\t\t<\/a>\n\t\t\t\t<\/div>\n\t\t\t\t\t\t\t\t<\/div>\n\t\t\t\t<\/div>\n\t\t\t\t<div class=\"elementor-element elementor-element-a12c98a elementor-widget elementor-widget-button\" data-id=\"a12c98a\" data-element_type=\"widget\" data-e-type=\"widget\" data-widget_type=\"button.default\">\n\t\t\t\t<div class=\"elementor-widget-container\">\n\t\t\t\t\t\t\t\t\t<div class=\"elementor-button-wrapper\">\n\t\t\t\t\t<a class=\"elementor-button elementor-button-link elementor-size-sm\" href=\"https:\/\/dombert.de\/pl\/#kompetenzen\">\n\t\t\t\t\t\t<span class=\"elementor-button-content-wrapper\">\n\t\t\t\t\t\t\t\t\t<span class=\"elementor-button-text\">Wi\u0119cej o naszej wiedzy specjalistycznej<\/span>\n\t\t\t\t\t<\/span>\n\t\t\t\t\t<\/a>\n\t\t\t\t<\/div>\n\t\t\t\t\t\t\t\t<\/div>\n\t\t\t\t<\/div>\n\t\t\t\t<\/div>\n\t\t\t\t<\/div>\n\t\t\t\t<\/div>\n\t\t\t\t<\/div>","protected":false},"excerpt":{"rendered":"<p>| Bei DOMBERT Rechtsanw\u00e4lte steht ein Generationswechsel in der Gesch\u00e4ftsf\u00fchrung an: Zum 1. April 2024 \u00fcbernehmen\u00a0Dr. Dominik L\u00fcck\u00a0und\u00a0Dr. Maximilian Dombert\u00a0das Management der Kanzlei. Sie l\u00f6sen damit Gr\u00fcndungspartner Janko Ge\u00dfner und Prof. Dr. Klaus Herrmann sowie Dr. Jan Thiele ab. Mit dem Stabwechsel ist zugleich eine Zentralisierung der Gesch\u00e4ftsf\u00fchrung verbunden, um Entscheidungsprozesse zu verschlanken und zu [&hellip;]<\/p>\n","protected":false},"author":4,"featured_media":2114,"comment_status":"closed","ping_status":"closed","sticky":false,"template":"","format":"standard","meta":{"_acf_changed":false,"site-sidebar-layout":"default","site-content-layout":"","ast-site-content-layout":"default","site-content-style":"default","site-sidebar-style":"default","ast-global-header-display":"","ast-banner-title-visibility":"","ast-main-header-display":"","ast-hfb-above-header-display":"","ast-hfb-below-header-display":"","ast-hfb-mobile-header-display":"","site-post-title":"","ast-breadcrumbs-content":"","ast-featured-img":"","footer-sml-layout":"","ast-disable-related-posts":"","theme-transparent-header-meta":"","adv-header-id-meta":"","stick-header-meta":"","header-above-stick-meta":"","header-main-stick-meta":"","header-below-stick-meta":"","astra-migrate-meta-layouts":"set","ast-page-background-enabled":"default","ast-page-background-meta":{"desktop":{"background-color":"","background-image":"","background-repeat":"repeat","background-position":"center center","background-size":"auto","background-attachment":"scroll","background-type":"","background-media":"","overlay-type":"","overlay-color":"","overlay-opacity":"","overlay-gradient":""},"tablet":{"background-color":"","background-image":"","background-repeat":"repeat","background-position":"center center","background-size":"auto","background-attachment":"scroll","background-type":"","background-media":"","overlay-type":"","overlay-color":"","overlay-opacity":"","overlay-gradient":""},"mobile":{"background-color":"","background-image":"","background-repeat":"repeat","background-position":"center center","background-size":"auto","background-attachment":"scroll","background-type":"","background-media":"","overlay-type":"","overlay-color":"","overlay-opacity":"","overlay-gradient":""}},"ast-content-background-meta":{"desktop":{"background-color":"var(--ast-global-color-5)","background-image":"","background-repeat":"repeat","background-position":"center center","background-size":"auto","background-attachment":"scroll","background-type":"","background-media":"","overlay-type":"","overlay-color":"","overlay-opacity":"","overlay-gradient":""},"tablet":{"background-color":"var(--ast-global-color-5)","background-image":"","background-repeat":"repeat","background-position":"center center","background-size":"auto","background-attachment":"scroll","background-type":"","background-media":"","overlay-type":"","overlay-color":"","overlay-opacity":"","overlay-gradient":""},"mobile":{"background-color":"var(--ast-global-color-5)","background-image":"","background-repeat":"repeat","background-position":"center center","background-size":"auto","background-attachment":"scroll","background-type":"","background-media":"","overlay-type":"","overlay-color":"","overlay-opacity":"","overlay-gradient":""}},"footnotes":""},"categories":[45],"tags":[],"secondary-autor":[106,104],"class_list":["post-4497","post","type-post","status-publish","format-standard","has-post-thumbnail","hentry","category-meldung","secondary-autor-dr-dominik-lueck","secondary-autor-dr-maximilian-dombert"],"acf":[],"yoast_head":"<!-- This site is optimized with the Yoast SEO plugin v27.4 - https:\/\/yoast.com\/product\/yoast-seo-wordpress\/ -->\n<title>Stabwechsel in der Gesch\u00e4ftsf\u00fchrung bei DOMBERT Rechtsanw\u00e4lte - DOMBERT Rechtsanw\u00e4lte<\/title>\n<meta name=\"robots\" content=\"index, follow, max-snippet:-1, max-image-preview:large, max-video-preview:-1\" \/>\n<link rel=\"canonical\" href=\"https:\/\/dombert.de\/pl\/zmiana-kierownictwa-w-dombert-rechtsanwaelte\/\" \/>\n<meta property=\"og:locale\" content=\"pl_PL\" \/>\n<meta property=\"og:type\" content=\"article\" \/>\n<meta property=\"og:title\" content=\"Stabwechsel in der Gesch\u00e4ftsf\u00fchrung bei DOMBERT Rechtsanw\u00e4lte - DOMBERT Rechtsanw\u00e4lte\" \/>\n<meta property=\"og:description\" content=\"| Bei DOMBERT Rechtsanw\u00e4lte steht ein Generationswechsel in der Gesch\u00e4ftsf\u00fchrung an: Zum 1. April 2024 \u00fcbernehmen\u00a0Dr. Dominik L\u00fcck\u00a0und\u00a0Dr. Maximilian Dombert\u00a0das Management der Kanzlei. Sie l\u00f6sen damit Gr\u00fcndungspartner Janko Ge\u00dfner und Prof. Dr. Klaus Herrmann sowie Dr. Jan Thiele ab. Mit dem Stabwechsel ist zugleich eine Zentralisierung der Gesch\u00e4ftsf\u00fchrung verbunden, um Entscheidungsprozesse zu verschlanken und zu [&hellip;]\" \/>\n<meta property=\"og:url\" content=\"https:\/\/dombert.de\/pl\/zmiana-kierownictwa-w-dombert-rechtsanwaelte\/\" \/>\n<meta property=\"og:site_name\" content=\"DOMBERT Rechtsanw\u00e4lte\" \/>\n<meta property=\"article:published_time\" content=\"2024-03-14T10:12:00+00:00\" \/>\n<meta property=\"article:modified_time\" content=\"2025-03-23T20:00:17+00:00\" \/>\n<meta property=\"og:image\" content=\"https:\/\/dombert.de\/wp-content\/uploads\/2025\/01\/oeffentliches-recht-neuigkeit-dombert-rechtsanwaelte.jpg\" \/>\n\t<meta property=\"og:image:width\" content=\"380\" \/>\n\t<meta property=\"og:image:height\" content=\"265\" \/>\n\t<meta property=\"og:image:type\" content=\"image\/jpeg\" \/>\n<meta name=\"author\" content=\"Jasmin M\u00fcller\" \/>\n<meta name=\"twitter:card\" content=\"summary_large_image\" \/>\n<meta name=\"twitter:label1\" content=\"Napisane przez\" \/>\n\t<meta name=\"twitter:data1\" content=\"Jasmin M\u00fcller\" \/>\n\t<meta name=\"twitter:label2\" content=\"Szacowany czas czytania\" \/>\n\t<meta name=\"twitter:data2\" content=\"1 minuta\" \/>\n<script type=\"application\/ld+json\" class=\"yoast-schema-graph\">{\"@context\":\"https:\\\/\\\/schema.org\",\"@graph\":[{\"@type\":\"Article\",\"@id\":\"https:\\\/\\\/dombert.de\\\/stabwechsel-in-der-geschaeftsfuehrung-bei-dombert-rechtsanwaelte\\\/#article\",\"isPartOf\":{\"@id\":\"https:\\\/\\\/dombert.de\\\/stabwechsel-in-der-geschaeftsfuehrung-bei-dombert-rechtsanwaelte\\\/\"},\"author\":{\"name\":\"Jasmin M\u00fcller\",\"@id\":\"https:\\\/\\\/dombert.de\\\/#\\\/schema\\\/person\\\/889b395e975ac4ad4573471bc53ce118\"},\"headline\":\"Stabwechsel in der Gesch\u00e4ftsf\u00fchrung bei DOMBERT Rechtsanw\u00e4lte\",\"datePublished\":\"2024-03-14T10:12:00+00:00\",\"dateModified\":\"2025-03-23T20:00:17+00:00\",\"mainEntityOfPage\":{\"@id\":\"https:\\\/\\\/dombert.de\\\/stabwechsel-in-der-geschaeftsfuehrung-bei-dombert-rechtsanwaelte\\\/\"},\"wordCount\":231,\"publisher\":{\"@id\":\"https:\\\/\\\/dombert.de\\\/#organization\"},\"image\":{\"@id\":\"https:\\\/\\\/dombert.de\\\/stabwechsel-in-der-geschaeftsfuehrung-bei-dombert-rechtsanwaelte\\\/#primaryimage\"},\"thumbnailUrl\":\"https:\\\/\\\/dombert.de\\\/wp-content\\\/uploads\\\/2025\\\/01\\\/oeffentliches-recht-neuigkeit-dombert-rechtsanwaelte.jpg\",\"articleSection\":[\"Meldung\"],\"inLanguage\":\"pl-PL\"},{\"@type\":\"WebPage\",\"@id\":\"https:\\\/\\\/dombert.de\\\/stabwechsel-in-der-geschaeftsfuehrung-bei-dombert-rechtsanwaelte\\\/\",\"url\":\"https:\\\/\\\/dombert.de\\\/stabwechsel-in-der-geschaeftsfuehrung-bei-dombert-rechtsanwaelte\\\/\",\"name\":\"Stabwechsel in der Gesch\u00e4ftsf\u00fchrung bei DOMBERT Rechtsanw\u00e4lte - DOMBERT Rechtsanw\u00e4lte\",\"isPartOf\":{\"@id\":\"https:\\\/\\\/dombert.de\\\/#website\"},\"primaryImageOfPage\":{\"@id\":\"https:\\\/\\\/dombert.de\\\/stabwechsel-in-der-geschaeftsfuehrung-bei-dombert-rechtsanwaelte\\\/#primaryimage\"},\"image\":{\"@id\":\"https:\\\/\\\/dombert.de\\\/stabwechsel-in-der-geschaeftsfuehrung-bei-dombert-rechtsanwaelte\\\/#primaryimage\"},\"thumbnailUrl\":\"https:\\\/\\\/dombert.de\\\/wp-content\\\/uploads\\\/2025\\\/01\\\/oeffentliches-recht-neuigkeit-dombert-rechtsanwaelte.jpg\",\"datePublished\":\"2024-03-14T10:12:00+00:00\",\"dateModified\":\"2025-03-23T20:00:17+00:00\",\"breadcrumb\":{\"@id\":\"https:\\\/\\\/dombert.de\\\/stabwechsel-in-der-geschaeftsfuehrung-bei-dombert-rechtsanwaelte\\\/#breadcrumb\"},\"inLanguage\":\"pl-PL\",\"potentialAction\":[{\"@type\":\"ReadAction\",\"target\":[\"https:\\\/\\\/dombert.de\\\/stabwechsel-in-der-geschaeftsfuehrung-bei-dombert-rechtsanwaelte\\\/\"]}]},{\"@type\":\"ImageObject\",\"inLanguage\":\"pl-PL\",\"@id\":\"https:\\\/\\\/dombert.de\\\/stabwechsel-in-der-geschaeftsfuehrung-bei-dombert-rechtsanwaelte\\\/#primaryimage\",\"url\":\"https:\\\/\\\/dombert.de\\\/wp-content\\\/uploads\\\/2025\\\/01\\\/oeffentliches-recht-neuigkeit-dombert-rechtsanwaelte.jpg\",\"contentUrl\":\"https:\\\/\\\/dombert.de\\\/wp-content\\\/uploads\\\/2025\\\/01\\\/oeffentliches-recht-neuigkeit-dombert-rechtsanwaelte.jpg\",\"width\":380,\"height\":265},{\"@type\":\"BreadcrumbList\",\"@id\":\"https:\\\/\\\/dombert.de\\\/stabwechsel-in-der-geschaeftsfuehrung-bei-dombert-rechtsanwaelte\\\/#breadcrumb\",\"itemListElement\":[{\"@type\":\"ListItem\",\"position\":1,\"name\":\"Startseite\",\"item\":\"https:\\\/\\\/dombert.de\\\/\"},{\"@type\":\"ListItem\",\"position\":2,\"name\":\"Stabwechsel in der Gesch\u00e4ftsf\u00fchrung bei DOMBERT Rechtsanw\u00e4lte\"}]},{\"@type\":\"WebSite\",\"@id\":\"https:\\\/\\\/dombert.de\\\/#website\",\"url\":\"https:\\\/\\\/dombert.de\\\/\",\"name\":\"DOMBERT Rechtsanw\u00e4lte\",\"description\":\"Wir sind Ihr kompetenter Ansprechpartner f\u00fcr alle Fragen des \u00f6ffentlichen Rechts.\",\"publisher\":{\"@id\":\"https:\\\/\\\/dombert.de\\\/#organization\"},\"potentialAction\":[{\"@type\":\"SearchAction\",\"target\":{\"@type\":\"EntryPoint\",\"urlTemplate\":\"https:\\\/\\\/dombert.de\\\/?s={search_term_string}\"},\"query-input\":{\"@type\":\"PropertyValueSpecification\",\"valueRequired\":true,\"valueName\":\"search_term_string\"}}],\"inLanguage\":\"pl-PL\"},{\"@type\":\"Organization\",\"@id\":\"https:\\\/\\\/dombert.de\\\/#organization\",\"name\":\"DOMBERT Rechtsanw\u00e4lte\",\"url\":\"https:\\\/\\\/dombert.de\\\/\",\"logo\":{\"@type\":\"ImageObject\",\"inLanguage\":\"pl-PL\",\"@id\":\"https:\\\/\\\/dombert.de\\\/#\\\/schema\\\/logo\\\/image\\\/\",\"url\":\"https:\\\/\\\/dombert.de\\\/wp-content\\\/uploads\\\/2025\\\/02\\\/Dombert-Logo_negativ_rgb.png\",\"contentUrl\":\"https:\\\/\\\/dombert.de\\\/wp-content\\\/uploads\\\/2025\\\/02\\\/Dombert-Logo_negativ_rgb.png\",\"width\":459,\"height\":206,\"caption\":\"DOMBERT Rechtsanw\u00e4lte\"},\"image\":{\"@id\":\"https:\\\/\\\/dombert.de\\\/#\\\/schema\\\/logo\\\/image\\\/\"},\"sameAs\":[\"https:\\\/\\\/www.linkedin.com\\\/company\\\/dombert-rechtsanwaelte\\\/posts\\\/?feedView=all\"]},{\"@type\":\"Person\",\"@id\":\"https:\\\/\\\/dombert.de\\\/#\\\/schema\\\/person\\\/889b395e975ac4ad4573471bc53ce118\",\"name\":\"Jasmin M\u00fcller\",\"image\":{\"@type\":\"ImageObject\",\"inLanguage\":\"pl-PL\",\"@id\":\"https:\\\/\\\/secure.gravatar.com\\\/avatar\\\/6510b249f8f34fc72b4e3f8e860f265c4a036568e066df76f7f29055d74f1a1a?s=96&d=mm&r=g\",\"url\":\"https:\\\/\\\/secure.gravatar.com\\\/avatar\\\/6510b249f8f34fc72b4e3f8e860f265c4a036568e066df76f7f29055d74f1a1a?s=96&d=mm&r=g\",\"contentUrl\":\"https:\\\/\\\/secure.gravatar.com\\\/avatar\\\/6510b249f8f34fc72b4e3f8e860f265c4a036568e066df76f7f29055d74f1a1a?s=96&d=mm&r=g\",\"caption\":\"Jasmin M\u00fcller\"}}]}<\/script>\n<!-- \/ Yoast SEO plugin. -->","yoast_head_json":{"title":"Zmiana kierownictwa w DOMBERT Rechtsanw\u00e4lte - DOMBERT Rechtsanw\u00e4lte","robots":{"index":"index","follow":"follow","max-snippet":"max-snippet:-1","max-image-preview":"max-image-preview:large","max-video-preview":"max-video-preview:-1"},"canonical":"https:\/\/dombert.de\/pl\/zmiana-kierownictwa-w-dombert-rechtsanwaelte\/","og_locale":"pl_PL","og_type":"article","og_title":"Stabwechsel in der Gesch\u00e4ftsf\u00fchrung bei DOMBERT Rechtsanw\u00e4lte - DOMBERT Rechtsanw\u00e4lte","og_description":"| Bei DOMBERT Rechtsanw\u00e4lte steht ein Generationswechsel in der Gesch\u00e4ftsf\u00fchrung an: Zum 1. April 2024 \u00fcbernehmen\u00a0Dr. Dominik L\u00fcck\u00a0und\u00a0Dr. Maximilian Dombert\u00a0das Management der Kanzlei. Sie l\u00f6sen damit Gr\u00fcndungspartner Janko Ge\u00dfner und Prof. Dr. Klaus Herrmann sowie Dr. Jan Thiele ab. Mit dem Stabwechsel ist zugleich eine Zentralisierung der Gesch\u00e4ftsf\u00fchrung verbunden, um Entscheidungsprozesse zu verschlanken und zu [&hellip;]","og_url":"https:\/\/dombert.de\/pl\/zmiana-kierownictwa-w-dombert-rechtsanwaelte\/","og_site_name":"DOMBERT Rechtsanw\u00e4lte","article_published_time":"2024-03-14T10:12:00+00:00","article_modified_time":"2025-03-23T20:00:17+00:00","og_image":[{"width":380,"height":265,"url":"https:\/\/dombert.de\/wp-content\/uploads\/2025\/01\/oeffentliches-recht-neuigkeit-dombert-rechtsanwaelte.jpg","type":"image\/jpeg"}],"author":"Jasmin M\u00fcller","twitter_card":"summary_large_image","twitter_misc":{"Napisane przez":"Jasmin M\u00fcller","Szacowany czas czytania":"1 minuta"},"schema":{"@context":"https:\/\/schema.org","@graph":[{"@type":"Article","@id":"https:\/\/dombert.de\/stabwechsel-in-der-geschaeftsfuehrung-bei-dombert-rechtsanwaelte\/#article","isPartOf":{"@id":"https:\/\/dombert.de\/stabwechsel-in-der-geschaeftsfuehrung-bei-dombert-rechtsanwaelte\/"},"author":{"name":"Jasmin M\u00fcller","@id":"https:\/\/dombert.de\/#\/schema\/person\/889b395e975ac4ad4573471bc53ce118"},"headline":"Stabwechsel in der Gesch\u00e4ftsf\u00fchrung bei DOMBERT Rechtsanw\u00e4lte","datePublished":"2024-03-14T10:12:00+00:00","dateModified":"2025-03-23T20:00:17+00:00","mainEntityOfPage":{"@id":"https:\/\/dombert.de\/stabwechsel-in-der-geschaeftsfuehrung-bei-dombert-rechtsanwaelte\/"},"wordCount":231,"publisher":{"@id":"https:\/\/dombert.de\/#organization"},"image":{"@id":"https:\/\/dombert.de\/stabwechsel-in-der-geschaeftsfuehrung-bei-dombert-rechtsanwaelte\/#primaryimage"},"thumbnailUrl":"https:\/\/dombert.de\/wp-content\/uploads\/2025\/01\/oeffentliches-recht-neuigkeit-dombert-rechtsanwaelte.jpg","articleSection":["Meldung"],"inLanguage":"pl-PL"},{"@type":"WebPage","@id":"https:\/\/dombert.de\/stabwechsel-in-der-geschaeftsfuehrung-bei-dombert-rechtsanwaelte\/","url":"https:\/\/dombert.de\/stabwechsel-in-der-geschaeftsfuehrung-bei-dombert-rechtsanwaelte\/","name":"Zmiana kierownictwa w DOMBERT Rechtsanw\u00e4lte - DOMBERT Rechtsanw\u00e4lte","isPartOf":{"@id":"https:\/\/dombert.de\/#website"},"primaryImageOfPage":{"@id":"https:\/\/dombert.de\/stabwechsel-in-der-geschaeftsfuehrung-bei-dombert-rechtsanwaelte\/#primaryimage"},"image":{"@id":"https:\/\/dombert.de\/stabwechsel-in-der-geschaeftsfuehrung-bei-dombert-rechtsanwaelte\/#primaryimage"},"thumbnailUrl":"https:\/\/dombert.de\/wp-content\/uploads\/2025\/01\/oeffentliches-recht-neuigkeit-dombert-rechtsanwaelte.jpg","datePublished":"2024-03-14T10:12:00+00:00","dateModified":"2025-03-23T20:00:17+00:00","breadcrumb":{"@id":"https:\/\/dombert.de\/stabwechsel-in-der-geschaeftsfuehrung-bei-dombert-rechtsanwaelte\/#breadcrumb"},"inLanguage":"pl-PL","potentialAction":[{"@type":"ReadAction","target":["https:\/\/dombert.de\/stabwechsel-in-der-geschaeftsfuehrung-bei-dombert-rechtsanwaelte\/"]}]},{"@type":"ImageObject","inLanguage":"pl-PL","@id":"https:\/\/dombert.de\/stabwechsel-in-der-geschaeftsfuehrung-bei-dombert-rechtsanwaelte\/#primaryimage","url":"https:\/\/dombert.de\/wp-content\/uploads\/2025\/01\/oeffentliches-recht-neuigkeit-dombert-rechtsanwaelte.jpg","contentUrl":"https:\/\/dombert.de\/wp-content\/uploads\/2025\/01\/oeffentliches-recht-neuigkeit-dombert-rechtsanwaelte.jpg","width":380,"height":265},{"@type":"BreadcrumbList","@id":"https:\/\/dombert.de\/stabwechsel-in-der-geschaeftsfuehrung-bei-dombert-rechtsanwaelte\/#breadcrumb","itemListElement":[{"@type":"ListItem","position":1,"name":"Startseite","item":"https:\/\/dombert.de\/"},{"@type":"ListItem","position":2,"name":"Stabwechsel in der Gesch\u00e4ftsf\u00fchrung bei DOMBERT Rechtsanw\u00e4lte"}]},{"@type":"WebSite","@id":"https:\/\/dombert.de\/#website","url":"https:\/\/dombert.de\/","name":"DOMBERT Rechtsanw\u00e4lte","description":"Jeste\u015bmy kompetentnym partnerem we wszystkich kwestiach zwi\u0105zanych z prawem publicznym.","publisher":{"@id":"https:\/\/dombert.de\/#organization"},"potentialAction":[{"@type":"SearchAction","target":{"@type":"EntryPoint","urlTemplate":"https:\/\/dombert.de\/?s={search_term_string}"},"query-input":{"@type":"PropertyValueSpecification","valueRequired":true,"valueName":"search_term_string"}}],"inLanguage":"pl-PL"},{"@type":"Organization","@id":"https:\/\/dombert.de\/#organization","name":"DOMBERT Rechtsanw\u00e4lte","url":"https:\/\/dombert.de\/","logo":{"@type":"ImageObject","inLanguage":"pl-PL","@id":"https:\/\/dombert.de\/#\/schema\/logo\/image\/","url":"https:\/\/dombert.de\/wp-content\/uploads\/2025\/02\/Dombert-Logo_negativ_rgb.png","contentUrl":"https:\/\/dombert.de\/wp-content\/uploads\/2025\/02\/Dombert-Logo_negativ_rgb.png","width":459,"height":206,"caption":"DOMBERT Rechtsanw\u00e4lte"},"image":{"@id":"https:\/\/dombert.de\/#\/schema\/logo\/image\/"},"sameAs":["https:\/\/www.linkedin.com\/company\/dombert-rechtsanwaelte\/posts\/?feedView=all"]},{"@type":"Person","@id":"https:\/\/dombert.de\/#\/schema\/person\/889b395e975ac4ad4573471bc53ce118","name":"Jasmin M\u00fcller","image":{"@type":"ImageObject","inLanguage":"pl-PL","@id":"https:\/\/secure.gravatar.com\/avatar\/6510b249f8f34fc72b4e3f8e860f265c4a036568e066df76f7f29055d74f1a1a?s=96&d=mm&r=g","url":"https:\/\/secure.gravatar.com\/avatar\/6510b249f8f34fc72b4e3f8e860f265c4a036568e066df76f7f29055d74f1a1a?s=96&d=mm&r=g","contentUrl":"https:\/\/secure.gravatar.com\/avatar\/6510b249f8f34fc72b4e3f8e860f265c4a036568e066df76f7f29055d74f1a1a?s=96&d=mm&r=g","caption":"Jasmin M\u00fcller"}}]}},"publishpress_future_workflow_manual_trigger":{"enabledWorkflows":[]},"_links":{"self":[{"href":"https:\/\/dombert.de\/pl\/wp-json\/wp\/v2\/posts\/4497","targetHints":{"allow":["GET"]}}],"collection":[{"href":"https:\/\/dombert.de\/pl\/wp-json\/wp\/v2\/posts"}],"about":[{"href":"https:\/\/dombert.de\/pl\/wp-json\/wp\/v2\/types\/post"}],"author":[{"embeddable":true,"href":"https:\/\/dombert.de\/pl\/wp-json\/wp\/v2\/users\/4"}],"replies":[{"embeddable":true,"href":"https:\/\/dombert.de\/pl\/wp-json\/wp\/v2\/comments?post=4497"}],"version-history":[{"count":7,"href":"https:\/\/dombert.de\/pl\/wp-json\/wp\/v2\/posts\/4497\/revisions"}],"predecessor-version":[{"id":7745,"href":"https:\/\/dombert.de\/pl\/wp-json\/wp\/v2\/posts\/4497\/revisions\/7745"}],"wp:featuredmedia":[{"embeddable":true,"href":"https:\/\/dombert.de\/pl\/wp-json\/wp\/v2\/media\/2114"}],"wp:attachment":[{"href":"https:\/\/dombert.de\/pl\/wp-json\/wp\/v2\/media?parent=4497"}],"wp:term":[{"taxonomy":"category","embeddable":true,"href":"https:\/\/dombert.de\/pl\/wp-json\/wp\/v2\/categories?post=4497"},{"taxonomy":"post_tag","embeddable":true,"href":"https:\/\/dombert.de\/pl\/wp-json\/wp\/v2\/tags?post=4497"},{"taxonomy":"secondary-autor","embeddable":true,"href":"https:\/\/dombert.de\/pl\/wp-json\/wp\/v2\/secondary-autor?post=4497"}],"curies":[{"name":"wp","href":"https:\/\/api.w.org\/{rel}","templated":true}]}}