{"id":4559,"date":"2024-02-24T11:48:00","date_gmt":"2024-02-24T10:48:00","guid":{"rendered":"https:\/\/dombert.de\/?p=4559"},"modified":"2025-03-23T21:03:43","modified_gmt":"2025-03-23T20:03:43","slug":"wzbudzenie-zainteresowania-prawami-podstawowymi-i-konstytucja-w-szkole","status":"publish","type":"post","link":"https:\/\/dombert.de\/pl\/bereits-in-der-schule-interesse-wecken-fuer-grundrechte-und-das-grundgesetz\/","title":{"rendered":"Wzbudzenie zainteresowania prawami podstawowymi i ustaw\u0105 zasadnicz\u0105 w szkole"},"content":{"rendered":"<div data-elementor-type=\"wp-post\" data-elementor-id=\"4559\" class=\"elementor elementor-4559\" data-elementor-post-type=\"post\">\n\t\t\t\t<div class=\"elementor-element elementor-element-a428e4f e-con-full e-flex e-con e-parent\" data-id=\"a428e4f\" data-element_type=\"container\" data-e-type=\"container\" data-settings=\"{&quot;background_background&quot;:&quot;classic&quot;}\">\n\t\t<div class=\"elementor-element elementor-element-64437e4 e-con-full e-flex e-con e-child\" data-id=\"64437e4\" data-element_type=\"container\" data-e-type=\"container\">\n\t\t\t\t<div class=\"elementor-element elementor-element-73144b6 elementor-widget-divider--view-line elementor-widget elementor-widget-divider\" data-id=\"73144b6\" data-element_type=\"widget\" data-e-type=\"widget\" data-widget_type=\"divider.default\">\n\t\t\t\t<div class=\"elementor-widget-container\">\n\t\t\t\t\t\t\t<div class=\"elementor-divider\">\n\t\t\t<span class=\"elementor-divider-separator\">\n\t\t\t\t\t\t<\/span>\n\t\t<\/div>\n\t\t\t\t\t\t<\/div>\n\t\t\t\t<\/div>\n\t\t\t\t<div class=\"elementor-element elementor-element-b991715 elementor-widget__width-auto elementor-widget-mobile__width-initial elementor-widget elementor-widget-heading\" data-id=\"b991715\" data-element_type=\"widget\" data-e-type=\"widget\" data-widget_type=\"heading.default\">\n\t\t\t\t<div class=\"elementor-widget-container\">\n\t\t\t\t\t<h2 class=\"elementor-heading-title elementor-size-default\">Wzbudzenie zainteresowania prawami podstawowymi i ustaw\u0105 zasadnicz\u0105 w szkole<\/h2>\t\t\t\t<\/div>\n\t\t\t\t<\/div>\n\t\t<div class=\"elementor-element elementor-element-9fb7daa e-con-full e-flex e-con e-child\" data-id=\"9fb7daa\" data-element_type=\"container\" data-e-type=\"container\">\n\t\t\t\t<div class=\"elementor-element elementor-element-9c8cb97 elementor-widget__width-auto elementor-view-default elementor-widget elementor-widget-icon\" data-id=\"9c8cb97\" data-element_type=\"widget\" data-e-type=\"widget\" data-widget_type=\"icon.default\">\n\t\t\t\t<div class=\"elementor-widget-container\">\n\t\t\t\t\t\t\t<div class=\"elementor-icon-wrapper\">\n\t\t\t<a class=\"elementor-icon elementor-animation-grow\" href=\"https:\/\/www.linkedin.com\/company\/dombert-rechtsanwaelte\/posts\/?feedView=all\" target=\"_blank\">\n\t\t\t<svg aria-hidden=\"true\" class=\"e-font-icon-svg e-fab-linkedin\" viewbox=\"0 0 448 512\" xmlns=\"http:\/\/www.w3.org\/2000\/svg\"><path d=\"M416 32H31.9C14.3 32 0 46.5 0 64.3v383.4C0 465.5 14.3 480 31.9 480H416c17.6 0 32-14.5 32-32.3V64.3c0-17.8-14.4-32.3-32-32.3zM135.4 416H69V202.2h66.5V416zm-33.2-243c-21.3 0-38.5-17.3-38.5-38.5S80.9 96 102.2 96c21.2 0 38.5 17.3 38.5 38.5 0 21.3-17.2 38.5-38.5 38.5zm282.1 243h-66.4V312c0-24.8-.5-56.7-34.5-56.7-34.6 0-39.9 27-39.9 54.9V416h-66.4V202.2h63.7v29.2h.9c8.9-16.8 30.6-34.5 62.9-34.5 67.2 0 79.7 44.3 79.7 101.9V416z\"><\/path><\/svg>\t\t\t<\/a>\n\t\t<\/div>\n\t\t\t\t\t\t<\/div>\n\t\t\t\t<\/div>\n\t\t\t\t<\/div>\n\t\t\t\t<\/div>\n\t\t\t\t<\/div>\n\t\t<div class=\"elementor-element elementor-element-7aae1de0 e-con-full e-flex e-con e-parent\" data-id=\"7aae1de0\" data-element_type=\"container\" data-e-type=\"container\" data-settings=\"{&quot;background_background&quot;:&quot;classic&quot;}\">\n\t\t<div class=\"elementor-element elementor-element-341e39c1 e-con-full e-flex e-con e-child\" data-id=\"341e39c1\" data-element_type=\"container\" data-e-type=\"container\">\n\t\t<div class=\"elementor-element elementor-element-3d56cde9 e-con-full e-flex e-con e-child\" data-id=\"3d56cde9\" data-element_type=\"container\" data-e-type=\"container\">\n\t\t\t\t<div class=\"elementor-element elementor-element-619b499e elementor-widget__width-initial elementor-widget-divider--view-line elementor-widget elementor-widget-divider\" data-id=\"619b499e\" data-element_type=\"widget\" data-e-type=\"widget\" data-widget_type=\"divider.default\">\n\t\t\t\t<div class=\"elementor-widget-container\">\n\t\t\t\t\t\t\t<div class=\"elementor-divider\">\n\t\t\t<span class=\"elementor-divider-separator\">\n\t\t\t\t\t\t<\/span>\n\t\t<\/div>\n\t\t\t\t\t\t<\/div>\n\t\t\t\t<\/div>\n\t\t\t\t<div class=\"elementor-element elementor-element-776928f3 elementor-widget__width-auto elementor-widget-tablet__width-auto elementor-widget-mobile__width-auto elementor-widget elementor-widget-heading\" data-id=\"776928f3\" data-element_type=\"widget\" data-e-type=\"widget\" data-widget_type=\"heading.default\">\n\t\t\t\t<div class=\"elementor-widget-container\">\n\t\t\t\t\t<h3 class=\"elementor-heading-title elementor-size-default\"><span>Wiadomo\u015b\u0107<\/span><\/h3>\t\t\t\t<\/div>\n\t\t\t\t<\/div>\n\t\t\t\t<div class=\"elementor-element elementor-element-5752f6cc elementor-widget__width-auto elementor-widget-tablet__width-auto elementor-widget-mobile__width-auto elementor-widget elementor-widget-heading\" data-id=\"5752f6cc\" data-element_type=\"widget\" data-e-type=\"widget\" data-widget_type=\"heading.default\">\n\t\t\t\t<div class=\"elementor-widget-container\">\n\t\t\t\t\t<h3 class=\"elementor-heading-title elementor-size-default\">|<\/h3>\t\t\t\t<\/div>\n\t\t\t\t<\/div>\n\t\t\t\t<div class=\"elementor-element elementor-element-64b7b1c7 elementor-widget__width-auto elementor-widget-tablet__width-auto elementor-widget-mobile__width-auto elementor-widget elementor-widget-heading\" data-id=\"64b7b1c7\" data-element_type=\"widget\" data-e-type=\"widget\" data-widget_type=\"heading.default\">\n\t\t\t\t<div class=\"elementor-widget-container\">\n\t\t\t\t\t<h3 class=\"elementor-heading-title elementor-size-default\">24.02.2024<\/h3>\t\t\t\t<\/div>\n\t\t\t\t<\/div>\n\t\t\t\t<\/div>\n\t\t\t\t<div class=\"elementor-element elementor-element-2e60d237 elementor-widget__width-initial elementor-widget-tablet__width-initial elementor-widget-mobile__width-initial elementor-widget elementor-widget-text-editor\" data-id=\"2e60d237\" data-element_type=\"widget\" data-e-type=\"widget\" data-widget_type=\"text-editor.default\">\n\t\t\t\t<div class=\"elementor-widget-container\">\n\t\t\t\t\t\t\t\t\t<p>Celem organizacji jest nauczanie uczni\u00f3w warto\u015bci demokratycznych i liberalnych w \u0142atwy do zrozumienia spos\u00f3b\u00a0<a href=\"https:\/\/www.grundgesetzverstehen.de\/\">\u201eGrundGesetzVerstehen e.V.\u201c<\/a>\u00a0.  Rechtsanwalt Moritz Zimmermann jest jednym z m\u0142odych prawnik\u00f3w, kt\u00f3rzy s\u0105 zaanga\u017cowani w stowarzyszenie na zasadzie wolontariatu. Wraz z s\u0119dzi\u0105 z Kolonii 23 lutego 2024 r. odwiedzi\u0142 klas\u0119 8 w Liebfrauenschule w Grefrath-M\u00fclhausen nad Dolnym Renem. Podczas dw\u00f3ch podw\u00f3jnych lekcji skupiono si\u0119 na wolno\u015bci opinii (art. 5 Ustawy Zasadniczej) i zasadzie r\u00f3wno\u015bci (art. 3 Ustawy Zasadniczej) oraz na szerokim zakresie pyta\u0144, kt\u00f3re ju\u017c teraz zaprz\u0105taj\u0105 umys\u0142y m\u0142odych ludzi: Czym jest opinia i jak jest ona chroniona r\u00f3wnie\u017c w mediach spo\u0142eczno\u015bciowych? Kiedy nier\u00f3wne traktowanie staje si\u0119 dyskryminacj\u0105 i dlaczego jest zabronione? \u201eWspaniale jest widzie\u0107, jak wiele uczniowie wynosz\u0105 z tych lekcji. Mo\u017cna wiele osi\u0105gn\u0105\u0107 przy niewielkim wysi\u0142ku\u201c - m\u00f3wi Zimmermann, kt\u00f3ry na czas wizyty w szkole zosta\u0142 zwolniony z pracy. Kancelaria z zadowoleniem przyjmuje i wspiera wolontariat swoich pracownik\u00f3w.<\/p>\t\t\t\t\t\t\t\t<\/div>\n\t\t\t\t<\/div>\n\t\t\t\t<\/div>\n\t\t\t\t<\/div>\n\t\t<div class=\"elementor-element elementor-element-63235ee6 e-con-full e-flex e-con e-parent\" data-id=\"63235ee6\" data-element_type=\"container\" data-e-type=\"container\" data-settings=\"{&quot;background_background&quot;:&quot;classic&quot;}\">\n\t\t<div class=\"elementor-element elementor-element-6083ddd9 e-con-full e-flex e-con e-child\" data-id=\"6083ddd9\" data-element_type=\"container\" data-e-type=\"container\">\n\t\t\t\t<div class=\"elementor-element elementor-element-5f5e62e6 elementor-widget__width-initial elementor-widget elementor-widget-heading\" data-id=\"5f5e62e6\" data-element_type=\"widget\" data-e-type=\"widget\" data-widget_type=\"heading.default\">\n\t\t\t\t<div class=\"elementor-widget-container\">\n\t\t\t\t\t<h2 class=\"elementor-heading-title elementor-size-default\"><b>DOMBERT<\/b> Prawnicy <\/h2>\t\t\t\t<\/div>\n\t\t\t\t<\/div>\n\t\t<div class=\"elementor-element elementor-element-3dc8453b e-con-full e-flex e-con e-child\" data-id=\"3dc8453b\" data-element_type=\"container\" data-e-type=\"container\">\n\t\t\t\t<div class=\"elementor-element elementor-element-3ddab9d4 elementor-widget__width-initial elementor-widget-divider--view-line elementor-widget elementor-widget-divider\" data-id=\"3ddab9d4\" data-element_type=\"widget\" data-e-type=\"widget\" data-widget_type=\"divider.default\">\n\t\t\t\t<div class=\"elementor-widget-container\">\n\t\t\t\t\t\t\t<div class=\"elementor-divider\">\n\t\t\t<span class=\"elementor-divider-separator\">\n\t\t\t\t\t\t<\/span>\n\t\t<\/div>\n\t\t\t\t\t\t<\/div>\n\t\t\t\t<\/div>\n\t\t\t\t<div class=\"elementor-element elementor-element-5c2e814f elementor-widget__width-auto elementor-widget-tablet_extra__width-initial elementor-widget-tablet__width-initial elementor-widget-mobile_extra__width-initial elementor-widget-mobile__width-initial elementor-widget elementor-widget-heading\" data-id=\"5c2e814f\" data-element_type=\"widget\" data-e-type=\"widget\" data-widget_type=\"heading.default\">\n\t\t\t\t<div class=\"elementor-widget-container\">\n\t\t\t\t\t<h3 class=\"elementor-heading-title elementor-size-default\">Nasza praca obejmuje wszystkie kwestie prawne i konflikty, w kt\u00f3re zaanga\u017cowane s\u0105 pa\u0144stwo, gminy lub w\u0142adze.<\/h3>\t\t\t\t<\/div>\n\t\t\t\t<\/div>\n\t\t\t\t<\/div>\n\t\t<div class=\"elementor-element elementor-element-79dd0e56 e-con-full e-flex e-con e-child\" data-id=\"79dd0e56\" data-element_type=\"container\" data-e-type=\"container\">\n\t\t\t\t<div class=\"elementor-element elementor-element-2eb290cb elementor-widget elementor-widget-button\" data-id=\"2eb290cb\" data-element_type=\"widget\" data-e-type=\"widget\" data-widget_type=\"button.default\">\n\t\t\t\t<div class=\"elementor-widget-container\">\n\t\t\t\t\t\t\t\t\t<div class=\"elementor-button-wrapper\">\n\t\t\t\t\t<a class=\"elementor-button elementor-button-link elementor-size-sm\" href=\"https:\/\/dombert.de\/pl\/kancelaria-prawna\/\">\n\t\t\t\t\t\t<span class=\"elementor-button-content-wrapper\">\n\t\t\t\t\t\t\t\t\t<span class=\"elementor-button-text\">Wi\u0119cej informacji o naszej kancelarii<\/span>\n\t\t\t\t\t<\/span>\n\t\t\t\t\t<\/a>\n\t\t\t\t<\/div>\n\t\t\t\t\t\t\t\t<\/div>\n\t\t\t\t<\/div>\n\t\t\t\t<div class=\"elementor-element elementor-element-791c3f7a elementor-widget elementor-widget-button\" data-id=\"791c3f7a\" data-element_type=\"widget\" data-e-type=\"widget\" data-widget_type=\"button.default\">\n\t\t\t\t<div class=\"elementor-widget-container\">\n\t\t\t\t\t\t\t\t\t<div class=\"elementor-button-wrapper\">\n\t\t\t\t\t<a class=\"elementor-button elementor-button-link elementor-size-sm\" href=\"https:\/\/dombert.de\/pl\/#kompetenzen\">\n\t\t\t\t\t\t<span class=\"elementor-button-content-wrapper\">\n\t\t\t\t\t\t\t\t\t<span class=\"elementor-button-text\">Wi\u0119cej o naszej wiedzy specjalistycznej<\/span>\n\t\t\t\t\t<\/span>\n\t\t\t\t\t<\/a>\n\t\t\t\t<\/div>\n\t\t\t\t\t\t\t\t<\/div>\n\t\t\t\t<\/div>\n\t\t\t\t<\/div>\n\t\t\t\t<\/div>\n\t\t\t\t<\/div>\n\t\t\t\t<\/div>","protected":false},"excerpt":{"rendered":"<p>| Sch\u00fclerinnen und Sch\u00fcler auf leicht verst\u00e4ndliche Art und Weise demokratische und freiheitliche Werte zu vermitteln, ist das Ziel des Vereins\u00a0\u201eGrundGesetzVerstehen e.V.\u201c\u00a0.\u00a0 Rechtsanwalt Moritz Zimmermann geh\u00f6rt zu den jungen Juristinnen und Juristen, die sich in dem Verein ehrenamtlich engagieren. Zusammen mit einem Richter aus K\u00f6ln besuchte er am 23.02.2024 eine 8. Klasse der Liebfrauenschule in [&hellip;]<\/p>\n","protected":false},"author":4,"featured_media":1180,"comment_status":"closed","ping_status":"closed","sticky":false,"template":"","format":"standard","meta":{"_acf_changed":false,"site-sidebar-layout":"default","site-content-layout":"","ast-site-content-layout":"default","site-content-style":"default","site-sidebar-style":"default","ast-global-header-display":"","ast-banner-title-visibility":"","ast-main-header-display":"","ast-hfb-above-header-display":"","ast-hfb-below-header-display":"","ast-hfb-mobile-header-display":"","site-post-title":"","ast-breadcrumbs-content":"","ast-featured-img":"disabled","footer-sml-layout":"","ast-disable-related-posts":"","theme-transparent-header-meta":"","adv-header-id-meta":"","stick-header-meta":"","header-above-stick-meta":"","header-main-stick-meta":"","header-below-stick-meta":"","astra-migrate-meta-layouts":"set","ast-page-background-enabled":"default","ast-page-background-meta":{"desktop":{"background-color":"","background-image":"","background-repeat":"repeat","background-position":"center center","background-size":"auto","background-attachment":"scroll","background-type":"","background-media":"","overlay-type":"","overlay-color":"","overlay-opacity":"","overlay-gradient":""},"tablet":{"background-color":"","background-image":"","background-repeat":"repeat","background-position":"center center","background-size":"auto","background-attachment":"scroll","background-type":"","background-media":"","overlay-type":"","overlay-color":"","overlay-opacity":"","overlay-gradient":""},"mobile":{"background-color":"","background-image":"","background-repeat":"repeat","background-position":"center center","background-size":"auto","background-attachment":"scroll","background-type":"","background-media":"","overlay-type":"","overlay-color":"","overlay-opacity":"","overlay-gradient":""}},"ast-content-background-meta":{"desktop":{"background-color":"var(--ast-global-color-5)","background-image":"","background-repeat":"repeat","background-position":"center center","background-size":"auto","background-attachment":"scroll","background-type":"","background-media":"","overlay-type":"","overlay-color":"","overlay-opacity":"","overlay-gradient":""},"tablet":{"background-color":"var(--ast-global-color-5)","background-image":"","background-repeat":"repeat","background-position":"center center","background-size":"auto","background-attachment":"scroll","background-type":"","background-media":"","overlay-type":"","overlay-color":"","overlay-opacity":"","overlay-gradient":""},"mobile":{"background-color":"var(--ast-global-color-5)","background-image":"","background-repeat":"repeat","background-position":"center center","background-size":"auto","background-attachment":"scroll","background-type":"","background-media":"","overlay-type":"","overlay-color":"","overlay-opacity":"","overlay-gradient":""}},"footnotes":""},"categories":[45],"tags":[],"secondary-autor":[],"class_list":["post-4559","post","type-post","status-publish","format-standard","has-post-thumbnail","hentry","category-meldung"],"acf":[],"yoast_head":"<!-- This site is optimized with the Yoast SEO plugin v27.4 - https:\/\/yoast.com\/product\/yoast-seo-wordpress\/ -->\n<title>Bereits in der Schule Interesse wecken f\u00fcr Grundrechte und das Grundgesetz - DOMBERT Rechtsanw\u00e4lte<\/title>\n<meta name=\"robots\" content=\"index, follow, max-snippet:-1, max-image-preview:large, max-video-preview:-1\" \/>\n<link rel=\"canonical\" href=\"https:\/\/dombert.de\/pl\/wzbudzenie-zainteresowania-prawami-podstawowymi-i-konstytucja-w-szkole\/\" \/>\n<meta property=\"og:locale\" content=\"pl_PL\" \/>\n<meta property=\"og:type\" content=\"article\" \/>\n<meta property=\"og:title\" content=\"Bereits in der Schule Interesse wecken f\u00fcr Grundrechte und das Grundgesetz - DOMBERT Rechtsanw\u00e4lte\" \/>\n<meta property=\"og:description\" content=\"| Sch\u00fclerinnen und Sch\u00fcler auf leicht verst\u00e4ndliche Art und Weise demokratische und freiheitliche Werte zu vermitteln, ist das Ziel des Vereins\u00a0\u201eGrundGesetzVerstehen e.V.\u201c\u00a0.\u00a0 Rechtsanwalt Moritz Zimmermann geh\u00f6rt zu den jungen Juristinnen und Juristen, die sich in dem Verein ehrenamtlich engagieren. Zusammen mit einem Richter aus K\u00f6ln besuchte er am 23.02.2024 eine 8. Klasse der Liebfrauenschule in [&hellip;]\" \/>\n<meta property=\"og:url\" content=\"https:\/\/dombert.de\/pl\/wzbudzenie-zainteresowania-prawami-podstawowymi-i-konstytucja-w-szkole\/\" \/>\n<meta property=\"og:site_name\" content=\"DOMBERT Rechtsanw\u00e4lte\" \/>\n<meta property=\"article:published_time\" content=\"2024-02-24T10:48:00+00:00\" \/>\n<meta property=\"article:modified_time\" content=\"2025-03-23T20:03:43+00:00\" \/>\n<meta property=\"og:image\" content=\"https:\/\/dombert.de\/wp-content\/uploads\/2025\/01\/background-blue.png\" \/>\n\t<meta property=\"og:image:width\" content=\"1920\" \/>\n\t<meta property=\"og:image:height\" content=\"1080\" \/>\n\t<meta property=\"og:image:type\" content=\"image\/png\" \/>\n<meta name=\"author\" content=\"Jasmin M\u00fcller\" \/>\n<meta name=\"twitter:card\" content=\"summary_large_image\" \/>\n<meta name=\"twitter:label1\" content=\"Napisane przez\" \/>\n\t<meta name=\"twitter:data1\" content=\"Jasmin M\u00fcller\" \/>\n\t<meta name=\"twitter:label2\" content=\"Szacowany czas czytania\" \/>\n\t<meta name=\"twitter:data2\" content=\"1 minuta\" \/>\n<script type=\"application\/ld+json\" class=\"yoast-schema-graph\">{\"@context\":\"https:\\\/\\\/schema.org\",\"@graph\":[{\"@type\":\"Article\",\"@id\":\"https:\\\/\\\/dombert.de\\\/bereits-in-der-schule-interesse-wecken-fuer-grundrechte-und-das-grundgesetz\\\/#article\",\"isPartOf\":{\"@id\":\"https:\\\/\\\/dombert.de\\\/bereits-in-der-schule-interesse-wecken-fuer-grundrechte-und-das-grundgesetz\\\/\"},\"author\":{\"name\":\"Jasmin M\u00fcller\",\"@id\":\"https:\\\/\\\/dombert.de\\\/#\\\/schema\\\/person\\\/889b395e975ac4ad4573471bc53ce118\"},\"headline\":\"Bereits in der Schule Interesse wecken f\u00fcr Grundrechte und das Grundgesetz\",\"datePublished\":\"2024-02-24T10:48:00+00:00\",\"dateModified\":\"2025-03-23T20:03:43+00:00\",\"mainEntityOfPage\":{\"@id\":\"https:\\\/\\\/dombert.de\\\/bereits-in-der-schule-interesse-wecken-fuer-grundrechte-und-das-grundgesetz\\\/\"},\"wordCount\":206,\"publisher\":{\"@id\":\"https:\\\/\\\/dombert.de\\\/#organization\"},\"image\":{\"@id\":\"https:\\\/\\\/dombert.de\\\/bereits-in-der-schule-interesse-wecken-fuer-grundrechte-und-das-grundgesetz\\\/#primaryimage\"},\"thumbnailUrl\":\"https:\\\/\\\/dombert.de\\\/wp-content\\\/uploads\\\/2025\\\/01\\\/background-blue.png\",\"articleSection\":[\"Meldung\"],\"inLanguage\":\"pl-PL\"},{\"@type\":\"WebPage\",\"@id\":\"https:\\\/\\\/dombert.de\\\/bereits-in-der-schule-interesse-wecken-fuer-grundrechte-und-das-grundgesetz\\\/\",\"url\":\"https:\\\/\\\/dombert.de\\\/bereits-in-der-schule-interesse-wecken-fuer-grundrechte-und-das-grundgesetz\\\/\",\"name\":\"Bereits in der Schule Interesse wecken f\u00fcr Grundrechte und das Grundgesetz - DOMBERT Rechtsanw\u00e4lte\",\"isPartOf\":{\"@id\":\"https:\\\/\\\/dombert.de\\\/#website\"},\"primaryImageOfPage\":{\"@id\":\"https:\\\/\\\/dombert.de\\\/bereits-in-der-schule-interesse-wecken-fuer-grundrechte-und-das-grundgesetz\\\/#primaryimage\"},\"image\":{\"@id\":\"https:\\\/\\\/dombert.de\\\/bereits-in-der-schule-interesse-wecken-fuer-grundrechte-und-das-grundgesetz\\\/#primaryimage\"},\"thumbnailUrl\":\"https:\\\/\\\/dombert.de\\\/wp-content\\\/uploads\\\/2025\\\/01\\\/background-blue.png\",\"datePublished\":\"2024-02-24T10:48:00+00:00\",\"dateModified\":\"2025-03-23T20:03:43+00:00\",\"breadcrumb\":{\"@id\":\"https:\\\/\\\/dombert.de\\\/bereits-in-der-schule-interesse-wecken-fuer-grundrechte-und-das-grundgesetz\\\/#breadcrumb\"},\"inLanguage\":\"pl-PL\",\"potentialAction\":[{\"@type\":\"ReadAction\",\"target\":[\"https:\\\/\\\/dombert.de\\\/bereits-in-der-schule-interesse-wecken-fuer-grundrechte-und-das-grundgesetz\\\/\"]}]},{\"@type\":\"ImageObject\",\"inLanguage\":\"pl-PL\",\"@id\":\"https:\\\/\\\/dombert.de\\\/bereits-in-der-schule-interesse-wecken-fuer-grundrechte-und-das-grundgesetz\\\/#primaryimage\",\"url\":\"https:\\\/\\\/dombert.de\\\/wp-content\\\/uploads\\\/2025\\\/01\\\/background-blue.png\",\"contentUrl\":\"https:\\\/\\\/dombert.de\\\/wp-content\\\/uploads\\\/2025\\\/01\\\/background-blue.png\",\"width\":1920,\"height\":1080},{\"@type\":\"BreadcrumbList\",\"@id\":\"https:\\\/\\\/dombert.de\\\/bereits-in-der-schule-interesse-wecken-fuer-grundrechte-und-das-grundgesetz\\\/#breadcrumb\",\"itemListElement\":[{\"@type\":\"ListItem\",\"position\":1,\"name\":\"Startseite\",\"item\":\"https:\\\/\\\/dombert.de\\\/\"},{\"@type\":\"ListItem\",\"position\":2,\"name\":\"Bereits in der Schule Interesse wecken f\u00fcr Grundrechte und das Grundgesetz\"}]},{\"@type\":\"WebSite\",\"@id\":\"https:\\\/\\\/dombert.de\\\/#website\",\"url\":\"https:\\\/\\\/dombert.de\\\/\",\"name\":\"DOMBERT Rechtsanw\u00e4lte\",\"description\":\"Wir sind Ihr kompetenter Ansprechpartner f\u00fcr alle Fragen des \u00f6ffentlichen Rechts.\",\"publisher\":{\"@id\":\"https:\\\/\\\/dombert.de\\\/#organization\"},\"potentialAction\":[{\"@type\":\"SearchAction\",\"target\":{\"@type\":\"EntryPoint\",\"urlTemplate\":\"https:\\\/\\\/dombert.de\\\/?s={search_term_string}\"},\"query-input\":{\"@type\":\"PropertyValueSpecification\",\"valueRequired\":true,\"valueName\":\"search_term_string\"}}],\"inLanguage\":\"pl-PL\"},{\"@type\":\"Organization\",\"@id\":\"https:\\\/\\\/dombert.de\\\/#organization\",\"name\":\"DOMBERT Rechtsanw\u00e4lte\",\"url\":\"https:\\\/\\\/dombert.de\\\/\",\"logo\":{\"@type\":\"ImageObject\",\"inLanguage\":\"pl-PL\",\"@id\":\"https:\\\/\\\/dombert.de\\\/#\\\/schema\\\/logo\\\/image\\\/\",\"url\":\"https:\\\/\\\/dombert.de\\\/wp-content\\\/uploads\\\/2025\\\/02\\\/Dombert-Logo_negativ_rgb.png\",\"contentUrl\":\"https:\\\/\\\/dombert.de\\\/wp-content\\\/uploads\\\/2025\\\/02\\\/Dombert-Logo_negativ_rgb.png\",\"width\":459,\"height\":206,\"caption\":\"DOMBERT Rechtsanw\u00e4lte\"},\"image\":{\"@id\":\"https:\\\/\\\/dombert.de\\\/#\\\/schema\\\/logo\\\/image\\\/\"},\"sameAs\":[\"https:\\\/\\\/www.linkedin.com\\\/company\\\/dombert-rechtsanwaelte\\\/posts\\\/?feedView=all\"]},{\"@type\":\"Person\",\"@id\":\"https:\\\/\\\/dombert.de\\\/#\\\/schema\\\/person\\\/889b395e975ac4ad4573471bc53ce118\",\"name\":\"Jasmin M\u00fcller\",\"image\":{\"@type\":\"ImageObject\",\"inLanguage\":\"pl-PL\",\"@id\":\"https:\\\/\\\/secure.gravatar.com\\\/avatar\\\/6510b249f8f34fc72b4e3f8e860f265c4a036568e066df76f7f29055d74f1a1a?s=96&d=mm&r=g\",\"url\":\"https:\\\/\\\/secure.gravatar.com\\\/avatar\\\/6510b249f8f34fc72b4e3f8e860f265c4a036568e066df76f7f29055d74f1a1a?s=96&d=mm&r=g\",\"contentUrl\":\"https:\\\/\\\/secure.gravatar.com\\\/avatar\\\/6510b249f8f34fc72b4e3f8e860f265c4a036568e066df76f7f29055d74f1a1a?s=96&d=mm&r=g\",\"caption\":\"Jasmin M\u00fcller\"}}]}<\/script>\n<!-- \/ Yoast SEO plugin. -->","yoast_head_json":{"title":"Wzbudzenie zainteresowania prawami podstawowymi i ustaw\u0105 zasadnicz\u0105 w szkole - DOMBERT Rechtsanw\u00e4lte","robots":{"index":"index","follow":"follow","max-snippet":"max-snippet:-1","max-image-preview":"max-image-preview:large","max-video-preview":"max-video-preview:-1"},"canonical":"https:\/\/dombert.de\/pl\/wzbudzenie-zainteresowania-prawami-podstawowymi-i-konstytucja-w-szkole\/","og_locale":"pl_PL","og_type":"article","og_title":"Bereits in der Schule Interesse wecken f\u00fcr Grundrechte und das Grundgesetz - DOMBERT Rechtsanw\u00e4lte","og_description":"| Sch\u00fclerinnen und Sch\u00fcler auf leicht verst\u00e4ndliche Art und Weise demokratische und freiheitliche Werte zu vermitteln, ist das Ziel des Vereins\u00a0\u201eGrundGesetzVerstehen e.V.\u201c\u00a0.\u00a0 Rechtsanwalt Moritz Zimmermann geh\u00f6rt zu den jungen Juristinnen und Juristen, die sich in dem Verein ehrenamtlich engagieren. Zusammen mit einem Richter aus K\u00f6ln besuchte er am 23.02.2024 eine 8. Klasse der Liebfrauenschule in [&hellip;]","og_url":"https:\/\/dombert.de\/pl\/wzbudzenie-zainteresowania-prawami-podstawowymi-i-konstytucja-w-szkole\/","og_site_name":"DOMBERT Rechtsanw\u00e4lte","article_published_time":"2024-02-24T10:48:00+00:00","article_modified_time":"2025-03-23T20:03:43+00:00","og_image":[{"width":1920,"height":1080,"url":"https:\/\/dombert.de\/wp-content\/uploads\/2025\/01\/background-blue.png","type":"image\/png"}],"author":"Jasmin M\u00fcller","twitter_card":"summary_large_image","twitter_misc":{"Napisane przez":"Jasmin M\u00fcller","Szacowany czas czytania":"1 minuta"},"schema":{"@context":"https:\/\/schema.org","@graph":[{"@type":"Article","@id":"https:\/\/dombert.de\/bereits-in-der-schule-interesse-wecken-fuer-grundrechte-und-das-grundgesetz\/#article","isPartOf":{"@id":"https:\/\/dombert.de\/bereits-in-der-schule-interesse-wecken-fuer-grundrechte-und-das-grundgesetz\/"},"author":{"name":"Jasmin M\u00fcller","@id":"https:\/\/dombert.de\/#\/schema\/person\/889b395e975ac4ad4573471bc53ce118"},"headline":"Bereits in der Schule Interesse wecken f\u00fcr Grundrechte und das Grundgesetz","datePublished":"2024-02-24T10:48:00+00:00","dateModified":"2025-03-23T20:03:43+00:00","mainEntityOfPage":{"@id":"https:\/\/dombert.de\/bereits-in-der-schule-interesse-wecken-fuer-grundrechte-und-das-grundgesetz\/"},"wordCount":206,"publisher":{"@id":"https:\/\/dombert.de\/#organization"},"image":{"@id":"https:\/\/dombert.de\/bereits-in-der-schule-interesse-wecken-fuer-grundrechte-und-das-grundgesetz\/#primaryimage"},"thumbnailUrl":"https:\/\/dombert.de\/wp-content\/uploads\/2025\/01\/background-blue.png","articleSection":["Meldung"],"inLanguage":"pl-PL"},{"@type":"WebPage","@id":"https:\/\/dombert.de\/bereits-in-der-schule-interesse-wecken-fuer-grundrechte-und-das-grundgesetz\/","url":"https:\/\/dombert.de\/bereits-in-der-schule-interesse-wecken-fuer-grundrechte-und-das-grundgesetz\/","name":"Wzbudzenie zainteresowania prawami podstawowymi i ustaw\u0105 zasadnicz\u0105 w szkole - DOMBERT Rechtsanw\u00e4lte","isPartOf":{"@id":"https:\/\/dombert.de\/#website"},"primaryImageOfPage":{"@id":"https:\/\/dombert.de\/bereits-in-der-schule-interesse-wecken-fuer-grundrechte-und-das-grundgesetz\/#primaryimage"},"image":{"@id":"https:\/\/dombert.de\/bereits-in-der-schule-interesse-wecken-fuer-grundrechte-und-das-grundgesetz\/#primaryimage"},"thumbnailUrl":"https:\/\/dombert.de\/wp-content\/uploads\/2025\/01\/background-blue.png","datePublished":"2024-02-24T10:48:00+00:00","dateModified":"2025-03-23T20:03:43+00:00","breadcrumb":{"@id":"https:\/\/dombert.de\/bereits-in-der-schule-interesse-wecken-fuer-grundrechte-und-das-grundgesetz\/#breadcrumb"},"inLanguage":"pl-PL","potentialAction":[{"@type":"ReadAction","target":["https:\/\/dombert.de\/bereits-in-der-schule-interesse-wecken-fuer-grundrechte-und-das-grundgesetz\/"]}]},{"@type":"ImageObject","inLanguage":"pl-PL","@id":"https:\/\/dombert.de\/bereits-in-der-schule-interesse-wecken-fuer-grundrechte-und-das-grundgesetz\/#primaryimage","url":"https:\/\/dombert.de\/wp-content\/uploads\/2025\/01\/background-blue.png","contentUrl":"https:\/\/dombert.de\/wp-content\/uploads\/2025\/01\/background-blue.png","width":1920,"height":1080},{"@type":"BreadcrumbList","@id":"https:\/\/dombert.de\/bereits-in-der-schule-interesse-wecken-fuer-grundrechte-und-das-grundgesetz\/#breadcrumb","itemListElement":[{"@type":"ListItem","position":1,"name":"Startseite","item":"https:\/\/dombert.de\/"},{"@type":"ListItem","position":2,"name":"Bereits in der Schule Interesse wecken f\u00fcr Grundrechte und das Grundgesetz"}]},{"@type":"WebSite","@id":"https:\/\/dombert.de\/#website","url":"https:\/\/dombert.de\/","name":"DOMBERT Rechtsanw\u00e4lte","description":"Jeste\u015bmy kompetentnym partnerem we wszystkich kwestiach zwi\u0105zanych z prawem publicznym.","publisher":{"@id":"https:\/\/dombert.de\/#organization"},"potentialAction":[{"@type":"SearchAction","target":{"@type":"EntryPoint","urlTemplate":"https:\/\/dombert.de\/?s={search_term_string}"},"query-input":{"@type":"PropertyValueSpecification","valueRequired":true,"valueName":"search_term_string"}}],"inLanguage":"pl-PL"},{"@type":"Organization","@id":"https:\/\/dombert.de\/#organization","name":"DOMBERT Rechtsanw\u00e4lte","url":"https:\/\/dombert.de\/","logo":{"@type":"ImageObject","inLanguage":"pl-PL","@id":"https:\/\/dombert.de\/#\/schema\/logo\/image\/","url":"https:\/\/dombert.de\/wp-content\/uploads\/2025\/02\/Dombert-Logo_negativ_rgb.png","contentUrl":"https:\/\/dombert.de\/wp-content\/uploads\/2025\/02\/Dombert-Logo_negativ_rgb.png","width":459,"height":206,"caption":"DOMBERT Rechtsanw\u00e4lte"},"image":{"@id":"https:\/\/dombert.de\/#\/schema\/logo\/image\/"},"sameAs":["https:\/\/www.linkedin.com\/company\/dombert-rechtsanwaelte\/posts\/?feedView=all"]},{"@type":"Person","@id":"https:\/\/dombert.de\/#\/schema\/person\/889b395e975ac4ad4573471bc53ce118","name":"Jasmin M\u00fcller","image":{"@type":"ImageObject","inLanguage":"pl-PL","@id":"https:\/\/secure.gravatar.com\/avatar\/6510b249f8f34fc72b4e3f8e860f265c4a036568e066df76f7f29055d74f1a1a?s=96&d=mm&r=g","url":"https:\/\/secure.gravatar.com\/avatar\/6510b249f8f34fc72b4e3f8e860f265c4a036568e066df76f7f29055d74f1a1a?s=96&d=mm&r=g","contentUrl":"https:\/\/secure.gravatar.com\/avatar\/6510b249f8f34fc72b4e3f8e860f265c4a036568e066df76f7f29055d74f1a1a?s=96&d=mm&r=g","caption":"Jasmin M\u00fcller"}}]}},"publishpress_future_workflow_manual_trigger":{"enabledWorkflows":[]},"_links":{"self":[{"href":"https:\/\/dombert.de\/pl\/wp-json\/wp\/v2\/posts\/4559","targetHints":{"allow":["GET"]}}],"collection":[{"href":"https:\/\/dombert.de\/pl\/wp-json\/wp\/v2\/posts"}],"about":[{"href":"https:\/\/dombert.de\/pl\/wp-json\/wp\/v2\/types\/post"}],"author":[{"embeddable":true,"href":"https:\/\/dombert.de\/pl\/wp-json\/wp\/v2\/users\/4"}],"replies":[{"embeddable":true,"href":"https:\/\/dombert.de\/pl\/wp-json\/wp\/v2\/comments?post=4559"}],"version-history":[{"count":7,"href":"https:\/\/dombert.de\/pl\/wp-json\/wp\/v2\/posts\/4559\/revisions"}],"predecessor-version":[{"id":7757,"href":"https:\/\/dombert.de\/pl\/wp-json\/wp\/v2\/posts\/4559\/revisions\/7757"}],"wp:featuredmedia":[{"embeddable":true,"href":"https:\/\/dombert.de\/pl\/wp-json\/wp\/v2\/media\/1180"}],"wp:attachment":[{"href":"https:\/\/dombert.de\/pl\/wp-json\/wp\/v2\/media?parent=4559"}],"wp:term":[{"taxonomy":"category","embeddable":true,"href":"https:\/\/dombert.de\/pl\/wp-json\/wp\/v2\/categories?post=4559"},{"taxonomy":"post_tag","embeddable":true,"href":"https:\/\/dombert.de\/pl\/wp-json\/wp\/v2\/tags?post=4559"},{"taxonomy":"secondary-autor","embeddable":true,"href":"https:\/\/dombert.de\/pl\/wp-json\/wp\/v2\/secondary-autor?post=4559"}],"curies":[{"name":"wp","href":"https:\/\/api.w.org\/{rel}","templated":true}]}}